{"id":1029,"date":"2022-01-06T10:50:45","date_gmt":"2022-01-06T09:50:45","guid":{"rendered":"https:\/\/www.uptextile.fr\/?p=1029"},"modified":"2024-09-30T14:50:43","modified_gmt":"2024-09-30T12:50:43","slug":"interview-de-super-minus-la-marque-feel-good","status":"publish","type":"post","link":"https:\/\/www.uptextile.fr\/en\/interview-de-super-minus-la-marque-feel-good\/","title":{"rendered":"Interview de Super Minus, la marque funky pour les enfants cools"},"content":{"rendered":"<div data-elementor-type=\"wp-post\" data-elementor-id=\"1029\" class=\"elementor elementor-1029\" data-elementor-post-type=\"post\">\n\t\t\t\t\t\t<section class=\"elementor-section elementor-top-section elementor-element elementor-element-5fb0661 elementor-section-boxed elementor-section-height-default elementor-section-height-default\" data-id=\"5fb0661\" data-element_type=\"section\" data-e-type=\"section\">\n\t\t\t\t\t\t<div class=\"elementor-container elementor-column-gap-default\">\n\t\t\t\t\t<div class=\"elementor-column elementor-col-100 elementor-top-column elementor-element elementor-element-f3f6f0e\" data-id=\"f3f6f0e\" data-element_type=\"column\" data-e-type=\"column\">\n\t\t\t<div class=\"elementor-widget-wrap elementor-element-populated\">\n\t\t\t\t\t\t<div class=\"elementor-element elementor-element-b6fb43c elementor-widget elementor-widget-heading\" data-id=\"b6fb43c\" data-element_type=\"widget\" data-e-type=\"widget\" data-widget_type=\"heading.default\">\n\t\t\t\t<div class=\"elementor-widget-container\">\n\t\t\t\t\t<h2 class=\"elementor-heading-title elementor-size-default\"><span style=\"color:white\"> interview <br> de <\/span> Super Minus\n<\/h2>\t\t\t\t<\/div>\n\t\t\t\t<\/div>\n\t\t\t\t\t<\/div>\n\t\t<\/div>\n\t\t\t\t\t<\/div>\n\t\t<\/section>\n\t\t\t\t<section class=\"elementor-section elementor-top-section elementor-element elementor-element-9dcf5b3 elementor-section-boxed elementor-section-height-default elementor-section-height-default\" data-id=\"9dcf5b3\" data-element_type=\"section\" data-e-type=\"section\">\n\t\t\t\t\t\t<div class=\"elementor-container elementor-column-gap-default\">\n\t\t\t\t\t<div class=\"elementor-column elementor-col-50 elementor-top-column elementor-element elementor-element-652a1f6\" data-id=\"652a1f6\" data-element_type=\"column\" data-e-type=\"column\">\n\t\t\t<div class=\"elementor-widget-wrap elementor-element-populated\">\n\t\t\t\t\t\t<div class=\"elementor-element elementor-element-aa3a170 elementor-widget elementor-widget-image\" data-id=\"aa3a170\" data-element_type=\"widget\" data-e-type=\"widget\" data-widget_type=\"image.default\">\n\t\t\t\t<div class=\"elementor-widget-container\">\n\t\t\t\t\t\t\t\t\t\t\t\t\t\t\t<img fetchpriority=\"high\" decoding=\"async\" width=\"800\" height=\"534\" src=\"https:\/\/www.uptextile.fr\/wp-content\/uploads\/2022\/01\/25842C08-3E83-4F36-8D40-9F9D7BB08B2B-1024x683.jpeg\" class=\"attachment-large size-large wp-image-1032\" alt=\"Capes Super Minus\" srcset=\"https:\/\/www.uptextile.fr\/wp-content\/uploads\/2022\/01\/25842C08-3E83-4F36-8D40-9F9D7BB08B2B-1024x683.jpeg 1024w, https:\/\/www.uptextile.fr\/wp-content\/uploads\/2022\/01\/25842C08-3E83-4F36-8D40-9F9D7BB08B2B-300x200.jpeg 300w, https:\/\/www.uptextile.fr\/wp-content\/uploads\/2022\/01\/25842C08-3E83-4F36-8D40-9F9D7BB08B2B-768x512.jpeg 768w, https:\/\/www.uptextile.fr\/wp-content\/uploads\/2022\/01\/25842C08-3E83-4F36-8D40-9F9D7BB08B2B-1536x1024.jpeg 1536w, https:\/\/www.uptextile.fr\/wp-content\/uploads\/2022\/01\/25842C08-3E83-4F36-8D40-9F9D7BB08B2B-2048x1365.jpeg 2048w, https:\/\/www.uptextile.fr\/wp-content\/uploads\/2022\/01\/25842C08-3E83-4F36-8D40-9F9D7BB08B2B-18x12.jpeg 18w, https:\/\/www.uptextile.fr\/wp-content\/uploads\/2022\/01\/25842C08-3E83-4F36-8D40-9F9D7BB08B2B-600x400.jpeg 600w\" sizes=\"(max-width: 800px) 100vw, 800px\" \/>\t\t\t\t\t\t\t\t\t\t\t\t\t\t\t<\/div>\n\t\t\t\t<\/div>\n\t\t\t\t<div class=\"elementor-element elementor-element-7c49ba3 elementor-widget elementor-widget-text-editor\" data-id=\"7c49ba3\" data-element_type=\"widget\" data-e-type=\"widget\" data-widget_type=\"text-editor.default\">\n\t\t\t\t<div class=\"elementor-widget-container\">\n\t\t\t\t\t\t\t\t\t<p><em>Cr\u00e9dit Photo : Fanny Retailleau<\/em><\/p>\t\t\t\t\t\t\t\t<\/div>\n\t\t\t\t<\/div>\n\t\t\t\t\t<\/div>\n\t\t<\/div>\n\t\t\t\t<div class=\"elementor-column elementor-col-50 elementor-top-column elementor-element elementor-element-5d51545\" data-id=\"5d51545\" data-element_type=\"column\" data-e-type=\"column\">\n\t\t\t<div class=\"elementor-widget-wrap elementor-element-populated\">\n\t\t\t\t\t\t<div class=\"elementor-element elementor-element-c5f1203 elementor-widget elementor-widget-spacer\" data-id=\"c5f1203\" data-element_type=\"widget\" data-e-type=\"widget\" data-widget_type=\"spacer.default\">\n\t\t\t\t<div class=\"elementor-widget-container\">\n\t\t\t\t\t\t\t<div class=\"elementor-spacer\">\n\t\t\t<div class=\"elementor-spacer-inner\"><\/div>\n\t\t<\/div>\n\t\t\t\t\t\t<\/div>\n\t\t\t\t<\/div>\n\t\t\t\t<div class=\"elementor-element elementor-element-10ff896 elementor-widget elementor-widget-heading\" data-id=\"10ff896\" data-element_type=\"widget\" data-e-type=\"widget\" data-widget_type=\"heading.default\">\n\t\t\t\t<div class=\"elementor-widget-container\">\n\t\t\t\t\t<h1 class=\"elementor-heading-title elementor-size-default\">Super Minus la marque funky pour les enfants cools<\/h1>\t\t\t\t<\/div>\n\t\t\t\t<\/div>\n\t\t\t\t\t<\/div>\n\t\t<\/div>\n\t\t\t\t\t<\/div>\n\t\t<\/section>\n\t\t\t\t<section class=\"elementor-section elementor-top-section elementor-element elementor-element-16c3414c elementor-section-boxed elementor-section-height-default elementor-section-height-default\" data-id=\"16c3414c\" data-element_type=\"section\" data-e-type=\"section\">\n\t\t\t\t\t\t<div class=\"elementor-container elementor-column-gap-default\">\n\t\t\t\t\t<div class=\"elementor-column elementor-col-100 elementor-top-column elementor-element elementor-element-68e96763\" data-id=\"68e96763\" data-element_type=\"column\" data-e-type=\"column\">\n\t\t\t<div class=\"elementor-widget-wrap elementor-element-populated\">\n\t\t\t\t\t\t<div class=\"elementor-element elementor-element-21fa4462 elementor-widget elementor-widget-text-editor\" data-id=\"21fa4462\" data-element_type=\"widget\" data-e-type=\"widget\" data-widget_type=\"text-editor.default\">\n\t\t\t\t<div class=\"elementor-widget-container\">\n\t\t\t\t\t\t\t\t\t<p><\/p>\n<p>Super Minus est une <strong>marque Feel Good<\/strong> qui a le pouvoir de <strong>r\u00e9v\u00e9ler<\/strong> en un \u00e9clair, <strong>l&rsquo;extraordinaire<\/strong> qui se cache dans l&rsquo;<strong>imaginaire des enfants<\/strong>. C&rsquo;est la <strong>cr\u00e9ation de capes<\/strong> canons et faciles \u00e0 enfiler tout(e) seul(e) au quotidien pour jouer partout et tout le temps ! Pas de taille, cette cape va \u00e0 tous les enfants \u00e0 partir de 3 ans pour qu&rsquo;ils grandissent avec leur cape puis la transmettent \u00e0 leur cousine ou petit fr\u00e8re &#8230;<\/p>\n<p><\/p>\n<p>Leur volont\u00e9 est d&rsquo;ambiancer le quotidien des enfants et des parents !<\/p>\n<p><\/p>\n<p>En une seconde, gr\u00e2ce \u00e0 un scratch, l&rsquo;enfant enfile sa cape. Les capes sont recto avec un <strong>dessin funky<\/strong> et verso avec une <strong>doublure color\u00e9e flashy<\/strong>. Les <strong>cr\u00e9atrices<\/strong> mettent \u00e9galement en avant un d\u00e9tail bonus : \u00ab\u00a0une petite touche de <strong>paillettes magiques<\/strong>\u00ab\u00a0.<\/p>\n<p><\/p>\n<p>Elles mesurent 67 cm de hauteur, r\u00e9alis\u00e9 en 100% polyester et lavables en machines.<\/p>\n<p><\/p>\n<p>Les cr\u00e9atrices, Alexandra et C\u00e9cile, se chargent des designs, l&rsquo;<strong>impression<\/strong> est r\u00e9alis\u00e9e chez Up&rsquo;Textile et la <strong>confection<\/strong> est faite par des wonder women en r\u00e9insertion dans un atelier \u00e0 Aix.<\/p>\n<p><\/p>\n<p>Nous avons eu l&rsquo;honneur de pouvoir interviewer C\u00e9cile une des dirigeantes de <strong>Super Minus<\/strong> :<\/p>\n<p><\/p>\t\t\t\t\t\t\t\t<\/div>\n\t\t\t\t<\/div>\n\t\t\t\t\t<\/div>\n\t\t<\/div>\n\t\t\t\t\t<\/div>\n\t\t<\/section>\n\t\t\t\t<section class=\"elementor-section elementor-top-section elementor-element elementor-element-aed3d9d elementor-section-boxed elementor-section-height-default elementor-section-height-default\" data-id=\"aed3d9d\" data-element_type=\"section\" data-e-type=\"section\">\n\t\t\t\t\t\t<div class=\"elementor-container elementor-column-gap-default\">\n\t\t\t\t\t<div class=\"elementor-column elementor-col-100 elementor-top-column elementor-element elementor-element-a916ac7\" data-id=\"a916ac7\" data-element_type=\"column\" data-e-type=\"column\">\n\t\t\t<div class=\"elementor-widget-wrap elementor-element-populated\">\n\t\t\t\t\t\t<div class=\"elementor-element elementor-element-bc22edd elementor-widget elementor-widget-heading\" data-id=\"bc22edd\" data-element_type=\"widget\" data-e-type=\"widget\" data-widget_type=\"heading.default\">\n\t\t\t\t<div class=\"elementor-widget-container\">\n\t\t\t\t\t<h2 class=\"elementor-heading-title elementor-size-default\">\"Bonjour C\u00e9cile, Pouvez-vous nous pr\u00e9senter votre entreprise ?<\/h2>\t\t\t\t<\/div>\n\t\t\t\t<\/div>\n\t\t\t\t<div class=\"elementor-element elementor-element-7997b24 elementor-widget elementor-widget-text-editor\" data-id=\"7997b24\" data-element_type=\"widget\" data-e-type=\"widget\" data-widget_type=\"text-editor.default\">\n\t\t\t\t<div class=\"elementor-widget-container\">\n\t\t\t\t\t\t\t\t\t<p>C&rsquo;est en voyant nos enfants rev\u00eatir les habits de princesse et chevalier, qu&rsquo;avec Alex nous avons d\u00e9cider de nous attaquer \u00e0 l&rsquo;univers du d\u00e9guisement et de proposer des d\u00e9guisements qualitatifs, durables et made in France.<\/p>\n<p><!-- \/wp:paragraph --><!-- wp:paragraph --><\/p>\n<p>Notre souhait : d\u00e9poussi\u00e9rer les intemporels pour activer l&rsquo;imaginaire des enfants, renforcer leur confiance en soi et les rendre heureux.<\/p>\t\t\t\t\t\t\t\t<\/div>\n\t\t\t\t<\/div>\n\t\t\t\t<div class=\"elementor-element elementor-element-381801d elementor-widget elementor-widget-heading\" data-id=\"381801d\" data-element_type=\"widget\" data-e-type=\"widget\" data-widget_type=\"heading.default\">\n\t\t\t\t<div class=\"elementor-widget-container\">\n\t\t\t\t\t<h2 class=\"elementor-heading-title elementor-size-default\">Que proposez-vous ?<\/h2>\t\t\t\t<\/div>\n\t\t\t\t<\/div>\n\t\t\t\t<div class=\"elementor-element elementor-element-f9b3789 elementor-widget elementor-widget-text-editor\" data-id=\"f9b3789\" data-element_type=\"widget\" data-e-type=\"widget\" data-widget_type=\"text-editor.default\">\n\t\t\t\t<div class=\"elementor-widget-container\">\n\t\t\t\t\t\t\t\t\t<p>Comme premier produit, la cape s&rsquo;est rapidement impos\u00e9e. Nous proposons 9 mod\u00e8les de cape aux couleurs fin et color\u00e9es avec des graphismes inspir\u00e9es de la culture pop.<\/p>\n<p><!-- \/wp:paragraph --><!-- wp:paragraph --><\/p>\n<p>Filles, gar\u00e7ons, mixte, il y en a pour tous les go\u00fbts. Notre cape est taille unique et convient \u00e0 tous les enfants \u00e0 partir de 3 ans. Nos d\u00e9guisements sont r\u00e9sistants et passent en machine.<\/p>\t\t\t\t\t\t\t\t<\/div>\n\t\t\t\t<\/div>\n\t\t\t\t\t<\/div>\n\t\t<\/div>\n\t\t\t\t\t<\/div>\n\t\t<\/section>\n\t\t\t\t<section class=\"elementor-section elementor-top-section elementor-element elementor-element-1cb9013 elementor-section-boxed elementor-section-height-default elementor-section-height-default\" data-id=\"1cb9013\" data-element_type=\"section\" data-e-type=\"section\">\n\t\t\t\t\t\t<div class=\"elementor-container elementor-column-gap-default\">\n\t\t\t\t\t<div class=\"elementor-column elementor-col-33 elementor-top-column elementor-element elementor-element-f8b12e9\" data-id=\"f8b12e9\" data-element_type=\"column\" data-e-type=\"column\">\n\t\t\t<div class=\"elementor-widget-wrap elementor-element-populated\">\n\t\t\t\t\t\t<div class=\"elementor-element elementor-element-c439aa4 elementor-hidden-mobile e-transform e-transform elementor-widget elementor-widget-image\" data-id=\"c439aa4\" data-element_type=\"widget\" data-e-type=\"widget\" data-settings=\"{&quot;_transform_translateX_effect&quot;:{&quot;unit&quot;:&quot;%&quot;,&quot;size&quot;:70,&quot;sizes&quot;:[]},&quot;_transform_translateX_effect_tablet&quot;:{&quot;unit&quot;:&quot;%&quot;,&quot;size&quot;:&quot;&quot;,&quot;sizes&quot;:[]},&quot;_transform_translateX_effect_mobile&quot;:{&quot;unit&quot;:&quot;%&quot;,&quot;size&quot;:&quot;&quot;,&quot;sizes&quot;:[]},&quot;_transform_rotateZ_effect&quot;:{&quot;unit&quot;:&quot;px&quot;,&quot;size&quot;:&quot;&quot;,&quot;sizes&quot;:[]},&quot;_transform_rotateZ_effect_tablet&quot;:{&quot;unit&quot;:&quot;deg&quot;,&quot;size&quot;:&quot;&quot;,&quot;sizes&quot;:[]},&quot;_transform_rotateZ_effect_mobile&quot;:{&quot;unit&quot;:&quot;deg&quot;,&quot;size&quot;:&quot;&quot;,&quot;sizes&quot;:[]},&quot;_transform_translateY_effect&quot;:{&quot;unit&quot;:&quot;px&quot;,&quot;size&quot;:&quot;&quot;,&quot;sizes&quot;:[]},&quot;_transform_translateY_effect_tablet&quot;:{&quot;unit&quot;:&quot;px&quot;,&quot;size&quot;:&quot;&quot;,&quot;sizes&quot;:[]},&quot;_transform_translateY_effect_mobile&quot;:{&quot;unit&quot;:&quot;px&quot;,&quot;size&quot;:&quot;&quot;,&quot;sizes&quot;:[]}}\" data-widget_type=\"image.default\">\n\t\t\t\t<div class=\"elementor-widget-container\">\n\t\t\t\t\t\t\t\t\t\t\t\t\t\t\t<img decoding=\"async\" width=\"127\" height=\"262\" src=\"https:\/\/www.uptextile.fr\/wp-content\/uploads\/2022\/02\/Fichier-3UP.png\" class=\"attachment-large size-large wp-image-1163\" alt=\"UP\" srcset=\"https:\/\/www.uptextile.fr\/wp-content\/uploads\/2022\/02\/Fichier-3UP.png 127w, https:\/\/www.uptextile.fr\/wp-content\/uploads\/2022\/02\/Fichier-3UP-6x12.png 6w\" sizes=\"(max-width: 127px) 100vw, 127px\" \/>\t\t\t\t\t\t\t\t\t\t\t\t\t\t\t<\/div>\n\t\t\t\t<\/div>\n\t\t\t\t\t<\/div>\n\t\t<\/div>\n\t\t\t\t<div class=\"elementor-column elementor-col-33 elementor-top-column elementor-element elementor-element-f16b479\" data-id=\"f16b479\" data-element_type=\"column\" data-e-type=\"column\">\n\t\t\t<div class=\"elementor-widget-wrap elementor-element-populated\">\n\t\t\t\t\t\t<div class=\"elementor-element elementor-element-4ecbe6f elementor-widget elementor-widget-image\" data-id=\"4ecbe6f\" data-element_type=\"widget\" data-e-type=\"widget\" data-widget_type=\"image.default\">\n\t\t\t\t<div class=\"elementor-widget-container\">\n\t\t\t\t\t\t\t\t\t\t\t\t\t\t\t<img decoding=\"async\" src=\"https:\/\/www.uptextile.fr\/wp-content\/uploads\/2022\/01\/D29085B7-1EB2-4E14-B1D7-5BA405D1BFB9-scaled.jpeg\" title=\"D29085B7-1EB2-4E14-B1D7-5BA405D1BFB9\" alt=\"Marque Feel Good\" loading=\"lazy\" \/>\t\t\t\t\t\t\t\t\t\t\t\t\t\t\t<\/div>\n\t\t\t\t<\/div>\n\t\t\t\t<div class=\"elementor-element elementor-element-4e07426 elementor-widget elementor-widget-text-editor\" data-id=\"4e07426\" data-element_type=\"widget\" data-e-type=\"widget\" data-widget_type=\"text-editor.default\">\n\t\t\t\t<div class=\"elementor-widget-container\">\n\t\t\t\t\t\t\t\t\t<p><em>Cr\u00e9dit Photo : Fanny Retailleau<\/em><\/p>\t\t\t\t\t\t\t\t<\/div>\n\t\t\t\t<\/div>\n\t\t\t\t\t<\/div>\n\t\t<\/div>\n\t\t\t\t<div class=\"elementor-column elementor-col-33 elementor-top-column elementor-element elementor-element-24c2a53\" data-id=\"24c2a53\" data-element_type=\"column\" data-e-type=\"column\">\n\t\t\t<div class=\"elementor-widget-wrap elementor-element-populated\">\n\t\t\t\t\t\t<div class=\"elementor-element elementor-element-c0d51b5 elementor-hidden-mobile e-transform elementor-widget elementor-widget-image\" data-id=\"c0d51b5\" data-element_type=\"widget\" data-e-type=\"widget\" data-settings=\"{&quot;_transform_translateY_effect&quot;:{&quot;unit&quot;:&quot;%&quot;,&quot;size&quot;:28,&quot;sizes&quot;:[]},&quot;_transform_translateY_effect_tablet&quot;:{&quot;unit&quot;:&quot;%&quot;,&quot;size&quot;:&quot;&quot;,&quot;sizes&quot;:[]},&quot;_transform_translateY_effect_mobile&quot;:{&quot;unit&quot;:&quot;%&quot;,&quot;size&quot;:&quot;&quot;,&quot;sizes&quot;:[]},&quot;_transform_translateX_effect&quot;:{&quot;unit&quot;:&quot;px&quot;,&quot;size&quot;:&quot;&quot;,&quot;sizes&quot;:[]},&quot;_transform_translateX_effect_tablet&quot;:{&quot;unit&quot;:&quot;px&quot;,&quot;size&quot;:&quot;&quot;,&quot;sizes&quot;:[]},&quot;_transform_translateX_effect_mobile&quot;:{&quot;unit&quot;:&quot;px&quot;,&quot;size&quot;:&quot;&quot;,&quot;sizes&quot;:[]}}\" data-widget_type=\"image.default\">\n\t\t\t\t<div class=\"elementor-widget-container\">\n\t\t\t\t\t\t\t\t\t\t\t\t\t\t\t<img decoding=\"async\" width=\"200\" height=\"300\" src=\"https:\/\/www.uptextile.fr\/wp-content\/uploads\/2022\/01\/222D0CB6-A23D-4479-90B4-0500098B897B-1-200x300.jpeg\" class=\"attachment-medium size-medium wp-image-1034\" alt=\"Super Minus\" srcset=\"https:\/\/www.uptextile.fr\/wp-content\/uploads\/2022\/01\/222D0CB6-A23D-4479-90B4-0500098B897B-1-200x300.jpeg 200w, https:\/\/www.uptextile.fr\/wp-content\/uploads\/2022\/01\/222D0CB6-A23D-4479-90B4-0500098B897B-1-683x1024.jpeg 683w, https:\/\/www.uptextile.fr\/wp-content\/uploads\/2022\/01\/222D0CB6-A23D-4479-90B4-0500098B897B-1-768x1152.jpeg 768w, https:\/\/www.uptextile.fr\/wp-content\/uploads\/2022\/01\/222D0CB6-A23D-4479-90B4-0500098B897B-1-1024x1536.jpeg 1024w, https:\/\/www.uptextile.fr\/wp-content\/uploads\/2022\/01\/222D0CB6-A23D-4479-90B4-0500098B897B-1-1365x2048.jpeg 1365w, https:\/\/www.uptextile.fr\/wp-content\/uploads\/2022\/01\/222D0CB6-A23D-4479-90B4-0500098B897B-1-8x12.jpeg 8w, https:\/\/www.uptextile.fr\/wp-content\/uploads\/2022\/01\/222D0CB6-A23D-4479-90B4-0500098B897B-1-600x900.jpeg 600w, https:\/\/www.uptextile.fr\/wp-content\/uploads\/2022\/01\/222D0CB6-A23D-4479-90B4-0500098B897B-1-scaled.jpeg 1707w\" sizes=\"(max-width: 200px) 100vw, 200px\" \/>\t\t\t\t\t\t\t\t\t\t\t\t\t\t\t<\/div>\n\t\t\t\t<\/div>\n\t\t\t\t<div class=\"elementor-element elementor-element-68e78f1 elementor-align-center elementor-mobile-align-left elementor-widget elementor-widget-button\" data-id=\"68e78f1\" data-element_type=\"widget\" data-e-type=\"widget\" data-widget_type=\"button.default\">\n\t\t\t\t<div class=\"elementor-widget-container\">\n\t\t\t\t\t\t\t\t\t<div class=\"elementor-button-wrapper\">\n\t\t\t\t\t<a class=\"elementor-button elementor-button-link elementor-size-sm elementor-animation-grow\" href=\"https:\/\/super-minus.fr\/\">\n\t\t\t\t\t\t<span class=\"elementor-button-content-wrapper\">\n\t\t\t\t\t\t\t\t\t<span class=\"elementor-button-text\">d\u00e9couvrir<\/span>\n\t\t\t\t\t<\/span>\n\t\t\t\t\t<\/a>\n\t\t\t\t<\/div>\n\t\t\t\t\t\t\t\t<\/div>\n\t\t\t\t<\/div>\n\t\t\t\t\t<\/div>\n\t\t<\/div>\n\t\t\t\t\t<\/div>\n\t\t<\/section>\n\t\t\t\t<section class=\"elementor-section elementor-top-section elementor-element elementor-element-6aac805 elementor-section-boxed elementor-section-height-default elementor-section-height-default\" data-id=\"6aac805\" data-element_type=\"section\" data-e-type=\"section\">\n\t\t\t\t\t\t<div class=\"elementor-container elementor-column-gap-default\">\n\t\t\t\t\t<div class=\"elementor-column elementor-col-100 elementor-top-column elementor-element elementor-element-c7defdf\" data-id=\"c7defdf\" data-element_type=\"column\" data-e-type=\"column\">\n\t\t\t<div class=\"elementor-widget-wrap elementor-element-populated\">\n\t\t\t\t\t\t<div class=\"elementor-element elementor-element-d1f132d elementor-widget elementor-widget-spacer\" data-id=\"d1f132d\" data-element_type=\"widget\" data-e-type=\"widget\" data-widget_type=\"spacer.default\">\n\t\t\t\t<div class=\"elementor-widget-container\">\n\t\t\t\t\t\t\t<div class=\"elementor-spacer\">\n\t\t\t<div class=\"elementor-spacer-inner\"><\/div>\n\t\t<\/div>\n\t\t\t\t\t\t<\/div>\n\t\t\t\t<\/div>\n\t\t\t\t<div class=\"elementor-element elementor-element-83957db elementor-widget elementor-widget-heading\" data-id=\"83957db\" data-element_type=\"widget\" data-e-type=\"widget\" data-widget_type=\"heading.default\">\n\t\t\t\t<div class=\"elementor-widget-container\">\n\t\t\t\t\t<h2 class=\"elementor-heading-title elementor-size-default\">Quelles sont les valeurs de Super Minus ?<\/h2>\t\t\t\t<\/div>\n\t\t\t\t<\/div>\n\t\t\t\t<div class=\"elementor-element elementor-element-078d6b0 elementor-widget elementor-widget-text-editor\" data-id=\"078d6b0\" data-element_type=\"widget\" data-e-type=\"widget\" data-widget_type=\"text-editor.default\">\n\t\t\t\t<div class=\"elementor-widget-container\">\n\t\t\t\t\t\t\t\t\t<p>Nous aimons nous amuser, partager des bons moments et nous avons des vrais coups de coeur pour nos collaborations que nous souhaitons durables.<\/p>\t\t\t\t\t\t\t\t<\/div>\n\t\t\t\t<\/div>\n\t\t\t\t<div class=\"elementor-element elementor-element-44351d6 elementor-widget elementor-widget-heading\" data-id=\"44351d6\" data-element_type=\"widget\" data-e-type=\"widget\" data-widget_type=\"heading.default\">\n\t\t\t\t<div class=\"elementor-widget-container\">\n\t\t\t\t\t<h2 class=\"elementor-heading-title elementor-size-default\">Pouvez-vous nous en dire plus sur l'historique de votre entreprise ?<\/h2>\t\t\t\t<\/div>\n\t\t\t\t<\/div>\n\t\t\t\t<div class=\"elementor-element elementor-element-1a949bd elementor-widget elementor-widget-text-editor\" data-id=\"1a949bd\" data-element_type=\"widget\" data-e-type=\"widget\" data-widget_type=\"text-editor.default\">\n\t\t\t\t<div class=\"elementor-widget-container\">\n\t\t\t\t\t\t\t\t\t<p>En 2008, je suis recrut\u00e9e pour remplacer Alexandra durant son cong\u00e9s maternit\u00e9. Nous travaillerons ensemble pendant une dizaine d&rsquo;ann\u00e9es au sein du service marketing de Ch\u00e8que D\u00e9jeuner.<\/p>\n<p>Avec Alexandra, c&rsquo;est un vrai coup de coeur pro mais surtout amical. C&rsquo;est lorsque je d\u00e9cide de quitter Paris pour la r\u00e9gion d&rsquo;Aix en Provence, qu&rsquo;Alex me propose de la suivre dans son projet et que l&rsquo;on d\u00e9cide de monter une marque pour enfants.<\/p>\t\t\t\t\t\t\t\t<\/div>\n\t\t\t\t<\/div>\n\t\t\t\t<div class=\"elementor-element elementor-element-80d04f9 elementor-widget elementor-widget-heading\" data-id=\"80d04f9\" data-element_type=\"widget\" data-e-type=\"widget\" data-widget_type=\"heading.default\">\n\t\t\t\t<div class=\"elementor-widget-container\">\n\t\t\t\t\t<h2 class=\"elementor-heading-title elementor-size-default\">Qu'est-ce qui vous inspire ?<\/h2>\t\t\t\t<\/div>\n\t\t\t\t<\/div>\n\t\t\t\t<div class=\"elementor-element elementor-element-ea9ff3c elementor-widget elementor-widget-text-editor\" data-id=\"ea9ff3c\" data-element_type=\"widget\" data-e-type=\"widget\" data-widget_type=\"text-editor.default\">\n\t\t\t\t<div class=\"elementor-widget-container\">\n\t\t\t\t\t\t\t\t\t<p>Nos propres enfants, les minus qui nous entourent, notre propre enfance.<\/p>\n<p>Notre objectif est d&rsquo;apporter de l&rsquo;extra dans l&rsquo;ordinaire des enfants.<\/p>\t\t\t\t\t\t\t\t<\/div>\n\t\t\t\t<\/div>\n\t\t\t\t<div class=\"elementor-element elementor-element-511d9dc elementor-widget elementor-widget-heading\" data-id=\"511d9dc\" data-element_type=\"widget\" data-e-type=\"widget\" data-widget_type=\"heading.default\">\n\t\t\t\t<div class=\"elementor-widget-container\">\n\t\t\t\t\t<h2 class=\"elementor-heading-title elementor-size-default\">Comment avez-vous connu Up'Textile ?<\/h2>\t\t\t\t<\/div>\n\t\t\t\t<\/div>\n\t\t\t\t<div class=\"elementor-element elementor-element-07b6b5a elementor-widget elementor-widget-text-editor\" data-id=\"07b6b5a\" data-element_type=\"widget\" data-e-type=\"widget\" data-widget_type=\"text-editor.default\">\n\t\t\t\t<div class=\"elementor-widget-container\">\n\t\t\t\t\t\t\t\t\t<p>Nous avons connu Up&rsquo;Textile par le biais d&rsquo;une autre marque : Le petit griot.<\/p>\t\t\t\t\t\t\t\t<\/div>\n\t\t\t\t<\/div>\n\t\t\t\t<div class=\"elementor-element elementor-element-f872678 elementor-widget elementor-widget-heading\" data-id=\"f872678\" data-element_type=\"widget\" data-e-type=\"widget\" data-widget_type=\"heading.default\">\n\t\t\t\t<div class=\"elementor-widget-container\">\n\t\t\t\t\t<h2 class=\"elementor-heading-title elementor-size-default\">Comment Up'Textile vous a accompagn\u00e9 ?<\/h2>\t\t\t\t<\/div>\n\t\t\t\t<\/div>\n\t\t\t\t<div class=\"elementor-element elementor-element-9fc3c00 elementor-widget elementor-widget-text-editor\" data-id=\"9fc3c00\" data-element_type=\"widget\" data-e-type=\"widget\" data-widget_type=\"text-editor.default\">\n\t\t\t\t<div class=\"elementor-widget-container\">\n\t\t\t\t\t\t\t\t\t<p>Tout d&rsquo;abord, nous remercions Up&rsquo;Textile de nous avoir fait confiance, et d&rsquo;avoir accept\u00e9 le challenge.<\/p>\n<p>Nous avons pu commencer cette aventure gr\u00e2ce \u00e0 Up&rsquo;Textile. Ils aiment travailler et comprennent les probl\u00e9matiques des entreprises d\u00e9butantes, et acceptent les commandes de petites quantit\u00e9s.<\/p>\n<p>Up&rsquo;Textile est tr\u00e8s r\u00e9actif \u00e0 nos diff\u00e9rentes demandes, m\u00eame lorsque les d\u00e9lais sont tr\u00e8s courts.<\/p>\n<p>En ce qui \u00e9tait tr\u00e8s important pour nous : le rendu des couleurs est comme nous l&rsquo;avons imagin\u00e9, \u00e0 savoir fun, p\u00e9tillant et color\u00e9.\u00a0\u00bb<\/p>\n<p>Retrouvez Super Minus sur leur site internet :\u00a0<a href=\"https:\/\/super-minus.fr\/\" target=\"_blank\" rel=\"noreferrer noopener\">https:\/\/super-minus.fr\/<\/a><\/p>\n<p>Merci \u00e0 C\u00e9cile pour ce partage et pour sa confiance en Up&rsquo;Textile dans la partie\u00a0<strong>impression<\/strong>.<\/p>\t\t\t\t\t\t\t\t<\/div>\n\t\t\t\t<\/div>\n\t\t\t\t\t<\/div>\n\t\t<\/div>\n\t\t\t\t\t<\/div>\n\t\t<\/section>\n\t\t\t\t<section class=\"elementor-section elementor-top-section elementor-element elementor-element-85bb4c9 elementor-section-boxed elementor-section-height-default elementor-section-height-default\" data-id=\"85bb4c9\" data-element_type=\"section\" data-e-type=\"section\">\n\t\t\t\t\t\t<div class=\"elementor-container elementor-column-gap-default\">\n\t\t\t\t\t<div class=\"elementor-column elementor-col-100 elementor-top-column elementor-element elementor-element-243b81c\" data-id=\"243b81c\" data-element_type=\"column\" data-e-type=\"column\">\n\t\t\t<div class=\"elementor-widget-wrap elementor-element-populated\">\n\t\t\t\t\t\t<div class=\"elementor-element elementor-element-80546e3 elementor-widget elementor-widget-spacer\" data-id=\"80546e3\" data-element_type=\"widget\" data-e-type=\"widget\" data-widget_type=\"spacer.default\">\n\t\t\t\t<div class=\"elementor-widget-container\">\n\t\t\t\t\t\t\t<div class=\"elementor-spacer\">\n\t\t\t<div class=\"elementor-spacer-inner\"><\/div>\n\t\t<\/div>\n\t\t\t\t\t\t<\/div>\n\t\t\t\t<\/div>\n\t\t\t\t\t<\/div>\n\t\t<\/div>\n\t\t\t\t\t<\/div>\n\t\t<\/section>\n\t\t\t\t<\/div>","protected":false},"excerpt":{"rendered":"<p><\/p>","protected":false},"author":1,"featured_media":1037,"comment_status":"closed","ping_status":"open","sticky":false,"template":"","format":"standard","meta":{"_monsterinsights_skip_tracking":false,"_monsterinsights_sitenote_active":false,"_monsterinsights_sitenote_note":"","_monsterinsights_sitenote_category":0,"footnotes":""},"categories":[244],"tags":[],"class_list":["post-1029","post","type-post","status-publish","format-standard","has-post-thumbnail","hentry","category-interviews"],"yoast_head":"<!-- This site is optimized with the Yoast SEO plugin v27.4 - https:\/\/yoast.com\/product\/yoast-seo-wordpress\/ -->\n<title>Interview de Super Minus, la marque funky pour les enfants cools - UpTextile<\/title>\n<meta name=\"description\" content=\"Super Minus est une marque qui a le pouvoir de r\u00e9v\u00e9ler l&#039;extraordinaire qui se cache dans l&#039;imaginaire des enfants. C&#039;est des capes canons !\" \/>\n<meta name=\"robots\" content=\"index, follow, max-snippet:-1, max-image-preview:large, max-video-preview:-1\" \/>\n<link rel=\"canonical\" href=\"https:\/\/www.uptextile.fr\/en\/interview-de-super-minus-la-marque-feel-good\/\" \/>\n<meta property=\"og:locale\" content=\"en_GB\" \/>\n<meta property=\"og:type\" content=\"article\" \/>\n<meta property=\"og:title\" content=\"Interview de Super Minus, la marque funky pour les enfants cools - UpTextile\" \/>\n<meta property=\"og:description\" content=\"Super Minus est une marque qui a le pouvoir de r\u00e9v\u00e9ler l&#039;extraordinaire qui se cache dans l&#039;imaginaire des enfants. C&#039;est des capes canons !\" \/>\n<meta property=\"og:url\" content=\"https:\/\/www.uptextile.fr\/en\/interview-de-super-minus-la-marque-feel-good\/\" \/>\n<meta property=\"og:site_name\" content=\"UpTextile\" \/>\n<meta property=\"article:published_time\" content=\"2022-01-06T09:50:45+00:00\" \/>\n<meta property=\"article:modified_time\" content=\"2024-09-30T12:50:43+00:00\" \/>\n<meta property=\"og:image\" content=\"https:\/\/www.uptextile.fr\/wp-content\/uploads\/2022\/01\/9A4E2245-DCBF-4EE9-A243-C18F3D094071-scaled.jpeg\" \/>\n\t<meta property=\"og:image:width\" content=\"2560\" \/>\n\t<meta property=\"og:image:height\" content=\"1707\" \/>\n\t<meta property=\"og:image:type\" content=\"image\/jpeg\" \/>\n<meta name=\"author\" content=\"admin\" \/>\n<meta name=\"twitter:card\" content=\"summary_large_image\" \/>\n<meta name=\"twitter:label1\" content=\"Written by\" \/>\n\t<meta name=\"twitter:data1\" content=\"admin\" \/>\n\t<meta name=\"twitter:label2\" content=\"Estimated reading time\" \/>\n\t<meta name=\"twitter:data2\" content=\"4 minutes\" \/>\n<script type=\"application\/ld+json\" class=\"yoast-schema-graph\">{\"@context\":\"https:\\\/\\\/schema.org\",\"@graph\":[{\"@type\":\"Article\",\"@id\":\"https:\\\/\\\/www.uptextile.fr\\\/interview-de-super-minus-la-marque-feel-good\\\/#article\",\"isPartOf\":{\"@id\":\"https:\\\/\\\/www.uptextile.fr\\\/interview-de-super-minus-la-marque-feel-good\\\/\"},\"author\":{\"name\":\"admin\",\"@id\":\"https:\\\/\\\/www.uptextile.fr\\\/#\\\/schema\\\/person\\\/ddd7afbcab186b7fb4ccfcc324dc6ade\"},\"headline\":\"Interview de Super Minus, la marque funky pour les enfants cools\",\"datePublished\":\"2022-01-06T09:50:45+00:00\",\"dateModified\":\"2024-09-30T12:50:43+00:00\",\"mainEntityOfPage\":{\"@id\":\"https:\\\/\\\/www.uptextile.fr\\\/interview-de-super-minus-la-marque-feel-good\\\/\"},\"wordCount\":680,\"image\":{\"@id\":\"https:\\\/\\\/www.uptextile.fr\\\/interview-de-super-minus-la-marque-feel-good\\\/#primaryimage\"},\"thumbnailUrl\":\"https:\\\/\\\/www.uptextile.fr\\\/wp-content\\\/uploads\\\/2022\\\/01\\\/9A4E2245-DCBF-4EE9-A243-C18F3D094071-scaled.jpeg\",\"articleSection\":[\"Interviews\"],\"inLanguage\":\"en-GB\"},{\"@type\":\"WebPage\",\"@id\":\"https:\\\/\\\/www.uptextile.fr\\\/interview-de-super-minus-la-marque-feel-good\\\/\",\"url\":\"https:\\\/\\\/www.uptextile.fr\\\/interview-de-super-minus-la-marque-feel-good\\\/\",\"name\":\"Interview de Super Minus, la marque funky pour les enfants cools - UpTextile\",\"isPartOf\":{\"@id\":\"https:\\\/\\\/www.uptextile.fr\\\/#website\"},\"primaryImageOfPage\":{\"@id\":\"https:\\\/\\\/www.uptextile.fr\\\/interview-de-super-minus-la-marque-feel-good\\\/#primaryimage\"},\"image\":{\"@id\":\"https:\\\/\\\/www.uptextile.fr\\\/interview-de-super-minus-la-marque-feel-good\\\/#primaryimage\"},\"thumbnailUrl\":\"https:\\\/\\\/www.uptextile.fr\\\/wp-content\\\/uploads\\\/2022\\\/01\\\/9A4E2245-DCBF-4EE9-A243-C18F3D094071-scaled.jpeg\",\"datePublished\":\"2022-01-06T09:50:45+00:00\",\"dateModified\":\"2024-09-30T12:50:43+00:00\",\"author\":{\"@id\":\"https:\\\/\\\/www.uptextile.fr\\\/#\\\/schema\\\/person\\\/ddd7afbcab186b7fb4ccfcc324dc6ade\"},\"description\":\"Super Minus est une marque qui a le pouvoir de r\u00e9v\u00e9ler l'extraordinaire qui se cache dans l'imaginaire des enfants. C'est des capes canons !\",\"breadcrumb\":{\"@id\":\"https:\\\/\\\/www.uptextile.fr\\\/interview-de-super-minus-la-marque-feel-good\\\/#breadcrumb\"},\"inLanguage\":\"en-GB\",\"potentialAction\":[{\"@type\":\"ReadAction\",\"target\":[\"https:\\\/\\\/www.uptextile.fr\\\/interview-de-super-minus-la-marque-feel-good\\\/\"]}]},{\"@type\":\"ImageObject\",\"inLanguage\":\"en-GB\",\"@id\":\"https:\\\/\\\/www.uptextile.fr\\\/interview-de-super-minus-la-marque-feel-good\\\/#primaryimage\",\"url\":\"https:\\\/\\\/www.uptextile.fr\\\/wp-content\\\/uploads\\\/2022\\\/01\\\/9A4E2245-DCBF-4EE9-A243-C18F3D094071-scaled.jpeg\",\"contentUrl\":\"https:\\\/\\\/www.uptextile.fr\\\/wp-content\\\/uploads\\\/2022\\\/01\\\/9A4E2245-DCBF-4EE9-A243-C18F3D094071-scaled.jpeg\",\"width\":2560,\"height\":1707,\"caption\":\"Impression Textile Super Minus\"},{\"@type\":\"BreadcrumbList\",\"@id\":\"https:\\\/\\\/www.uptextile.fr\\\/interview-de-super-minus-la-marque-feel-good\\\/#breadcrumb\",\"itemListElement\":[{\"@type\":\"ListItem\",\"position\":1,\"name\":\"Accueil\",\"item\":\"https:\\\/\\\/www.uptextile.fr\\\/\"},{\"@type\":\"ListItem\",\"position\":2,\"name\":\"Interview de Super Minus, la marque funky pour les enfants cools\"}]},{\"@type\":\"WebSite\",\"@id\":\"https:\\\/\\\/www.uptextile.fr\\\/#website\",\"url\":\"https:\\\/\\\/www.uptextile.fr\\\/\",\"name\":\"UpTextile\",\"description\":\"L&#039;impression num\u00e9rique \u00e0 votre service\",\"potentialAction\":[{\"@type\":\"SearchAction\",\"target\":{\"@type\":\"EntryPoint\",\"urlTemplate\":\"https:\\\/\\\/www.uptextile.fr\\\/?s={search_term_string}\"},\"query-input\":{\"@type\":\"PropertyValueSpecification\",\"valueRequired\":true,\"valueName\":\"search_term_string\"}}],\"inLanguage\":\"en-GB\"},{\"@type\":\"Person\",\"@id\":\"https:\\\/\\\/www.uptextile.fr\\\/#\\\/schema\\\/person\\\/ddd7afbcab186b7fb4ccfcc324dc6ade\",\"name\":\"admin\",\"image\":{\"@type\":\"ImageObject\",\"inLanguage\":\"en-GB\",\"@id\":\"https:\\\/\\\/secure.gravatar.com\\\/avatar\\\/6670ee2da31d04324ab60d2c276c81c91f6f128389d0cd7f2efb1030b28554de?s=96&d=mm&r=g\",\"url\":\"https:\\\/\\\/secure.gravatar.com\\\/avatar\\\/6670ee2da31d04324ab60d2c276c81c91f6f128389d0cd7f2efb1030b28554de?s=96&d=mm&r=g\",\"contentUrl\":\"https:\\\/\\\/secure.gravatar.com\\\/avatar\\\/6670ee2da31d04324ab60d2c276c81c91f6f128389d0cd7f2efb1030b28554de?s=96&d=mm&r=g\",\"caption\":\"admin\"},\"url\":\"https:\\\/\\\/www.uptextile.fr\\\/en\\\/author\\\/admin\\\/\"}]}<\/script>\n<!-- \/ Yoast SEO plugin. -->","yoast_head_json":{"title":"Interview de Super Minus, la marque funky pour les enfants cools - UpTextile","description":"Super Minus est une marque qui a le pouvoir de r\u00e9v\u00e9ler l'extraordinaire qui se cache dans l'imaginaire des enfants. C'est des capes canons !","robots":{"index":"index","follow":"follow","max-snippet":"max-snippet:-1","max-image-preview":"max-image-preview:large","max-video-preview":"max-video-preview:-1"},"canonical":"https:\/\/www.uptextile.fr\/en\/interview-de-super-minus-la-marque-feel-good\/","og_locale":"en_GB","og_type":"article","og_title":"Interview de Super Minus, la marque funky pour les enfants cools - UpTextile","og_description":"Super Minus est une marque qui a le pouvoir de r\u00e9v\u00e9ler l'extraordinaire qui se cache dans l'imaginaire des enfants. C'est des capes canons !","og_url":"https:\/\/www.uptextile.fr\/en\/interview-de-super-minus-la-marque-feel-good\/","og_site_name":"UpTextile","article_published_time":"2022-01-06T09:50:45+00:00","article_modified_time":"2024-09-30T12:50:43+00:00","og_image":[{"width":2560,"height":1707,"url":"https:\/\/www.uptextile.fr\/wp-content\/uploads\/2022\/01\/9A4E2245-DCBF-4EE9-A243-C18F3D094071-scaled.jpeg","type":"image\/jpeg"}],"author":"admin","twitter_card":"summary_large_image","twitter_misc":{"Written by":"admin","Estimated reading time":"4 minutes"},"schema":{"@context":"https:\/\/schema.org","@graph":[{"@type":"Article","@id":"https:\/\/www.uptextile.fr\/interview-de-super-minus-la-marque-feel-good\/#article","isPartOf":{"@id":"https:\/\/www.uptextile.fr\/interview-de-super-minus-la-marque-feel-good\/"},"author":{"name":"admin","@id":"https:\/\/www.uptextile.fr\/#\/schema\/person\/ddd7afbcab186b7fb4ccfcc324dc6ade"},"headline":"Interview de Super Minus, la marque funky pour les enfants cools","datePublished":"2022-01-06T09:50:45+00:00","dateModified":"2024-09-30T12:50:43+00:00","mainEntityOfPage":{"@id":"https:\/\/www.uptextile.fr\/interview-de-super-minus-la-marque-feel-good\/"},"wordCount":680,"image":{"@id":"https:\/\/www.uptextile.fr\/interview-de-super-minus-la-marque-feel-good\/#primaryimage"},"thumbnailUrl":"https:\/\/www.uptextile.fr\/wp-content\/uploads\/2022\/01\/9A4E2245-DCBF-4EE9-A243-C18F3D094071-scaled.jpeg","articleSection":["Interviews"],"inLanguage":"en-GB"},{"@type":"WebPage","@id":"https:\/\/www.uptextile.fr\/interview-de-super-minus-la-marque-feel-good\/","url":"https:\/\/www.uptextile.fr\/interview-de-super-minus-la-marque-feel-good\/","name":"Interview de Super Minus, la marque funky pour les enfants cools - UpTextile","isPartOf":{"@id":"https:\/\/www.uptextile.fr\/#website"},"primaryImageOfPage":{"@id":"https:\/\/www.uptextile.fr\/interview-de-super-minus-la-marque-feel-good\/#primaryimage"},"image":{"@id":"https:\/\/www.uptextile.fr\/interview-de-super-minus-la-marque-feel-good\/#primaryimage"},"thumbnailUrl":"https:\/\/www.uptextile.fr\/wp-content\/uploads\/2022\/01\/9A4E2245-DCBF-4EE9-A243-C18F3D094071-scaled.jpeg","datePublished":"2022-01-06T09:50:45+00:00","dateModified":"2024-09-30T12:50:43+00:00","author":{"@id":"https:\/\/www.uptextile.fr\/#\/schema\/person\/ddd7afbcab186b7fb4ccfcc324dc6ade"},"description":"Super Minus est une marque qui a le pouvoir de r\u00e9v\u00e9ler l'extraordinaire qui se cache dans l'imaginaire des enfants. C'est des capes canons !","breadcrumb":{"@id":"https:\/\/www.uptextile.fr\/interview-de-super-minus-la-marque-feel-good\/#breadcrumb"},"inLanguage":"en-GB","potentialAction":[{"@type":"ReadAction","target":["https:\/\/www.uptextile.fr\/interview-de-super-minus-la-marque-feel-good\/"]}]},{"@type":"ImageObject","inLanguage":"en-GB","@id":"https:\/\/www.uptextile.fr\/interview-de-super-minus-la-marque-feel-good\/#primaryimage","url":"https:\/\/www.uptextile.fr\/wp-content\/uploads\/2022\/01\/9A4E2245-DCBF-4EE9-A243-C18F3D094071-scaled.jpeg","contentUrl":"https:\/\/www.uptextile.fr\/wp-content\/uploads\/2022\/01\/9A4E2245-DCBF-4EE9-A243-C18F3D094071-scaled.jpeg","width":2560,"height":1707,"caption":"Impression Textile Super Minus"},{"@type":"BreadcrumbList","@id":"https:\/\/www.uptextile.fr\/interview-de-super-minus-la-marque-feel-good\/#breadcrumb","itemListElement":[{"@type":"ListItem","position":1,"name":"Accueil","item":"https:\/\/www.uptextile.fr\/"},{"@type":"ListItem","position":2,"name":"Interview de Super Minus, la marque funky pour les enfants cools"}]},{"@type":"WebSite","@id":"https:\/\/www.uptextile.fr\/#website","url":"https:\/\/www.uptextile.fr\/","name":"UpTextile","description":"L&#039;impression num\u00e9rique \u00e0 votre service","potentialAction":[{"@type":"SearchAction","target":{"@type":"EntryPoint","urlTemplate":"https:\/\/www.uptextile.fr\/?s={search_term_string}"},"query-input":{"@type":"PropertyValueSpecification","valueRequired":true,"valueName":"search_term_string"}}],"inLanguage":"en-GB"},{"@type":"Person","@id":"https:\/\/www.uptextile.fr\/#\/schema\/person\/ddd7afbcab186b7fb4ccfcc324dc6ade","name":"admin","image":{"@type":"ImageObject","inLanguage":"en-GB","@id":"https:\/\/secure.gravatar.com\/avatar\/6670ee2da31d04324ab60d2c276c81c91f6f128389d0cd7f2efb1030b28554de?s=96&d=mm&r=g","url":"https:\/\/secure.gravatar.com\/avatar\/6670ee2da31d04324ab60d2c276c81c91f6f128389d0cd7f2efb1030b28554de?s=96&d=mm&r=g","contentUrl":"https:\/\/secure.gravatar.com\/avatar\/6670ee2da31d04324ab60d2c276c81c91f6f128389d0cd7f2efb1030b28554de?s=96&d=mm&r=g","caption":"admin"},"url":"https:\/\/www.uptextile.fr\/en\/author\/admin\/"}]}},"_links":{"self":[{"href":"https:\/\/www.uptextile.fr\/en\/wp-json\/wp\/v2\/posts\/1029","targetHints":{"allow":["GET"]}}],"collection":[{"href":"https:\/\/www.uptextile.fr\/en\/wp-json\/wp\/v2\/posts"}],"about":[{"href":"https:\/\/www.uptextile.fr\/en\/wp-json\/wp\/v2\/types\/post"}],"author":[{"embeddable":true,"href":"https:\/\/www.uptextile.fr\/en\/wp-json\/wp\/v2\/users\/1"}],"replies":[{"embeddable":true,"href":"https:\/\/www.uptextile.fr\/en\/wp-json\/wp\/v2\/comments?post=1029"}],"version-history":[{"count":24,"href":"https:\/\/www.uptextile.fr\/en\/wp-json\/wp\/v2\/posts\/1029\/revisions"}],"predecessor-version":[{"id":3724,"href":"https:\/\/www.uptextile.fr\/en\/wp-json\/wp\/v2\/posts\/1029\/revisions\/3724"}],"wp:featuredmedia":[{"embeddable":true,"href":"https:\/\/www.uptextile.fr\/en\/wp-json\/wp\/v2\/media\/1037"}],"wp:attachment":[{"href":"https:\/\/www.uptextile.fr\/en\/wp-json\/wp\/v2\/media?parent=1029"}],"wp:term":[{"taxonomy":"category","embeddable":true,"href":"https:\/\/www.uptextile.fr\/en\/wp-json\/wp\/v2\/categories?post=1029"},{"taxonomy":"post_tag","embeddable":true,"href":"https:\/\/www.uptextile.fr\/en\/wp-json\/wp\/v2\/tags?post=1029"}],"curies":[{"name":"wp","href":"https:\/\/api.w.org\/{rel}","templated":true}]}}