{"id":2040,"date":"2022-05-30T21:45:26","date_gmt":"2022-05-30T19:45:26","guid":{"rendered":"https:\/\/www.uptextile.fr\/?p=2040"},"modified":"2024-09-30T14:48:06","modified_gmt":"2024-09-30T12:48:06","slug":"interview-de-fanny-fremiot-creatrice-de-la-marque-miss-tiffy-creation","status":"publish","type":"post","link":"https:\/\/www.uptextile.fr\/en\/interview-de-fanny-fremiot-creatrice-de-la-marque-miss-tiffy-creation\/","title":{"rendered":"Interview de Fanny Fremiot, cr\u00e9atrice de la marque Miss Tiffy Cr\u00e9ation"},"content":{"rendered":"<div data-elementor-type=\"wp-post\" data-elementor-id=\"2040\" class=\"elementor elementor-2040\" data-elementor-post-type=\"post\">\n\t\t\t\t\t\t<section class=\"elementor-section elementor-top-section elementor-element elementor-element-160c545 elementor-section-boxed elementor-section-height-default elementor-section-height-default\" data-id=\"160c545\" data-element_type=\"section\" data-e-type=\"section\">\n\t\t\t\t\t\t<div class=\"elementor-container elementor-column-gap-default\">\n\t\t\t\t\t<div class=\"elementor-column elementor-col-100 elementor-top-column elementor-element elementor-element-c1ac1cd\" data-id=\"c1ac1cd\" data-element_type=\"column\" data-e-type=\"column\">\n\t\t\t<div class=\"elementor-widget-wrap elementor-element-populated\">\n\t\t\t\t\t\t<div class=\"elementor-element elementor-element-d5510b5 elementor-widget elementor-widget-spacer\" data-id=\"d5510b5\" data-element_type=\"widget\" data-e-type=\"widget\" data-widget_type=\"spacer.default\">\n\t\t\t\t<div class=\"elementor-widget-container\">\n\t\t\t\t\t\t\t<div class=\"elementor-spacer\">\n\t\t\t<div class=\"elementor-spacer-inner\"><\/div>\n\t\t<\/div>\n\t\t\t\t\t\t<\/div>\n\t\t\t\t<\/div>\n\t\t\t\t<div class=\"elementor-element elementor-element-90d5406 elementor-widget elementor-widget-heading\" data-id=\"90d5406\" data-element_type=\"widget\" data-e-type=\"widget\" data-widget_type=\"heading.default\">\n\t\t\t\t<div class=\"elementor-widget-container\">\n\t\t\t\t\t<h2 class=\"elementor-heading-title elementor-size-default\"><span style=\"color:white\"> interview <br> de <\/span> Fanny Fremiot\n<\/h2>\t\t\t\t<\/div>\n\t\t\t\t<\/div>\n\t\t\t\t\t<\/div>\n\t\t<\/div>\n\t\t\t\t\t<\/div>\n\t\t<\/section>\n\t\t\t\t<section class=\"elementor-section elementor-top-section elementor-element elementor-element-ec823b8 elementor-section-boxed elementor-section-height-default elementor-section-height-default\" data-id=\"ec823b8\" data-element_type=\"section\" data-e-type=\"section\">\n\t\t\t\t\t\t<div class=\"elementor-container elementor-column-gap-default\">\n\t\t\t\t\t<div class=\"elementor-column elementor-col-50 elementor-top-column elementor-element elementor-element-5608faa\" data-id=\"5608faa\" data-element_type=\"column\" data-e-type=\"column\">\n\t\t\t<div class=\"elementor-widget-wrap elementor-element-populated\">\n\t\t\t\t\t\t<div class=\"elementor-element elementor-element-ecac6b1 elementor-widget elementor-widget-image\" data-id=\"ecac6b1\" data-element_type=\"widget\" data-e-type=\"widget\" data-widget_type=\"image.default\">\n\t\t\t\t<div class=\"elementor-widget-container\">\n\t\t\t\t\t\t\t\t\t\t\t\t\t\t\t<img fetchpriority=\"high\" decoding=\"async\" width=\"720\" height=\"404\" src=\"https:\/\/www.uptextile.fr\/wp-content\/uploads\/2022\/05\/Fanny-Fremiot.png\" class=\"attachment-large size-large wp-image-2041\" alt=\"Fanny Fremiot\" srcset=\"https:\/\/www.uptextile.fr\/wp-content\/uploads\/2022\/05\/Fanny-Fremiot.png 720w, https:\/\/www.uptextile.fr\/wp-content\/uploads\/2022\/05\/Fanny-Fremiot-300x168.png 300w, https:\/\/www.uptextile.fr\/wp-content\/uploads\/2022\/05\/Fanny-Fremiot-18x10.png 18w, https:\/\/www.uptextile.fr\/wp-content\/uploads\/2022\/05\/Fanny-Fremiot-600x337.png 600w\" sizes=\"(max-width: 720px) 100vw, 720px\" \/>\t\t\t\t\t\t\t\t\t\t\t\t\t\t\t<\/div>\n\t\t\t\t<\/div>\n\t\t\t\t\t<\/div>\n\t\t<\/div>\n\t\t\t\t<div class=\"elementor-column elementor-col-50 elementor-top-column elementor-element elementor-element-140566d\" data-id=\"140566d\" data-element_type=\"column\" data-e-type=\"column\">\n\t\t\t<div class=\"elementor-widget-wrap elementor-element-populated\">\n\t\t\t\t\t\t<div class=\"elementor-element elementor-element-7a19ac0 elementor-widget elementor-widget-spacer\" data-id=\"7a19ac0\" data-element_type=\"widget\" data-e-type=\"widget\" data-widget_type=\"spacer.default\">\n\t\t\t\t<div class=\"elementor-widget-container\">\n\t\t\t\t\t\t\t<div class=\"elementor-spacer\">\n\t\t\t<div class=\"elementor-spacer-inner\"><\/div>\n\t\t<\/div>\n\t\t\t\t\t\t<\/div>\n\t\t\t\t<\/div>\n\t\t\t\t<div class=\"elementor-element elementor-element-6693104 elementor-widget elementor-widget-heading\" data-id=\"6693104\" data-element_type=\"widget\" data-e-type=\"widget\" data-widget_type=\"heading.default\">\n\t\t\t\t<div class=\"elementor-widget-container\">\n\t\t\t\t\t<h1 class=\"elementor-heading-title elementor-size-default\">Fanny Fremiot, cr\u00e9atrice de la marque Miss Tiffy Cr\u00e9ation<\/h1>\t\t\t\t<\/div>\n\t\t\t\t<\/div>\n\t\t\t\t\t<\/div>\n\t\t<\/div>\n\t\t\t\t\t<\/div>\n\t\t<\/section>\n\t\t\t\t<section class=\"elementor-section elementor-top-section elementor-element elementor-element-67cbf8b8 elementor-section-boxed elementor-section-height-default elementor-section-height-default\" data-id=\"67cbf8b8\" data-element_type=\"section\" data-e-type=\"section\">\n\t\t\t\t\t\t<div class=\"elementor-container elementor-column-gap-default\">\n\t\t\t\t\t<div class=\"elementor-column elementor-col-100 elementor-top-column elementor-element elementor-element-5483c1a1\" data-id=\"5483c1a1\" data-element_type=\"column\" data-e-type=\"column\">\n\t\t\t<div class=\"elementor-widget-wrap elementor-element-populated\">\n\t\t\t\t\t\t<div class=\"elementor-element elementor-element-792741f5 elementor-widget elementor-widget-text-editor\" data-id=\"792741f5\" data-element_type=\"widget\" data-e-type=\"widget\" data-widget_type=\"text-editor.default\">\n\t\t\t\t<div class=\"elementor-widget-container\">\n\t\t\t\t\t\t\t\t\t<p><\/p>\n<p>Miss Tiffy Cr\u00e9ation, c\u2019est une <strong>marque de pr\u00eat-\u00e0-porter f\u00e9minin en petite s\u00e9rie<\/strong>, <strong>fabrication artisanale<\/strong>. Fanny Fremiot, fondatrice, propose un <strong>choix de tissus<\/strong> et cr\u00e9e votre <strong>tenue sur-mesure<\/strong> pour des <strong>pi\u00e8ces uniques confectionn\u00e9es avec amour et attention<\/strong>.<\/p>\n<p><\/p>\n<p>Nous avons eu l\u2019honneur d\u2019interviewer Fanny Fremiot, la cr\u00e9atrice\u00a0:<\/p>\n<p><\/p>\t\t\t\t\t\t\t\t<\/div>\n\t\t\t\t<\/div>\n\t\t\t\t\t<\/div>\n\t\t<\/div>\n\t\t\t\t\t<\/div>\n\t\t<\/section>\n\t\t\t\t<section class=\"elementor-section elementor-top-section elementor-element elementor-element-cc176f0 elementor-section-boxed elementor-section-height-default elementor-section-height-default\" data-id=\"cc176f0\" data-element_type=\"section\" data-e-type=\"section\">\n\t\t\t\t\t\t<div class=\"elementor-container elementor-column-gap-default\">\n\t\t\t\t\t<div class=\"elementor-column elementor-col-50 elementor-top-column elementor-element elementor-element-cf15722\" data-id=\"cf15722\" data-element_type=\"column\" data-e-type=\"column\">\n\t\t\t<div class=\"elementor-widget-wrap elementor-element-populated\">\n\t\t\t\t\t\t<div class=\"elementor-element elementor-element-2dc8a0f elementor-widget elementor-widget-heading\" data-id=\"2dc8a0f\" data-element_type=\"widget\" data-e-type=\"widget\" data-widget_type=\"heading.default\">\n\t\t\t\t<div class=\"elementor-widget-container\">\n\t\t\t\t\t<h2 class=\"elementor-heading-title elementor-size-default\">\"Bonjour, pouvez-vous nous parler de votre parcours de cr\u00e9ation de la marque Miss Tiffy Cr\u00e9ation ?<\/h2>\t\t\t\t<\/div>\n\t\t\t\t<\/div>\n\t\t\t\t<div class=\"elementor-element elementor-element-2fdbb6e elementor-widget elementor-widget-text-editor\" data-id=\"2fdbb6e\" data-element_type=\"widget\" data-e-type=\"widget\" data-widget_type=\"text-editor.default\">\n\t\t\t\t<div class=\"elementor-widget-container\">\n\t\t\t\t\t\t\t\t\t<p>J\u2019ai toujours fait de la couture. J\u2019avais fait un baccalaur\u00e9at mat\u00e9riaux souples o\u00f9 j\u2019ai appris tout ce qui est en lien avec le milieu textile. J\u2019ai ensuite chang\u00e9 totalement de branche et je me suis dirig\u00e9e vers l\u2019entreprise o\u00f9 je suis encore d\u2019ailleurs. Miss Tiffy Cr\u00e9ation est une activit\u00e9 secondaire, c\u2019est mon m\u00e9tier passion.<\/p>\t\t\t\t\t\t\t\t<\/div>\n\t\t\t\t<\/div>\n\t\t\t\t<div class=\"elementor-element elementor-element-f78759c elementor-widget elementor-widget-heading\" data-id=\"f78759c\" data-element_type=\"widget\" data-e-type=\"widget\" data-widget_type=\"heading.default\">\n\t\t\t\t<div class=\"elementor-widget-container\">\n\t\t\t\t\t<h2 class=\"elementor-heading-title elementor-size-default\">Pouvez-vous nous en dire plus sur la cr\u00e9ation de Miss Tiffy Cr\u00e9ation et de son concept ?<\/h2>\t\t\t\t<\/div>\n\t\t\t\t<\/div>\n\t\t\t\t<div class=\"elementor-element elementor-element-9ae89e3 elementor-widget elementor-widget-text-editor\" data-id=\"9ae89e3\" data-element_type=\"widget\" data-e-type=\"widget\" data-widget_type=\"text-editor.default\">\n\t\t\t\t<div class=\"elementor-widget-container\">\n\t\t\t\t\t\t\t\t\t<p>Miss Tiffy Cr\u00e9ation est n\u00e9e en 2020. Je souhaitais me faire un cadeau pour mes 40 ans et cr\u00e9er ma propre collection de pr\u00eat \u00e0 porter f\u00e9minin. J\u2019ai donc cr\u00e9\u00e9 pour la <strong>collection printemps\/\u00e9t\u00e9<\/strong> 2020 une quinzaine de mod\u00e8les. Puis, j\u2019ai invit\u00e9 mon r\u00e9seau, ma famille et mes amis lors d\u2019un \u00e9v\u00e9nement o\u00f9 j\u2019ai d\u00e9voil\u00e9 mes cr\u00e9ations et cela a plu. Je ne voulais n\u2019en faire qu\u2019une et finalement, je n\u2019ai pas arr\u00eat\u00e9. Je suis actuellement \u00e0 la cinqui\u00e8me collection avec \u00e0 chaque fois, une dizaine de produits avec de <strong>nouvelles pi\u00e8ces<\/strong>. Les clientes ont la possibilit\u00e9 de choisir un mod\u00e8le et de choisir le tissu. Je fais du <strong>Custom-made<\/strong> aux mensurations de la cliente.<\/p>\n<p>D\u2019ailleurs, c\u2019est \u00e9galement suite au constat qu\u2019actuellement il est compliqu\u00e9 de trouver notre standard dans les boutiques, que l\u2019entreprise est n\u00e9e. Je souhaite donc apporter la cl\u00e9 \u00e0 ces personnes avec des produits de <strong>pr\u00eat \u00e0 porter sur mesure<\/strong>, de <strong>qualit\u00e9<\/strong> et <strong>tendance<\/strong>.<\/p>\n<p>Nous pouvons varier de la taille 36 \u00e0 la taille 44\/46. Mes cr\u00e9ations sont essentiellement f\u00e9minines, de la robe, \u00e0 la jupe, au top et t-shirt, veste, manteau, foulard et par la suite, pourquoi pas, pantalon ou encore maillot de bain.<\/p>\t\t\t\t\t\t\t\t<\/div>\n\t\t\t\t<\/div>\n\t\t\t\t\t<\/div>\n\t\t<\/div>\n\t\t\t\t<div class=\"elementor-column elementor-col-50 elementor-top-column elementor-element elementor-element-4f43d7b\" data-id=\"4f43d7b\" data-element_type=\"column\" data-e-type=\"column\" data-settings=\"{&quot;background_background&quot;:&quot;classic&quot;}\">\n\t\t\t<div class=\"elementor-widget-wrap\">\n\t\t\t\t\t\t\t<\/div>\n\t\t<\/div>\n\t\t\t\t\t<\/div>\n\t\t<\/section>\n\t\t\t\t<section class=\"elementor-section elementor-top-section elementor-element elementor-element-4171c22 elementor-section-boxed elementor-section-height-default elementor-section-height-default\" data-id=\"4171c22\" data-element_type=\"section\" data-e-type=\"section\">\n\t\t\t\t\t\t<div class=\"elementor-container elementor-column-gap-default\">\n\t\t\t\t\t<div class=\"elementor-column elementor-col-100 elementor-top-column elementor-element elementor-element-636ec05\" data-id=\"636ec05\" data-element_type=\"column\" data-e-type=\"column\">\n\t\t\t<div class=\"elementor-widget-wrap elementor-element-populated\">\n\t\t\t\t\t\t<div class=\"elementor-element elementor-element-8166048 elementor-widget elementor-widget-heading\" data-id=\"8166048\" data-element_type=\"widget\" data-e-type=\"widget\" data-widget_type=\"heading.default\">\n\t\t\t\t<div class=\"elementor-widget-container\">\n\t\t\t\t\t<h2 class=\"elementor-heading-title elementor-size-default\">Quelles sont les particularit\u00e9s de vos cr\u00e9ations ?<\/h2>\t\t\t\t<\/div>\n\t\t\t\t<\/div>\n\t\t\t\t<div class=\"elementor-element elementor-element-8469999 elementor-widget elementor-widget-text-editor\" data-id=\"8469999\" data-element_type=\"widget\" data-e-type=\"widget\" data-widget_type=\"text-editor.default\">\n\t\t\t\t<div class=\"elementor-widget-container\">\n\t\t\t\t\t\t\t\t\t<p>Je souhaite apporter de l\u2019originalit\u00e9 \u00e0 mes cr\u00e9ations. Sur deux collections, j\u2019ai d\u00e9cid\u00e9 de travailler avec des artistes pour la r\u00e9alisation de <strong>motifs sur-mesure<\/strong>. Mes cr\u00e9ations et le travail de l\u2019artiste se combinent tr\u00e8s bien. J\u2019ai travaill\u00e9 avec deux <strong>artistes<\/strong>\u00a0:<\/p>\n<ul>\n<li><strong>Alec Sonder<\/strong>, artiste franco-su\u00e9dois, vivant \u00e0 Paris, que j\u2019avais rep\u00e9r\u00e9 sur Facebook et avec qui j\u2019ai fait une collaboration suite \u00e0 un coup de c\u0153ur (collection printemps-\u00e9t\u00e9 2022<\/li>\n<li><strong>Vinsz<\/strong>, artiste Plasticien Sculpteur depuis 1993 (collection printemps-\u00e9t\u00e9 2021)<\/li>\n<\/ul>\n<p>\u00a0<\/p>\n<p>Je privil\u00e9gie pour mes cr\u00e9ations la <strong>proximit\u00e9<\/strong>, la <strong>petite s\u00e9rie<\/strong> et le <strong>sur commande<\/strong>.<\/p>\t\t\t\t\t\t\t\t<\/div>\n\t\t\t\t<\/div>\n\t\t\t\t\t<\/div>\n\t\t<\/div>\n\t\t\t\t\t<\/div>\n\t\t<\/section>\n\t\t\t\t<section class=\"elementor-section elementor-top-section elementor-element elementor-element-49f3dd2 elementor-section-boxed elementor-section-height-default elementor-section-height-default\" data-id=\"49f3dd2\" data-element_type=\"section\" data-e-type=\"section\">\n\t\t\t\t\t\t<div class=\"elementor-container elementor-column-gap-default\">\n\t\t\t\t\t<div class=\"elementor-column elementor-col-33 elementor-top-column elementor-element elementor-element-75ec95d\" data-id=\"75ec95d\" data-element_type=\"column\" data-e-type=\"column\">\n\t\t\t<div class=\"elementor-widget-wrap elementor-element-populated\">\n\t\t\t\t\t\t<div class=\"elementor-element elementor-element-325d9c1 elementor-hidden-mobile e-transform e-transform elementor-widget elementor-widget-image\" data-id=\"325d9c1\" data-element_type=\"widget\" data-e-type=\"widget\" data-settings=\"{&quot;_transform_translateX_effect&quot;:{&quot;unit&quot;:&quot;%&quot;,&quot;size&quot;:70,&quot;sizes&quot;:[]},&quot;_transform_translateX_effect_tablet&quot;:{&quot;unit&quot;:&quot;%&quot;,&quot;size&quot;:&quot;&quot;,&quot;sizes&quot;:[]},&quot;_transform_translateX_effect_mobile&quot;:{&quot;unit&quot;:&quot;%&quot;,&quot;size&quot;:&quot;&quot;,&quot;sizes&quot;:[]},&quot;_transform_rotateZ_effect&quot;:{&quot;unit&quot;:&quot;px&quot;,&quot;size&quot;:&quot;&quot;,&quot;sizes&quot;:[]},&quot;_transform_rotateZ_effect_tablet&quot;:{&quot;unit&quot;:&quot;deg&quot;,&quot;size&quot;:&quot;&quot;,&quot;sizes&quot;:[]},&quot;_transform_rotateZ_effect_mobile&quot;:{&quot;unit&quot;:&quot;deg&quot;,&quot;size&quot;:&quot;&quot;,&quot;sizes&quot;:[]},&quot;_transform_translateY_effect&quot;:{&quot;unit&quot;:&quot;px&quot;,&quot;size&quot;:&quot;&quot;,&quot;sizes&quot;:[]},&quot;_transform_translateY_effect_tablet&quot;:{&quot;unit&quot;:&quot;px&quot;,&quot;size&quot;:&quot;&quot;,&quot;sizes&quot;:[]},&quot;_transform_translateY_effect_mobile&quot;:{&quot;unit&quot;:&quot;px&quot;,&quot;size&quot;:&quot;&quot;,&quot;sizes&quot;:[]}}\" data-widget_type=\"image.default\">\n\t\t\t\t<div class=\"elementor-widget-container\">\n\t\t\t\t\t\t\t\t\t\t\t\t\t\t\t<img decoding=\"async\" width=\"127\" height=\"262\" src=\"https:\/\/www.uptextile.fr\/wp-content\/uploads\/2022\/02\/Fichier-3UP.png\" class=\"attachment-large size-large wp-image-1163\" alt=\"UP\" srcset=\"https:\/\/www.uptextile.fr\/wp-content\/uploads\/2022\/02\/Fichier-3UP.png 127w, https:\/\/www.uptextile.fr\/wp-content\/uploads\/2022\/02\/Fichier-3UP-6x12.png 6w\" sizes=\"(max-width: 127px) 100vw, 127px\" \/>\t\t\t\t\t\t\t\t\t\t\t\t\t\t\t<\/div>\n\t\t\t\t<\/div>\n\t\t\t\t\t<\/div>\n\t\t<\/div>\n\t\t\t\t<div class=\"elementor-column elementor-col-33 elementor-top-column elementor-element elementor-element-5ecf0a3\" data-id=\"5ecf0a3\" data-element_type=\"column\" data-e-type=\"column\">\n\t\t\t<div class=\"elementor-widget-wrap elementor-element-populated\">\n\t\t\t\t\t\t<div class=\"elementor-element elementor-element-887b37c elementor-widget elementor-widget-image\" data-id=\"887b37c\" data-element_type=\"widget\" data-e-type=\"widget\" data-widget_type=\"image.default\">\n\t\t\t\t<div class=\"elementor-widget-container\">\n\t\t\t\t\t\t\t\t\t\t\t\t\t\t\t<img decoding=\"async\" src=\"https:\/\/www.uptextile.fr\/wp-content\/uploads\/2022\/05\/Collection-Miss-Tiffy-X-Alec-Sonder-.png\" title=\"Collection-Miss-Tiffy-X-Alec-Sonder-\" alt=\"Collection Miss Tiffy Alec Sonder\" loading=\"lazy\" \/>\t\t\t\t\t\t\t\t\t\t\t\t\t\t\t<\/div>\n\t\t\t\t<\/div>\n\t\t\t\t\t<\/div>\n\t\t<\/div>\n\t\t\t\t<div class=\"elementor-column elementor-col-33 elementor-top-column elementor-element elementor-element-420d672\" data-id=\"420d672\" data-element_type=\"column\" data-e-type=\"column\">\n\t\t\t<div class=\"elementor-widget-wrap elementor-element-populated\">\n\t\t\t\t\t\t<div class=\"elementor-element elementor-element-33f38df elementor-hidden-mobile e-transform elementor-widget elementor-widget-image\" data-id=\"33f38df\" data-element_type=\"widget\" data-e-type=\"widget\" data-settings=\"{&quot;_transform_translateY_effect&quot;:{&quot;unit&quot;:&quot;%&quot;,&quot;size&quot;:28,&quot;sizes&quot;:[]},&quot;_transform_translateY_effect_tablet&quot;:{&quot;unit&quot;:&quot;%&quot;,&quot;size&quot;:&quot;&quot;,&quot;sizes&quot;:[]},&quot;_transform_translateY_effect_mobile&quot;:{&quot;unit&quot;:&quot;%&quot;,&quot;size&quot;:&quot;&quot;,&quot;sizes&quot;:[]},&quot;_transform_translateX_effect&quot;:{&quot;unit&quot;:&quot;px&quot;,&quot;size&quot;:&quot;&quot;,&quot;sizes&quot;:[]},&quot;_transform_translateX_effect_tablet&quot;:{&quot;unit&quot;:&quot;px&quot;,&quot;size&quot;:&quot;&quot;,&quot;sizes&quot;:[]},&quot;_transform_translateX_effect_mobile&quot;:{&quot;unit&quot;:&quot;px&quot;,&quot;size&quot;:&quot;&quot;,&quot;sizes&quot;:[]}}\" data-widget_type=\"image.default\">\n\t\t\t\t<div class=\"elementor-widget-container\">\n\t\t\t\t\t\t\t\t\t\t\t\t\t\t\t<img decoding=\"async\" width=\"266\" height=\"300\" src=\"https:\/\/www.uptextile.fr\/wp-content\/uploads\/2022\/05\/Collection-Miss-Tiffy-X-Alec-Sonder-5-266x300.png\" class=\"attachment-medium size-medium wp-image-2044\" alt=\"Jupe Miss Tiffy\" srcset=\"https:\/\/www.uptextile.fr\/wp-content\/uploads\/2022\/05\/Collection-Miss-Tiffy-X-Alec-Sonder-5-266x300.png 266w, https:\/\/www.uptextile.fr\/wp-content\/uploads\/2022\/05\/Collection-Miss-Tiffy-X-Alec-Sonder-5-11x12.png 11w, https:\/\/www.uptextile.fr\/wp-content\/uploads\/2022\/05\/Collection-Miss-Tiffy-X-Alec-Sonder-5.png 502w\" sizes=\"(max-width: 266px) 100vw, 266px\" \/>\t\t\t\t\t\t\t\t\t\t\t\t\t\t\t<\/div>\n\t\t\t\t<\/div>\n\t\t\t\t<div class=\"elementor-element elementor-element-4e89207 elementor-align-center elementor-mobile-align-left elementor-widget elementor-widget-button\" data-id=\"4e89207\" data-element_type=\"widget\" data-e-type=\"widget\" data-widget_type=\"button.default\">\n\t\t\t\t<div class=\"elementor-widget-container\">\n\t\t\t\t\t\t\t\t\t<div class=\"elementor-button-wrapper\">\n\t\t\t\t\t<a class=\"elementor-button elementor-button-link elementor-size-sm elementor-animation-grow\" href=\"https:\/\/misstiffycreation.fr\/\">\n\t\t\t\t\t\t<span class=\"elementor-button-content-wrapper\">\n\t\t\t\t\t\t\t\t\t<span class=\"elementor-button-text\">d\u00e9couvrir<\/span>\n\t\t\t\t\t<\/span>\n\t\t\t\t\t<\/a>\n\t\t\t\t<\/div>\n\t\t\t\t\t\t\t\t<\/div>\n\t\t\t\t<\/div>\n\t\t\t\t\t<\/div>\n\t\t<\/div>\n\t\t\t\t\t<\/div>\n\t\t<\/section>\n\t\t\t\t<section class=\"elementor-section elementor-top-section elementor-element elementor-element-ae4e271 elementor-section-boxed elementor-section-height-default elementor-section-height-default\" data-id=\"ae4e271\" data-element_type=\"section\" data-e-type=\"section\">\n\t\t\t\t\t\t<div class=\"elementor-container elementor-column-gap-default\">\n\t\t\t\t\t<div class=\"elementor-column elementor-col-100 elementor-top-column elementor-element elementor-element-9ce41f5\" data-id=\"9ce41f5\" data-element_type=\"column\" data-e-type=\"column\">\n\t\t\t<div class=\"elementor-widget-wrap elementor-element-populated\">\n\t\t\t\t\t\t<div class=\"elementor-element elementor-element-f40acc9 elementor-widget elementor-widget-spacer\" data-id=\"f40acc9\" data-element_type=\"widget\" data-e-type=\"widget\" data-widget_type=\"spacer.default\">\n\t\t\t\t<div class=\"elementor-widget-container\">\n\t\t\t\t\t\t\t<div class=\"elementor-spacer\">\n\t\t\t<div class=\"elementor-spacer-inner\"><\/div>\n\t\t<\/div>\n\t\t\t\t\t\t<\/div>\n\t\t\t\t<\/div>\n\t\t\t\t<div class=\"elementor-element elementor-element-4955816 elementor-widget elementor-widget-heading\" data-id=\"4955816\" data-element_type=\"widget\" data-e-type=\"widget\" data-widget_type=\"heading.default\">\n\t\t\t\t<div class=\"elementor-widget-container\">\n\t\t\t\t\t<h2 class=\"elementor-heading-title elementor-size-default\">Comment avez-vous connu Up'Textile ?<\/h2>\t\t\t\t<\/div>\n\t\t\t\t<\/div>\n\t\t\t\t<div class=\"elementor-element elementor-element-c0ef1cb elementor-widget elementor-widget-text-editor\" data-id=\"c0ef1cb\" data-element_type=\"widget\" data-e-type=\"widget\" data-widget_type=\"text-editor.default\">\n\t\t\t\t<div class=\"elementor-widget-container\">\n\t\t\t\t\t\t\t\t\t<p>Je cherchais un <strong>fabricant fran\u00e7ais<\/strong> et encore mieux vosgien, j\u2019ai donc trouv\u00e9 Up\u2019Textile en faisant des recherches sur Internet et par chance, ils \u00e9taient vosgiens. Je cherchais un partenaire capable de r\u00e9pondre \u00e0 ma demande. Up\u2019Textile m\u2019a accompagn\u00e9 sur ce projet et m\u2019a propos\u00e9 de se rencontrer. J\u2019ai pu visiter l\u2019usine et j\u2019ai ador\u00e9 la relation qui s\u2019est faite naturellement. Ensuite, nous avons lanc\u00e9 la premi\u00e8re commande. Up\u2019Textile r\u00e9pondait \u00e0 tous mes crit\u00e8res\u00a0: <strong>qualit\u00e9<\/strong>, <strong>proximit\u00e9<\/strong>, <strong>petite s\u00e9rie<\/strong>. Je suis tr\u00e8s contente de cette collaboration.<\/p>\t\t\t\t\t\t\t\t<\/div>\n\t\t\t\t<\/div>\n\t\t\t\t\t<\/div>\n\t\t<\/div>\n\t\t\t\t\t<\/div>\n\t\t<\/section>\n\t\t\t\t<section class=\"elementor-section elementor-top-section elementor-element elementor-element-45e8376 elementor-section-boxed elementor-section-height-default elementor-section-height-default\" data-id=\"45e8376\" data-element_type=\"section\" data-e-type=\"section\">\n\t\t\t\t\t\t<div class=\"elementor-container elementor-column-gap-default\">\n\t\t\t\t\t<div class=\"elementor-column elementor-col-50 elementor-top-column elementor-element elementor-element-29a26ba\" data-id=\"29a26ba\" data-element_type=\"column\" data-e-type=\"column\">\n\t\t\t<div class=\"elementor-widget-wrap elementor-element-populated\">\n\t\t\t\t\t\t<div class=\"elementor-element elementor-element-f576103 elementor-widget elementor-widget-image\" data-id=\"f576103\" data-element_type=\"widget\" data-e-type=\"widget\" data-widget_type=\"image.default\">\n\t\t\t\t<div class=\"elementor-widget-container\">\n\t\t\t\t\t\t\t\t\t\t\t\t\t\t\t<img loading=\"lazy\" decoding=\"async\" width=\"800\" height=\"533\" src=\"https:\/\/www.uptextile.fr\/wp-content\/uploads\/2022\/05\/Collection-Miss-Tiffy-X-Alec-Sonder-9.png\" class=\"attachment-large size-large wp-image-2045\" alt=\"Miss Tiffy Alec Sonder\" srcset=\"https:\/\/www.uptextile.fr\/wp-content\/uploads\/2022\/05\/Collection-Miss-Tiffy-X-Alec-Sonder-9.png 847w, https:\/\/www.uptextile.fr\/wp-content\/uploads\/2022\/05\/Collection-Miss-Tiffy-X-Alec-Sonder-9-300x200.png 300w, https:\/\/www.uptextile.fr\/wp-content\/uploads\/2022\/05\/Collection-Miss-Tiffy-X-Alec-Sonder-9-768x511.png 768w, https:\/\/www.uptextile.fr\/wp-content\/uploads\/2022\/05\/Collection-Miss-Tiffy-X-Alec-Sonder-9-18x12.png 18w, https:\/\/www.uptextile.fr\/wp-content\/uploads\/2022\/05\/Collection-Miss-Tiffy-X-Alec-Sonder-9-600x400.png 600w\" sizes=\"(max-width: 800px) 100vw, 800px\" \/>\t\t\t\t\t\t\t\t\t\t\t\t\t\t\t<\/div>\n\t\t\t\t<\/div>\n\t\t\t\t\t<\/div>\n\t\t<\/div>\n\t\t\t\t<div class=\"elementor-column elementor-col-50 elementor-top-column elementor-element elementor-element-21e5734\" data-id=\"21e5734\" data-element_type=\"column\" data-e-type=\"column\">\n\t\t\t<div class=\"elementor-widget-wrap elementor-element-populated\">\n\t\t\t\t\t\t<div class=\"elementor-element elementor-element-79d613d elementor-widget elementor-widget-heading\" data-id=\"79d613d\" data-element_type=\"widget\" data-e-type=\"widget\" data-widget_type=\"heading.default\">\n\t\t\t\t<div class=\"elementor-widget-container\">\n\t\t\t\t\t<h2 class=\"elementor-heading-title elementor-size-default\">Quels sont vos projets pour la suite ?<\/h2>\t\t\t\t<\/div>\n\t\t\t\t<\/div>\n\t\t\t\t<div class=\"elementor-element elementor-element-98c364f elementor-widget elementor-widget-text-editor\" data-id=\"98c364f\" data-element_type=\"widget\" data-e-type=\"widget\" data-widget_type=\"text-editor.default\">\n\t\t\t\t<div class=\"elementor-widget-container\">\n\t\t\t\t\t\t\t\t\t<p>Je souhaite faire \u00e9voluer l\u2019entreprise et je recherche actuellement des <strong>boutiques<\/strong> qui sont dans le m\u00eame \u00e9tat d\u2019esprit que moi, avec une <strong>fabrication artisanale<\/strong> et du <strong>d\u00e9p\u00f4t vente<\/strong>. Actuellement, j\u2019ai une boutique en ligne qui fonctionne bien et je fais surtout des <strong>ventes priv\u00e9es<\/strong> dans des <strong>boutiques \u00e9ph\u00e9m\u00e8res<\/strong> d\u2019un jour dans des locaux atypiques comme des maisons d\u2019h\u00f4tes, des salles de concert underground, \u2026 Lors de ces soir\u00e9es avec 15 personnes maximum, je r\u00e9alise des <strong>\u00e9tudes personnalis\u00e9es<\/strong>, je s\u00e9lectionne le tissu et prends les mensurations. Pendant ces \u00e9v\u00e8nements, je collabore avec une cr\u00e9atrice de sacs \u00e0 main mais \u00e9galement avec une cr\u00e9ateur de bijoux en pierres semi-pr\u00e9cieuses, afin d\u2019offrir une soir\u00e9e d\u2019exception \u00e0 mes clientes qui retrouvent toute une panoplie de produits de qualit\u00e9, fabrication fran\u00e7aise et artisanale. J\u2019ai \u00e9galement une collaboration avec une boutique \u00e0 Lun\u00e9ville Place des filles, avec qui je r\u00e9alise les s\u00e9ances de shooting pour pr\u00e9senter nos pi\u00e8ces. C\u2019est une boutique ind\u00e9pendante qui me permet de compl\u00e9ter mes v\u00eatements avec des accessoires de qualit\u00e9.<\/p>\t\t\t\t\t\t\t\t<\/div>\n\t\t\t\t<\/div>\n\t\t\t\t\t<\/div>\n\t\t<\/div>\n\t\t\t\t\t<\/div>\n\t\t<\/section>\n\t\t\t\t<section class=\"elementor-section elementor-top-section elementor-element elementor-element-745a7d6 elementor-section-boxed elementor-section-height-default elementor-section-height-default\" data-id=\"745a7d6\" data-element_type=\"section\" data-e-type=\"section\">\n\t\t\t\t\t\t<div class=\"elementor-container elementor-column-gap-default\">\n\t\t\t\t\t<div class=\"elementor-column elementor-col-100 elementor-top-column elementor-element elementor-element-ad795d2\" data-id=\"ad795d2\" data-element_type=\"column\" data-e-type=\"column\">\n\t\t\t<div class=\"elementor-widget-wrap elementor-element-populated\">\n\t\t\t\t\t\t<div class=\"elementor-element elementor-element-877d469 elementor-widget elementor-widget-heading\" data-id=\"877d469\" data-element_type=\"widget\" data-e-type=\"widget\" data-widget_type=\"heading.default\">\n\t\t\t\t<div class=\"elementor-widget-container\">\n\t\t\t\t\t<h2 class=\"elementor-heading-title elementor-size-default\">Les collections Miss Tiffy sont originales. Comment faites-vous pour imaginer vos cr\u00e9ations ?<\/h2>\t\t\t\t<\/div>\n\t\t\t\t<\/div>\n\t\t\t\t<div class=\"elementor-element elementor-element-585f242 elementor-widget elementor-widget-text-editor\" data-id=\"585f242\" data-element_type=\"widget\" data-e-type=\"widget\" data-widget_type=\"text-editor.default\">\n\t\t\t\t<div class=\"elementor-widget-container\">\n\t\t\t\t\t\t\t\t\t<p>J\u2019aime les choses tr\u00e8s vari\u00e9es avec du fantaisie et du dark mais sans trop y \u00eatre. J\u2019aime mixer les styles, le style \u00e9l\u00e9gant avec toujours <strong>une pointe de d\u00e9cal\u00e9<\/strong>. Je m\u00e9lange les mati\u00e8res comme le simili cuir avec le voile ou encore la viscose ou le jersey. Je confectionne des pi\u00e8ces de la vie de tous les jours pour que chaque cliente puisse les porter au quotidien mais avec un truc en plus, un <strong>jeu de mati\u00e8res<\/strong> ou de <strong>l\u2019asym\u00e9trie<\/strong>.<\/p>\t\t\t\t\t\t\t\t<\/div>\n\t\t\t\t<\/div>\n\t\t\t\t<div class=\"elementor-element elementor-element-1564b45 elementor-widget elementor-widget-heading\" data-id=\"1564b45\" data-element_type=\"widget\" data-e-type=\"widget\" data-widget_type=\"heading.default\">\n\t\t\t\t<div class=\"elementor-widget-container\">\n\t\t\t\t\t<h2 class=\"elementor-heading-title elementor-size-default\">Que recherchez-vous pour la suite ?<\/h2>\t\t\t\t<\/div>\n\t\t\t\t<\/div>\n\t\t\t\t<div class=\"elementor-element elementor-element-e1803e1 elementor-widget elementor-widget-text-editor\" data-id=\"e1803e1\" data-element_type=\"widget\" data-e-type=\"widget\" data-widget_type=\"text-editor.default\">\n\t\t\t\t<div class=\"elementor-widget-container\">\n\t\t\t\t\t\t\t\t\t<p>Je recherche actuellement des contacts pour des <strong>soir\u00e9es priv\u00e9es<\/strong> ou des <strong>lieux d\u2019exception<\/strong> ainsi que d\u2019autres <strong>artistes pour des collaborations<\/strong> comme des peintres ou des photographes.<\/p>\n<p>Je fais \u00e9galement des retouches, doublures, \u2026 Cela me d\u00e9tend et me permet de vider ma t\u00eate. D\u00e9tente et passion\u00a0!\u00a0\u00bb<\/p>\n<p>Retrouvez Miss Tiffy Cr\u00e9ation sur leur site internet\u00a0<a href=\"https:\/\/misstiffycreation.fr\/\">misstiffycreation.fr<\/a>\u00a0ou sur leur\u00a0<a href=\"https:\/\/www.instagram.com\/misstiffycreation\/\">compte Instagram<\/a>\u00a0et leur\u00a0<a href=\"https:\/\/www.facebook.com\/MissTiffyCreation\">page Facebook<\/a>.<\/p>\n<p>Merci \u00e0 Fanny pour ce partage et sa confiance pour la partie impression r\u00e9alis\u00e9e chez Up\u2019Textile.<\/p>\t\t\t\t\t\t\t\t<\/div>\n\t\t\t\t<\/div>\n\t\t\t\t<div class=\"elementor-element elementor-element-c122486 elementor-widget elementor-widget-spacer\" data-id=\"c122486\" data-element_type=\"widget\" data-e-type=\"widget\" data-widget_type=\"spacer.default\">\n\t\t\t\t<div class=\"elementor-widget-container\">\n\t\t\t\t\t\t\t<div class=\"elementor-spacer\">\n\t\t\t<div class=\"elementor-spacer-inner\"><\/div>\n\t\t<\/div>\n\t\t\t\t\t\t<\/div>\n\t\t\t\t<\/div>\n\t\t\t\t\t<\/div>\n\t\t<\/div>\n\t\t\t\t\t<\/div>\n\t\t<\/section>\n\t\t\t\t<\/div>","protected":false},"excerpt":{"rendered":"<p><\/p>","protected":false},"author":1,"featured_media":2047,"comment_status":"closed","ping_status":"open","sticky":false,"template":"","format":"standard","meta":{"_monsterinsights_skip_tracking":false,"_monsterinsights_sitenote_active":false,"_monsterinsights_sitenote_note":"","_monsterinsights_sitenote_category":0,"footnotes":""},"categories":[244],"tags":[],"class_list":["post-2040","post","type-post","status-publish","format-standard","has-post-thumbnail","hentry","category-interviews"],"yoast_head":"<!-- This site is optimized with the Yoast SEO plugin v27.4 - https:\/\/yoast.com\/product\/yoast-seo-wordpress\/ -->\n<title>Interview de Fanny Fremiot, cr\u00e9atrice de la marque Miss Tiffy Cr\u00e9ation - UpTextile<\/title>\n<meta name=\"description\" content=\"Interview de Fanny Fremiot, cr\u00e9atrice de la marque Miss Tiffy Cr\u00e9ation, marque de pr\u00eat-\u00e0-porter f\u00e9minin en petite s\u00e9rie artisanale.\" \/>\n<meta name=\"robots\" content=\"index, follow, max-snippet:-1, max-image-preview:large, max-video-preview:-1\" \/>\n<link rel=\"canonical\" href=\"https:\/\/www.uptextile.fr\/en\/interview-de-fanny-fremiot-creatrice-de-la-marque-miss-tiffy-creation\/\" \/>\n<meta property=\"og:locale\" content=\"en_GB\" \/>\n<meta property=\"og:type\" content=\"article\" \/>\n<meta property=\"og:title\" content=\"Interview de Fanny Fremiot, cr\u00e9atrice de la marque Miss Tiffy Cr\u00e9ation - UpTextile\" \/>\n<meta property=\"og:description\" content=\"Interview de Fanny Fremiot, cr\u00e9atrice de la marque Miss Tiffy Cr\u00e9ation, marque de pr\u00eat-\u00e0-porter f\u00e9minin en petite s\u00e9rie artisanale.\" \/>\n<meta property=\"og:url\" content=\"https:\/\/www.uptextile.fr\/en\/interview-de-fanny-fremiot-creatrice-de-la-marque-miss-tiffy-creation\/\" \/>\n<meta property=\"og:site_name\" content=\"UpTextile\" \/>\n<meta property=\"article:published_time\" content=\"2022-05-30T19:45:26+00:00\" \/>\n<meta property=\"article:modified_time\" content=\"2024-09-30T12:48:06+00:00\" \/>\n<meta property=\"og:image\" content=\"https:\/\/www.uptextile.fr\/wp-content\/uploads\/2022\/05\/Miss-tiffy-couture.png\" \/>\n\t<meta property=\"og:image:width\" content=\"943\" \/>\n\t<meta property=\"og:image:height\" content=\"424\" \/>\n\t<meta property=\"og:image:type\" content=\"image\/png\" \/>\n<meta name=\"author\" content=\"admin\" \/>\n<meta name=\"twitter:card\" content=\"summary_large_image\" \/>\n<meta name=\"twitter:label1\" content=\"Written by\" \/>\n\t<meta name=\"twitter:data1\" content=\"admin\" \/>\n\t<meta name=\"twitter:label2\" content=\"Estimated reading time\" \/>\n\t<meta name=\"twitter:data2\" content=\"6 minutes\" \/>\n<script type=\"application\/ld+json\" class=\"yoast-schema-graph\">{\"@context\":\"https:\\\/\\\/schema.org\",\"@graph\":[{\"@type\":\"Article\",\"@id\":\"https:\\\/\\\/www.uptextile.fr\\\/interview-de-fanny-fremiot-creatrice-de-la-marque-miss-tiffy-creation\\\/#article\",\"isPartOf\":{\"@id\":\"https:\\\/\\\/www.uptextile.fr\\\/interview-de-fanny-fremiot-creatrice-de-la-marque-miss-tiffy-creation\\\/\"},\"author\":{\"name\":\"admin\",\"@id\":\"https:\\\/\\\/www.uptextile.fr\\\/#\\\/schema\\\/person\\\/ddd7afbcab186b7fb4ccfcc324dc6ade\"},\"headline\":\"Interview de Fanny Fremiot, cr\u00e9atrice de la marque Miss Tiffy Cr\u00e9ation\",\"datePublished\":\"2022-05-30T19:45:26+00:00\",\"dateModified\":\"2024-09-30T12:48:06+00:00\",\"mainEntityOfPage\":{\"@id\":\"https:\\\/\\\/www.uptextile.fr\\\/interview-de-fanny-fremiot-creatrice-de-la-marque-miss-tiffy-creation\\\/\"},\"wordCount\":1026,\"image\":{\"@id\":\"https:\\\/\\\/www.uptextile.fr\\\/interview-de-fanny-fremiot-creatrice-de-la-marque-miss-tiffy-creation\\\/#primaryimage\"},\"thumbnailUrl\":\"https:\\\/\\\/www.uptextile.fr\\\/wp-content\\\/uploads\\\/2022\\\/05\\\/Miss-tiffy-couture.png\",\"articleSection\":[\"Interviews\"],\"inLanguage\":\"en-GB\"},{\"@type\":\"WebPage\",\"@id\":\"https:\\\/\\\/www.uptextile.fr\\\/interview-de-fanny-fremiot-creatrice-de-la-marque-miss-tiffy-creation\\\/\",\"url\":\"https:\\\/\\\/www.uptextile.fr\\\/interview-de-fanny-fremiot-creatrice-de-la-marque-miss-tiffy-creation\\\/\",\"name\":\"Interview de Fanny Fremiot, cr\u00e9atrice de la marque Miss Tiffy Cr\u00e9ation - UpTextile\",\"isPartOf\":{\"@id\":\"https:\\\/\\\/www.uptextile.fr\\\/#website\"},\"primaryImageOfPage\":{\"@id\":\"https:\\\/\\\/www.uptextile.fr\\\/interview-de-fanny-fremiot-creatrice-de-la-marque-miss-tiffy-creation\\\/#primaryimage\"},\"image\":{\"@id\":\"https:\\\/\\\/www.uptextile.fr\\\/interview-de-fanny-fremiot-creatrice-de-la-marque-miss-tiffy-creation\\\/#primaryimage\"},\"thumbnailUrl\":\"https:\\\/\\\/www.uptextile.fr\\\/wp-content\\\/uploads\\\/2022\\\/05\\\/Miss-tiffy-couture.png\",\"datePublished\":\"2022-05-30T19:45:26+00:00\",\"dateModified\":\"2024-09-30T12:48:06+00:00\",\"author\":{\"@id\":\"https:\\\/\\\/www.uptextile.fr\\\/#\\\/schema\\\/person\\\/ddd7afbcab186b7fb4ccfcc324dc6ade\"},\"description\":\"Interview de Fanny Fremiot, cr\u00e9atrice de la marque Miss Tiffy Cr\u00e9ation, marque de pr\u00eat-\u00e0-porter f\u00e9minin en petite s\u00e9rie artisanale.\",\"breadcrumb\":{\"@id\":\"https:\\\/\\\/www.uptextile.fr\\\/interview-de-fanny-fremiot-creatrice-de-la-marque-miss-tiffy-creation\\\/#breadcrumb\"},\"inLanguage\":\"en-GB\",\"potentialAction\":[{\"@type\":\"ReadAction\",\"target\":[\"https:\\\/\\\/www.uptextile.fr\\\/interview-de-fanny-fremiot-creatrice-de-la-marque-miss-tiffy-creation\\\/\"]}]},{\"@type\":\"ImageObject\",\"inLanguage\":\"en-GB\",\"@id\":\"https:\\\/\\\/www.uptextile.fr\\\/interview-de-fanny-fremiot-creatrice-de-la-marque-miss-tiffy-creation\\\/#primaryimage\",\"url\":\"https:\\\/\\\/www.uptextile.fr\\\/wp-content\\\/uploads\\\/2022\\\/05\\\/Miss-tiffy-couture.png\",\"contentUrl\":\"https:\\\/\\\/www.uptextile.fr\\\/wp-content\\\/uploads\\\/2022\\\/05\\\/Miss-tiffy-couture.png\",\"width\":943,\"height\":424,\"caption\":\"Miss Tiffy Couture\"},{\"@type\":\"BreadcrumbList\",\"@id\":\"https:\\\/\\\/www.uptextile.fr\\\/interview-de-fanny-fremiot-creatrice-de-la-marque-miss-tiffy-creation\\\/#breadcrumb\",\"itemListElement\":[{\"@type\":\"ListItem\",\"position\":1,\"name\":\"Accueil\",\"item\":\"https:\\\/\\\/www.uptextile.fr\\\/\"},{\"@type\":\"ListItem\",\"position\":2,\"name\":\"Interview de Fanny Fremiot, cr\u00e9atrice de la marque Miss Tiffy Cr\u00e9ation\"}]},{\"@type\":\"WebSite\",\"@id\":\"https:\\\/\\\/www.uptextile.fr\\\/#website\",\"url\":\"https:\\\/\\\/www.uptextile.fr\\\/\",\"name\":\"UpTextile\",\"description\":\"L&#039;impression num\u00e9rique \u00e0 votre service\",\"potentialAction\":[{\"@type\":\"SearchAction\",\"target\":{\"@type\":\"EntryPoint\",\"urlTemplate\":\"https:\\\/\\\/www.uptextile.fr\\\/?s={search_term_string}\"},\"query-input\":{\"@type\":\"PropertyValueSpecification\",\"valueRequired\":true,\"valueName\":\"search_term_string\"}}],\"inLanguage\":\"en-GB\"},{\"@type\":\"Person\",\"@id\":\"https:\\\/\\\/www.uptextile.fr\\\/#\\\/schema\\\/person\\\/ddd7afbcab186b7fb4ccfcc324dc6ade\",\"name\":\"admin\",\"image\":{\"@type\":\"ImageObject\",\"inLanguage\":\"en-GB\",\"@id\":\"https:\\\/\\\/secure.gravatar.com\\\/avatar\\\/6670ee2da31d04324ab60d2c276c81c91f6f128389d0cd7f2efb1030b28554de?s=96&d=mm&r=g\",\"url\":\"https:\\\/\\\/secure.gravatar.com\\\/avatar\\\/6670ee2da31d04324ab60d2c276c81c91f6f128389d0cd7f2efb1030b28554de?s=96&d=mm&r=g\",\"contentUrl\":\"https:\\\/\\\/secure.gravatar.com\\\/avatar\\\/6670ee2da31d04324ab60d2c276c81c91f6f128389d0cd7f2efb1030b28554de?s=96&d=mm&r=g\",\"caption\":\"admin\"},\"url\":\"https:\\\/\\\/www.uptextile.fr\\\/en\\\/author\\\/admin\\\/\"}]}<\/script>\n<!-- \/ Yoast SEO plugin. -->","yoast_head_json":{"title":"Interview de Fanny Fremiot, cr\u00e9atrice de la marque Miss Tiffy Cr\u00e9ation - UpTextile","description":"Interview de Fanny Fremiot, cr\u00e9atrice de la marque Miss Tiffy Cr\u00e9ation, marque de pr\u00eat-\u00e0-porter f\u00e9minin en petite s\u00e9rie artisanale.","robots":{"index":"index","follow":"follow","max-snippet":"max-snippet:-1","max-image-preview":"max-image-preview:large","max-video-preview":"max-video-preview:-1"},"canonical":"https:\/\/www.uptextile.fr\/en\/interview-de-fanny-fremiot-creatrice-de-la-marque-miss-tiffy-creation\/","og_locale":"en_GB","og_type":"article","og_title":"Interview de Fanny Fremiot, cr\u00e9atrice de la marque Miss Tiffy Cr\u00e9ation - UpTextile","og_description":"Interview de Fanny Fremiot, cr\u00e9atrice de la marque Miss Tiffy Cr\u00e9ation, marque de pr\u00eat-\u00e0-porter f\u00e9minin en petite s\u00e9rie artisanale.","og_url":"https:\/\/www.uptextile.fr\/en\/interview-de-fanny-fremiot-creatrice-de-la-marque-miss-tiffy-creation\/","og_site_name":"UpTextile","article_published_time":"2022-05-30T19:45:26+00:00","article_modified_time":"2024-09-30T12:48:06+00:00","og_image":[{"width":943,"height":424,"url":"https:\/\/www.uptextile.fr\/wp-content\/uploads\/2022\/05\/Miss-tiffy-couture.png","type":"image\/png"}],"author":"admin","twitter_card":"summary_large_image","twitter_misc":{"Written by":"admin","Estimated reading time":"6 minutes"},"schema":{"@context":"https:\/\/schema.org","@graph":[{"@type":"Article","@id":"https:\/\/www.uptextile.fr\/interview-de-fanny-fremiot-creatrice-de-la-marque-miss-tiffy-creation\/#article","isPartOf":{"@id":"https:\/\/www.uptextile.fr\/interview-de-fanny-fremiot-creatrice-de-la-marque-miss-tiffy-creation\/"},"author":{"name":"admin","@id":"https:\/\/www.uptextile.fr\/#\/schema\/person\/ddd7afbcab186b7fb4ccfcc324dc6ade"},"headline":"Interview de Fanny Fremiot, cr\u00e9atrice de la marque Miss Tiffy Cr\u00e9ation","datePublished":"2022-05-30T19:45:26+00:00","dateModified":"2024-09-30T12:48:06+00:00","mainEntityOfPage":{"@id":"https:\/\/www.uptextile.fr\/interview-de-fanny-fremiot-creatrice-de-la-marque-miss-tiffy-creation\/"},"wordCount":1026,"image":{"@id":"https:\/\/www.uptextile.fr\/interview-de-fanny-fremiot-creatrice-de-la-marque-miss-tiffy-creation\/#primaryimage"},"thumbnailUrl":"https:\/\/www.uptextile.fr\/wp-content\/uploads\/2022\/05\/Miss-tiffy-couture.png","articleSection":["Interviews"],"inLanguage":"en-GB"},{"@type":"WebPage","@id":"https:\/\/www.uptextile.fr\/interview-de-fanny-fremiot-creatrice-de-la-marque-miss-tiffy-creation\/","url":"https:\/\/www.uptextile.fr\/interview-de-fanny-fremiot-creatrice-de-la-marque-miss-tiffy-creation\/","name":"Interview de Fanny Fremiot, cr\u00e9atrice de la marque Miss Tiffy Cr\u00e9ation - UpTextile","isPartOf":{"@id":"https:\/\/www.uptextile.fr\/#website"},"primaryImageOfPage":{"@id":"https:\/\/www.uptextile.fr\/interview-de-fanny-fremiot-creatrice-de-la-marque-miss-tiffy-creation\/#primaryimage"},"image":{"@id":"https:\/\/www.uptextile.fr\/interview-de-fanny-fremiot-creatrice-de-la-marque-miss-tiffy-creation\/#primaryimage"},"thumbnailUrl":"https:\/\/www.uptextile.fr\/wp-content\/uploads\/2022\/05\/Miss-tiffy-couture.png","datePublished":"2022-05-30T19:45:26+00:00","dateModified":"2024-09-30T12:48:06+00:00","author":{"@id":"https:\/\/www.uptextile.fr\/#\/schema\/person\/ddd7afbcab186b7fb4ccfcc324dc6ade"},"description":"Interview de Fanny Fremiot, cr\u00e9atrice de la marque Miss Tiffy Cr\u00e9ation, marque de pr\u00eat-\u00e0-porter f\u00e9minin en petite s\u00e9rie artisanale.","breadcrumb":{"@id":"https:\/\/www.uptextile.fr\/interview-de-fanny-fremiot-creatrice-de-la-marque-miss-tiffy-creation\/#breadcrumb"},"inLanguage":"en-GB","potentialAction":[{"@type":"ReadAction","target":["https:\/\/www.uptextile.fr\/interview-de-fanny-fremiot-creatrice-de-la-marque-miss-tiffy-creation\/"]}]},{"@type":"ImageObject","inLanguage":"en-GB","@id":"https:\/\/www.uptextile.fr\/interview-de-fanny-fremiot-creatrice-de-la-marque-miss-tiffy-creation\/#primaryimage","url":"https:\/\/www.uptextile.fr\/wp-content\/uploads\/2022\/05\/Miss-tiffy-couture.png","contentUrl":"https:\/\/www.uptextile.fr\/wp-content\/uploads\/2022\/05\/Miss-tiffy-couture.png","width":943,"height":424,"caption":"Miss Tiffy Couture"},{"@type":"BreadcrumbList","@id":"https:\/\/www.uptextile.fr\/interview-de-fanny-fremiot-creatrice-de-la-marque-miss-tiffy-creation\/#breadcrumb","itemListElement":[{"@type":"ListItem","position":1,"name":"Accueil","item":"https:\/\/www.uptextile.fr\/"},{"@type":"ListItem","position":2,"name":"Interview de Fanny Fremiot, cr\u00e9atrice de la marque Miss Tiffy Cr\u00e9ation"}]},{"@type":"WebSite","@id":"https:\/\/www.uptextile.fr\/#website","url":"https:\/\/www.uptextile.fr\/","name":"UpTextile","description":"L&#039;impression num\u00e9rique \u00e0 votre service","potentialAction":[{"@type":"SearchAction","target":{"@type":"EntryPoint","urlTemplate":"https:\/\/www.uptextile.fr\/?s={search_term_string}"},"query-input":{"@type":"PropertyValueSpecification","valueRequired":true,"valueName":"search_term_string"}}],"inLanguage":"en-GB"},{"@type":"Person","@id":"https:\/\/www.uptextile.fr\/#\/schema\/person\/ddd7afbcab186b7fb4ccfcc324dc6ade","name":"admin","image":{"@type":"ImageObject","inLanguage":"en-GB","@id":"https:\/\/secure.gravatar.com\/avatar\/6670ee2da31d04324ab60d2c276c81c91f6f128389d0cd7f2efb1030b28554de?s=96&d=mm&r=g","url":"https:\/\/secure.gravatar.com\/avatar\/6670ee2da31d04324ab60d2c276c81c91f6f128389d0cd7f2efb1030b28554de?s=96&d=mm&r=g","contentUrl":"https:\/\/secure.gravatar.com\/avatar\/6670ee2da31d04324ab60d2c276c81c91f6f128389d0cd7f2efb1030b28554de?s=96&d=mm&r=g","caption":"admin"},"url":"https:\/\/www.uptextile.fr\/en\/author\/admin\/"}]}},"_links":{"self":[{"href":"https:\/\/www.uptextile.fr\/en\/wp-json\/wp\/v2\/posts\/2040","targetHints":{"allow":["GET"]}}],"collection":[{"href":"https:\/\/www.uptextile.fr\/en\/wp-json\/wp\/v2\/posts"}],"about":[{"href":"https:\/\/www.uptextile.fr\/en\/wp-json\/wp\/v2\/types\/post"}],"author":[{"embeddable":true,"href":"https:\/\/www.uptextile.fr\/en\/wp-json\/wp\/v2\/users\/1"}],"replies":[{"embeddable":true,"href":"https:\/\/www.uptextile.fr\/en\/wp-json\/wp\/v2\/comments?post=2040"}],"version-history":[{"count":8,"href":"https:\/\/www.uptextile.fr\/en\/wp-json\/wp\/v2\/posts\/2040\/revisions"}],"predecessor-version":[{"id":3712,"href":"https:\/\/www.uptextile.fr\/en\/wp-json\/wp\/v2\/posts\/2040\/revisions\/3712"}],"wp:featuredmedia":[{"embeddable":true,"href":"https:\/\/www.uptextile.fr\/en\/wp-json\/wp\/v2\/media\/2047"}],"wp:attachment":[{"href":"https:\/\/www.uptextile.fr\/en\/wp-json\/wp\/v2\/media?parent=2040"}],"wp:term":[{"taxonomy":"category","embeddable":true,"href":"https:\/\/www.uptextile.fr\/en\/wp-json\/wp\/v2\/categories?post=2040"},{"taxonomy":"post_tag","embeddable":true,"href":"https:\/\/www.uptextile.fr\/en\/wp-json\/wp\/v2\/tags?post=2040"}],"curies":[{"name":"wp","href":"https:\/\/api.w.org\/{rel}","templated":true}]}}