{"id":2410,"date":"2022-10-13T11:27:09","date_gmt":"2022-10-13T09:27:09","guid":{"rendered":"https:\/\/www.uptextile.fr\/?p=2410"},"modified":"2024-09-30T14:44:09","modified_gmt":"2024-09-30T12:44:09","slug":"interview-de-petit-atelier-design","status":"publish","type":"post","link":"https:\/\/www.uptextile.fr\/en\/interview-de-petit-atelier-design\/","title":{"rendered":"Interview de Petit Atelier Design, la marque cr\u00e9ative aux dessins originaux, uniques et color\u00e9s"},"content":{"rendered":"<div data-elementor-type=\"wp-post\" data-elementor-id=\"2410\" class=\"elementor elementor-2410\" data-elementor-post-type=\"post\">\n\t\t\t\t\t\t<section class=\"elementor-section elementor-top-section elementor-element elementor-element-0b68c03 elementor-section-boxed elementor-section-height-default elementor-section-height-default\" data-id=\"0b68c03\" data-element_type=\"section\" data-e-type=\"section\">\n\t\t\t\t\t\t<div class=\"elementor-container elementor-column-gap-default\">\n\t\t\t\t\t<div class=\"elementor-column elementor-col-100 elementor-top-column elementor-element elementor-element-fc6614a\" data-id=\"fc6614a\" data-element_type=\"column\" data-e-type=\"column\">\n\t\t\t<div class=\"elementor-widget-wrap elementor-element-populated\">\n\t\t\t\t\t\t<div class=\"elementor-element elementor-element-55eace6 elementor-widget elementor-widget-spacer\" data-id=\"55eace6\" data-element_type=\"widget\" data-e-type=\"widget\" data-widget_type=\"spacer.default\">\n\t\t\t\t<div class=\"elementor-widget-container\">\n\t\t\t\t\t\t\t<div class=\"elementor-spacer\">\n\t\t\t<div class=\"elementor-spacer-inner\"><\/div>\n\t\t<\/div>\n\t\t\t\t\t\t<\/div>\n\t\t\t\t<\/div>\n\t\t\t\t<div class=\"elementor-element elementor-element-0ddafcf elementor-widget elementor-widget-heading\" data-id=\"0ddafcf\" data-element_type=\"widget\" data-e-type=\"widget\" data-widget_type=\"heading.default\">\n\t\t\t\t<div class=\"elementor-widget-container\">\n\t\t\t\t\t<h2 class=\"elementor-heading-title elementor-size-default\"><span style=\"color:white\"> interview <br> de <\/span> Petit Atelier Design<\/h2>\t\t\t\t<\/div>\n\t\t\t\t<\/div>\n\t\t\t\t\t<\/div>\n\t\t<\/div>\n\t\t\t\t\t<\/div>\n\t\t<\/section>\n\t\t\t\t<section class=\"elementor-section elementor-top-section elementor-element elementor-element-e3d09a3 elementor-section-boxed elementor-section-height-default elementor-section-height-default\" data-id=\"e3d09a3\" data-element_type=\"section\" data-e-type=\"section\">\n\t\t\t\t\t\t<div class=\"elementor-container elementor-column-gap-default\">\n\t\t\t\t\t<div class=\"elementor-column elementor-col-50 elementor-top-column elementor-element elementor-element-1b4a01e\" data-id=\"1b4a01e\" data-element_type=\"column\" data-e-type=\"column\">\n\t\t\t<div class=\"elementor-widget-wrap elementor-element-populated\">\n\t\t\t\t\t\t<div class=\"elementor-element elementor-element-dbd48a4 elementor-widget elementor-widget-image\" data-id=\"dbd48a4\" data-element_type=\"widget\" data-e-type=\"widget\" data-widget_type=\"image.default\">\n\t\t\t\t<div class=\"elementor-widget-container\">\n\t\t\t\t\t\t\t\t\t\t\t\t\t\t\t<img fetchpriority=\"high\" decoding=\"async\" width=\"800\" height=\"501\" src=\"https:\/\/www.uptextile.fr\/wp-content\/uploads\/2022\/10\/Petit-Atelier-Design-textile-1024x641.jpeg\" class=\"attachment-large size-large wp-image-2418\" alt=\"Petit Atelier Design Uptextile\" srcset=\"https:\/\/www.uptextile.fr\/wp-content\/uploads\/2022\/10\/Petit-Atelier-Design-textile-1024x641.jpeg 1024w, https:\/\/www.uptextile.fr\/wp-content\/uploads\/2022\/10\/Petit-Atelier-Design-textile-300x188.jpeg 300w, https:\/\/www.uptextile.fr\/wp-content\/uploads\/2022\/10\/Petit-Atelier-Design-textile-768x481.jpeg 768w, https:\/\/www.uptextile.fr\/wp-content\/uploads\/2022\/10\/Petit-Atelier-Design-textile-1536x962.jpeg 1536w, https:\/\/www.uptextile.fr\/wp-content\/uploads\/2022\/10\/Petit-Atelier-Design-textile-2048x1282.jpeg 2048w, https:\/\/www.uptextile.fr\/wp-content\/uploads\/2022\/10\/Petit-Atelier-Design-textile-18x12.jpeg 18w, https:\/\/www.uptextile.fr\/wp-content\/uploads\/2022\/10\/Petit-Atelier-Design-textile-600x376.jpeg 600w\" sizes=\"(max-width: 800px) 100vw, 800px\" \/>\t\t\t\t\t\t\t\t\t\t\t\t\t\t\t<\/div>\n\t\t\t\t<\/div>\n\t\t\t\t\t<\/div>\n\t\t<\/div>\n\t\t\t\t<div class=\"elementor-column elementor-col-50 elementor-top-column elementor-element elementor-element-5bf561c\" data-id=\"5bf561c\" data-element_type=\"column\" data-e-type=\"column\">\n\t\t\t<div class=\"elementor-widget-wrap elementor-element-populated\">\n\t\t\t\t\t\t<div class=\"elementor-element elementor-element-cdc2771 elementor-widget elementor-widget-spacer\" data-id=\"cdc2771\" data-element_type=\"widget\" data-e-type=\"widget\" data-widget_type=\"spacer.default\">\n\t\t\t\t<div class=\"elementor-widget-container\">\n\t\t\t\t\t\t\t<div class=\"elementor-spacer\">\n\t\t\t<div class=\"elementor-spacer-inner\"><\/div>\n\t\t<\/div>\n\t\t\t\t\t\t<\/div>\n\t\t\t\t<\/div>\n\t\t\t\t<div class=\"elementor-element elementor-element-341281d elementor-widget elementor-widget-heading\" data-id=\"341281d\" data-element_type=\"widget\" data-e-type=\"widget\" data-widget_type=\"heading.default\">\n\t\t\t\t<div class=\"elementor-widget-container\">\n\t\t\t\t\t<h1 class=\"elementor-heading-title elementor-size-default\">Petit Atelier Design, la marque cr\u00e9ative aux dessins originaux, uniques et color\u00e9s<\/h1>\t\t\t\t<\/div>\n\t\t\t\t<\/div>\n\t\t\t\t\t<\/div>\n\t\t<\/div>\n\t\t\t\t\t<\/div>\n\t\t<\/section>\n\t\t\t\t<section class=\"elementor-section elementor-top-section elementor-element elementor-element-51fb16fb elementor-section-boxed elementor-section-height-default elementor-section-height-default\" data-id=\"51fb16fb\" data-element_type=\"section\" data-e-type=\"section\">\n\t\t\t\t\t\t<div class=\"elementor-container elementor-column-gap-default\">\n\t\t\t\t\t<div class=\"elementor-column elementor-col-100 elementor-top-column elementor-element elementor-element-6e4c9a07\" data-id=\"6e4c9a07\" data-element_type=\"column\" data-e-type=\"column\">\n\t\t\t<div class=\"elementor-widget-wrap elementor-element-populated\">\n\t\t\t\t\t\t<div class=\"elementor-element elementor-element-80d1ebc elementor-widget elementor-widget-text-editor\" data-id=\"80d1ebc\" data-element_type=\"widget\" data-e-type=\"widget\" data-widget_type=\"text-editor.default\">\n\t\t\t\t<div class=\"elementor-widget-container\">\n\t\t\t\t\t\t\t\t\t<p><\/p>\n<p><strong>Petit Atelier Design<\/strong> est une <strong>marque fran\u00e7aise d\u2019objets textiles<\/strong>, <strong>usuels et papeterie<\/strong>, cr\u00e9\u00e9e et imagin\u00e9e par <strong>Claire Priou<\/strong>, <strong>artiste designer textile<\/strong>. Le tout est <strong>r\u00e9alis\u00e9 artisanalement en France<\/strong> (sauf les plateaux), fait main et en s\u00e9rie limit\u00e9e. Pour ses <strong>cr\u00e9ations exclusives<\/strong>, Claire s\u00e9lectionne des mati\u00e8res nobles et des partenaires \u00e9tant dans une <strong>d\u00e9marche vertueuse<\/strong> afin de proposer des <strong>produits de qualit\u00e9<\/strong>, qui durent dans le temps.\u00a0<\/p>\n<p><\/p>\n<p>Nous avons eu l\u2019honneur d\u2019interviewer Claire Priou, la fondatrice de Petit Atelier Design\u00a0:\u00a0<\/p>\n<p><\/p>\t\t\t\t\t\t\t\t<\/div>\n\t\t\t\t<\/div>\n\t\t\t\t\t<\/div>\n\t\t<\/div>\n\t\t\t\t\t<\/div>\n\t\t<\/section>\n\t\t\t\t<section class=\"elementor-section elementor-top-section elementor-element elementor-element-78f013c elementor-section-boxed elementor-section-height-default elementor-section-height-default\" data-id=\"78f013c\" data-element_type=\"section\" data-e-type=\"section\">\n\t\t\t\t\t\t<div class=\"elementor-container elementor-column-gap-default\">\n\t\t\t\t\t<div class=\"elementor-column elementor-col-100 elementor-top-column elementor-element elementor-element-960a835\" data-id=\"960a835\" data-element_type=\"column\" data-e-type=\"column\">\n\t\t\t<div class=\"elementor-widget-wrap elementor-element-populated\">\n\t\t\t\t\t\t<div class=\"elementor-element elementor-element-8006e24 elementor-widget elementor-widget-heading\" data-id=\"8006e24\" data-element_type=\"widget\" data-e-type=\"widget\" data-widget_type=\"heading.default\">\n\t\t\t\t<div class=\"elementor-widget-container\">\n\t\t\t\t\t<h2 class=\"elementor-heading-title elementor-size-default\">Bonjour, pouvez-vous nous pr\u00e9senter votre parcours ?<\/h2>\t\t\t\t<\/div>\n\t\t\t\t<\/div>\n\t\t\t\t<div class=\"elementor-element elementor-element-377d22c elementor-widget elementor-widget-text-editor\" data-id=\"377d22c\" data-element_type=\"widget\" data-e-type=\"widget\" data-widget_type=\"text-editor.default\">\n\t\t\t\t<div class=\"elementor-widget-container\">\n\t\t\t\t\t\t\t\t\t<p>Je suis free-lance depuis pr\u00e8s de 30 ans, en ayant toujours exerc\u00e9 dans le textile, mode enfant, adulte et sport\/sport technique. Apr\u00e8s tout ce parcours, je souhaitais monter une marque pour l\u2019<strong>univers de la d\u00e9coration<\/strong> tout en poursuivant mon travail de graphiste designer.\u00a0<\/p>\t\t\t\t\t\t\t\t<\/div>\n\t\t\t\t<\/div>\n\t\t\t\t<div class=\"elementor-element elementor-element-f4b1236 elementor-widget elementor-widget-heading\" data-id=\"f4b1236\" data-element_type=\"widget\" data-e-type=\"widget\" data-widget_type=\"heading.default\">\n\t\t\t\t<div class=\"elementor-widget-container\">\n\t\t\t\t\t<h2 class=\"elementor-heading-title elementor-size-default\">D\u2019o\u00f9 vient le nom \u00ab Petit Atelier Design \u00bb ?<\/h2>\t\t\t\t<\/div>\n\t\t\t\t<\/div>\n\t\t\t\t<div class=\"elementor-element elementor-element-256a8d4 elementor-widget elementor-widget-text-editor\" data-id=\"256a8d4\" data-element_type=\"widget\" data-e-type=\"widget\" data-widget_type=\"text-editor.default\">\n\t\t\t\t<div class=\"elementor-widget-container\">\n\t\t\t\t\t\t\t\t\t<p>Je travaille dans un petit atelier, attenant \u00e0 mon domicile qui est une ancienne bergerie que nous avons r\u00e9habilit\u00e9e en bureau\/atelier d\u2019o\u00f9 le nom.\u00a0<\/p>\t\t\t\t\t\t\t\t<\/div>\n\t\t\t\t<\/div>\n\t\t\t\t\t<\/div>\n\t\t<\/div>\n\t\t\t\t\t<\/div>\n\t\t<\/section>\n\t\t\t\t<section class=\"elementor-section elementor-top-section elementor-element elementor-element-dc1e9bd elementor-section-boxed elementor-section-height-default elementor-section-height-default\" data-id=\"dc1e9bd\" data-element_type=\"section\" data-e-type=\"section\">\n\t\t\t\t\t\t<div class=\"elementor-container elementor-column-gap-default\">\n\t\t\t\t\t<div class=\"elementor-column elementor-col-50 elementor-top-column elementor-element elementor-element-e5c0fc3\" data-id=\"e5c0fc3\" data-element_type=\"column\" data-e-type=\"column\">\n\t\t\t<div class=\"elementor-widget-wrap elementor-element-populated\">\n\t\t\t\t\t\t<div class=\"elementor-element elementor-element-01516e9 elementor-widget elementor-widget-heading\" data-id=\"01516e9\" data-element_type=\"widget\" data-e-type=\"widget\" data-widget_type=\"heading.default\">\n\t\t\t\t<div class=\"elementor-widget-container\">\n\t\t\t\t\t<h2 class=\"elementor-heading-title elementor-size-default\">Pouvez-vous nous pr\u00e9senter votre entreprise, son histoire et son concept ?<\/h2>\t\t\t\t<\/div>\n\t\t\t\t<\/div>\n\t\t\t\t<div class=\"elementor-element elementor-element-7e7a982 elementor-widget elementor-widget-text-editor\" data-id=\"7e7a982\" data-element_type=\"widget\" data-e-type=\"widget\" data-widget_type=\"text-editor.default\">\n\t\t\t\t<div class=\"elementor-widget-container\">\n\t\t\t\t\t\t\t\t\t<p>Je propose une gamme de <strong>produits textiles imprim\u00e9s<\/strong> tels que des <strong>coussins<\/strong>, des <strong>nappes<\/strong>, des <strong>chemins de table<\/strong>, des <strong>sets de table<\/strong>, des <strong>serviettes de table<\/strong>, des <strong>torchons<\/strong>, des <strong>Yaka fukin<\/strong>, des <strong>sacs tissus<\/strong>, des <strong>pochettes<\/strong>, des <strong>maniques<\/strong>.\u00a0<\/p>\n<p>Je d\u00e9veloppe \u00e9galement des <strong>produits sur l\u2019up-cycling<\/strong>. Je s\u00e9lectionne des draps anciens en lin que je teins artisanalement \u00e0 partir des nuances issues de la gamme que je d\u00e9veloppais sur l\u2019impression avec Up\u2019Textile. J\u2019ai donc toute une gamme de <strong>teinture artisanale<\/strong> sur des <strong>produits recycl\u00e9s<\/strong> et r\u00e9interpr\u00e9t\u00e9s\u00a0: nappes, serviettes de table, torchons, \u2026<\/p>\n<p>Les motifs ont \u00e9t\u00e9 <strong>brod\u00e9s<\/strong>, en partenariat avec une entreprise avec qui j\u2019ai travaill\u00e9 par la pass\u00e9, aux abords de Nantes.\u00a0<\/p>\n<p>Il y a dans cette collection \u00e9galement une gamme de <strong>produits\u00a0d\u2019objets usuels<\/strong> tels que des <strong>plateaux<\/strong> et pots ainsi que de le <strong>papeterie<\/strong>, en \u00e9tant toujours dans la m\u00eame mouvance avec du <strong>papier recycl\u00e9<\/strong>. J\u2019imprime des <strong>motifs<\/strong> que je cr\u00e9e, sur une diversit\u00e9 de motifs que je cr\u00e9e au gr\u00e9 des envies et aspirations\u00a0: <strong>carnets et cartes faites main<\/strong>.\u00a0<\/p>\n<p>Et derni\u00e8rement, je d\u00e9veloppe \u00e9galement en collaboration, une collection de <strong>papier peint<\/strong> et panoramique.\u00a0<\/p>\t\t\t\t\t\t\t\t<\/div>\n\t\t\t\t<\/div>\n\t\t\t\t\t<\/div>\n\t\t<\/div>\n\t\t\t\t<div class=\"elementor-column elementor-col-50 elementor-top-column elementor-element elementor-element-b63587f\" data-id=\"b63587f\" data-element_type=\"column\" data-e-type=\"column\">\n\t\t\t<div class=\"elementor-widget-wrap elementor-element-populated\">\n\t\t\t\t\t\t<div class=\"elementor-element elementor-element-9564eaa elementor-widget elementor-widget-image\" data-id=\"9564eaa\" data-element_type=\"widget\" data-e-type=\"widget\" data-widget_type=\"image.default\">\n\t\t\t\t<div class=\"elementor-widget-container\">\n\t\t\t\t\t\t\t\t\t\t\t\t\t\t\t<img decoding=\"async\" width=\"240\" height=\"259\" src=\"https:\/\/www.uptextile.fr\/wp-content\/uploads\/2022\/10\/PETIT-ATELIER-DESIGN-PHOTO-CLAIRE-PA-DESIGN-TEXTILE-ZOOM-1.jpeg\" class=\"attachment-large size-large wp-image-2416\" alt=\"Claire Briou\" srcset=\"https:\/\/www.uptextile.fr\/wp-content\/uploads\/2022\/10\/PETIT-ATELIER-DESIGN-PHOTO-CLAIRE-PA-DESIGN-TEXTILE-ZOOM-1.jpeg 240w, https:\/\/www.uptextile.fr\/wp-content\/uploads\/2022\/10\/PETIT-ATELIER-DESIGN-PHOTO-CLAIRE-PA-DESIGN-TEXTILE-ZOOM-1-11x12.jpeg 11w\" sizes=\"(max-width: 240px) 100vw, 240px\" \/>\t\t\t\t\t\t\t\t\t\t\t\t\t\t\t<\/div>\n\t\t\t\t<\/div>\n\t\t\t\t<div class=\"elementor-element elementor-element-b988935 elementor-widget elementor-widget-image\" data-id=\"b988935\" data-element_type=\"widget\" data-e-type=\"widget\" data-widget_type=\"image.default\">\n\t\t\t\t<div class=\"elementor-widget-container\">\n\t\t\t\t\t\t\t\t\t\t\t\t\t\t\t<img decoding=\"async\" width=\"258\" height=\"241\" src=\"https:\/\/www.uptextile.fr\/wp-content\/uploads\/2022\/10\/PETIT-ATELIER-DESIGN-PHOTO-CLAIRE-1-PA-DESIGN-TEXTILE-1.jpeg\" class=\"attachment-large size-large wp-image-2415\" alt=\"Textile fait main\" srcset=\"https:\/\/www.uptextile.fr\/wp-content\/uploads\/2022\/10\/PETIT-ATELIER-DESIGN-PHOTO-CLAIRE-1-PA-DESIGN-TEXTILE-1.jpeg 258w, https:\/\/www.uptextile.fr\/wp-content\/uploads\/2022\/10\/PETIT-ATELIER-DESIGN-PHOTO-CLAIRE-1-PA-DESIGN-TEXTILE-1-13x12.jpeg 13w\" sizes=\"(max-width: 258px) 100vw, 258px\" \/>\t\t\t\t\t\t\t\t\t\t\t\t\t\t\t<\/div>\n\t\t\t\t<\/div>\n\t\t\t\t\t<\/div>\n\t\t<\/div>\n\t\t\t\t\t<\/div>\n\t\t<\/section>\n\t\t\t\t<section class=\"elementor-section elementor-top-section elementor-element elementor-element-7722049 elementor-section-boxed elementor-section-height-default elementor-section-height-default\" data-id=\"7722049\" data-element_type=\"section\" data-e-type=\"section\">\n\t\t\t\t\t\t<div class=\"elementor-container elementor-column-gap-default\">\n\t\t\t\t\t<div class=\"elementor-column elementor-col-33 elementor-top-column elementor-element elementor-element-9779100\" data-id=\"9779100\" data-element_type=\"column\" data-e-type=\"column\">\n\t\t\t<div class=\"elementor-widget-wrap elementor-element-populated\">\n\t\t\t\t\t\t<div class=\"elementor-element elementor-element-ffe2243 elementor-hidden-mobile e-transform e-transform elementor-widget elementor-widget-image\" data-id=\"ffe2243\" data-element_type=\"widget\" data-e-type=\"widget\" data-settings=\"{&quot;_transform_translateX_effect&quot;:{&quot;unit&quot;:&quot;%&quot;,&quot;size&quot;:70,&quot;sizes&quot;:[]},&quot;_transform_translateX_effect_tablet&quot;:{&quot;unit&quot;:&quot;%&quot;,&quot;size&quot;:&quot;&quot;,&quot;sizes&quot;:[]},&quot;_transform_translateX_effect_mobile&quot;:{&quot;unit&quot;:&quot;%&quot;,&quot;size&quot;:&quot;&quot;,&quot;sizes&quot;:[]},&quot;_transform_rotateZ_effect&quot;:{&quot;unit&quot;:&quot;px&quot;,&quot;size&quot;:&quot;&quot;,&quot;sizes&quot;:[]},&quot;_transform_rotateZ_effect_tablet&quot;:{&quot;unit&quot;:&quot;deg&quot;,&quot;size&quot;:&quot;&quot;,&quot;sizes&quot;:[]},&quot;_transform_rotateZ_effect_mobile&quot;:{&quot;unit&quot;:&quot;deg&quot;,&quot;size&quot;:&quot;&quot;,&quot;sizes&quot;:[]},&quot;_transform_translateY_effect&quot;:{&quot;unit&quot;:&quot;px&quot;,&quot;size&quot;:&quot;&quot;,&quot;sizes&quot;:[]},&quot;_transform_translateY_effect_tablet&quot;:{&quot;unit&quot;:&quot;px&quot;,&quot;size&quot;:&quot;&quot;,&quot;sizes&quot;:[]},&quot;_transform_translateY_effect_mobile&quot;:{&quot;unit&quot;:&quot;px&quot;,&quot;size&quot;:&quot;&quot;,&quot;sizes&quot;:[]}}\" data-widget_type=\"image.default\">\n\t\t\t\t<div class=\"elementor-widget-container\">\n\t\t\t\t\t\t\t\t\t\t\t\t\t\t\t<img loading=\"lazy\" decoding=\"async\" width=\"127\" height=\"262\" src=\"https:\/\/www.uptextile.fr\/wp-content\/uploads\/2022\/02\/Fichier-3UP.png\" class=\"attachment-large size-large wp-image-1163\" alt=\"UP\" srcset=\"https:\/\/www.uptextile.fr\/wp-content\/uploads\/2022\/02\/Fichier-3UP.png 127w, https:\/\/www.uptextile.fr\/wp-content\/uploads\/2022\/02\/Fichier-3UP-6x12.png 6w\" sizes=\"(max-width: 127px) 100vw, 127px\" \/>\t\t\t\t\t\t\t\t\t\t\t\t\t\t\t<\/div>\n\t\t\t\t<\/div>\n\t\t\t\t\t<\/div>\n\t\t<\/div>\n\t\t\t\t<div class=\"elementor-column elementor-col-33 elementor-top-column elementor-element elementor-element-778f483\" data-id=\"778f483\" data-element_type=\"column\" data-e-type=\"column\">\n\t\t\t<div class=\"elementor-widget-wrap elementor-element-populated\">\n\t\t\t\t\t\t<div class=\"elementor-element elementor-element-318a437 elementor-widget elementor-widget-image\" data-id=\"318a437\" data-element_type=\"widget\" data-e-type=\"widget\" data-widget_type=\"image.default\">\n\t\t\t\t<div class=\"elementor-widget-container\">\n\t\t\t\t\t\t\t\t\t\t\t\t\t\t\t<img decoding=\"async\" src=\"https:\/\/www.uptextile.fr\/wp-content\/uploads\/2022\/10\/NAPPE-UNIE-EMERAUDE-PHOTO-1.jpeg\" title=\"IMAGE DE REFERENCE 13,2 CM X 13,2 CM\" alt=\"Petit atelier textile\" loading=\"lazy\" \/>\t\t\t\t\t\t\t\t\t\t\t\t\t\t\t<\/div>\n\t\t\t\t<\/div>\n\t\t\t\t\t<\/div>\n\t\t<\/div>\n\t\t\t\t<div class=\"elementor-column elementor-col-33 elementor-top-column elementor-element elementor-element-a75053c\" data-id=\"a75053c\" data-element_type=\"column\" data-e-type=\"column\">\n\t\t\t<div class=\"elementor-widget-wrap elementor-element-populated\">\n\t\t\t\t\t\t<div class=\"elementor-element elementor-element-8fab7c3 elementor-hidden-mobile e-transform elementor-widget elementor-widget-image\" data-id=\"8fab7c3\" data-element_type=\"widget\" data-e-type=\"widget\" data-settings=\"{&quot;_transform_translateY_effect&quot;:{&quot;unit&quot;:&quot;%&quot;,&quot;size&quot;:28,&quot;sizes&quot;:[]},&quot;_transform_translateY_effect_tablet&quot;:{&quot;unit&quot;:&quot;%&quot;,&quot;size&quot;:&quot;&quot;,&quot;sizes&quot;:[]},&quot;_transform_translateY_effect_mobile&quot;:{&quot;unit&quot;:&quot;%&quot;,&quot;size&quot;:&quot;&quot;,&quot;sizes&quot;:[]},&quot;_transform_translateX_effect&quot;:{&quot;unit&quot;:&quot;px&quot;,&quot;size&quot;:&quot;&quot;,&quot;sizes&quot;:[]},&quot;_transform_translateX_effect_tablet&quot;:{&quot;unit&quot;:&quot;px&quot;,&quot;size&quot;:&quot;&quot;,&quot;sizes&quot;:[]},&quot;_transform_translateX_effect_mobile&quot;:{&quot;unit&quot;:&quot;px&quot;,&quot;size&quot;:&quot;&quot;,&quot;sizes&quot;:[]}}\" data-widget_type=\"image.default\">\n\t\t\t\t<div class=\"elementor-widget-container\">\n\t\t\t\t\t\t\t\t\t\t\t\t\t\t\t<img loading=\"lazy\" decoding=\"async\" width=\"300\" height=\"188\" src=\"https:\/\/www.uptextile.fr\/wp-content\/uploads\/2022\/10\/Petit-Atelier-Design-300x188.jpeg\" class=\"attachment-medium size-medium wp-image-2413\" alt=\"Petit Atelier Design\" srcset=\"https:\/\/www.uptextile.fr\/wp-content\/uploads\/2022\/10\/Petit-Atelier-Design-300x188.jpeg 300w, https:\/\/www.uptextile.fr\/wp-content\/uploads\/2022\/10\/Petit-Atelier-Design-1024x641.jpeg 1024w, https:\/\/www.uptextile.fr\/wp-content\/uploads\/2022\/10\/Petit-Atelier-Design-768x481.jpeg 768w, https:\/\/www.uptextile.fr\/wp-content\/uploads\/2022\/10\/Petit-Atelier-Design-1536x962.jpeg 1536w, https:\/\/www.uptextile.fr\/wp-content\/uploads\/2022\/10\/Petit-Atelier-Design-2048x1282.jpeg 2048w, https:\/\/www.uptextile.fr\/wp-content\/uploads\/2022\/10\/Petit-Atelier-Design-18x12.jpeg 18w, https:\/\/www.uptextile.fr\/wp-content\/uploads\/2022\/10\/Petit-Atelier-Design-600x376.jpeg 600w\" sizes=\"(max-width: 300px) 100vw, 300px\" \/>\t\t\t\t\t\t\t\t\t\t\t\t\t\t\t<\/div>\n\t\t\t\t<\/div>\n\t\t\t\t<div class=\"elementor-element elementor-element-d85e23e elementor-align-center elementor-mobile-align-left elementor-widget elementor-widget-button\" data-id=\"d85e23e\" data-element_type=\"widget\" data-e-type=\"widget\" data-widget_type=\"button.default\">\n\t\t\t\t<div class=\"elementor-widget-container\">\n\t\t\t\t\t\t\t\t\t<div class=\"elementor-button-wrapper\">\n\t\t\t\t\t<a class=\"elementor-button elementor-button-link elementor-size-sm elementor-animation-grow\" href=\"https:\/\/www.petitatelierdesign.com\/\">\n\t\t\t\t\t\t<span class=\"elementor-button-content-wrapper\">\n\t\t\t\t\t\t\t\t\t<span class=\"elementor-button-text\">d\u00e9couvrir<\/span>\n\t\t\t\t\t<\/span>\n\t\t\t\t\t<\/a>\n\t\t\t\t<\/div>\n\t\t\t\t\t\t\t\t<\/div>\n\t\t\t\t<\/div>\n\t\t\t\t\t<\/div>\n\t\t<\/div>\n\t\t\t\t\t<\/div>\n\t\t<\/section>\n\t\t\t\t<section class=\"elementor-section elementor-top-section elementor-element elementor-element-1e71159 elementor-section-boxed elementor-section-height-default elementor-section-height-default\" data-id=\"1e71159\" data-element_type=\"section\" data-e-type=\"section\">\n\t\t\t\t\t\t<div class=\"elementor-container elementor-column-gap-default\">\n\t\t\t\t\t<div class=\"elementor-column elementor-col-100 elementor-top-column elementor-element elementor-element-8ba2e95\" data-id=\"8ba2e95\" data-element_type=\"column\" data-e-type=\"column\">\n\t\t\t<div class=\"elementor-widget-wrap elementor-element-populated\">\n\t\t\t\t\t\t<div class=\"elementor-element elementor-element-cde0438 elementor-widget elementor-widget-spacer\" data-id=\"cde0438\" data-element_type=\"widget\" data-e-type=\"widget\" data-widget_type=\"spacer.default\">\n\t\t\t\t<div class=\"elementor-widget-container\">\n\t\t\t\t\t\t\t<div class=\"elementor-spacer\">\n\t\t\t<div class=\"elementor-spacer-inner\"><\/div>\n\t\t<\/div>\n\t\t\t\t\t\t<\/div>\n\t\t\t\t<\/div>\n\t\t\t\t<div class=\"elementor-element elementor-element-3d1f4b2 elementor-widget elementor-widget-heading\" data-id=\"3d1f4b2\" data-element_type=\"widget\" data-e-type=\"widget\" data-widget_type=\"heading.default\">\n\t\t\t\t<div class=\"elementor-widget-container\">\n\t\t\t\t\t<h2 class=\"elementor-heading-title elementor-size-default\">O\u00f9 vendez-vous vos produits ? <\/h2>\t\t\t\t<\/div>\n\t\t\t\t<\/div>\n\t\t\t\t<div class=\"elementor-element elementor-element-bdd0b57 elementor-widget elementor-widget-text-editor\" data-id=\"bdd0b57\" data-element_type=\"widget\" data-e-type=\"widget\" data-widget_type=\"text-editor.default\">\n\t\t\t\t<div class=\"elementor-widget-container\">\n\t\t\t\t\t\t\t\t\t<p>Sur le site de Petit Atelier Design principalement, lors d\u2019\u00e9v\u00e8nements cr\u00e9ateurs, mais aussi pour la partie papeterie, une diffusion aupr\u00e8s de libraires et de Maisons d\u2019\u00e9ditions.\u00a0<\/p>\t\t\t\t\t\t\t\t<\/div>\n\t\t\t\t<\/div>\n\t\t\t\t<div class=\"elementor-element elementor-element-a0762da elementor-widget elementor-widget-heading\" data-id=\"a0762da\" data-element_type=\"widget\" data-e-type=\"widget\" data-widget_type=\"heading.default\">\n\t\t\t\t<div class=\"elementor-widget-container\">\n\t\t\t\t\t<h2 class=\"elementor-heading-title elementor-size-default\">Quelles sont les valeurs de votre entreprise ? <\/h2>\t\t\t\t<\/div>\n\t\t\t\t<\/div>\n\t\t\t\t<div class=\"elementor-element elementor-element-9a79db2 elementor-widget elementor-widget-text-editor\" data-id=\"9a79db2\" data-element_type=\"widget\" data-e-type=\"widget\" data-widget_type=\"text-editor.default\">\n\t\t\t\t<div class=\"elementor-widget-container\">\n\t\t\t\t\t\t\t\t\t<p>Les valeurs de Petit Atelier Design sont , la <strong>fabrication en France<\/strong>, le <strong>fait main artisanalement<\/strong>, l\u2019<strong>\u00e9co-responsabilit\u00e9<\/strong> mais \u00e9galement l\u2019<strong>importance de l\u2019univers cr\u00e9atif<\/strong> sans cesse renouvel\u00e9, aux multiples inspirations. Avec pr\u00e8s de 30 ann\u00e9es d\u2019exp\u00e9rience dans le textile, l\u2019important est de proposer et de travailler des produits de <strong>qualit\u00e9<\/strong> dans des <strong>mati\u00e8res nobles<\/strong>.<\/p>\t\t\t\t\t\t\t\t<\/div>\n\t\t\t\t<\/div>\n\t\t\t\t<div class=\"elementor-element elementor-element-06b63c9 elementor-widget elementor-widget-heading\" data-id=\"06b63c9\" data-element_type=\"widget\" data-e-type=\"widget\" data-widget_type=\"heading.default\">\n\t\t\t\t<div class=\"elementor-widget-container\">\n\t\t\t\t\t<h2 class=\"elementor-heading-title elementor-size-default\">Comment avez-vous connu Up\u2019Textile ? <\/h2>\t\t\t\t<\/div>\n\t\t\t\t<\/div>\n\t\t\t\t<div class=\"elementor-element elementor-element-f7b9ebe elementor-widget elementor-widget-text-editor\" data-id=\"f7b9ebe\" data-element_type=\"widget\" data-e-type=\"widget\" data-widget_type=\"text-editor.default\">\n\t\t\t\t<div class=\"elementor-widget-container\">\n\t\t\t\t\t\t\t\t\t<p>J\u2019ai connu Up\u2019Textile via les r\u00e9seaux sociaux, en observant comment travaillaient d\u2019autres cr\u00e9ateurs,\u00a0 j\u2019ai d\u00e9couvert l\u2019univers d\u2019 Up\u2019Textile. Sur le site, j\u2019ai vu tout ce que Up\u2019Textile pouvait proposer \u00e0 ses clients et comme je souhaitais, pour le <strong>d\u00e9veloppement de la marque<\/strong> de Petit Atelier Design sur un r\u00e9f\u00e9rencement de <strong>produit de qualit\u00e9<\/strong> avec le choix du lin, il \u00e9tait donc \u00e9vidant pour moi de travailler avec Up\u2019Textile. Je trouvais que l\u2019interface du site, la communication, le suivi, les t\u00e9moignages des autres cr\u00e9ateurs me semblaient coh\u00e9rents et rassurants.\u00a0<\/p>\t\t\t\t\t\t\t\t<\/div>\n\t\t\t\t<\/div>\n\t\t\t\t<div class=\"elementor-element elementor-element-fc991eb elementor-widget elementor-widget-heading\" data-id=\"fc991eb\" data-element_type=\"widget\" data-e-type=\"widget\" data-widget_type=\"heading.default\">\n\t\t\t\t<div class=\"elementor-widget-container\">\n\t\t\t\t\t<h2 class=\"elementor-heading-title elementor-size-default\">Comment Up\u2019Textile vous a accompagn\u00e9 ?<\/h2>\t\t\t\t<\/div>\n\t\t\t\t<\/div>\n\t\t\t\t<div class=\"elementor-element elementor-element-fc8fbf8 elementor-widget elementor-widget-text-editor\" data-id=\"fc8fbf8\" data-element_type=\"widget\" data-e-type=\"widget\" data-widget_type=\"text-editor.default\">\n\t\t\t\t<div class=\"elementor-widget-container\">\n\t\t\t\t\t\t\t\t\t<p>J\u2019ai eu plusieurs fois des \u00e9changes avec Nathalie pour voir comment mettre en place notre collaboration. Puis, j\u2019ai \u00e9chang\u00e9 avec S\u00e9bastien pour la production. Je peux le dire, l\u2019accompagnement \u00e9tait super. Des petits r\u00e9glages ont \u00e9t\u00e9 n\u00e9cessaires, mais ils ont r\u00e9ussi. C\u2019\u00e9tait vraiment une exp\u00e9rience <strong>rassurante<\/strong> et <strong>confortable<\/strong>. Je pouvais compter sur les personnes avec qui je communiquais.\u00a0<\/p>\t\t\t\t\t\t\t\t<\/div>\n\t\t\t\t<\/div>\n\t\t\t\t<div class=\"elementor-element elementor-element-159061a elementor-widget elementor-widget-heading\" data-id=\"159061a\" data-element_type=\"widget\" data-e-type=\"widget\" data-widget_type=\"heading.default\">\n\t\t\t\t<div class=\"elementor-widget-container\">\n\t\t\t\t\t<h2 class=\"elementor-heading-title elementor-size-default\">Quels sont vos projets pour les ann\u00e9es \u00e0 venir ?<\/h2>\t\t\t\t<\/div>\n\t\t\t\t<\/div>\n\t\t\t\t<div class=\"elementor-element elementor-element-1d238f5 elementor-widget elementor-widget-text-editor\" data-id=\"1d238f5\" data-element_type=\"widget\" data-e-type=\"widget\" data-widget_type=\"text-editor.default\">\n\t\t\t\t<div class=\"elementor-widget-container\">\n\t\t\t\t\t\t\t\t\t<p>Pour l\u2019avenir, il est difficile de le d\u00e9finir, car cela demande du temps. J\u2019ai cr\u00e9\u00e9 cette marque en juin 2021. Elle a fait, tranquillement, son chemin. Sur le long terme, je souhaite participer \u00e0 des salons comme <strong>Maison et Objet<\/strong>, faire davantage de communication. Mais, je souhaite, avant tout, garder une certaine <strong>coh\u00e9rence<\/strong> dans les <strong>collections<\/strong> que je propose.\u00a0<\/p>\t\t\t\t\t\t\t\t<\/div>\n\t\t\t\t<\/div>\n\t\t\t\t<div class=\"elementor-element elementor-element-5870c66 elementor-widget elementor-widget-heading\" data-id=\"5870c66\" data-element_type=\"widget\" data-e-type=\"widget\" data-widget_type=\"heading.default\">\n\t\t\t\t<div class=\"elementor-widget-container\">\n\t\t\t\t\t<h2 class=\"elementor-heading-title elementor-size-default\">Pourquoi choisir les produits de Petit Atelier Design ? <\/h2>\t\t\t\t<\/div>\n\t\t\t\t<\/div>\n\t\t\t\t<div class=\"elementor-element elementor-element-c9b13a3 elementor-widget elementor-widget-text-editor\" data-id=\"c9b13a3\" data-element_type=\"widget\" data-e-type=\"widget\" data-widget_type=\"text-editor.default\">\n\t\t\t\t<div class=\"elementor-widget-container\">\n\t\t\t\t\t\t\t\t\t<p>Avec Petit Atelier Design, c\u2019est vraiment un choix <strong>produit coup de c\u0153ur<\/strong>. La personne doit \u00eatre <strong>r\u00e9ceptive aux\u00a0 graphismes propos\u00e9s<\/strong>, \u00e0 la <strong>gamme des couleurs s\u00e9lectionn\u00e9es<\/strong> mais aussi \u00e0 la <strong>qualit\u00e9 du travail,<\/strong> avec l\u2019<strong>exigence notamment sur les finitions<\/strong>, le <strong>sens du d\u00e9tail<\/strong>, la <strong>s\u00e9lection des fournisseurs<\/strong> pour les mati\u00e8res premi\u00e8res et une <strong>fabrication de qualit\u00e9<\/strong>.\u00a0<\/p>\n<p>Petit Atelier Design a le souhait de sensibiliser une client\u00e8le attentive \u00e0 tout cela. \u00a0<\/p>\n<p>Retrouvez Petit Atelier Design sur le site internet\u00a0<a href=\"https:\/\/www.petitatelierdesign.com\/\">https:\/\/www.petitatelierdesign.com\/<\/a>\u00a0ou sur le compte Instagram.\u00a0<\/p>\n<p>Merci \u00e0 Claire pour ce partage et pour sa confiance.\u00a0<\/p>\t\t\t\t\t\t\t\t<\/div>\n\t\t\t\t<\/div>\n\t\t\t\t\t<\/div>\n\t\t<\/div>\n\t\t\t\t\t<\/div>\n\t\t<\/section>\n\t\t\t\t<\/div>","protected":false},"excerpt":{"rendered":"<p><\/p>","protected":false},"author":1,"featured_media":2414,"comment_status":"closed","ping_status":"open","sticky":false,"template":"","format":"standard","meta":{"_monsterinsights_skip_tracking":false,"_monsterinsights_sitenote_active":false,"_monsterinsights_sitenote_note":"","_monsterinsights_sitenote_category":0,"footnotes":""},"categories":[244],"tags":[],"class_list":["post-2410","post","type-post","status-publish","format-standard","has-post-thumbnail","hentry","category-interviews"],"yoast_head":"<!-- This site is optimized with the Yoast SEO plugin v27.4 - https:\/\/yoast.com\/product\/yoast-seo-wordpress\/ -->\n<title>Interview de Petit Atelier Design, la marque cr\u00e9ative aux dessins originaux, uniques et color\u00e9s - UpTextile<\/title>\n<meta name=\"description\" content=\"Petit Atelier Design est une marque fran\u00e7aise d\u2019objets textiles, usuels et papeterie, cr\u00e9\u00e9e et imagin\u00e9e par Claire Priou.\" \/>\n<meta name=\"robots\" content=\"index, follow, max-snippet:-1, max-image-preview:large, max-video-preview:-1\" \/>\n<link rel=\"canonical\" href=\"https:\/\/www.uptextile.fr\/en\/interview-de-petit-atelier-design\/\" \/>\n<meta property=\"og:locale\" content=\"en_GB\" \/>\n<meta property=\"og:type\" content=\"article\" \/>\n<meta property=\"og:title\" content=\"Interview de Petit Atelier Design, la marque cr\u00e9ative aux dessins originaux, uniques et color\u00e9s - UpTextile\" \/>\n<meta property=\"og:description\" content=\"Petit Atelier Design est une marque fran\u00e7aise d\u2019objets textiles, usuels et papeterie, cr\u00e9\u00e9e et imagin\u00e9e par Claire Priou.\" \/>\n<meta property=\"og:url\" content=\"https:\/\/www.uptextile.fr\/en\/interview-de-petit-atelier-design\/\" \/>\n<meta property=\"og:site_name\" content=\"UpTextile\" \/>\n<meta property=\"article:published_time\" content=\"2022-10-13T09:27:09+00:00\" \/>\n<meta property=\"article:modified_time\" content=\"2024-09-30T12:44:09+00:00\" \/>\n<meta property=\"og:image\" content=\"https:\/\/www.uptextile.fr\/wp-content\/uploads\/2022\/10\/NAPPE-UNIE-EMERAUDE-PHOTO-1.jpeg\" \/>\n\t<meta property=\"og:image:width\" content=\"241\" \/>\n\t<meta property=\"og:image:height\" content=\"241\" \/>\n\t<meta property=\"og:image:type\" content=\"image\/jpeg\" \/>\n<meta name=\"author\" content=\"admin\" \/>\n<meta name=\"twitter:card\" content=\"summary_large_image\" \/>\n<meta name=\"twitter:label1\" content=\"Written by\" \/>\n\t<meta name=\"twitter:data1\" content=\"admin\" \/>\n\t<meta name=\"twitter:label2\" content=\"Estimated reading time\" \/>\n\t<meta name=\"twitter:data2\" content=\"6 minutes\" \/>\n<script type=\"application\/ld+json\" class=\"yoast-schema-graph\">{\"@context\":\"https:\\\/\\\/schema.org\",\"@graph\":[{\"@type\":\"Article\",\"@id\":\"https:\\\/\\\/www.uptextile.fr\\\/interview-de-petit-atelier-design\\\/#article\",\"isPartOf\":{\"@id\":\"https:\\\/\\\/www.uptextile.fr\\\/interview-de-petit-atelier-design\\\/\"},\"author\":{\"name\":\"admin\",\"@id\":\"https:\\\/\\\/www.uptextile.fr\\\/#\\\/schema\\\/person\\\/ddd7afbcab186b7fb4ccfcc324dc6ade\"},\"headline\":\"Interview de Petit Atelier Design, la marque cr\u00e9ative aux dessins originaux, uniques et color\u00e9s\",\"datePublished\":\"2022-10-13T09:27:09+00:00\",\"dateModified\":\"2024-09-30T12:44:09+00:00\",\"mainEntityOfPage\":{\"@id\":\"https:\\\/\\\/www.uptextile.fr\\\/interview-de-petit-atelier-design\\\/\"},\"wordCount\":904,\"image\":{\"@id\":\"https:\\\/\\\/www.uptextile.fr\\\/interview-de-petit-atelier-design\\\/#primaryimage\"},\"thumbnailUrl\":\"https:\\\/\\\/www.uptextile.fr\\\/wp-content\\\/uploads\\\/2022\\\/10\\\/NAPPE-UNIE-EMERAUDE-PHOTO-1.jpeg\",\"articleSection\":[\"Interviews\"],\"inLanguage\":\"en-GB\"},{\"@type\":\"WebPage\",\"@id\":\"https:\\\/\\\/www.uptextile.fr\\\/interview-de-petit-atelier-design\\\/\",\"url\":\"https:\\\/\\\/www.uptextile.fr\\\/interview-de-petit-atelier-design\\\/\",\"name\":\"Interview de Petit Atelier Design, la marque cr\u00e9ative aux dessins originaux, uniques et color\u00e9s - UpTextile\",\"isPartOf\":{\"@id\":\"https:\\\/\\\/www.uptextile.fr\\\/#website\"},\"primaryImageOfPage\":{\"@id\":\"https:\\\/\\\/www.uptextile.fr\\\/interview-de-petit-atelier-design\\\/#primaryimage\"},\"image\":{\"@id\":\"https:\\\/\\\/www.uptextile.fr\\\/interview-de-petit-atelier-design\\\/#primaryimage\"},\"thumbnailUrl\":\"https:\\\/\\\/www.uptextile.fr\\\/wp-content\\\/uploads\\\/2022\\\/10\\\/NAPPE-UNIE-EMERAUDE-PHOTO-1.jpeg\",\"datePublished\":\"2022-10-13T09:27:09+00:00\",\"dateModified\":\"2024-09-30T12:44:09+00:00\",\"author\":{\"@id\":\"https:\\\/\\\/www.uptextile.fr\\\/#\\\/schema\\\/person\\\/ddd7afbcab186b7fb4ccfcc324dc6ade\"},\"description\":\"Petit Atelier Design est une marque fran\u00e7aise d\u2019objets textiles, usuels et papeterie, cr\u00e9\u00e9e et imagin\u00e9e par Claire Priou.\",\"breadcrumb\":{\"@id\":\"https:\\\/\\\/www.uptextile.fr\\\/interview-de-petit-atelier-design\\\/#breadcrumb\"},\"inLanguage\":\"en-GB\",\"potentialAction\":[{\"@type\":\"ReadAction\",\"target\":[\"https:\\\/\\\/www.uptextile.fr\\\/interview-de-petit-atelier-design\\\/\"]}]},{\"@type\":\"ImageObject\",\"inLanguage\":\"en-GB\",\"@id\":\"https:\\\/\\\/www.uptextile.fr\\\/interview-de-petit-atelier-design\\\/#primaryimage\",\"url\":\"https:\\\/\\\/www.uptextile.fr\\\/wp-content\\\/uploads\\\/2022\\\/10\\\/NAPPE-UNIE-EMERAUDE-PHOTO-1.jpeg\",\"contentUrl\":\"https:\\\/\\\/www.uptextile.fr\\\/wp-content\\\/uploads\\\/2022\\\/10\\\/NAPPE-UNIE-EMERAUDE-PHOTO-1.jpeg\",\"width\":241,\"height\":241,\"caption\":\"Petit atelier design\"},{\"@type\":\"BreadcrumbList\",\"@id\":\"https:\\\/\\\/www.uptextile.fr\\\/interview-de-petit-atelier-design\\\/#breadcrumb\",\"itemListElement\":[{\"@type\":\"ListItem\",\"position\":1,\"name\":\"Accueil\",\"item\":\"https:\\\/\\\/www.uptextile.fr\\\/\"},{\"@type\":\"ListItem\",\"position\":2,\"name\":\"Interview de Petit Atelier Design, la marque cr\u00e9ative aux dessins originaux, uniques et color\u00e9s\"}]},{\"@type\":\"WebSite\",\"@id\":\"https:\\\/\\\/www.uptextile.fr\\\/#website\",\"url\":\"https:\\\/\\\/www.uptextile.fr\\\/\",\"name\":\"UpTextile\",\"description\":\"L&#039;impression num\u00e9rique \u00e0 votre service\",\"potentialAction\":[{\"@type\":\"SearchAction\",\"target\":{\"@type\":\"EntryPoint\",\"urlTemplate\":\"https:\\\/\\\/www.uptextile.fr\\\/?s={search_term_string}\"},\"query-input\":{\"@type\":\"PropertyValueSpecification\",\"valueRequired\":true,\"valueName\":\"search_term_string\"}}],\"inLanguage\":\"en-GB\"},{\"@type\":\"Person\",\"@id\":\"https:\\\/\\\/www.uptextile.fr\\\/#\\\/schema\\\/person\\\/ddd7afbcab186b7fb4ccfcc324dc6ade\",\"name\":\"admin\",\"image\":{\"@type\":\"ImageObject\",\"inLanguage\":\"en-GB\",\"@id\":\"https:\\\/\\\/secure.gravatar.com\\\/avatar\\\/6670ee2da31d04324ab60d2c276c81c91f6f128389d0cd7f2efb1030b28554de?s=96&d=mm&r=g\",\"url\":\"https:\\\/\\\/secure.gravatar.com\\\/avatar\\\/6670ee2da31d04324ab60d2c276c81c91f6f128389d0cd7f2efb1030b28554de?s=96&d=mm&r=g\",\"contentUrl\":\"https:\\\/\\\/secure.gravatar.com\\\/avatar\\\/6670ee2da31d04324ab60d2c276c81c91f6f128389d0cd7f2efb1030b28554de?s=96&d=mm&r=g\",\"caption\":\"admin\"},\"url\":\"https:\\\/\\\/www.uptextile.fr\\\/en\\\/author\\\/admin\\\/\"}]}<\/script>\n<!-- \/ Yoast SEO plugin. -->","yoast_head_json":{"title":"Interview de Petit Atelier Design, la marque cr\u00e9ative aux dessins originaux, uniques et color\u00e9s - UpTextile","description":"Petit Atelier Design est une marque fran\u00e7aise d\u2019objets textiles, usuels et papeterie, cr\u00e9\u00e9e et imagin\u00e9e par Claire Priou.","robots":{"index":"index","follow":"follow","max-snippet":"max-snippet:-1","max-image-preview":"max-image-preview:large","max-video-preview":"max-video-preview:-1"},"canonical":"https:\/\/www.uptextile.fr\/en\/interview-de-petit-atelier-design\/","og_locale":"en_GB","og_type":"article","og_title":"Interview de Petit Atelier Design, la marque cr\u00e9ative aux dessins originaux, uniques et color\u00e9s - UpTextile","og_description":"Petit Atelier Design est une marque fran\u00e7aise d\u2019objets textiles, usuels et papeterie, cr\u00e9\u00e9e et imagin\u00e9e par Claire Priou.","og_url":"https:\/\/www.uptextile.fr\/en\/interview-de-petit-atelier-design\/","og_site_name":"UpTextile","article_published_time":"2022-10-13T09:27:09+00:00","article_modified_time":"2024-09-30T12:44:09+00:00","og_image":[{"width":241,"height":241,"url":"https:\/\/www.uptextile.fr\/wp-content\/uploads\/2022\/10\/NAPPE-UNIE-EMERAUDE-PHOTO-1.jpeg","type":"image\/jpeg"}],"author":"admin","twitter_card":"summary_large_image","twitter_misc":{"Written by":"admin","Estimated reading time":"6 minutes"},"schema":{"@context":"https:\/\/schema.org","@graph":[{"@type":"Article","@id":"https:\/\/www.uptextile.fr\/interview-de-petit-atelier-design\/#article","isPartOf":{"@id":"https:\/\/www.uptextile.fr\/interview-de-petit-atelier-design\/"},"author":{"name":"admin","@id":"https:\/\/www.uptextile.fr\/#\/schema\/person\/ddd7afbcab186b7fb4ccfcc324dc6ade"},"headline":"Interview de Petit Atelier Design, la marque cr\u00e9ative aux dessins originaux, uniques et color\u00e9s","datePublished":"2022-10-13T09:27:09+00:00","dateModified":"2024-09-30T12:44:09+00:00","mainEntityOfPage":{"@id":"https:\/\/www.uptextile.fr\/interview-de-petit-atelier-design\/"},"wordCount":904,"image":{"@id":"https:\/\/www.uptextile.fr\/interview-de-petit-atelier-design\/#primaryimage"},"thumbnailUrl":"https:\/\/www.uptextile.fr\/wp-content\/uploads\/2022\/10\/NAPPE-UNIE-EMERAUDE-PHOTO-1.jpeg","articleSection":["Interviews"],"inLanguage":"en-GB"},{"@type":"WebPage","@id":"https:\/\/www.uptextile.fr\/interview-de-petit-atelier-design\/","url":"https:\/\/www.uptextile.fr\/interview-de-petit-atelier-design\/","name":"Interview de Petit Atelier Design, la marque cr\u00e9ative aux dessins originaux, uniques et color\u00e9s - UpTextile","isPartOf":{"@id":"https:\/\/www.uptextile.fr\/#website"},"primaryImageOfPage":{"@id":"https:\/\/www.uptextile.fr\/interview-de-petit-atelier-design\/#primaryimage"},"image":{"@id":"https:\/\/www.uptextile.fr\/interview-de-petit-atelier-design\/#primaryimage"},"thumbnailUrl":"https:\/\/www.uptextile.fr\/wp-content\/uploads\/2022\/10\/NAPPE-UNIE-EMERAUDE-PHOTO-1.jpeg","datePublished":"2022-10-13T09:27:09+00:00","dateModified":"2024-09-30T12:44:09+00:00","author":{"@id":"https:\/\/www.uptextile.fr\/#\/schema\/person\/ddd7afbcab186b7fb4ccfcc324dc6ade"},"description":"Petit Atelier Design est une marque fran\u00e7aise d\u2019objets textiles, usuels et papeterie, cr\u00e9\u00e9e et imagin\u00e9e par Claire Priou.","breadcrumb":{"@id":"https:\/\/www.uptextile.fr\/interview-de-petit-atelier-design\/#breadcrumb"},"inLanguage":"en-GB","potentialAction":[{"@type":"ReadAction","target":["https:\/\/www.uptextile.fr\/interview-de-petit-atelier-design\/"]}]},{"@type":"ImageObject","inLanguage":"en-GB","@id":"https:\/\/www.uptextile.fr\/interview-de-petit-atelier-design\/#primaryimage","url":"https:\/\/www.uptextile.fr\/wp-content\/uploads\/2022\/10\/NAPPE-UNIE-EMERAUDE-PHOTO-1.jpeg","contentUrl":"https:\/\/www.uptextile.fr\/wp-content\/uploads\/2022\/10\/NAPPE-UNIE-EMERAUDE-PHOTO-1.jpeg","width":241,"height":241,"caption":"Petit atelier design"},{"@type":"BreadcrumbList","@id":"https:\/\/www.uptextile.fr\/interview-de-petit-atelier-design\/#breadcrumb","itemListElement":[{"@type":"ListItem","position":1,"name":"Accueil","item":"https:\/\/www.uptextile.fr\/"},{"@type":"ListItem","position":2,"name":"Interview de Petit Atelier Design, la marque cr\u00e9ative aux dessins originaux, uniques et color\u00e9s"}]},{"@type":"WebSite","@id":"https:\/\/www.uptextile.fr\/#website","url":"https:\/\/www.uptextile.fr\/","name":"UpTextile","description":"L&#039;impression num\u00e9rique \u00e0 votre service","potentialAction":[{"@type":"SearchAction","target":{"@type":"EntryPoint","urlTemplate":"https:\/\/www.uptextile.fr\/?s={search_term_string}"},"query-input":{"@type":"PropertyValueSpecification","valueRequired":true,"valueName":"search_term_string"}}],"inLanguage":"en-GB"},{"@type":"Person","@id":"https:\/\/www.uptextile.fr\/#\/schema\/person\/ddd7afbcab186b7fb4ccfcc324dc6ade","name":"admin","image":{"@type":"ImageObject","inLanguage":"en-GB","@id":"https:\/\/secure.gravatar.com\/avatar\/6670ee2da31d04324ab60d2c276c81c91f6f128389d0cd7f2efb1030b28554de?s=96&d=mm&r=g","url":"https:\/\/secure.gravatar.com\/avatar\/6670ee2da31d04324ab60d2c276c81c91f6f128389d0cd7f2efb1030b28554de?s=96&d=mm&r=g","contentUrl":"https:\/\/secure.gravatar.com\/avatar\/6670ee2da31d04324ab60d2c276c81c91f6f128389d0cd7f2efb1030b28554de?s=96&d=mm&r=g","caption":"admin"},"url":"https:\/\/www.uptextile.fr\/en\/author\/admin\/"}]}},"_links":{"self":[{"href":"https:\/\/www.uptextile.fr\/en\/wp-json\/wp\/v2\/posts\/2410","targetHints":{"allow":["GET"]}}],"collection":[{"href":"https:\/\/www.uptextile.fr\/en\/wp-json\/wp\/v2\/posts"}],"about":[{"href":"https:\/\/www.uptextile.fr\/en\/wp-json\/wp\/v2\/types\/post"}],"author":[{"embeddable":true,"href":"https:\/\/www.uptextile.fr\/en\/wp-json\/wp\/v2\/users\/1"}],"replies":[{"embeddable":true,"href":"https:\/\/www.uptextile.fr\/en\/wp-json\/wp\/v2\/comments?post=2410"}],"version-history":[{"count":12,"href":"https:\/\/www.uptextile.fr\/en\/wp-json\/wp\/v2\/posts\/2410\/revisions"}],"predecessor-version":[{"id":3694,"href":"https:\/\/www.uptextile.fr\/en\/wp-json\/wp\/v2\/posts\/2410\/revisions\/3694"}],"wp:featuredmedia":[{"embeddable":true,"href":"https:\/\/www.uptextile.fr\/en\/wp-json\/wp\/v2\/media\/2414"}],"wp:attachment":[{"href":"https:\/\/www.uptextile.fr\/en\/wp-json\/wp\/v2\/media?parent=2410"}],"wp:term":[{"taxonomy":"category","embeddable":true,"href":"https:\/\/www.uptextile.fr\/en\/wp-json\/wp\/v2\/categories?post=2410"},{"taxonomy":"post_tag","embeddable":true,"href":"https:\/\/www.uptextile.fr\/en\/wp-json\/wp\/v2\/tags?post=2410"}],"curies":[{"name":"wp","href":"https:\/\/api.w.org\/{rel}","templated":true}]}}