{"id":2673,"date":"2023-01-13T15:30:10","date_gmt":"2023-01-13T14:30:10","guid":{"rendered":"https:\/\/www.uptextile.fr\/?p=2673"},"modified":"2024-09-30T14:26:58","modified_gmt":"2024-09-30T12:26:58","slug":"interview-de-bomoki-une-marque-responsable-pour-un-interieur-qui-a-du-sens","status":"publish","type":"post","link":"https:\/\/www.uptextile.fr\/en\/interview-de-bomoki-une-marque-responsable-pour-un-interieur-qui-a-du-sens\/","title":{"rendered":"Interview de Bomoki, une marque responsable, pour un int\u00e9rieur qui a du sens"},"content":{"rendered":"<div data-elementor-type=\"wp-post\" data-elementor-id=\"2673\" class=\"elementor elementor-2673\" data-elementor-post-type=\"post\">\n\t\t\t\t\t\t<section class=\"elementor-section elementor-top-section elementor-element elementor-element-6204785 elementor-section-boxed elementor-section-height-default elementor-section-height-default\" data-id=\"6204785\" data-element_type=\"section\" data-e-type=\"section\">\n\t\t\t\t\t\t<div class=\"elementor-container elementor-column-gap-default\">\n\t\t\t\t\t<div class=\"elementor-column elementor-col-100 elementor-top-column elementor-element elementor-element-335ce89\" data-id=\"335ce89\" data-element_type=\"column\" data-e-type=\"column\">\n\t\t\t<div class=\"elementor-widget-wrap elementor-element-populated\">\n\t\t\t\t\t\t<div class=\"elementor-element elementor-element-8731012 elementor-widget elementor-widget-spacer\" data-id=\"8731012\" data-element_type=\"widget\" data-e-type=\"widget\" data-widget_type=\"spacer.default\">\n\t\t\t\t<div class=\"elementor-widget-container\">\n\t\t\t\t\t\t\t<div class=\"elementor-spacer\">\n\t\t\t<div class=\"elementor-spacer-inner\"><\/div>\n\t\t<\/div>\n\t\t\t\t\t\t<\/div>\n\t\t\t\t<\/div>\n\t\t\t\t<div class=\"elementor-element elementor-element-a539f5e elementor-widget elementor-widget-heading\" data-id=\"a539f5e\" data-element_type=\"widget\" data-e-type=\"widget\" data-widget_type=\"heading.default\">\n\t\t\t\t<div class=\"elementor-widget-container\">\n\t\t\t\t\t<h2 class=\"elementor-heading-title elementor-size-default\"><span style=\"color:white\"> interview <br> de <\/span> Bomoki\n<\/h2>\t\t\t\t<\/div>\n\t\t\t\t<\/div>\n\t\t\t\t<div class=\"elementor-element elementor-element-690fcb6 elementor-widget elementor-widget-spacer\" data-id=\"690fcb6\" data-element_type=\"widget\" data-e-type=\"widget\" data-widget_type=\"spacer.default\">\n\t\t\t\t<div class=\"elementor-widget-container\">\n\t\t\t\t\t\t\t<div class=\"elementor-spacer\">\n\t\t\t<div class=\"elementor-spacer-inner\"><\/div>\n\t\t<\/div>\n\t\t\t\t\t\t<\/div>\n\t\t\t\t<\/div>\n\t\t\t\t\t<\/div>\n\t\t<\/div>\n\t\t\t\t\t<\/div>\n\t\t<\/section>\n\t\t\t\t<section class=\"elementor-section elementor-top-section elementor-element elementor-element-4055702 elementor-section-boxed elementor-section-height-default elementor-section-height-default\" data-id=\"4055702\" data-element_type=\"section\" data-e-type=\"section\">\n\t\t\t\t\t\t<div class=\"elementor-container elementor-column-gap-default\">\n\t\t\t\t\t<div class=\"elementor-column elementor-col-50 elementor-top-column elementor-element elementor-element-3d25821\" data-id=\"3d25821\" data-element_type=\"column\" data-e-type=\"column\">\n\t\t\t<div class=\"elementor-widget-wrap elementor-element-populated\">\n\t\t\t\t\t\t<div class=\"elementor-element elementor-element-8f7d5d2 elementor-widget elementor-widget-image\" data-id=\"8f7d5d2\" data-element_type=\"widget\" data-e-type=\"widget\" data-widget_type=\"image.default\">\n\t\t\t\t<div class=\"elementor-widget-container\">\n\t\t\t\t\t\t\t\t\t\t\t\t\t\t\t<img fetchpriority=\"high\" decoding=\"async\" width=\"768\" height=\"1024\" src=\"https:\/\/www.uptextile.fr\/wp-content\/uploads\/2023\/01\/6b5398f6-4936-410c-8566-8a12d11e04f2-768x1024.jpg\" class=\"attachment-large size-large wp-image-2681\" alt=\"Restaurant\" srcset=\"https:\/\/www.uptextile.fr\/wp-content\/uploads\/2023\/01\/6b5398f6-4936-410c-8566-8a12d11e04f2-768x1024.jpg 768w, https:\/\/www.uptextile.fr\/wp-content\/uploads\/2023\/01\/6b5398f6-4936-410c-8566-8a12d11e04f2-225x300.jpg 225w, https:\/\/www.uptextile.fr\/wp-content\/uploads\/2023\/01\/6b5398f6-4936-410c-8566-8a12d11e04f2-1152x1536.jpg 1152w, https:\/\/www.uptextile.fr\/wp-content\/uploads\/2023\/01\/6b5398f6-4936-410c-8566-8a12d11e04f2-9x12.jpg 9w, https:\/\/www.uptextile.fr\/wp-content\/uploads\/2023\/01\/6b5398f6-4936-410c-8566-8a12d11e04f2-600x800.jpg 600w, https:\/\/www.uptextile.fr\/wp-content\/uploads\/2023\/01\/6b5398f6-4936-410c-8566-8a12d11e04f2.jpg 1500w\" sizes=\"(max-width: 768px) 100vw, 768px\" \/>\t\t\t\t\t\t\t\t\t\t\t\t\t\t\t<\/div>\n\t\t\t\t<\/div>\n\t\t\t\t\t<\/div>\n\t\t<\/div>\n\t\t\t\t<div class=\"elementor-column elementor-col-50 elementor-top-column elementor-element elementor-element-8404247\" data-id=\"8404247\" data-element_type=\"column\" data-e-type=\"column\">\n\t\t\t<div class=\"elementor-widget-wrap elementor-element-populated\">\n\t\t\t\t\t\t<div class=\"elementor-element elementor-element-1b58620 elementor-widget elementor-widget-heading\" data-id=\"1b58620\" data-element_type=\"widget\" data-e-type=\"widget\" data-widget_type=\"heading.default\">\n\t\t\t\t<div class=\"elementor-widget-container\">\n\t\t\t\t\t<h1 class=\"elementor-heading-title elementor-size-default\">Bomoki, marque responsable, pour un int\u00e9rieur qui a du sens\n<\/h1>\t\t\t\t<\/div>\n\t\t\t\t<\/div>\n\t\t\t\t<div class=\"elementor-element elementor-element-ee56382 elementor-widget elementor-widget-text-editor\" data-id=\"ee56382\" data-element_type=\"widget\" data-e-type=\"widget\" data-widget_type=\"text-editor.default\">\n\t\t\t\t<div class=\"elementor-widget-container\">\n\t\t\t\t\t\t\t\t\t<p class=\"p1\">Bomoki est une marque imagin\u00e9e par une <strong>architecte d\u2019int\u00e9rieur<\/strong>. Nich\u00e9e au c\u0153ur de la for\u00eat de <strong>Fontainebleau<\/strong>, la cr\u00e9atrice s\u2019inspire de la <strong>faune<\/strong> et la <strong>flore<\/strong> de la <strong>for\u00eat<\/strong> qui l\u2019entoure pour ses <strong>collections<\/strong>.<\/p><p class=\"p1\">Nous avons eu l\u2019honneur d\u2019interviewer <strong>Laurianne Roda<\/strong>, fondatrice et directrice artistique de la marque Bomoki :<\/p>\t\t\t\t\t\t\t\t<\/div>\n\t\t\t\t<\/div>\n\t\t\t\t\t<\/div>\n\t\t<\/div>\n\t\t\t\t\t<\/div>\n\t\t<\/section>\n\t\t\t\t<section class=\"elementor-section elementor-top-section elementor-element elementor-element-8b01205 elementor-section-boxed elementor-section-height-default elementor-section-height-default\" data-id=\"8b01205\" data-element_type=\"section\" data-e-type=\"section\">\n\t\t\t\t\t\t<div class=\"elementor-container elementor-column-gap-default\">\n\t\t\t\t\t<div class=\"elementor-column elementor-col-100 elementor-top-column elementor-element elementor-element-0dc5bc1\" data-id=\"0dc5bc1\" data-element_type=\"column\" data-e-type=\"column\">\n\t\t\t<div class=\"elementor-widget-wrap elementor-element-populated\">\n\t\t\t\t\t\t<div class=\"elementor-element elementor-element-dcb85e9 elementor-widget elementor-widget-spacer\" data-id=\"dcb85e9\" data-element_type=\"widget\" data-e-type=\"widget\" data-widget_type=\"spacer.default\">\n\t\t\t\t<div class=\"elementor-widget-container\">\n\t\t\t\t\t\t\t<div class=\"elementor-spacer\">\n\t\t\t<div class=\"elementor-spacer-inner\"><\/div>\n\t\t<\/div>\n\t\t\t\t\t\t<\/div>\n\t\t\t\t<\/div>\n\t\t\t\t<div class=\"elementor-element elementor-element-614a19b elementor-widget elementor-widget-heading\" data-id=\"614a19b\" data-element_type=\"widget\" data-e-type=\"widget\" data-widget_type=\"heading.default\">\n\t\t\t\t<div class=\"elementor-widget-container\">\n\t\t\t\t\t<h2 class=\"elementor-heading-title elementor-size-default\">Bonjour, pouvez-vous nous pr\u00e9senter votre parcours ? \n<\/h2>\t\t\t\t<\/div>\n\t\t\t\t<\/div>\n\t\t\t\t<div class=\"elementor-element elementor-element-cec7866 elementor-widget elementor-widget-text-editor\" data-id=\"cec7866\" data-element_type=\"widget\" data-e-type=\"widget\" data-widget_type=\"text-editor.default\">\n\t\t\t\t<div class=\"elementor-widget-container\">\n\t\t\t\t\t\t\t\t\t<p class=\"p1\">\u00ab\u00a0C\u2019est une entreprise n\u00e9e en 2016 qui fait partie int\u00e9grante d\u2019un projet de vie globale. J\u2019ai v\u00e9cu et travaill\u00e9 \u00e0 Paris pendant de nombreuses ann\u00e9es et j\u2019avais envie d\u2019un <strong>retour \u00e0 la nature<\/strong>, d\u2019un <strong>terrain fertile<\/strong> pour <strong>d\u00e9velopper une marque<\/strong> et la <strong>cr\u00e9ation<\/strong> en g\u00e9n\u00e9ral. C\u2019est une activit\u00e9 que je d\u00e9veloppe en parall\u00e8le de mon activit\u00e9 d\u2019architecte d\u2019int\u00e9rieur. Ce qui est bien, c\u2019est que cela est compl\u00e9mentaire.<\/p>\t\t\t\t\t\t\t\t<\/div>\n\t\t\t\t<\/div>\n\t\t\t\t\t<\/div>\n\t\t<\/div>\n\t\t\t\t\t<\/div>\n\t\t<\/section>\n\t\t\t\t<section class=\"elementor-section elementor-top-section elementor-element elementor-element-fbf057b elementor-section-boxed elementor-section-height-default elementor-section-height-default\" data-id=\"fbf057b\" data-element_type=\"section\" data-e-type=\"section\">\n\t\t\t\t\t\t<div class=\"elementor-container elementor-column-gap-default\">\n\t\t\t\t\t<div class=\"elementor-column elementor-col-100 elementor-top-column elementor-element elementor-element-0707442\" data-id=\"0707442\" data-element_type=\"column\" data-e-type=\"column\">\n\t\t\t<div class=\"elementor-widget-wrap elementor-element-populated\">\n\t\t\t\t\t\t<div class=\"elementor-element elementor-element-1cdaa7c elementor-widget elementor-widget-spacer\" data-id=\"1cdaa7c\" data-element_type=\"widget\" data-e-type=\"widget\" data-widget_type=\"spacer.default\">\n\t\t\t\t<div class=\"elementor-widget-container\">\n\t\t\t\t\t\t\t<div class=\"elementor-spacer\">\n\t\t\t<div class=\"elementor-spacer-inner\"><\/div>\n\t\t<\/div>\n\t\t\t\t\t\t<\/div>\n\t\t\t\t<\/div>\n\t\t\t\t<div class=\"elementor-element elementor-element-9a684f0 elementor-widget elementor-widget-heading\" data-id=\"9a684f0\" data-element_type=\"widget\" data-e-type=\"widget\" data-widget_type=\"heading.default\">\n\t\t\t\t<div class=\"elementor-widget-container\">\n\t\t\t\t\t<h2 class=\"elementor-heading-title elementor-size-default\">Quels produits proposez-vous ?\n<\/h2>\t\t\t\t<\/div>\n\t\t\t\t<\/div>\n\t\t\t\t<div class=\"elementor-element elementor-element-a3ede64 elementor-widget elementor-widget-text-editor\" data-id=\"a3ede64\" data-element_type=\"widget\" data-e-type=\"widget\" data-widget_type=\"text-editor.default\">\n\t\t\t\t<div class=\"elementor-widget-container\">\n\t\t\t\t\t\t\t\t\t<p class=\"p1\">La marque Bomoki s\u2019est d\u00e9velopp\u00e9e sur <strong>diff\u00e9rents formats<\/strong>, tout d\u2019abord sur du <strong>papier peint<\/strong> et deux ans plus tard, j\u2019ai eu l\u2019envie d\u2019\u00e9largir la gamme en proposant des <strong>impressions sur du textile<\/strong> comme des coussins, sacs, gigoteuses, couvertures, tours de lit ou encore du tissu \u00e0 la coupe.<\/p><p class=\"p1\">La marque Bomoki est en train de prendre un tournant pour se sp\u00e9cialiser dans les commandes sp\u00e9cifiques en papier peint et m\u00eame en textile pour r\u00e9pondre \u00e0 des demandes de chambres d\u2019h\u00f4te, h\u00f4tels, restaurants, \u2026 L\u2019id\u00e9e est de <strong>cr\u00e9er un motif<\/strong> qui puisse \u00eatre d\u00e9clin\u00e9 en papier peint et tissu (coussin, rideau, nappe, \u2026). Bomoki \u00e9tait d\u2019abord une collection fixe destin\u00e9e aux enfants mais tr\u00e8s vite, je me suis aper\u00e7ue que le monde de l\u2019enfant est un monde o\u00f9 il y a une offre pl\u00e9thorique et qui \u00e9volue tr\u00e8s vite donc cela est dur pour une petite marque d\u2019\u00e9merger. Avec mon autre activit\u00e9, je n\u2019ai pas la capacit\u00e9 de d\u00e9velopper deux collections par an. C\u2019est comme la mode, il faut sans cesse se r\u00e9inventer. Cela est passionnant mais demande des ressources que je ne peux donner. L\u2019objectif est de travailler sur des <strong>commandes sp\u00e9cifiques<\/strong> et d\u2019y r\u00e9pondre avec des nouveaux supports et de nouveaux types d\u2019impression. Chaque commande est un challenge et c\u2019est cela qui me pla\u00eet. Je pourrais donc proposer Bomoki sur diff\u00e9rents <strong>am\u00e9nagements d\u2019int\u00e9rieur<\/strong>.<\/p><p class=\"p1\">Je me d\u00e9tache de l\u2019univers enfantin et r\u00e9alise des <strong>commandes sur mesure<\/strong> pour cr\u00e9er des lieux de vie \u00e0 l\u2019\u00e9chelle mondiale.<\/p>\t\t\t\t\t\t\t\t<\/div>\n\t\t\t\t<\/div>\n\t\t\t\t\t<\/div>\n\t\t<\/div>\n\t\t\t\t\t<\/div>\n\t\t<\/section>\n\t\t\t\t<section class=\"elementor-section elementor-top-section elementor-element elementor-element-58ce245 elementor-section-boxed elementor-section-height-default elementor-section-height-default\" data-id=\"58ce245\" data-element_type=\"section\" data-e-type=\"section\">\n\t\t\t\t\t\t<div class=\"elementor-container elementor-column-gap-default\">\n\t\t\t\t\t<div class=\"elementor-column elementor-col-33 elementor-top-column elementor-element elementor-element-0e83c0a\" data-id=\"0e83c0a\" data-element_type=\"column\" data-e-type=\"column\">\n\t\t\t<div class=\"elementor-widget-wrap elementor-element-populated\">\n\t\t\t\t\t\t<div class=\"elementor-element elementor-element-450c862 elementor-hidden-mobile e-transform e-transform elementor-widget elementor-widget-image\" data-id=\"450c862\" data-element_type=\"widget\" data-e-type=\"widget\" data-settings=\"{&quot;_transform_translateX_effect&quot;:{&quot;unit&quot;:&quot;%&quot;,&quot;size&quot;:70,&quot;sizes&quot;:[]},&quot;_transform_translateX_effect_tablet&quot;:{&quot;unit&quot;:&quot;%&quot;,&quot;size&quot;:&quot;&quot;,&quot;sizes&quot;:[]},&quot;_transform_translateX_effect_mobile&quot;:{&quot;unit&quot;:&quot;%&quot;,&quot;size&quot;:&quot;&quot;,&quot;sizes&quot;:[]},&quot;_transform_rotateZ_effect&quot;:{&quot;unit&quot;:&quot;px&quot;,&quot;size&quot;:&quot;&quot;,&quot;sizes&quot;:[]},&quot;_transform_rotateZ_effect_tablet&quot;:{&quot;unit&quot;:&quot;deg&quot;,&quot;size&quot;:&quot;&quot;,&quot;sizes&quot;:[]},&quot;_transform_rotateZ_effect_mobile&quot;:{&quot;unit&quot;:&quot;deg&quot;,&quot;size&quot;:&quot;&quot;,&quot;sizes&quot;:[]},&quot;_transform_translateY_effect&quot;:{&quot;unit&quot;:&quot;px&quot;,&quot;size&quot;:&quot;&quot;,&quot;sizes&quot;:[]},&quot;_transform_translateY_effect_tablet&quot;:{&quot;unit&quot;:&quot;px&quot;,&quot;size&quot;:&quot;&quot;,&quot;sizes&quot;:[]},&quot;_transform_translateY_effect_mobile&quot;:{&quot;unit&quot;:&quot;px&quot;,&quot;size&quot;:&quot;&quot;,&quot;sizes&quot;:[]}}\" data-widget_type=\"image.default\">\n\t\t\t\t<div class=\"elementor-widget-container\">\n\t\t\t\t\t\t\t\t\t\t\t\t\t\t\t<img decoding=\"async\" width=\"127\" height=\"262\" src=\"https:\/\/www.uptextile.fr\/wp-content\/uploads\/2022\/02\/Fichier-3UP.png\" class=\"attachment-large size-large wp-image-1163\" alt=\"UP\" srcset=\"https:\/\/www.uptextile.fr\/wp-content\/uploads\/2022\/02\/Fichier-3UP.png 127w, https:\/\/www.uptextile.fr\/wp-content\/uploads\/2022\/02\/Fichier-3UP-6x12.png 6w\" sizes=\"(max-width: 127px) 100vw, 127px\" \/>\t\t\t\t\t\t\t\t\t\t\t\t\t\t\t<\/div>\n\t\t\t\t<\/div>\n\t\t\t\t\t<\/div>\n\t\t<\/div>\n\t\t\t\t<div class=\"elementor-column elementor-col-33 elementor-top-column elementor-element elementor-element-0c6cfa8\" data-id=\"0c6cfa8\" data-element_type=\"column\" data-e-type=\"column\">\n\t\t\t<div class=\"elementor-widget-wrap elementor-element-populated\">\n\t\t\t\t\t\t<div class=\"elementor-element elementor-element-b5c551f elementor-widget elementor-widget-image\" data-id=\"b5c551f\" data-element_type=\"widget\" data-e-type=\"widget\" data-widget_type=\"image.default\">\n\t\t\t\t<div class=\"elementor-widget-container\">\n\t\t\t\t\t\t\t\t\t\t\t\t\t\t\t<img decoding=\"async\" src=\"https:\/\/www.uptextile.fr\/wp-content\/uploads\/2023\/01\/BOMOKI-6-scaled.jpg\" title=\"BOMOKI 6\" alt=\"D\u00e9coration int\u00e9rieure\" loading=\"lazy\" \/>\t\t\t\t\t\t\t\t\t\t\t\t\t\t\t<\/div>\n\t\t\t\t<\/div>\n\t\t\t\t\t<\/div>\n\t\t<\/div>\n\t\t\t\t<div class=\"elementor-column elementor-col-33 elementor-top-column elementor-element elementor-element-9f702e4\" data-id=\"9f702e4\" data-element_type=\"column\" data-e-type=\"column\">\n\t\t\t<div class=\"elementor-widget-wrap elementor-element-populated\">\n\t\t\t\t\t\t<div class=\"elementor-element elementor-element-88798d4 elementor-hidden-mobile e-transform elementor-widget elementor-widget-image\" data-id=\"88798d4\" data-element_type=\"widget\" data-e-type=\"widget\" data-settings=\"{&quot;_transform_translateY_effect&quot;:{&quot;unit&quot;:&quot;%&quot;,&quot;size&quot;:28,&quot;sizes&quot;:[]},&quot;_transform_translateY_effect_tablet&quot;:{&quot;unit&quot;:&quot;%&quot;,&quot;size&quot;:&quot;&quot;,&quot;sizes&quot;:[]},&quot;_transform_translateY_effect_mobile&quot;:{&quot;unit&quot;:&quot;%&quot;,&quot;size&quot;:&quot;&quot;,&quot;sizes&quot;:[]},&quot;_transform_translateX_effect&quot;:{&quot;unit&quot;:&quot;px&quot;,&quot;size&quot;:&quot;&quot;,&quot;sizes&quot;:[]},&quot;_transform_translateX_effect_tablet&quot;:{&quot;unit&quot;:&quot;px&quot;,&quot;size&quot;:&quot;&quot;,&quot;sizes&quot;:[]},&quot;_transform_translateX_effect_mobile&quot;:{&quot;unit&quot;:&quot;px&quot;,&quot;size&quot;:&quot;&quot;,&quot;sizes&quot;:[]}}\" data-widget_type=\"image.default\">\n\t\t\t\t<div class=\"elementor-widget-container\">\n\t\t\t\t\t\t\t\t\t\t\t\t\t\t\t<img decoding=\"async\" width=\"225\" height=\"300\" src=\"https:\/\/www.uptextile.fr\/wp-content\/uploads\/2023\/01\/IMG_5639-225x300.jpg\" class=\"attachment-medium size-medium wp-image-2683\" alt=\"Marque responsable\" srcset=\"https:\/\/www.uptextile.fr\/wp-content\/uploads\/2023\/01\/IMG_5639-225x300.jpg 225w, https:\/\/www.uptextile.fr\/wp-content\/uploads\/2023\/01\/IMG_5639-768x1024.jpg 768w, https:\/\/www.uptextile.fr\/wp-content\/uploads\/2023\/01\/IMG_5639-1152x1536.jpg 1152w, https:\/\/www.uptextile.fr\/wp-content\/uploads\/2023\/01\/IMG_5639-1536x2048.jpg 1536w, https:\/\/www.uptextile.fr\/wp-content\/uploads\/2023\/01\/IMG_5639-9x12.jpg 9w, https:\/\/www.uptextile.fr\/wp-content\/uploads\/2023\/01\/IMG_5639-600x800.jpg 600w, https:\/\/www.uptextile.fr\/wp-content\/uploads\/2023\/01\/IMG_5639-scaled.jpg 1920w\" sizes=\"(max-width: 225px) 100vw, 225px\" \/>\t\t\t\t\t\t\t\t\t\t\t\t\t\t\t<\/div>\n\t\t\t\t<\/div>\n\t\t\t\t<div class=\"elementor-element elementor-element-6f778cf elementor-align-center elementor-mobile-align-left elementor-widget elementor-widget-button\" data-id=\"6f778cf\" data-element_type=\"widget\" data-e-type=\"widget\" data-widget_type=\"button.default\">\n\t\t\t\t<div class=\"elementor-widget-container\">\n\t\t\t\t\t\t\t\t\t<div class=\"elementor-button-wrapper\">\n\t\t\t\t\t<a class=\"elementor-button elementor-button-link elementor-size-sm elementor-animation-grow\" href=\"https:\/\/bomoki.com\/\">\n\t\t\t\t\t\t<span class=\"elementor-button-content-wrapper\">\n\t\t\t\t\t\t\t\t\t<span class=\"elementor-button-text\">d\u00e9couvrir<\/span>\n\t\t\t\t\t<\/span>\n\t\t\t\t\t<\/a>\n\t\t\t\t<\/div>\n\t\t\t\t\t\t\t\t<\/div>\n\t\t\t\t<\/div>\n\t\t\t\t\t<\/div>\n\t\t<\/div>\n\t\t\t\t\t<\/div>\n\t\t<\/section>\n\t\t\t\t<section class=\"elementor-section elementor-top-section elementor-element elementor-element-7b03e43 elementor-section-boxed elementor-section-height-default elementor-section-height-default\" data-id=\"7b03e43\" data-element_type=\"section\" data-e-type=\"section\">\n\t\t\t\t\t\t<div class=\"elementor-container elementor-column-gap-default\">\n\t\t\t\t\t<div class=\"elementor-column elementor-col-100 elementor-top-column elementor-element elementor-element-23414b9\" data-id=\"23414b9\" data-element_type=\"column\" data-e-type=\"column\">\n\t\t\t<div class=\"elementor-widget-wrap elementor-element-populated\">\n\t\t\t\t\t\t<div class=\"elementor-element elementor-element-371fd41 elementor-widget elementor-widget-spacer\" data-id=\"371fd41\" data-element_type=\"widget\" data-e-type=\"widget\" data-widget_type=\"spacer.default\">\n\t\t\t\t<div class=\"elementor-widget-container\">\n\t\t\t\t\t\t\t<div class=\"elementor-spacer\">\n\t\t\t<div class=\"elementor-spacer-inner\"><\/div>\n\t\t<\/div>\n\t\t\t\t\t\t<\/div>\n\t\t\t\t<\/div>\n\t\t\t\t\t<\/div>\n\t\t<\/div>\n\t\t\t\t\t<\/div>\n\t\t<\/section>\n\t\t\t\t<section class=\"elementor-section elementor-top-section elementor-element elementor-element-33c5eed elementor-section-boxed elementor-section-height-default elementor-section-height-default\" data-id=\"33c5eed\" data-element_type=\"section\" data-e-type=\"section\">\n\t\t\t\t\t\t<div class=\"elementor-container elementor-column-gap-default\">\n\t\t\t\t\t<div class=\"elementor-column elementor-col-50 elementor-top-column elementor-element elementor-element-0aa7852\" data-id=\"0aa7852\" data-element_type=\"column\" data-e-type=\"column\">\n\t\t\t<div class=\"elementor-widget-wrap elementor-element-populated\">\n\t\t\t\t\t\t<div class=\"elementor-element elementor-element-9f38df4 elementor-widget elementor-widget-heading\" data-id=\"9f38df4\" data-element_type=\"widget\" data-e-type=\"widget\" data-widget_type=\"heading.default\">\n\t\t\t\t<div class=\"elementor-widget-container\">\n\t\t\t\t\t<h2 class=\"elementor-heading-title elementor-size-default\">Quel est l'ADN de la marque ?\n<\/h2>\t\t\t\t<\/div>\n\t\t\t\t<\/div>\n\t\t\t\t<div class=\"elementor-element elementor-element-a4d1ac1 elementor-widget elementor-widget-text-editor\" data-id=\"a4d1ac1\" data-element_type=\"widget\" data-e-type=\"widget\" data-widget_type=\"text-editor.default\">\n\t\t\t\t<div class=\"elementor-widget-container\">\n\t\t\t\t\t\t\t\t\t<p class=\"p1\">Au niveau de ma patte professionnelle, j\u2019ai une patte assez <strong>graphique<\/strong>. J\u2019ai une passion pour les <strong>trames<\/strong> et je joue avec les <strong>motifs<\/strong> en m\u2019inspirant de ce qui m\u2019entoure : la faune, la flore et la nature en g\u00e9n\u00e9ral.<\/p><p class=\"p1\">Parfois, dans le cadre de projets d\u2019<strong>architecture d\u2019int\u00e9rieur<\/strong>, je collabore \u00e9galement avec d\u2019autres professionnels, des amis illustrateurs et graphistes pour r\u00e9pondre au mieux \u00e0 la demande.<\/p><p class=\"p1\">Des clients vont venir nous voir pour notre <strong>savoir-faire<\/strong> au niveau de l\u2019impression.<\/p>\t\t\t\t\t\t\t\t<\/div>\n\t\t\t\t<\/div>\n\t\t\t\t\t<\/div>\n\t\t<\/div>\n\t\t\t\t<div class=\"elementor-column elementor-col-50 elementor-top-column elementor-element elementor-element-0efb57a\" data-id=\"0efb57a\" data-element_type=\"column\" data-e-type=\"column\">\n\t\t\t<div class=\"elementor-widget-wrap elementor-element-populated\">\n\t\t\t\t\t\t<div class=\"elementor-element elementor-element-0bef3a8 elementor-widget elementor-widget-image\" data-id=\"0bef3a8\" data-element_type=\"widget\" data-e-type=\"widget\" data-widget_type=\"image.default\">\n\t\t\t\t<div class=\"elementor-widget-container\">\n\t\t\t\t\t\t\t\t\t\t\t\t\t\t\t<img loading=\"lazy\" decoding=\"async\" width=\"800\" height=\"450\" src=\"https:\/\/www.uptextile.fr\/wp-content\/uploads\/2023\/01\/PXL_20230112_1336279072-1024x576.jpg\" class=\"attachment-large size-large wp-image-2684\" alt=\"Laurianne Roda\" srcset=\"https:\/\/www.uptextile.fr\/wp-content\/uploads\/2023\/01\/PXL_20230112_1336279072-1024x576.jpg 1024w, https:\/\/www.uptextile.fr\/wp-content\/uploads\/2023\/01\/PXL_20230112_1336279072-300x169.jpg 300w, https:\/\/www.uptextile.fr\/wp-content\/uploads\/2023\/01\/PXL_20230112_1336279072-768x432.jpg 768w, https:\/\/www.uptextile.fr\/wp-content\/uploads\/2023\/01\/PXL_20230112_1336279072-1536x864.jpg 1536w, https:\/\/www.uptextile.fr\/wp-content\/uploads\/2023\/01\/PXL_20230112_1336279072-2048x1152.jpg 2048w, https:\/\/www.uptextile.fr\/wp-content\/uploads\/2023\/01\/PXL_20230112_1336279072-18x10.jpg 18w, https:\/\/www.uptextile.fr\/wp-content\/uploads\/2023\/01\/PXL_20230112_1336279072-600x338.jpg 600w\" sizes=\"(max-width: 800px) 100vw, 800px\" \/>\t\t\t\t\t\t\t\t\t\t\t\t\t\t\t<\/div>\n\t\t\t\t<\/div>\n\t\t\t\t\t<\/div>\n\t\t<\/div>\n\t\t\t\t\t<\/div>\n\t\t<\/section>\n\t\t\t\t<section class=\"elementor-section elementor-top-section elementor-element elementor-element-56896f8 elementor-section-boxed elementor-section-height-default elementor-section-height-default\" data-id=\"56896f8\" data-element_type=\"section\" data-e-type=\"section\">\n\t\t\t\t\t\t<div class=\"elementor-container elementor-column-gap-default\">\n\t\t\t\t\t<div class=\"elementor-column elementor-col-50 elementor-top-column elementor-element elementor-element-aada066\" data-id=\"aada066\" data-element_type=\"column\" data-e-type=\"column\">\n\t\t\t<div class=\"elementor-widget-wrap elementor-element-populated\">\n\t\t\t\t\t\t<div class=\"elementor-element elementor-element-ba8cc0f elementor-widget elementor-widget-image\" data-id=\"ba8cc0f\" data-element_type=\"widget\" data-e-type=\"widget\" data-widget_type=\"image.default\">\n\t\t\t\t<div class=\"elementor-widget-container\">\n\t\t\t\t\t\t\t\t\t\t\t\t\t\t\t<img loading=\"lazy\" decoding=\"async\" width=\"723\" height=\"1024\" src=\"https:\/\/www.uptextile.fr\/wp-content\/uploads\/2023\/01\/COLLECTION-BOMOKI-3-redy-723x1024.jpg\" class=\"attachment-large size-large wp-image-2687\" alt=\"Bomoki\" srcset=\"https:\/\/www.uptextile.fr\/wp-content\/uploads\/2023\/01\/COLLECTION-BOMOKI-3-redy-723x1024.jpg 723w, https:\/\/www.uptextile.fr\/wp-content\/uploads\/2023\/01\/COLLECTION-BOMOKI-3-redy-212x300.jpg 212w, https:\/\/www.uptextile.fr\/wp-content\/uploads\/2023\/01\/COLLECTION-BOMOKI-3-redy-768x1087.jpg 768w, https:\/\/www.uptextile.fr\/wp-content\/uploads\/2023\/01\/COLLECTION-BOMOKI-3-redy-8x12.jpg 8w, https:\/\/www.uptextile.fr\/wp-content\/uploads\/2023\/01\/COLLECTION-BOMOKI-3-redy-600x850.jpg 600w, https:\/\/www.uptextile.fr\/wp-content\/uploads\/2023\/01\/COLLECTION-BOMOKI-3-redy.jpg 1000w\" sizes=\"(max-width: 723px) 100vw, 723px\" \/>\t\t\t\t\t\t\t\t\t\t\t\t\t\t\t<\/div>\n\t\t\t\t<\/div>\n\t\t\t\t\t<\/div>\n\t\t<\/div>\n\t\t\t\t<div class=\"elementor-column elementor-col-50 elementor-top-column elementor-element elementor-element-31a4508\" data-id=\"31a4508\" data-element_type=\"column\" data-e-type=\"column\">\n\t\t\t<div class=\"elementor-widget-wrap elementor-element-populated\">\n\t\t\t\t\t\t<div class=\"elementor-element elementor-element-ca651bd elementor-widget elementor-widget-text-editor\" data-id=\"ca651bd\" data-element_type=\"widget\" data-e-type=\"widget\" data-widget_type=\"text-editor.default\">\n\t\t\t\t<div class=\"elementor-widget-container\">\n\t\t\t\t\t\t\t\t\t<p class=\"p1\">Au niveau des <strong>valeurs<\/strong>, nous fabriquons <strong>localement<\/strong>, \u00e0 3km de l\u2019atelier pour le papier peint. Pour le textile, il a fallu \u00e9largir aux bassins textiles mais nous restons dans la <strong>proximit\u00e9<\/strong>.<\/p><p class=\"p1\">Pour moi, cela \u00e9tait \u00e9vident de faire appel \u00e0 des entreprises locales, <strong>made in France<\/strong>, de fabriquer en <strong>petite quantit\u00e9<\/strong>. Le papier peint est produit \u00e0 la commande, le tout dans une <strong>d\u00e9marche \u00e9cologique<\/strong>, <strong>\u00e9thique<\/strong> et <strong>\u00e9conomique<\/strong>. Et avec Up\u2019Textile, nous produisons en <strong>petites commandes<\/strong>, faciles \u00e0 \u00e9couler.<\/p><p class=\"p1\">L\u2019ensemble fabriqu\u00e9 avec vous a \u00e9t\u00e9 \u00e9coul\u00e9 soit sous forme d\u2019objets fabriqu\u00e9s par un atelier de confection parisien ou revendu au m\u00e8tre pour cr\u00e9er d\u2019autres produits.<\/p><p class=\"p1\">J\u2019ai pu particip\u00e9 \u00e0 plusieurs \u00e9v\u00e8nements du collectif \u00ab\u00a0Engag\u00e9s\u00a0\u00bb, regroupant des marques fran\u00e7aises aux valeurs communes dont la principale est<span class=\"Apple-converted-space\">\u00a0 <\/span>\u00ab Donne du sens \u00e0 ton achat \u00bb ; produire moins mais produire mieux.<span class=\"Apple-converted-space\">\u00a0<\/span><\/p><p class=\"p1\">Produire \u00e0 tout prix, il faut arr\u00eater cela.<\/p>\t\t\t\t\t\t\t\t<\/div>\n\t\t\t\t<\/div>\n\t\t\t\t\t<\/div>\n\t\t<\/div>\n\t\t\t\t\t<\/div>\n\t\t<\/section>\n\t\t\t\t<section class=\"elementor-section elementor-top-section elementor-element elementor-element-a7228de elementor-section-boxed elementor-section-height-default elementor-section-height-default\" data-id=\"a7228de\" data-element_type=\"section\" data-e-type=\"section\">\n\t\t\t\t\t\t<div class=\"elementor-container elementor-column-gap-default\">\n\t\t\t\t\t<div class=\"elementor-column elementor-col-100 elementor-top-column elementor-element elementor-element-7758c5b\" data-id=\"7758c5b\" data-element_type=\"column\" data-e-type=\"column\">\n\t\t\t<div class=\"elementor-widget-wrap elementor-element-populated\">\n\t\t\t\t\t\t<div class=\"elementor-element elementor-element-d9a0a4c elementor-widget elementor-widget-spacer\" data-id=\"d9a0a4c\" data-element_type=\"widget\" data-e-type=\"widget\" data-widget_type=\"spacer.default\">\n\t\t\t\t<div class=\"elementor-widget-container\">\n\t\t\t\t\t\t\t<div class=\"elementor-spacer\">\n\t\t\t<div class=\"elementor-spacer-inner\"><\/div>\n\t\t<\/div>\n\t\t\t\t\t\t<\/div>\n\t\t\t\t<\/div>\n\t\t\t\t<div class=\"elementor-element elementor-element-2d23ff0 elementor-widget elementor-widget-heading\" data-id=\"2d23ff0\" data-element_type=\"widget\" data-e-type=\"widget\" data-widget_type=\"heading.default\">\n\t\t\t\t<div class=\"elementor-widget-container\">\n\t\t\t\t\t<h2 class=\"elementor-heading-title elementor-size-default\">Comment avez-vous connu Up\u2019Textile ? \n<\/h2>\t\t\t\t<\/div>\n\t\t\t\t<\/div>\n\t\t\t\t<div class=\"elementor-element elementor-element-2e9543b elementor-widget elementor-widget-text-editor\" data-id=\"2e9543b\" data-element_type=\"widget\" data-e-type=\"widget\" data-widget_type=\"text-editor.default\">\n\t\t\t\t<div class=\"elementor-widget-container\">\n\t\t\t\t\t\t\t\t\t<p class=\"p1\">J\u2019ai connu Up\u2019Textile en faisant une veille textile approfondie \u00e0 la recherche d\u2019un <strong>partenaire<\/strong> pour m\u2019accompagner dans les <strong>impressions textiles<\/strong>. Les options sont restreintes car je souhaitais imprimer sur du coton, <strong>100% coton<\/strong>. Le champ des possibles s\u2019est donc r\u00e9duit. Et puis, j\u2019ai eu le feeling avec les interlocuteurs que j\u2019ai contact\u00e9, avec Nathalie sur la partie plus client et avec S\u00e9bastien sur la partie technique. Cela s\u2019est fait simplement, facilement. Nous avons fait des tests qui ont \u00e9t\u00e9 concluants. Puis, nous avons lanc\u00e9 la production. Cela a \u00e9t\u00e9 vraiment tr\u00e8s fluide. D\u00e8s que j\u2019ai eu besoin de conseils, j\u2019ai \u00e9t\u00e9 tr\u00e8s bien \u00e9paul\u00e9e.<\/p><p class=\"p1\">The <strong>qualit\u00e9 des mati\u00e8res<\/strong> est magnifique avec des prix pour une impression made in France tr\u00e8s corrects avec du <strong>Custom-made<\/strong> et des <strong>petites quantit\u00e9s<\/strong>.<\/p><p class=\"p1\">Cela correspondait exactement \u00e0 ce que je recherchais pour d\u00e9velopper l\u2019<strong>impression textile<\/strong>. J\u2019\u00e9tais ravie de vous avoir trouv\u00e9.\u00a0 Ce que j\u2019aime dans votre entreprise, m\u00eame si pendant deux ans, il n\u2019y a plus de nouvelles, nous ne sommes pas dans cette d\u00e9marche de pousser. Ce que j\u2019appr\u00e9cie, c\u2019est vraiment le c\u00f4t\u00e9 <strong>humain<\/strong> et l\u2019<strong>accompagnement<\/strong>.<\/p><p class=\"p1\">Nous, cr\u00e9ateurs, nous nous appuyons sur l\u2019expertise de nos partenaires avec lesquels nous travaillons pour nous donner les bons outils, les bonnes m\u00e9thodes comme le conseil dans le choix du tissu. Et cela est essentiel d\u2019o\u00f9 l\u2019int\u00e9r\u00eat de <strong>fabriquer localement<\/strong>.\u00a0\u00bb<\/p>\t\t\t\t\t\t\t\t<\/div>\n\t\t\t\t<\/div>\n\t\t\t\t\t<\/div>\n\t\t<\/div>\n\t\t\t\t\t<\/div>\n\t\t<\/section>\n\t\t\t\t<section class=\"elementor-section elementor-top-section elementor-element elementor-element-a277653 elementor-section-boxed elementor-section-height-default elementor-section-height-default\" data-id=\"a277653\" data-element_type=\"section\" data-e-type=\"section\">\n\t\t\t\t\t\t<div class=\"elementor-container elementor-column-gap-default\">\n\t\t\t\t\t<div class=\"elementor-column elementor-col-100 elementor-top-column elementor-element elementor-element-4678fb8\" data-id=\"4678fb8\" data-element_type=\"column\" data-e-type=\"column\">\n\t\t\t<div class=\"elementor-widget-wrap elementor-element-populated\">\n\t\t\t\t\t\t<div class=\"elementor-element elementor-element-a2036e8 elementor-widget elementor-widget-spacer\" data-id=\"a2036e8\" data-element_type=\"widget\" data-e-type=\"widget\" data-widget_type=\"spacer.default\">\n\t\t\t\t<div class=\"elementor-widget-container\">\n\t\t\t\t\t\t\t<div class=\"elementor-spacer\">\n\t\t\t<div class=\"elementor-spacer-inner\"><\/div>\n\t\t<\/div>\n\t\t\t\t\t\t<\/div>\n\t\t\t\t<\/div>\n\t\t\t\t<div class=\"elementor-element elementor-element-1a6cb0b elementor-widget elementor-widget-text-editor\" data-id=\"1a6cb0b\" data-element_type=\"widget\" data-e-type=\"widget\" data-widget_type=\"text-editor.default\">\n\t\t\t\t<div class=\"elementor-widget-container\">\n\t\t\t\t\t\t\t\t\t<p class=\"p1\">Suivez l\u2019actualit\u00e9 de la marque Bomoki sur leur <a href=\"https:\/\/bomoki.com\/\">site internet<\/a> ou sur leur <a href=\"https:\/\/www.instagram.com\/bomoki_fr\/\">compte Instagram<\/a> ou <a href=\"https:\/\/www.facebook.com\/bomokiFR\">page Facebook<\/a>.<\/p><p class=\"p1\">Merci \u00e0 Laurianne pour sa confiance.\u00a0<\/p>\t\t\t\t\t\t\t\t<\/div>\n\t\t\t\t<\/div>\n\t\t\t\t\t<\/div>\n\t\t<\/div>\n\t\t\t\t\t<\/div>\n\t\t<\/section>\n\t\t\t\t<section class=\"elementor-section elementor-top-section elementor-element elementor-element-0ab8e36 elementor-section-boxed elementor-section-height-default elementor-section-height-default\" data-id=\"0ab8e36\" data-element_type=\"section\" data-e-type=\"section\">\n\t\t\t\t\t\t<div class=\"elementor-container elementor-column-gap-default\">\n\t\t\t\t\t<div class=\"elementor-column elementor-col-100 elementor-top-column elementor-element elementor-element-5b666b2\" data-id=\"5b666b2\" data-element_type=\"column\" data-e-type=\"column\">\n\t\t\t<div class=\"elementor-widget-wrap elementor-element-populated\">\n\t\t\t\t\t\t<div class=\"elementor-element elementor-element-9da2564 elementor-widget elementor-widget-spacer\" data-id=\"9da2564\" data-element_type=\"widget\" data-e-type=\"widget\" data-widget_type=\"spacer.default\">\n\t\t\t\t<div class=\"elementor-widget-container\">\n\t\t\t\t\t\t\t<div class=\"elementor-spacer\">\n\t\t\t<div class=\"elementor-spacer-inner\"><\/div>\n\t\t<\/div>\n\t\t\t\t\t\t<\/div>\n\t\t\t\t<\/div>\n\t\t\t\t\t<\/div>\n\t\t<\/div>\n\t\t\t\t\t<\/div>\n\t\t<\/section>\n\t\t\t\t<\/div>","protected":false},"excerpt":{"rendered":"<p><\/p>","protected":false},"author":1,"featured_media":2687,"comment_status":"closed","ping_status":"open","sticky":false,"template":"elementor_header_footer","format":"standard","meta":{"_monsterinsights_skip_tracking":false,"_monsterinsights_sitenote_active":false,"_monsterinsights_sitenote_note":"","_monsterinsights_sitenote_category":0,"footnotes":""},"categories":[244],"tags":[],"class_list":["post-2673","post","type-post","status-publish","format-standard","has-post-thumbnail","hentry","category-interviews"],"yoast_head":"<!-- This site is optimized with the Yoast SEO plugin v27.4 - https:\/\/yoast.com\/product\/yoast-seo-wordpress\/ -->\n<title>Interview de Bomoki, une marque responsable, pour un int\u00e9rieur qui a du sens - UpTextile<\/title>\n<meta name=\"description\" content=\"Bomoki est une marque responsable qui donne du sens \u00e0 son int\u00e9rieur. Nous avons interview\u00e9 la fondatrice de la marque, Laurianne Roda.\" \/>\n<meta name=\"robots\" content=\"index, follow, max-snippet:-1, max-image-preview:large, max-video-preview:-1\" \/>\n<link rel=\"canonical\" href=\"https:\/\/www.uptextile.fr\/en\/interview-de-bomoki-une-marque-responsable-pour-un-interieur-qui-a-du-sens\/\" \/>\n<meta property=\"og:locale\" content=\"en_GB\" \/>\n<meta property=\"og:type\" content=\"article\" \/>\n<meta property=\"og:title\" content=\"Interview de Bomoki, une marque responsable, pour un int\u00e9rieur qui a du sens - UpTextile\" \/>\n<meta property=\"og:description\" content=\"Bomoki est une marque responsable qui donne du sens \u00e0 son int\u00e9rieur. Nous avons interview\u00e9 la fondatrice de la marque, Laurianne Roda.\" \/>\n<meta property=\"og:url\" content=\"https:\/\/www.uptextile.fr\/en\/interview-de-bomoki-une-marque-responsable-pour-un-interieur-qui-a-du-sens\/\" \/>\n<meta property=\"og:site_name\" content=\"UpTextile\" \/>\n<meta property=\"article:published_time\" content=\"2023-01-13T14:30:10+00:00\" \/>\n<meta property=\"article:modified_time\" content=\"2024-09-30T12:26:58+00:00\" \/>\n<meta property=\"og:image\" content=\"https:\/\/www.uptextile.fr\/wp-content\/uploads\/2023\/01\/COLLECTION-BOMOKI-3-redy.jpg\" \/>\n\t<meta property=\"og:image:width\" content=\"1000\" \/>\n\t<meta property=\"og:image:height\" content=\"1416\" \/>\n\t<meta property=\"og:image:type\" content=\"image\/jpeg\" \/>\n<meta name=\"author\" content=\"admin\" \/>\n<meta name=\"twitter:card\" content=\"summary_large_image\" \/>\n<meta name=\"twitter:label1\" content=\"Written by\" \/>\n\t<meta name=\"twitter:data1\" content=\"admin\" \/>\n\t<meta name=\"twitter:label2\" content=\"Estimated reading time\" \/>\n\t<meta name=\"twitter:data2\" content=\"6 minutes\" \/>\n<script type=\"application\/ld+json\" class=\"yoast-schema-graph\">{\"@context\":\"https:\\\/\\\/schema.org\",\"@graph\":[{\"@type\":\"Article\",\"@id\":\"https:\\\/\\\/www.uptextile.fr\\\/interview-de-bomoki-une-marque-responsable-pour-un-interieur-qui-a-du-sens\\\/#article\",\"isPartOf\":{\"@id\":\"https:\\\/\\\/www.uptextile.fr\\\/interview-de-bomoki-une-marque-responsable-pour-un-interieur-qui-a-du-sens\\\/\"},\"author\":{\"name\":\"admin\",\"@id\":\"https:\\\/\\\/www.uptextile.fr\\\/#\\\/schema\\\/person\\\/ddd7afbcab186b7fb4ccfcc324dc6ade\"},\"headline\":\"Interview de Bomoki, une marque responsable, pour un int\u00e9rieur qui a du sens\",\"datePublished\":\"2023-01-13T14:30:10+00:00\",\"dateModified\":\"2024-09-30T12:26:58+00:00\",\"mainEntityOfPage\":{\"@id\":\"https:\\\/\\\/www.uptextile.fr\\\/interview-de-bomoki-une-marque-responsable-pour-un-interieur-qui-a-du-sens\\\/\"},\"wordCount\":1006,\"image\":{\"@id\":\"https:\\\/\\\/www.uptextile.fr\\\/interview-de-bomoki-une-marque-responsable-pour-un-interieur-qui-a-du-sens\\\/#primaryimage\"},\"thumbnailUrl\":\"https:\\\/\\\/www.uptextile.fr\\\/wp-content\\\/uploads\\\/2023\\\/01\\\/COLLECTION-BOMOKI-3-redy.jpg\",\"articleSection\":[\"Interviews\"],\"inLanguage\":\"en-GB\"},{\"@type\":\"WebPage\",\"@id\":\"https:\\\/\\\/www.uptextile.fr\\\/interview-de-bomoki-une-marque-responsable-pour-un-interieur-qui-a-du-sens\\\/\",\"url\":\"https:\\\/\\\/www.uptextile.fr\\\/interview-de-bomoki-une-marque-responsable-pour-un-interieur-qui-a-du-sens\\\/\",\"name\":\"Interview de Bomoki, une marque responsable, pour un int\u00e9rieur qui a du sens - UpTextile\",\"isPartOf\":{\"@id\":\"https:\\\/\\\/www.uptextile.fr\\\/#website\"},\"primaryImageOfPage\":{\"@id\":\"https:\\\/\\\/www.uptextile.fr\\\/interview-de-bomoki-une-marque-responsable-pour-un-interieur-qui-a-du-sens\\\/#primaryimage\"},\"image\":{\"@id\":\"https:\\\/\\\/www.uptextile.fr\\\/interview-de-bomoki-une-marque-responsable-pour-un-interieur-qui-a-du-sens\\\/#primaryimage\"},\"thumbnailUrl\":\"https:\\\/\\\/www.uptextile.fr\\\/wp-content\\\/uploads\\\/2023\\\/01\\\/COLLECTION-BOMOKI-3-redy.jpg\",\"datePublished\":\"2023-01-13T14:30:10+00:00\",\"dateModified\":\"2024-09-30T12:26:58+00:00\",\"author\":{\"@id\":\"https:\\\/\\\/www.uptextile.fr\\\/#\\\/schema\\\/person\\\/ddd7afbcab186b7fb4ccfcc324dc6ade\"},\"description\":\"Bomoki est une marque responsable qui donne du sens \u00e0 son int\u00e9rieur. Nous avons interview\u00e9 la fondatrice de la marque, Laurianne Roda.\",\"breadcrumb\":{\"@id\":\"https:\\\/\\\/www.uptextile.fr\\\/interview-de-bomoki-une-marque-responsable-pour-un-interieur-qui-a-du-sens\\\/#breadcrumb\"},\"inLanguage\":\"en-GB\",\"potentialAction\":[{\"@type\":\"ReadAction\",\"target\":[\"https:\\\/\\\/www.uptextile.fr\\\/interview-de-bomoki-une-marque-responsable-pour-un-interieur-qui-a-du-sens\\\/\"]}]},{\"@type\":\"ImageObject\",\"inLanguage\":\"en-GB\",\"@id\":\"https:\\\/\\\/www.uptextile.fr\\\/interview-de-bomoki-une-marque-responsable-pour-un-interieur-qui-a-du-sens\\\/#primaryimage\",\"url\":\"https:\\\/\\\/www.uptextile.fr\\\/wp-content\\\/uploads\\\/2023\\\/01\\\/COLLECTION-BOMOKI-3-redy.jpg\",\"contentUrl\":\"https:\\\/\\\/www.uptextile.fr\\\/wp-content\\\/uploads\\\/2023\\\/01\\\/COLLECTION-BOMOKI-3-redy.jpg\",\"width\":1000,\"height\":1416,\"caption\":\"Bomoki\"},{\"@type\":\"BreadcrumbList\",\"@id\":\"https:\\\/\\\/www.uptextile.fr\\\/interview-de-bomoki-une-marque-responsable-pour-un-interieur-qui-a-du-sens\\\/#breadcrumb\",\"itemListElement\":[{\"@type\":\"ListItem\",\"position\":1,\"name\":\"Accueil\",\"item\":\"https:\\\/\\\/www.uptextile.fr\\\/\"},{\"@type\":\"ListItem\",\"position\":2,\"name\":\"Interview de Bomoki, une marque responsable, pour un int\u00e9rieur qui a du sens\"}]},{\"@type\":\"WebSite\",\"@id\":\"https:\\\/\\\/www.uptextile.fr\\\/#website\",\"url\":\"https:\\\/\\\/www.uptextile.fr\\\/\",\"name\":\"UpTextile\",\"description\":\"L&#039;impression num\u00e9rique \u00e0 votre service\",\"potentialAction\":[{\"@type\":\"SearchAction\",\"target\":{\"@type\":\"EntryPoint\",\"urlTemplate\":\"https:\\\/\\\/www.uptextile.fr\\\/?s={search_term_string}\"},\"query-input\":{\"@type\":\"PropertyValueSpecification\",\"valueRequired\":true,\"valueName\":\"search_term_string\"}}],\"inLanguage\":\"en-GB\"},{\"@type\":\"Person\",\"@id\":\"https:\\\/\\\/www.uptextile.fr\\\/#\\\/schema\\\/person\\\/ddd7afbcab186b7fb4ccfcc324dc6ade\",\"name\":\"admin\",\"image\":{\"@type\":\"ImageObject\",\"inLanguage\":\"en-GB\",\"@id\":\"https:\\\/\\\/secure.gravatar.com\\\/avatar\\\/6670ee2da31d04324ab60d2c276c81c91f6f128389d0cd7f2efb1030b28554de?s=96&d=mm&r=g\",\"url\":\"https:\\\/\\\/secure.gravatar.com\\\/avatar\\\/6670ee2da31d04324ab60d2c276c81c91f6f128389d0cd7f2efb1030b28554de?s=96&d=mm&r=g\",\"contentUrl\":\"https:\\\/\\\/secure.gravatar.com\\\/avatar\\\/6670ee2da31d04324ab60d2c276c81c91f6f128389d0cd7f2efb1030b28554de?s=96&d=mm&r=g\",\"caption\":\"admin\"},\"url\":\"https:\\\/\\\/www.uptextile.fr\\\/en\\\/author\\\/admin\\\/\"}]}<\/script>\n<!-- \/ Yoast SEO plugin. -->","yoast_head_json":{"title":"Interview de Bomoki, une marque responsable, pour un int\u00e9rieur qui a du sens - UpTextile","description":"Bomoki est une marque responsable qui donne du sens \u00e0 son int\u00e9rieur. Nous avons interview\u00e9 la fondatrice de la marque, Laurianne Roda.","robots":{"index":"index","follow":"follow","max-snippet":"max-snippet:-1","max-image-preview":"max-image-preview:large","max-video-preview":"max-video-preview:-1"},"canonical":"https:\/\/www.uptextile.fr\/en\/interview-de-bomoki-une-marque-responsable-pour-un-interieur-qui-a-du-sens\/","og_locale":"en_GB","og_type":"article","og_title":"Interview de Bomoki, une marque responsable, pour un int\u00e9rieur qui a du sens - UpTextile","og_description":"Bomoki est une marque responsable qui donne du sens \u00e0 son int\u00e9rieur. Nous avons interview\u00e9 la fondatrice de la marque, Laurianne Roda.","og_url":"https:\/\/www.uptextile.fr\/en\/interview-de-bomoki-une-marque-responsable-pour-un-interieur-qui-a-du-sens\/","og_site_name":"UpTextile","article_published_time":"2023-01-13T14:30:10+00:00","article_modified_time":"2024-09-30T12:26:58+00:00","og_image":[{"width":1000,"height":1416,"url":"https:\/\/www.uptextile.fr\/wp-content\/uploads\/2023\/01\/COLLECTION-BOMOKI-3-redy.jpg","type":"image\/jpeg"}],"author":"admin","twitter_card":"summary_large_image","twitter_misc":{"Written by":"admin","Estimated reading time":"6 minutes"},"schema":{"@context":"https:\/\/schema.org","@graph":[{"@type":"Article","@id":"https:\/\/www.uptextile.fr\/interview-de-bomoki-une-marque-responsable-pour-un-interieur-qui-a-du-sens\/#article","isPartOf":{"@id":"https:\/\/www.uptextile.fr\/interview-de-bomoki-une-marque-responsable-pour-un-interieur-qui-a-du-sens\/"},"author":{"name":"admin","@id":"https:\/\/www.uptextile.fr\/#\/schema\/person\/ddd7afbcab186b7fb4ccfcc324dc6ade"},"headline":"Interview de Bomoki, une marque responsable, pour un int\u00e9rieur qui a du sens","datePublished":"2023-01-13T14:30:10+00:00","dateModified":"2024-09-30T12:26:58+00:00","mainEntityOfPage":{"@id":"https:\/\/www.uptextile.fr\/interview-de-bomoki-une-marque-responsable-pour-un-interieur-qui-a-du-sens\/"},"wordCount":1006,"image":{"@id":"https:\/\/www.uptextile.fr\/interview-de-bomoki-une-marque-responsable-pour-un-interieur-qui-a-du-sens\/#primaryimage"},"thumbnailUrl":"https:\/\/www.uptextile.fr\/wp-content\/uploads\/2023\/01\/COLLECTION-BOMOKI-3-redy.jpg","articleSection":["Interviews"],"inLanguage":"en-GB"},{"@type":"WebPage","@id":"https:\/\/www.uptextile.fr\/interview-de-bomoki-une-marque-responsable-pour-un-interieur-qui-a-du-sens\/","url":"https:\/\/www.uptextile.fr\/interview-de-bomoki-une-marque-responsable-pour-un-interieur-qui-a-du-sens\/","name":"Interview de Bomoki, une marque responsable, pour un int\u00e9rieur qui a du sens - UpTextile","isPartOf":{"@id":"https:\/\/www.uptextile.fr\/#website"},"primaryImageOfPage":{"@id":"https:\/\/www.uptextile.fr\/interview-de-bomoki-une-marque-responsable-pour-un-interieur-qui-a-du-sens\/#primaryimage"},"image":{"@id":"https:\/\/www.uptextile.fr\/interview-de-bomoki-une-marque-responsable-pour-un-interieur-qui-a-du-sens\/#primaryimage"},"thumbnailUrl":"https:\/\/www.uptextile.fr\/wp-content\/uploads\/2023\/01\/COLLECTION-BOMOKI-3-redy.jpg","datePublished":"2023-01-13T14:30:10+00:00","dateModified":"2024-09-30T12:26:58+00:00","author":{"@id":"https:\/\/www.uptextile.fr\/#\/schema\/person\/ddd7afbcab186b7fb4ccfcc324dc6ade"},"description":"Bomoki est une marque responsable qui donne du sens \u00e0 son int\u00e9rieur. Nous avons interview\u00e9 la fondatrice de la marque, Laurianne Roda.","breadcrumb":{"@id":"https:\/\/www.uptextile.fr\/interview-de-bomoki-une-marque-responsable-pour-un-interieur-qui-a-du-sens\/#breadcrumb"},"inLanguage":"en-GB","potentialAction":[{"@type":"ReadAction","target":["https:\/\/www.uptextile.fr\/interview-de-bomoki-une-marque-responsable-pour-un-interieur-qui-a-du-sens\/"]}]},{"@type":"ImageObject","inLanguage":"en-GB","@id":"https:\/\/www.uptextile.fr\/interview-de-bomoki-une-marque-responsable-pour-un-interieur-qui-a-du-sens\/#primaryimage","url":"https:\/\/www.uptextile.fr\/wp-content\/uploads\/2023\/01\/COLLECTION-BOMOKI-3-redy.jpg","contentUrl":"https:\/\/www.uptextile.fr\/wp-content\/uploads\/2023\/01\/COLLECTION-BOMOKI-3-redy.jpg","width":1000,"height":1416,"caption":"Bomoki"},{"@type":"BreadcrumbList","@id":"https:\/\/www.uptextile.fr\/interview-de-bomoki-une-marque-responsable-pour-un-interieur-qui-a-du-sens\/#breadcrumb","itemListElement":[{"@type":"ListItem","position":1,"name":"Accueil","item":"https:\/\/www.uptextile.fr\/"},{"@type":"ListItem","position":2,"name":"Interview de Bomoki, une marque responsable, pour un int\u00e9rieur qui a du sens"}]},{"@type":"WebSite","@id":"https:\/\/www.uptextile.fr\/#website","url":"https:\/\/www.uptextile.fr\/","name":"UpTextile","description":"L&#039;impression num\u00e9rique \u00e0 votre service","potentialAction":[{"@type":"SearchAction","target":{"@type":"EntryPoint","urlTemplate":"https:\/\/www.uptextile.fr\/?s={search_term_string}"},"query-input":{"@type":"PropertyValueSpecification","valueRequired":true,"valueName":"search_term_string"}}],"inLanguage":"en-GB"},{"@type":"Person","@id":"https:\/\/www.uptextile.fr\/#\/schema\/person\/ddd7afbcab186b7fb4ccfcc324dc6ade","name":"admin","image":{"@type":"ImageObject","inLanguage":"en-GB","@id":"https:\/\/secure.gravatar.com\/avatar\/6670ee2da31d04324ab60d2c276c81c91f6f128389d0cd7f2efb1030b28554de?s=96&d=mm&r=g","url":"https:\/\/secure.gravatar.com\/avatar\/6670ee2da31d04324ab60d2c276c81c91f6f128389d0cd7f2efb1030b28554de?s=96&d=mm&r=g","contentUrl":"https:\/\/secure.gravatar.com\/avatar\/6670ee2da31d04324ab60d2c276c81c91f6f128389d0cd7f2efb1030b28554de?s=96&d=mm&r=g","caption":"admin"},"url":"https:\/\/www.uptextile.fr\/en\/author\/admin\/"}]}},"_links":{"self":[{"href":"https:\/\/www.uptextile.fr\/en\/wp-json\/wp\/v2\/posts\/2673","targetHints":{"allow":["GET"]}}],"collection":[{"href":"https:\/\/www.uptextile.fr\/en\/wp-json\/wp\/v2\/posts"}],"about":[{"href":"https:\/\/www.uptextile.fr\/en\/wp-json\/wp\/v2\/types\/post"}],"author":[{"embeddable":true,"href":"https:\/\/www.uptextile.fr\/en\/wp-json\/wp\/v2\/users\/1"}],"replies":[{"embeddable":true,"href":"https:\/\/www.uptextile.fr\/en\/wp-json\/wp\/v2\/comments?post=2673"}],"version-history":[{"count":17,"href":"https:\/\/www.uptextile.fr\/en\/wp-json\/wp\/v2\/posts\/2673\/revisions"}],"predecessor-version":[{"id":3679,"href":"https:\/\/www.uptextile.fr\/en\/wp-json\/wp\/v2\/posts\/2673\/revisions\/3679"}],"wp:featuredmedia":[{"embeddable":true,"href":"https:\/\/www.uptextile.fr\/en\/wp-json\/wp\/v2\/media\/2687"}],"wp:attachment":[{"href":"https:\/\/www.uptextile.fr\/en\/wp-json\/wp\/v2\/media?parent=2673"}],"wp:term":[{"taxonomy":"category","embeddable":true,"href":"https:\/\/www.uptextile.fr\/en\/wp-json\/wp\/v2\/categories?post=2673"},{"taxonomy":"post_tag","embeddable":true,"href":"https:\/\/www.uptextile.fr\/en\/wp-json\/wp\/v2\/tags?post=2673"}],"curies":[{"name":"wp","href":"https:\/\/api.w.org\/{rel}","templated":true}]}}