{"id":2697,"date":"2023-01-24T12:51:49","date_gmt":"2023-01-24T11:51:49","guid":{"rendered":"https:\/\/www.uptextile.fr\/?p=2697"},"modified":"2024-09-30T14:26:00","modified_gmt":"2024-09-30T12:26:00","slug":"7-conseils-pour-creer-sa-marque-textile","status":"publish","type":"post","link":"https:\/\/www.uptextile.fr\/en\/7-conseils-pour-creer-sa-marque-textile\/","title":{"rendered":"7 conseils pour cr\u00e9er sa marque textile"},"content":{"rendered":"<div data-elementor-type=\"wp-post\" data-elementor-id=\"2697\" class=\"elementor elementor-2697\" data-elementor-post-type=\"post\">\n\t\t\t\t\t\t<section class=\"elementor-section elementor-top-section elementor-element elementor-element-6204785 elementor-section-boxed elementor-section-height-default elementor-section-height-default\" data-id=\"6204785\" data-element_type=\"section\" data-e-type=\"section\">\n\t\t\t\t\t\t<div class=\"elementor-container elementor-column-gap-default\">\n\t\t\t\t\t<div class=\"elementor-column elementor-col-100 elementor-top-column elementor-element elementor-element-335ce89\" data-id=\"335ce89\" data-element_type=\"column\" data-e-type=\"column\">\n\t\t\t<div class=\"elementor-widget-wrap elementor-element-populated\">\n\t\t\t\t\t\t<div class=\"elementor-element elementor-element-8731012 elementor-widget elementor-widget-spacer\" data-id=\"8731012\" data-element_type=\"widget\" data-e-type=\"widget\" data-widget_type=\"spacer.default\">\n\t\t\t\t<div class=\"elementor-widget-container\">\n\t\t\t\t\t\t\t<div class=\"elementor-spacer\">\n\t\t\t<div class=\"elementor-spacer-inner\"><\/div>\n\t\t<\/div>\n\t\t\t\t\t\t<\/div>\n\t\t\t\t<\/div>\n\t\t\t\t<div class=\"elementor-element elementor-element-a539f5e elementor-widget elementor-widget-heading\" data-id=\"a539f5e\" data-element_type=\"widget\" data-e-type=\"widget\" data-widget_type=\"heading.default\">\n\t\t\t\t<div class=\"elementor-widget-container\">\n\t\t\t\t\t<h1 class=\"elementor-heading-title elementor-size-default\"><span style=\"color:white\"> 7 conseils <br>  <\/span> pour cr\u00e9er sa marque textile\n<\/h1>\t\t\t\t<\/div>\n\t\t\t\t<\/div>\n\t\t\t\t<div class=\"elementor-element elementor-element-690fcb6 elementor-widget elementor-widget-spacer\" data-id=\"690fcb6\" data-element_type=\"widget\" data-e-type=\"widget\" data-widget_type=\"spacer.default\">\n\t\t\t\t<div class=\"elementor-widget-container\">\n\t\t\t\t\t\t\t<div class=\"elementor-spacer\">\n\t\t\t<div class=\"elementor-spacer-inner\"><\/div>\n\t\t<\/div>\n\t\t\t\t\t\t<\/div>\n\t\t\t\t<\/div>\n\t\t\t\t\t<\/div>\n\t\t<\/div>\n\t\t\t\t\t<\/div>\n\t\t<\/section>\n\t\t\t\t<section class=\"elementor-section elementor-top-section elementor-element elementor-element-4055702 elementor-section-boxed elementor-section-height-default elementor-section-height-default\" data-id=\"4055702\" data-element_type=\"section\" data-e-type=\"section\">\n\t\t\t\t\t\t<div class=\"elementor-container elementor-column-gap-default\">\n\t\t\t\t\t<div class=\"elementor-column elementor-col-50 elementor-top-column elementor-element elementor-element-3d25821\" data-id=\"3d25821\" data-element_type=\"column\" data-e-type=\"column\">\n\t\t\t<div class=\"elementor-widget-wrap elementor-element-populated\">\n\t\t\t\t\t\t<div class=\"elementor-element elementor-element-21d6cf7 elementor-widget elementor-widget-spacer\" data-id=\"21d6cf7\" data-element_type=\"widget\" data-e-type=\"widget\" data-widget_type=\"spacer.default\">\n\t\t\t\t<div class=\"elementor-widget-container\">\n\t\t\t\t\t\t\t<div class=\"elementor-spacer\">\n\t\t\t<div class=\"elementor-spacer-inner\"><\/div>\n\t\t<\/div>\n\t\t\t\t\t\t<\/div>\n\t\t\t\t<\/div>\n\t\t\t\t<div class=\"elementor-element elementor-element-8f7d5d2 elementor-widget elementor-widget-image\" data-id=\"8f7d5d2\" data-element_type=\"widget\" data-e-type=\"widget\" data-widget_type=\"image.default\">\n\t\t\t\t<div class=\"elementor-widget-container\">\n\t\t\t\t\t\t\t\t\t\t\t\t\t\t\t<img fetchpriority=\"high\" decoding=\"async\" width=\"800\" height=\"566\" src=\"https:\/\/www.uptextile.fr\/wp-content\/uploads\/2023\/01\/VISUELS-SWOT-UP-TEXTILE-2-1024x724.png\" class=\"attachment-large size-large wp-image-2699\" alt=\"Analyser son march\u00e9\" srcset=\"https:\/\/www.uptextile.fr\/wp-content\/uploads\/2023\/01\/VISUELS-SWOT-UP-TEXTILE-2-1024x724.png 1024w, https:\/\/www.uptextile.fr\/wp-content\/uploads\/2023\/01\/VISUELS-SWOT-UP-TEXTILE-2-300x212.png 300w, https:\/\/www.uptextile.fr\/wp-content\/uploads\/2023\/01\/VISUELS-SWOT-UP-TEXTILE-2-768x543.png 768w, https:\/\/www.uptextile.fr\/wp-content\/uploads\/2023\/01\/VISUELS-SWOT-UP-TEXTILE-2-1536x1086.png 1536w, https:\/\/www.uptextile.fr\/wp-content\/uploads\/2023\/01\/VISUELS-SWOT-UP-TEXTILE-2-18x12.png 18w, https:\/\/www.uptextile.fr\/wp-content\/uploads\/2023\/01\/VISUELS-SWOT-UP-TEXTILE-2-600x424.png 600w, https:\/\/www.uptextile.fr\/wp-content\/uploads\/2023\/01\/VISUELS-SWOT-UP-TEXTILE-2.png 2000w\" sizes=\"(max-width: 800px) 100vw, 800px\" \/>\t\t\t\t\t\t\t\t\t\t\t\t\t\t\t<\/div>\n\t\t\t\t<\/div>\n\t\t\t\t\t<\/div>\n\t\t<\/div>\n\t\t\t\t<div class=\"elementor-column elementor-col-50 elementor-top-column elementor-element elementor-element-8404247\" data-id=\"8404247\" data-element_type=\"column\" data-e-type=\"column\">\n\t\t\t<div class=\"elementor-widget-wrap elementor-element-populated\">\n\t\t\t\t\t\t<div class=\"elementor-element elementor-element-5691bc9 elementor-widget elementor-widget-text-editor\" data-id=\"5691bc9\" data-element_type=\"widget\" data-e-type=\"widget\" data-widget_type=\"text-editor.default\">\n\t\t\t\t<div class=\"elementor-widget-container\">\n\t\t\t\t\t\t\t\t\t<p><span style=\"font-weight: 400;\">Vous souhaitez <strong>lancer votre marque textile<\/strong> ou la d\u00e9velopper ?\u00a0<\/span><\/p><p><span style=\"font-weight: 400;\">Tout lancement ou d\u00e9veloppement se pr\u00e9pare et se travaille. Il est parfois compliqu\u00e9 quand nous sommes seul(e) de prendre assez de recul, d\u2019avoir une vision 360\u00b0, c\u2019est pourquoi il ne faut pas h\u00e9siter \u00e0 se faire accompagner.\u00a0<\/span><\/p><p><span style=\"font-weight: 400;\">Voici quelques conseils d\u2019un de nos partenaires <a href=\"https:\/\/www.iptm.fr\/\">Im\u2019plante ta marque<\/a>. <\/span><\/p>\t\t\t\t\t\t\t\t<\/div>\n\t\t\t\t<\/div>\n\t\t\t\t<div class=\"elementor-element elementor-element-1b58620 elementor-widget elementor-widget-heading\" data-id=\"1b58620\" data-element_type=\"widget\" data-e-type=\"widget\" data-widget_type=\"heading.default\">\n\t\t\t\t<div class=\"elementor-widget-container\">\n\t\t\t\t\t<h2 class=\"elementor-heading-title elementor-size-default\">Conseil n\u00b01 : Analyser son march\u00e9\n<\/h2>\t\t\t\t<\/div>\n\t\t\t\t<\/div>\n\t\t\t\t<div class=\"elementor-element elementor-element-ee56382 elementor-widget elementor-widget-text-editor\" data-id=\"ee56382\" data-element_type=\"widget\" data-e-type=\"widget\" data-widget_type=\"text-editor.default\">\n\t\t\t\t<div class=\"elementor-widget-container\">\n\t\t\t\t\t\t\t\t\t<p><span style=\"font-weight: 400;\">Une des premi\u00e8res \u00e9tapes lors de la <strong>cr\u00e9ation de sa marque textile<\/strong> est d\u2019<strong>analyser son march\u00e9<\/strong>. Pour cela, il est important d\u2019analyser les <strong>modes de consommation<\/strong>, sa <strong>concurrence directe<\/strong> ou <strong>indirecte,<\/strong> de regarder les <strong>tendances du march\u00e9<\/strong> et d\u2019<strong>analyser la client\u00e8le<\/strong>. C\u2019est \u00e9galement l\u2019occasion de faire le point sur son projet et d\u2019en ressortir vos <strong>forces<\/strong> et vos f<strong>aiblesses<\/strong>. <\/span><\/p>\t\t\t\t\t\t\t\t<\/div>\n\t\t\t\t<\/div>\n\t\t\t\t\t<\/div>\n\t\t<\/div>\n\t\t\t\t\t<\/div>\n\t\t<\/section>\n\t\t\t\t<section class=\"elementor-section elementor-top-section elementor-element elementor-element-8b01205 elementor-section-boxed elementor-section-height-default elementor-section-height-default\" data-id=\"8b01205\" data-element_type=\"section\" data-e-type=\"section\">\n\t\t\t\t\t\t<div class=\"elementor-container elementor-column-gap-default\">\n\t\t\t\t\t<div class=\"elementor-column elementor-col-100 elementor-top-column elementor-element elementor-element-0dc5bc1\" data-id=\"0dc5bc1\" data-element_type=\"column\" data-e-type=\"column\">\n\t\t\t<div class=\"elementor-widget-wrap elementor-element-populated\">\n\t\t\t\t\t\t<div class=\"elementor-element elementor-element-dcb85e9 elementor-widget elementor-widget-spacer\" data-id=\"dcb85e9\" data-element_type=\"widget\" data-e-type=\"widget\" data-widget_type=\"spacer.default\">\n\t\t\t\t<div class=\"elementor-widget-container\">\n\t\t\t\t\t\t\t<div class=\"elementor-spacer\">\n\t\t\t<div class=\"elementor-spacer-inner\"><\/div>\n\t\t<\/div>\n\t\t\t\t\t\t<\/div>\n\t\t\t\t<\/div>\n\t\t\t\t<div class=\"elementor-element elementor-element-4a8c973 elementor-widget elementor-widget-heading\" data-id=\"4a8c973\" data-element_type=\"widget\" data-e-type=\"widget\" data-widget_type=\"heading.default\">\n\t\t\t\t<div class=\"elementor-widget-container\">\n\t\t\t\t\t<h2 class=\"elementor-heading-title elementor-size-default\">Conseil n\u00b02 : Poser les fondements de votre marque pour se diff\u00e9rencier et \u00eatre unique<\/h2>\t\t\t\t<\/div>\n\t\t\t\t<\/div>\n\t\t\t\t<div class=\"elementor-element elementor-element-cec7866 elementor-widget elementor-widget-text-editor\" data-id=\"cec7866\" data-element_type=\"widget\" data-e-type=\"widget\" data-widget_type=\"text-editor.default\">\n\t\t\t\t<div class=\"elementor-widget-container\">\n\t\t\t\t\t\t\t\t\t<p><span style=\"font-weight: 400;\">Avant de cr\u00e9er sa marque, il faut savoir se poser et mettre sur papier :\u00a0<\/span><\/p><ul><li style=\"font-weight: 400;\" aria-level=\"1\"><span style=\"font-weight: 400;\"><strong>Pourquoi<\/strong> souhaitez-vous cr\u00e9er votre marque ? Souvent le premier pourquoi n\u2019est pas le v\u00e9ritable, il faut poser la question 7 fois pourquoi \u00e0 votre r\u00e9ponse afin d\u2019obtenir votre v\u00e9ritable pourquoi.\u00a0<\/span><\/li><li style=\"font-weight: 400;\" aria-level=\"1\"><span style=\"font-weight: 400;\">Quelle est la <strong>mission<\/strong> de votre marque ? Que souhaitez-vous apporter \u00e0 vos clients ?\u00a0<\/span><\/li><li style=\"font-weight: 400;\" aria-level=\"1\"><span style=\"font-weight: 400;\">Quelles sont les <strong>valeurs<\/strong> de votre marque ?\u00a0<\/span><\/li><li style=\"font-weight: 400;\" aria-level=\"1\"><span style=\"font-weight: 400;\">Quelle sera votre \u201cpatte\u201d, votre <strong>signature<\/strong>, ce qui fera que quand nous verrons la marque, nous saurons directement que c\u2019est vous. Qu\u2019est-ce qui vous <strong>diff\u00e9renciera<\/strong> et fera de votre marque, une <strong>marque unique<\/strong> ?<\/span><\/li><\/ul>\t\t\t\t\t\t\t\t<\/div>\n\t\t\t\t<\/div>\n\t\t\t\t\t<\/div>\n\t\t<\/div>\n\t\t\t\t\t<\/div>\n\t\t<\/section>\n\t\t\t\t<section class=\"elementor-section elementor-top-section elementor-element elementor-element-fbf057b elementor-section-boxed elementor-section-height-default elementor-section-height-default\" data-id=\"fbf057b\" data-element_type=\"section\" data-e-type=\"section\">\n\t\t\t\t\t\t<div class=\"elementor-container elementor-column-gap-default\">\n\t\t\t\t\t<div class=\"elementor-column elementor-col-100 elementor-top-column elementor-element elementor-element-0707442\" data-id=\"0707442\" data-element_type=\"column\" data-e-type=\"column\">\n\t\t\t<div class=\"elementor-widget-wrap elementor-element-populated\">\n\t\t\t\t\t\t<div class=\"elementor-element elementor-element-1cdaa7c elementor-widget elementor-widget-spacer\" data-id=\"1cdaa7c\" data-element_type=\"widget\" data-e-type=\"widget\" data-widget_type=\"spacer.default\">\n\t\t\t\t<div class=\"elementor-widget-container\">\n\t\t\t\t\t\t\t<div class=\"elementor-spacer\">\n\t\t\t<div class=\"elementor-spacer-inner\"><\/div>\n\t\t<\/div>\n\t\t\t\t\t\t<\/div>\n\t\t\t\t<\/div>\n\t\t\t\t<div class=\"elementor-element elementor-element-9a684f0 elementor-widget elementor-widget-heading\" data-id=\"9a684f0\" data-element_type=\"widget\" data-e-type=\"widget\" data-widget_type=\"heading.default\">\n\t\t\t\t<div class=\"elementor-widget-container\">\n\t\t\t\t\t<h2 class=\"elementor-heading-title elementor-size-default\">Conseil n\u00b03 : Travailler votre nom de marque et votre identit\u00e9 visuelle<\/h2>\t\t\t\t<\/div>\n\t\t\t\t<\/div>\n\t\t\t\t<div class=\"elementor-element elementor-element-a3ede64 elementor-widget elementor-widget-text-editor\" data-id=\"a3ede64\" data-element_type=\"widget\" data-e-type=\"widget\" data-widget_type=\"text-editor.default\">\n\t\t\t\t<div class=\"elementor-widget-container\">\n\t\t\t\t\t\t\t\t\t<p><span style=\"font-weight: 400;\">Vient ensuite l\u2019\u00e9tape de trouver son <strong>nom de marque<\/strong>. Certains l\u2019ont tr\u00e8s rapidement pour d\u2019autres cela est beaucoup plus flou. Parfois, c\u2019est une illumination, d\u2019autrefois, il d\u00e9coule de la mission ou des valeurs. Parfois, il ne veut rien dire, alors que pour d\u2019autres, c\u2019est un mot ou un ensemble de mots bien d\u00e9fini. \u00c0 ce moment, il est important de v\u00e9rifier que personne ne l\u2019a d\u00e9j\u00e0 pris sur Google mais \u00e9galement dans la <strong>base marques de l\u2019INPI<\/strong>. Vous pouvez \u00e9galement regarder tout de suite si le nom de domaine est bien libre. Cela vous donnera aussi une id\u00e9e pour savoir si quelqu\u2019un y a d\u00e9j\u00e0 pens\u00e9 ou non.\u00a0<\/span><\/p><p><span style=\"font-weight: 400;\">Ensuite, une fois votre nom de marque d\u00e9fini, vous pouvez travailler vous-m\u00eame ou passer par une agence de communication pour la cr\u00e9ation de votre identit\u00e9 visuelle. \u00c9tape importante, elle vous permettra de passer du projet au concret !<\/span><\/p>\t\t\t\t\t\t\t\t<\/div>\n\t\t\t\t<\/div>\n\t\t\t\t\t<\/div>\n\t\t<\/div>\n\t\t\t\t\t<\/div>\n\t\t<\/section>\n\t\t\t\t<section class=\"elementor-section elementor-top-section elementor-element elementor-element-58ce245 elementor-section-boxed elementor-section-height-default elementor-section-height-default\" data-id=\"58ce245\" data-element_type=\"section\" data-e-type=\"section\">\n\t\t\t\t\t\t<div class=\"elementor-container elementor-column-gap-default\">\n\t\t\t\t\t<div class=\"elementor-column elementor-col-33 elementor-top-column elementor-element elementor-element-0e83c0a\" data-id=\"0e83c0a\" data-element_type=\"column\" data-e-type=\"column\">\n\t\t\t<div class=\"elementor-widget-wrap elementor-element-populated\">\n\t\t\t\t\t\t<div class=\"elementor-element elementor-element-450c862 elementor-hidden-mobile e-transform e-transform elementor-widget elementor-widget-image\" data-id=\"450c862\" data-element_type=\"widget\" data-e-type=\"widget\" data-settings=\"{&quot;_transform_translateX_effect&quot;:{&quot;unit&quot;:&quot;%&quot;,&quot;size&quot;:70,&quot;sizes&quot;:[]},&quot;_transform_translateX_effect_tablet&quot;:{&quot;unit&quot;:&quot;%&quot;,&quot;size&quot;:&quot;&quot;,&quot;sizes&quot;:[]},&quot;_transform_translateX_effect_mobile&quot;:{&quot;unit&quot;:&quot;%&quot;,&quot;size&quot;:&quot;&quot;,&quot;sizes&quot;:[]},&quot;_transform_rotateZ_effect&quot;:{&quot;unit&quot;:&quot;px&quot;,&quot;size&quot;:&quot;&quot;,&quot;sizes&quot;:[]},&quot;_transform_rotateZ_effect_tablet&quot;:{&quot;unit&quot;:&quot;deg&quot;,&quot;size&quot;:&quot;&quot;,&quot;sizes&quot;:[]},&quot;_transform_rotateZ_effect_mobile&quot;:{&quot;unit&quot;:&quot;deg&quot;,&quot;size&quot;:&quot;&quot;,&quot;sizes&quot;:[]},&quot;_transform_translateY_effect&quot;:{&quot;unit&quot;:&quot;px&quot;,&quot;size&quot;:&quot;&quot;,&quot;sizes&quot;:[]},&quot;_transform_translateY_effect_tablet&quot;:{&quot;unit&quot;:&quot;px&quot;,&quot;size&quot;:&quot;&quot;,&quot;sizes&quot;:[]},&quot;_transform_translateY_effect_mobile&quot;:{&quot;unit&quot;:&quot;px&quot;,&quot;size&quot;:&quot;&quot;,&quot;sizes&quot;:[]}}\" data-widget_type=\"image.default\">\n\t\t\t\t<div class=\"elementor-widget-container\">\n\t\t\t\t\t\t\t\t\t\t\t\t\t\t\t<img decoding=\"async\" width=\"127\" height=\"262\" src=\"https:\/\/www.uptextile.fr\/wp-content\/uploads\/2022\/02\/Fichier-3UP.png\" class=\"attachment-large size-large wp-image-1163\" alt=\"UP\" srcset=\"https:\/\/www.uptextile.fr\/wp-content\/uploads\/2022\/02\/Fichier-3UP.png 127w, https:\/\/www.uptextile.fr\/wp-content\/uploads\/2022\/02\/Fichier-3UP-6x12.png 6w\" sizes=\"(max-width: 127px) 100vw, 127px\" \/>\t\t\t\t\t\t\t\t\t\t\t\t\t\t\t<\/div>\n\t\t\t\t<\/div>\n\t\t\t\t\t<\/div>\n\t\t<\/div>\n\t\t\t\t<div class=\"elementor-column elementor-col-33 elementor-top-column elementor-element elementor-element-0c6cfa8\" data-id=\"0c6cfa8\" data-element_type=\"column\" data-e-type=\"column\">\n\t\t\t<div class=\"elementor-widget-wrap elementor-element-populated\">\n\t\t\t\t\t\t<div class=\"elementor-element elementor-element-b5c551f elementor-widget elementor-widget-image\" data-id=\"b5c551f\" data-element_type=\"widget\" data-e-type=\"widget\" data-widget_type=\"image.default\">\n\t\t\t\t<div class=\"elementor-widget-container\">\n\t\t\t\t\t\t\t\t\t\t\t\t\t\t\t<img decoding=\"async\" src=\"https:\/\/www.uptextile.fr\/wp-content\/uploads\/2023\/01\/woman-customer-looking-beautiful-fabric-drapery-shop-scaled.jpg\" title=\"Fournisseur\" alt=\"Fournisseur\" loading=\"lazy\" \/>\t\t\t\t\t\t\t\t\t\t\t\t\t\t\t<\/div>\n\t\t\t\t<\/div>\n\t\t\t\t\t<\/div>\n\t\t<\/div>\n\t\t\t\t<div class=\"elementor-column elementor-col-33 elementor-top-column elementor-element elementor-element-9f702e4\" data-id=\"9f702e4\" data-element_type=\"column\" data-e-type=\"column\">\n\t\t\t<div class=\"elementor-widget-wrap elementor-element-populated\">\n\t\t\t\t\t\t<div class=\"elementor-element elementor-element-88798d4 elementor-hidden-mobile e-transform elementor-widget elementor-widget-image\" data-id=\"88798d4\" data-element_type=\"widget\" data-e-type=\"widget\" data-settings=\"{&quot;_transform_translateY_effect&quot;:{&quot;unit&quot;:&quot;%&quot;,&quot;size&quot;:28,&quot;sizes&quot;:[]},&quot;_transform_translateY_effect_tablet&quot;:{&quot;unit&quot;:&quot;%&quot;,&quot;size&quot;:&quot;&quot;,&quot;sizes&quot;:[]},&quot;_transform_translateY_effect_mobile&quot;:{&quot;unit&quot;:&quot;%&quot;,&quot;size&quot;:&quot;&quot;,&quot;sizes&quot;:[]},&quot;_transform_translateX_effect&quot;:{&quot;unit&quot;:&quot;px&quot;,&quot;size&quot;:&quot;&quot;,&quot;sizes&quot;:[]},&quot;_transform_translateX_effect_tablet&quot;:{&quot;unit&quot;:&quot;px&quot;,&quot;size&quot;:&quot;&quot;,&quot;sizes&quot;:[]},&quot;_transform_translateX_effect_mobile&quot;:{&quot;unit&quot;:&quot;px&quot;,&quot;size&quot;:&quot;&quot;,&quot;sizes&quot;:[]}}\" data-widget_type=\"image.default\">\n\t\t\t\t<div class=\"elementor-widget-container\">\n\t\t\t\t\t\t\t\t\t\t\t\t\t\t\t<img decoding=\"async\" width=\"300\" height=\"200\" src=\"https:\/\/www.uptextile.fr\/wp-content\/uploads\/2023\/01\/fabrics-background-300x200.jpg\" class=\"attachment-medium size-medium wp-image-2701\" alt=\"Fournisseur textile\" srcset=\"https:\/\/www.uptextile.fr\/wp-content\/uploads\/2023\/01\/fabrics-background-300x200.jpg 300w, https:\/\/www.uptextile.fr\/wp-content\/uploads\/2023\/01\/fabrics-background-1024x683.jpg 1024w, https:\/\/www.uptextile.fr\/wp-content\/uploads\/2023\/01\/fabrics-background-768x512.jpg 768w, https:\/\/www.uptextile.fr\/wp-content\/uploads\/2023\/01\/fabrics-background-1536x1024.jpg 1536w, https:\/\/www.uptextile.fr\/wp-content\/uploads\/2023\/01\/fabrics-background-2048x1365.jpg 2048w, https:\/\/www.uptextile.fr\/wp-content\/uploads\/2023\/01\/fabrics-background-18x12.jpg 18w, https:\/\/www.uptextile.fr\/wp-content\/uploads\/2023\/01\/fabrics-background-600x400.jpg 600w\" sizes=\"(max-width: 300px) 100vw, 300px\" \/>\t\t\t\t\t\t\t\t\t\t\t\t\t\t\t<\/div>\n\t\t\t\t<\/div>\n\t\t\t\t\t<\/div>\n\t\t<\/div>\n\t\t\t\t\t<\/div>\n\t\t<\/section>\n\t\t\t\t<section class=\"elementor-section elementor-top-section elementor-element elementor-element-7b03e43 elementor-section-boxed elementor-section-height-default elementor-section-height-default\" data-id=\"7b03e43\" data-element_type=\"section\" data-e-type=\"section\">\n\t\t\t\t\t\t<div class=\"elementor-container elementor-column-gap-default\">\n\t\t\t\t\t<div class=\"elementor-column elementor-col-100 elementor-top-column elementor-element elementor-element-23414b9\" data-id=\"23414b9\" data-element_type=\"column\" data-e-type=\"column\">\n\t\t\t<div class=\"elementor-widget-wrap elementor-element-populated\">\n\t\t\t\t\t\t<div class=\"elementor-element elementor-element-371fd41 elementor-widget elementor-widget-spacer\" data-id=\"371fd41\" data-element_type=\"widget\" data-e-type=\"widget\" data-widget_type=\"spacer.default\">\n\t\t\t\t<div class=\"elementor-widget-container\">\n\t\t\t\t\t\t\t<div class=\"elementor-spacer\">\n\t\t\t<div class=\"elementor-spacer-inner\"><\/div>\n\t\t<\/div>\n\t\t\t\t\t\t<\/div>\n\t\t\t\t<\/div>\n\t\t\t\t\t<\/div>\n\t\t<\/div>\n\t\t\t\t\t<\/div>\n\t\t<\/section>\n\t\t\t\t<section class=\"elementor-section elementor-top-section elementor-element elementor-element-33c5eed elementor-section-boxed elementor-section-height-default elementor-section-height-default\" data-id=\"33c5eed\" data-element_type=\"section\" data-e-type=\"section\">\n\t\t\t\t\t\t<div class=\"elementor-container elementor-column-gap-default\">\n\t\t\t\t\t<div class=\"elementor-column elementor-col-100 elementor-top-column elementor-element elementor-element-0aa7852\" data-id=\"0aa7852\" data-element_type=\"column\" data-e-type=\"column\">\n\t\t\t<div class=\"elementor-widget-wrap elementor-element-populated\">\n\t\t\t\t\t\t<div class=\"elementor-element elementor-element-9f38df4 elementor-widget elementor-widget-heading\" data-id=\"9f38df4\" data-element_type=\"widget\" data-e-type=\"widget\" data-widget_type=\"heading.default\">\n\t\t\t\t<div class=\"elementor-widget-container\">\n\t\t\t\t\t<h2 class=\"elementor-heading-title elementor-size-default\">Conseil n\u00b04 : Trouver des fournisseurs de proximit\u00e9 et de qualit\u00e9\n<\/h2>\t\t\t\t<\/div>\n\t\t\t\t<\/div>\n\t\t\t\t<div class=\"elementor-element elementor-element-a4d1ac1 elementor-widget elementor-widget-text-editor\" data-id=\"a4d1ac1\" data-element_type=\"widget\" data-e-type=\"widget\" data-widget_type=\"text-editor.default\">\n\t\t\t\t<div class=\"elementor-widget-container\">\n\t\t\t\t\t\t\t\t\t<p><span style=\"font-weight: 400;\">La communication, c\u2019est bien mais si nos produits ne sont pas de qualit\u00e9, ils ne se vendront pas. Il vous faudra donc trouver des f<strong>ournisseurs de proximit\u00e9 et de qualit\u00e9<\/strong> comme par exemple Up\u2019Textile pour l\u2019impression et la confection.\u00a0<\/span><\/p><p><span style=\"font-weight: 400;\">Bien souvent, nous avons une id\u00e9e de produit bien pr\u00e9cis en t\u00eate avec des croquis, des textiles bien d\u00e9finis. Il est parfois n\u00e9cessaire de trouver un fournisseur qui sera \u00e9galement l\u00e0 pour vous guider dans vos choix et confirmer ou infirmer un point sur votre produit ou vos produits. <\/span><\/p>\t\t\t\t\t\t\t\t<\/div>\n\t\t\t\t<\/div>\n\t\t\t\t\t<\/div>\n\t\t<\/div>\n\t\t\t\t\t<\/div>\n\t\t<\/section>\n\t\t\t\t<section class=\"elementor-section elementor-top-section elementor-element elementor-element-56896f8 elementor-section-boxed elementor-section-height-default elementor-section-height-default\" data-id=\"56896f8\" data-element_type=\"section\" data-e-type=\"section\">\n\t\t\t\t\t\t<div class=\"elementor-container elementor-column-gap-default\">\n\t\t\t\t\t<div class=\"elementor-column elementor-col-50 elementor-top-column elementor-element elementor-element-aada066\" data-id=\"aada066\" data-element_type=\"column\" data-e-type=\"column\">\n\t\t\t<div class=\"elementor-widget-wrap elementor-element-populated\">\n\t\t\t\t\t\t<div class=\"elementor-element elementor-element-4c02d13 elementor-widget elementor-widget-spacer\" data-id=\"4c02d13\" data-element_type=\"widget\" data-e-type=\"widget\" data-widget_type=\"spacer.default\">\n\t\t\t\t<div class=\"elementor-widget-container\">\n\t\t\t\t\t\t\t<div class=\"elementor-spacer\">\n\t\t\t<div class=\"elementor-spacer-inner\"><\/div>\n\t\t<\/div>\n\t\t\t\t\t\t<\/div>\n\t\t\t\t<\/div>\n\t\t\t\t<div class=\"elementor-element elementor-element-ba8cc0f elementor-widget elementor-widget-image\" data-id=\"ba8cc0f\" data-element_type=\"widget\" data-e-type=\"widget\" data-widget_type=\"image.default\">\n\t\t\t\t<div class=\"elementor-widget-container\">\n\t\t\t\t\t\t\t\t\t\t\t\t\t\t\t<img loading=\"lazy\" decoding=\"async\" width=\"800\" height=\"560\" src=\"https:\/\/www.uptextile.fr\/wp-content\/uploads\/2023\/01\/UPTEXTILE-MOBILE-MOCKUP-1-1024x717.jpg\" class=\"attachment-large size-large wp-image-2703\" alt=\"Cr\u00e9er sa marque\" srcset=\"https:\/\/www.uptextile.fr\/wp-content\/uploads\/2023\/01\/UPTEXTILE-MOBILE-MOCKUP-1-1024x717.jpg 1024w, https:\/\/www.uptextile.fr\/wp-content\/uploads\/2023\/01\/UPTEXTILE-MOBILE-MOCKUP-1-300x210.jpg 300w, https:\/\/www.uptextile.fr\/wp-content\/uploads\/2023\/01\/UPTEXTILE-MOBILE-MOCKUP-1-768x538.jpg 768w, https:\/\/www.uptextile.fr\/wp-content\/uploads\/2023\/01\/UPTEXTILE-MOBILE-MOCKUP-1-1536x1075.jpg 1536w, https:\/\/www.uptextile.fr\/wp-content\/uploads\/2023\/01\/UPTEXTILE-MOBILE-MOCKUP-1-2048x1434.jpg 2048w, https:\/\/www.uptextile.fr\/wp-content\/uploads\/2023\/01\/UPTEXTILE-MOBILE-MOCKUP-1-18x12.jpg 18w, https:\/\/www.uptextile.fr\/wp-content\/uploads\/2023\/01\/UPTEXTILE-MOBILE-MOCKUP-1-600x420.jpg 600w\" sizes=\"(max-width: 800px) 100vw, 800px\" \/>\t\t\t\t\t\t\t\t\t\t\t\t\t\t\t<\/div>\n\t\t\t\t<\/div>\n\t\t\t\t\t<\/div>\n\t\t<\/div>\n\t\t\t\t<div class=\"elementor-column elementor-col-50 elementor-top-column elementor-element elementor-element-31a4508\" data-id=\"31a4508\" data-element_type=\"column\" data-e-type=\"column\">\n\t\t\t<div class=\"elementor-widget-wrap elementor-element-populated\">\n\t\t\t\t\t\t<div class=\"elementor-element elementor-element-614a19b elementor-widget elementor-widget-heading\" data-id=\"614a19b\" data-element_type=\"widget\" data-e-type=\"widget\" data-widget_type=\"heading.default\">\n\t\t\t\t<div class=\"elementor-widget-container\">\n\t\t\t\t\t<h2 class=\"elementor-heading-title elementor-size-default\">Conseil n\u00b05 : Pr\u00e9parer un plan de communication et de commercialisation pour le lancement de votre marque<\/h2>\t\t\t\t<\/div>\n\t\t\t\t<\/div>\n\t\t\t\t<div class=\"elementor-element elementor-element-ca651bd elementor-widget elementor-widget-text-editor\" data-id=\"ca651bd\" data-element_type=\"widget\" data-e-type=\"widget\" data-widget_type=\"text-editor.default\">\n\t\t\t\t<div class=\"elementor-widget-container\">\n\t\t\t\t\t\t\t\t\t<p><span style=\"font-weight: 400;\">C\u2019est bon, vous avez analys\u00e9 le march\u00e9, vous savez ce que vous souhaitez vendre et \u00e0 quel prix, vous avez votre nom, votre identit\u00e9 visuelle et vos fournisseurs, il faut donc passer \u00e0 la pr\u00e9paration du <strong>plan de communication<\/strong> pour <strong>lancer sa marque<\/strong>.\u00a0<\/span><\/p><p><span style=\"font-weight: 400;\">De nos jours, le digital est tr\u00e8s pr\u00e9sent dans le monde du textile. Site internet, r\u00e9seaux sociaux, page Google My Business, \u2026 Il faut s\u00e9lectionner les canaux de communication en fonction de sa cible, de sa client\u00e8le. Mais, le digital ne fait pas tout. Avez-vous pr\u00e9vu d\u2019\u00eatre pr\u00e9sent dans des concept store, lors d\u2019\u00e9v\u00e9nements, foires ou salons ? Avez-vous prospect\u00e9 afin d\u2019avoir des revendeurs ? Avez-vous pr\u00e9vu de faire du teasing ? Souhaitez-vous ouvrir une boutique ? Allez-vous trouver des repr\u00e9sentants de marque ?\u00a0<\/span><\/p><p><span style=\"font-weight: 400;\">De nombreuses questions sont \u00e0 poser car de nombreux <strong>canaux de communication et de commercialisation<\/strong> existent !<\/span><\/p>\t\t\t\t\t\t\t\t<\/div>\n\t\t\t\t<\/div>\n\t\t\t\t\t<\/div>\n\t\t<\/div>\n\t\t\t\t\t<\/div>\n\t\t<\/section>\n\t\t\t\t<section class=\"elementor-section elementor-top-section elementor-element elementor-element-a7228de elementor-section-boxed elementor-section-height-default elementor-section-height-default\" data-id=\"a7228de\" data-element_type=\"section\" data-e-type=\"section\">\n\t\t\t\t\t\t<div class=\"elementor-container elementor-column-gap-default\">\n\t\t\t\t\t<div class=\"elementor-column elementor-col-100 elementor-top-column elementor-element elementor-element-7758c5b\" data-id=\"7758c5b\" data-element_type=\"column\" data-e-type=\"column\">\n\t\t\t<div class=\"elementor-widget-wrap elementor-element-populated\">\n\t\t\t\t\t\t<div class=\"elementor-element elementor-element-d9a0a4c elementor-widget elementor-widget-spacer\" data-id=\"d9a0a4c\" data-element_type=\"widget\" data-e-type=\"widget\" data-widget_type=\"spacer.default\">\n\t\t\t\t<div class=\"elementor-widget-container\">\n\t\t\t\t\t\t\t<div class=\"elementor-spacer\">\n\t\t\t<div class=\"elementor-spacer-inner\"><\/div>\n\t\t<\/div>\n\t\t\t\t\t\t<\/div>\n\t\t\t\t<\/div>\n\t\t\t\t<div class=\"elementor-element elementor-element-2d23ff0 elementor-widget elementor-widget-heading\" data-id=\"2d23ff0\" data-element_type=\"widget\" data-e-type=\"widget\" data-widget_type=\"heading.default\">\n\t\t\t\t<div class=\"elementor-widget-container\">\n\t\t\t\t\t<h2 class=\"elementor-heading-title elementor-size-default\">Conseil n\u00b06 : Cr\u00e9er votre propre collection<\/h2>\t\t\t\t<\/div>\n\t\t\t\t<\/div>\n\t\t\t\t<div class=\"elementor-element elementor-element-2e9543b elementor-widget elementor-widget-text-editor\" data-id=\"2e9543b\" data-element_type=\"widget\" data-e-type=\"widget\" data-widget_type=\"text-editor.default\">\n\t\t\t\t<div class=\"elementor-widget-container\">\n\t\t\t\t\t\t\t\t\t<p><span style=\"font-weight: 400;\">Dans le milieu du textile, nous raisonnons bien souvent en collection. Maintenant que vous savez o\u00f9 vous allez, que vous avez d\u00e9fini votre trajectoire, vous pouvez donc travailler plus sereinement sur votre <strong>premi\u00e8re collection<\/strong>. Pensez toujours \u00e0 anticiper au maximum. <\/span><\/p>\t\t\t\t\t\t\t\t<\/div>\n\t\t\t\t<\/div>\n\t\t\t\t\t<\/div>\n\t\t<\/div>\n\t\t\t\t\t<\/div>\n\t\t<\/section>\n\t\t\t\t<section class=\"elementor-section elementor-top-section elementor-element elementor-element-f36a025 elementor-section-boxed elementor-section-height-default elementor-section-height-default\" data-id=\"f36a025\" data-element_type=\"section\" data-e-type=\"section\">\n\t\t\t\t\t\t<div class=\"elementor-container elementor-column-gap-default\">\n\t\t\t\t\t<div class=\"elementor-column elementor-col-100 elementor-top-column elementor-element elementor-element-20033a3\" data-id=\"20033a3\" data-element_type=\"column\" data-e-type=\"column\">\n\t\t\t<div class=\"elementor-widget-wrap elementor-element-populated\">\n\t\t\t\t\t\t<div class=\"elementor-element elementor-element-02bf2ba elementor-widget elementor-widget-spacer\" data-id=\"02bf2ba\" data-element_type=\"widget\" data-e-type=\"widget\" data-widget_type=\"spacer.default\">\n\t\t\t\t<div class=\"elementor-widget-container\">\n\t\t\t\t\t\t\t<div class=\"elementor-spacer\">\n\t\t\t<div class=\"elementor-spacer-inner\"><\/div>\n\t\t<\/div>\n\t\t\t\t\t\t<\/div>\n\t\t\t\t<\/div>\n\t\t\t\t<div class=\"elementor-element elementor-element-99ab5d7 elementor-widget elementor-widget-heading\" data-id=\"99ab5d7\" data-element_type=\"widget\" data-e-type=\"widget\" data-widget_type=\"heading.default\">\n\t\t\t\t<div class=\"elementor-widget-container\">\n\t\t\t\t\t<h2 class=\"elementor-heading-title elementor-size-default\">Conseil n\u00b07 : Ne l\u00e9siner pas l\u2019exp\u00e9rience client<\/h2>\t\t\t\t<\/div>\n\t\t\t\t<\/div>\n\t\t\t\t<div class=\"elementor-element elementor-element-2e53696 elementor-widget elementor-widget-text-editor\" data-id=\"2e53696\" data-element_type=\"widget\" data-e-type=\"widget\" data-widget_type=\"text-editor.default\">\n\t\t\t\t<div class=\"elementor-widget-container\">\n\t\t\t\t\t\t\t\t\t<p><span style=\"font-weight: 400;\">Pour finir, le dernier conseil et pas des moindres est l\u2019<strong>exp\u00e9rience client<\/strong>. De nos jours, il existe de nombreuses marques textiles. Il est donc important pour vous de sortir du lot.\u00a0<\/span><\/p><p><span style=\"font-weight: 400;\">Il existe de nombreux biais sur lesquels vous pouvez travailler : le <strong>packaging<\/strong>, la <strong>d\u00e9couverte du produit<\/strong>, une <strong>ambiance<\/strong> particuli\u00e8re dans les <strong>lieux de commercialisation<\/strong>, un <strong>logo olfactif<\/strong>, \u2026<\/span><\/p><p><span style=\"font-weight: 400;\">Ne l\u00e9sinez pas cette partie car l\u2019exp\u00e9rience client est ce qui vous permettra de tirer votre \u00e9pingle du jeu. <\/span><\/p>\t\t\t\t\t\t\t\t<\/div>\n\t\t\t\t<\/div>\n\t\t\t\t\t<\/div>\n\t\t<\/div>\n\t\t\t\t\t<\/div>\n\t\t<\/section>\n\t\t\t\t<section class=\"elementor-section elementor-top-section elementor-element elementor-element-a277653 elementor-section-boxed elementor-section-height-default elementor-section-height-default\" data-id=\"a277653\" data-element_type=\"section\" data-e-type=\"section\">\n\t\t\t\t\t\t<div class=\"elementor-container elementor-column-gap-default\">\n\t\t\t\t\t<div class=\"elementor-column elementor-col-100 elementor-top-column elementor-element elementor-element-4678fb8\" data-id=\"4678fb8\" data-element_type=\"column\" data-e-type=\"column\">\n\t\t\t<div class=\"elementor-widget-wrap elementor-element-populated\">\n\t\t\t\t\t\t<div class=\"elementor-element elementor-element-a2036e8 elementor-widget elementor-widget-spacer\" data-id=\"a2036e8\" data-element_type=\"widget\" data-e-type=\"widget\" data-widget_type=\"spacer.default\">\n\t\t\t\t<div class=\"elementor-widget-container\">\n\t\t\t\t\t\t\t<div class=\"elementor-spacer\">\n\t\t\t<div class=\"elementor-spacer-inner\"><\/div>\n\t\t<\/div>\n\t\t\t\t\t\t<\/div>\n\t\t\t\t<\/div>\n\t\t\t\t<div class=\"elementor-element elementor-element-1a6cb0b elementor-widget elementor-widget-text-editor\" data-id=\"1a6cb0b\" data-element_type=\"widget\" data-e-type=\"widget\" data-widget_type=\"text-editor.default\">\n\t\t\t\t<div class=\"elementor-widget-container\">\n\t\t\t\t\t\t\t\t\t<p><span style=\"font-weight: 400;\">Vous \u00eates pr\u00eat(e) \u00e0 vous lancer ? Parfait, n\u2019h\u00e9sitez pas \u00e0 nous contacter pour en savoir plus sur notre exp\u00e9rience et les diff\u00e9rents services que l\u2019on peut vous proposer dans la <strong>cr\u00e9ation et confection de vos produits<\/strong>.\u00a0<\/span><\/p><p><span style=\"font-weight: 400;\">Pour finir, il est parfois compliqu\u00e9 de prendre de la hauteur, alors, n\u2019h\u00e9sitez pas \u00e0 vous entourez-vous de professionnels diff\u00e9rents comme une agence de communication qui peut vous cr\u00e9er un plan de communication et de commercialisation qui vous permettra d\u2019avoir une ligne directrice surtout lors du d\u00e9marrage !<\/span><\/p>\t\t\t\t\t\t\t\t<\/div>\n\t\t\t\t<\/div>\n\t\t\t\t\t<\/div>\n\t\t<\/div>\n\t\t\t\t\t<\/div>\n\t\t<\/section>\n\t\t\t\t<section class=\"elementor-section elementor-top-section elementor-element elementor-element-0ab8e36 elementor-section-boxed elementor-section-height-default elementor-section-height-default\" data-id=\"0ab8e36\" data-element_type=\"section\" data-e-type=\"section\">\n\t\t\t\t\t\t<div class=\"elementor-container elementor-column-gap-default\">\n\t\t\t\t\t<div class=\"elementor-column elementor-col-100 elementor-top-column elementor-element elementor-element-5b666b2\" data-id=\"5b666b2\" data-element_type=\"column\" data-e-type=\"column\">\n\t\t\t<div class=\"elementor-widget-wrap elementor-element-populated\">\n\t\t\t\t\t\t<div class=\"elementor-element elementor-element-9da2564 elementor-widget elementor-widget-spacer\" data-id=\"9da2564\" data-element_type=\"widget\" data-e-type=\"widget\" data-widget_type=\"spacer.default\">\n\t\t\t\t<div class=\"elementor-widget-container\">\n\t\t\t\t\t\t\t<div class=\"elementor-spacer\">\n\t\t\t<div class=\"elementor-spacer-inner\"><\/div>\n\t\t<\/div>\n\t\t\t\t\t\t<\/div>\n\t\t\t\t<\/div>\n\t\t\t\t\t<\/div>\n\t\t<\/div>\n\t\t\t\t\t<\/div>\n\t\t<\/section>\n\t\t\t\t<\/div>","protected":false},"excerpt":{"rendered":"<p><\/p>","protected":false},"author":1,"featured_media":2701,"comment_status":"closed","ping_status":"open","sticky":false,"template":"elementor_header_footer","format":"standard","meta":{"_monsterinsights_skip_tracking":false,"_monsterinsights_sitenote_active":false,"_monsterinsights_sitenote_note":"","_monsterinsights_sitenote_category":0,"footnotes":""},"categories":[244],"tags":[],"class_list":["post-2697","post","type-post","status-publish","format-standard","has-post-thumbnail","hentry","category-interviews"],"yoast_head":"<!-- This site is optimized with the Yoast SEO plugin v27.4 - https:\/\/yoast.com\/product\/yoast-seo-wordpress\/ -->\n<title>7 conseils pour cr\u00e9er sa marque textile - UpTextile<\/title>\n<meta name=\"description\" content=\"Bomoki est une marque responsable qui donne du sens \u00e0 son int\u00e9rieur. Nous avons interview\u00e9 la fondatrice de la marque, Laurianne Roda.\" \/>\n<meta name=\"robots\" content=\"index, follow, max-snippet:-1, max-image-preview:large, max-video-preview:-1\" \/>\n<link rel=\"canonical\" href=\"https:\/\/www.uptextile.fr\/en\/7-conseils-pour-creer-sa-marque-textile\/\" \/>\n<meta property=\"og:locale\" content=\"en_GB\" \/>\n<meta property=\"og:type\" content=\"article\" \/>\n<meta property=\"og:title\" content=\"7 conseils pour cr\u00e9er sa marque textile - UpTextile\" \/>\n<meta property=\"og:description\" content=\"Bomoki est une marque responsable qui donne du sens \u00e0 son int\u00e9rieur. Nous avons interview\u00e9 la fondatrice de la marque, Laurianne Roda.\" \/>\n<meta property=\"og:url\" content=\"https:\/\/www.uptextile.fr\/en\/7-conseils-pour-creer-sa-marque-textile\/\" \/>\n<meta property=\"og:site_name\" content=\"UpTextile\" \/>\n<meta property=\"article:published_time\" content=\"2023-01-24T11:51:49+00:00\" \/>\n<meta property=\"article:modified_time\" content=\"2024-09-30T12:26:00+00:00\" \/>\n<meta property=\"og:image\" content=\"https:\/\/www.uptextile.fr\/wp-content\/uploads\/2023\/01\/fabrics-background-scaled.jpg\" \/>\n\t<meta property=\"og:image:width\" content=\"2560\" \/>\n\t<meta property=\"og:image:height\" content=\"1707\" \/>\n\t<meta property=\"og:image:type\" content=\"image\/jpeg\" \/>\n<meta name=\"author\" content=\"admin\" \/>\n<meta name=\"twitter:card\" content=\"summary_large_image\" \/>\n<meta name=\"twitter:label1\" content=\"Written by\" \/>\n\t<meta name=\"twitter:data1\" content=\"admin\" \/>\n\t<meta name=\"twitter:label2\" content=\"Estimated reading time\" \/>\n\t<meta name=\"twitter:data2\" content=\"6 minutes\" \/>\n<script type=\"application\/ld+json\" class=\"yoast-schema-graph\">{\"@context\":\"https:\\\/\\\/schema.org\",\"@graph\":[{\"@type\":\"Article\",\"@id\":\"https:\\\/\\\/www.uptextile.fr\\\/7-conseils-pour-creer-sa-marque-textile\\\/#article\",\"isPartOf\":{\"@id\":\"https:\\\/\\\/www.uptextile.fr\\\/7-conseils-pour-creer-sa-marque-textile\\\/\"},\"author\":{\"name\":\"admin\",\"@id\":\"https:\\\/\\\/www.uptextile.fr\\\/#\\\/schema\\\/person\\\/ddd7afbcab186b7fb4ccfcc324dc6ade\"},\"headline\":\"7 conseils pour cr\u00e9er sa marque textile\",\"datePublished\":\"2023-01-24T11:51:49+00:00\",\"dateModified\":\"2024-09-30T12:26:00+00:00\",\"mainEntityOfPage\":{\"@id\":\"https:\\\/\\\/www.uptextile.fr\\\/7-conseils-pour-creer-sa-marque-textile\\\/\"},\"wordCount\":951,\"image\":{\"@id\":\"https:\\\/\\\/www.uptextile.fr\\\/7-conseils-pour-creer-sa-marque-textile\\\/#primaryimage\"},\"thumbnailUrl\":\"https:\\\/\\\/www.uptextile.fr\\\/wp-content\\\/uploads\\\/2023\\\/01\\\/fabrics-background-scaled.jpg\",\"articleSection\":[\"Interviews\"],\"inLanguage\":\"en-GB\"},{\"@type\":\"WebPage\",\"@id\":\"https:\\\/\\\/www.uptextile.fr\\\/7-conseils-pour-creer-sa-marque-textile\\\/\",\"url\":\"https:\\\/\\\/www.uptextile.fr\\\/7-conseils-pour-creer-sa-marque-textile\\\/\",\"name\":\"7 conseils pour cr\u00e9er sa marque textile - UpTextile\",\"isPartOf\":{\"@id\":\"https:\\\/\\\/www.uptextile.fr\\\/#website\"},\"primaryImageOfPage\":{\"@id\":\"https:\\\/\\\/www.uptextile.fr\\\/7-conseils-pour-creer-sa-marque-textile\\\/#primaryimage\"},\"image\":{\"@id\":\"https:\\\/\\\/www.uptextile.fr\\\/7-conseils-pour-creer-sa-marque-textile\\\/#primaryimage\"},\"thumbnailUrl\":\"https:\\\/\\\/www.uptextile.fr\\\/wp-content\\\/uploads\\\/2023\\\/01\\\/fabrics-background-scaled.jpg\",\"datePublished\":\"2023-01-24T11:51:49+00:00\",\"dateModified\":\"2024-09-30T12:26:00+00:00\",\"author\":{\"@id\":\"https:\\\/\\\/www.uptextile.fr\\\/#\\\/schema\\\/person\\\/ddd7afbcab186b7fb4ccfcc324dc6ade\"},\"description\":\"Bomoki est une marque responsable qui donne du sens \u00e0 son int\u00e9rieur. Nous avons interview\u00e9 la fondatrice de la marque, Laurianne Roda.\",\"breadcrumb\":{\"@id\":\"https:\\\/\\\/www.uptextile.fr\\\/7-conseils-pour-creer-sa-marque-textile\\\/#breadcrumb\"},\"inLanguage\":\"en-GB\",\"potentialAction\":[{\"@type\":\"ReadAction\",\"target\":[\"https:\\\/\\\/www.uptextile.fr\\\/7-conseils-pour-creer-sa-marque-textile\\\/\"]}]},{\"@type\":\"ImageObject\",\"inLanguage\":\"en-GB\",\"@id\":\"https:\\\/\\\/www.uptextile.fr\\\/7-conseils-pour-creer-sa-marque-textile\\\/#primaryimage\",\"url\":\"https:\\\/\\\/www.uptextile.fr\\\/wp-content\\\/uploads\\\/2023\\\/01\\\/fabrics-background-scaled.jpg\",\"contentUrl\":\"https:\\\/\\\/www.uptextile.fr\\\/wp-content\\\/uploads\\\/2023\\\/01\\\/fabrics-background-scaled.jpg\",\"width\":2560,\"height\":1707,\"caption\":\"Fournisseur textile\"},{\"@type\":\"BreadcrumbList\",\"@id\":\"https:\\\/\\\/www.uptextile.fr\\\/7-conseils-pour-creer-sa-marque-textile\\\/#breadcrumb\",\"itemListElement\":[{\"@type\":\"ListItem\",\"position\":1,\"name\":\"Accueil\",\"item\":\"https:\\\/\\\/www.uptextile.fr\\\/\"},{\"@type\":\"ListItem\",\"position\":2,\"name\":\"7 conseils pour cr\u00e9er sa marque textile\"}]},{\"@type\":\"WebSite\",\"@id\":\"https:\\\/\\\/www.uptextile.fr\\\/#website\",\"url\":\"https:\\\/\\\/www.uptextile.fr\\\/\",\"name\":\"UpTextile\",\"description\":\"L&#039;impression num\u00e9rique \u00e0 votre service\",\"potentialAction\":[{\"@type\":\"SearchAction\",\"target\":{\"@type\":\"EntryPoint\",\"urlTemplate\":\"https:\\\/\\\/www.uptextile.fr\\\/?s={search_term_string}\"},\"query-input\":{\"@type\":\"PropertyValueSpecification\",\"valueRequired\":true,\"valueName\":\"search_term_string\"}}],\"inLanguage\":\"en-GB\"},{\"@type\":\"Person\",\"@id\":\"https:\\\/\\\/www.uptextile.fr\\\/#\\\/schema\\\/person\\\/ddd7afbcab186b7fb4ccfcc324dc6ade\",\"name\":\"admin\",\"image\":{\"@type\":\"ImageObject\",\"inLanguage\":\"en-GB\",\"@id\":\"https:\\\/\\\/secure.gravatar.com\\\/avatar\\\/6670ee2da31d04324ab60d2c276c81c91f6f128389d0cd7f2efb1030b28554de?s=96&d=mm&r=g\",\"url\":\"https:\\\/\\\/secure.gravatar.com\\\/avatar\\\/6670ee2da31d04324ab60d2c276c81c91f6f128389d0cd7f2efb1030b28554de?s=96&d=mm&r=g\",\"contentUrl\":\"https:\\\/\\\/secure.gravatar.com\\\/avatar\\\/6670ee2da31d04324ab60d2c276c81c91f6f128389d0cd7f2efb1030b28554de?s=96&d=mm&r=g\",\"caption\":\"admin\"},\"url\":\"https:\\\/\\\/www.uptextile.fr\\\/en\\\/author\\\/admin\\\/\"}]}<\/script>\n<!-- \/ Yoast SEO plugin. -->","yoast_head_json":{"title":"7 conseils pour cr\u00e9er sa marque textile - UpTextile","description":"Bomoki est une marque responsable qui donne du sens \u00e0 son int\u00e9rieur. Nous avons interview\u00e9 la fondatrice de la marque, Laurianne Roda.","robots":{"index":"index","follow":"follow","max-snippet":"max-snippet:-1","max-image-preview":"max-image-preview:large","max-video-preview":"max-video-preview:-1"},"canonical":"https:\/\/www.uptextile.fr\/en\/7-conseils-pour-creer-sa-marque-textile\/","og_locale":"en_GB","og_type":"article","og_title":"7 conseils pour cr\u00e9er sa marque textile - UpTextile","og_description":"Bomoki est une marque responsable qui donne du sens \u00e0 son int\u00e9rieur. Nous avons interview\u00e9 la fondatrice de la marque, Laurianne Roda.","og_url":"https:\/\/www.uptextile.fr\/en\/7-conseils-pour-creer-sa-marque-textile\/","og_site_name":"UpTextile","article_published_time":"2023-01-24T11:51:49+00:00","article_modified_time":"2024-09-30T12:26:00+00:00","og_image":[{"width":2560,"height":1707,"url":"https:\/\/www.uptextile.fr\/wp-content\/uploads\/2023\/01\/fabrics-background-scaled.jpg","type":"image\/jpeg"}],"author":"admin","twitter_card":"summary_large_image","twitter_misc":{"Written by":"admin","Estimated reading time":"6 minutes"},"schema":{"@context":"https:\/\/schema.org","@graph":[{"@type":"Article","@id":"https:\/\/www.uptextile.fr\/7-conseils-pour-creer-sa-marque-textile\/#article","isPartOf":{"@id":"https:\/\/www.uptextile.fr\/7-conseils-pour-creer-sa-marque-textile\/"},"author":{"name":"admin","@id":"https:\/\/www.uptextile.fr\/#\/schema\/person\/ddd7afbcab186b7fb4ccfcc324dc6ade"},"headline":"7 conseils pour cr\u00e9er sa marque textile","datePublished":"2023-01-24T11:51:49+00:00","dateModified":"2024-09-30T12:26:00+00:00","mainEntityOfPage":{"@id":"https:\/\/www.uptextile.fr\/7-conseils-pour-creer-sa-marque-textile\/"},"wordCount":951,"image":{"@id":"https:\/\/www.uptextile.fr\/7-conseils-pour-creer-sa-marque-textile\/#primaryimage"},"thumbnailUrl":"https:\/\/www.uptextile.fr\/wp-content\/uploads\/2023\/01\/fabrics-background-scaled.jpg","articleSection":["Interviews"],"inLanguage":"en-GB"},{"@type":"WebPage","@id":"https:\/\/www.uptextile.fr\/7-conseils-pour-creer-sa-marque-textile\/","url":"https:\/\/www.uptextile.fr\/7-conseils-pour-creer-sa-marque-textile\/","name":"7 conseils pour cr\u00e9er sa marque textile - UpTextile","isPartOf":{"@id":"https:\/\/www.uptextile.fr\/#website"},"primaryImageOfPage":{"@id":"https:\/\/www.uptextile.fr\/7-conseils-pour-creer-sa-marque-textile\/#primaryimage"},"image":{"@id":"https:\/\/www.uptextile.fr\/7-conseils-pour-creer-sa-marque-textile\/#primaryimage"},"thumbnailUrl":"https:\/\/www.uptextile.fr\/wp-content\/uploads\/2023\/01\/fabrics-background-scaled.jpg","datePublished":"2023-01-24T11:51:49+00:00","dateModified":"2024-09-30T12:26:00+00:00","author":{"@id":"https:\/\/www.uptextile.fr\/#\/schema\/person\/ddd7afbcab186b7fb4ccfcc324dc6ade"},"description":"Bomoki est une marque responsable qui donne du sens \u00e0 son int\u00e9rieur. Nous avons interview\u00e9 la fondatrice de la marque, Laurianne Roda.","breadcrumb":{"@id":"https:\/\/www.uptextile.fr\/7-conseils-pour-creer-sa-marque-textile\/#breadcrumb"},"inLanguage":"en-GB","potentialAction":[{"@type":"ReadAction","target":["https:\/\/www.uptextile.fr\/7-conseils-pour-creer-sa-marque-textile\/"]}]},{"@type":"ImageObject","inLanguage":"en-GB","@id":"https:\/\/www.uptextile.fr\/7-conseils-pour-creer-sa-marque-textile\/#primaryimage","url":"https:\/\/www.uptextile.fr\/wp-content\/uploads\/2023\/01\/fabrics-background-scaled.jpg","contentUrl":"https:\/\/www.uptextile.fr\/wp-content\/uploads\/2023\/01\/fabrics-background-scaled.jpg","width":2560,"height":1707,"caption":"Fournisseur textile"},{"@type":"BreadcrumbList","@id":"https:\/\/www.uptextile.fr\/7-conseils-pour-creer-sa-marque-textile\/#breadcrumb","itemListElement":[{"@type":"ListItem","position":1,"name":"Accueil","item":"https:\/\/www.uptextile.fr\/"},{"@type":"ListItem","position":2,"name":"7 conseils pour cr\u00e9er sa marque textile"}]},{"@type":"WebSite","@id":"https:\/\/www.uptextile.fr\/#website","url":"https:\/\/www.uptextile.fr\/","name":"UpTextile","description":"L&#039;impression num\u00e9rique \u00e0 votre service","potentialAction":[{"@type":"SearchAction","target":{"@type":"EntryPoint","urlTemplate":"https:\/\/www.uptextile.fr\/?s={search_term_string}"},"query-input":{"@type":"PropertyValueSpecification","valueRequired":true,"valueName":"search_term_string"}}],"inLanguage":"en-GB"},{"@type":"Person","@id":"https:\/\/www.uptextile.fr\/#\/schema\/person\/ddd7afbcab186b7fb4ccfcc324dc6ade","name":"admin","image":{"@type":"ImageObject","inLanguage":"en-GB","@id":"https:\/\/secure.gravatar.com\/avatar\/6670ee2da31d04324ab60d2c276c81c91f6f128389d0cd7f2efb1030b28554de?s=96&d=mm&r=g","url":"https:\/\/secure.gravatar.com\/avatar\/6670ee2da31d04324ab60d2c276c81c91f6f128389d0cd7f2efb1030b28554de?s=96&d=mm&r=g","contentUrl":"https:\/\/secure.gravatar.com\/avatar\/6670ee2da31d04324ab60d2c276c81c91f6f128389d0cd7f2efb1030b28554de?s=96&d=mm&r=g","caption":"admin"},"url":"https:\/\/www.uptextile.fr\/en\/author\/admin\/"}]}},"_links":{"self":[{"href":"https:\/\/www.uptextile.fr\/en\/wp-json\/wp\/v2\/posts\/2697","targetHints":{"allow":["GET"]}}],"collection":[{"href":"https:\/\/www.uptextile.fr\/en\/wp-json\/wp\/v2\/posts"}],"about":[{"href":"https:\/\/www.uptextile.fr\/en\/wp-json\/wp\/v2\/types\/post"}],"author":[{"embeddable":true,"href":"https:\/\/www.uptextile.fr\/en\/wp-json\/wp\/v2\/users\/1"}],"replies":[{"embeddable":true,"href":"https:\/\/www.uptextile.fr\/en\/wp-json\/wp\/v2\/comments?post=2697"}],"version-history":[{"count":10,"href":"https:\/\/www.uptextile.fr\/en\/wp-json\/wp\/v2\/posts\/2697\/revisions"}],"predecessor-version":[{"id":3676,"href":"https:\/\/www.uptextile.fr\/en\/wp-json\/wp\/v2\/posts\/2697\/revisions\/3676"}],"wp:featuredmedia":[{"embeddable":true,"href":"https:\/\/www.uptextile.fr\/en\/wp-json\/wp\/v2\/media\/2701"}],"wp:attachment":[{"href":"https:\/\/www.uptextile.fr\/en\/wp-json\/wp\/v2\/media?parent=2697"}],"wp:term":[{"taxonomy":"category","embeddable":true,"href":"https:\/\/www.uptextile.fr\/en\/wp-json\/wp\/v2\/categories?post=2697"},{"taxonomy":"post_tag","embeddable":true,"href":"https:\/\/www.uptextile.fr\/en\/wp-json\/wp\/v2\/tags?post=2697"}],"curies":[{"name":"wp","href":"https:\/\/api.w.org\/{rel}","templated":true}]}}