{"id":2876,"date":"2023-02-06T10:16:30","date_gmt":"2023-02-06T09:16:30","guid":{"rendered":"https:\/\/www.uptextile.fr\/?p=2876"},"modified":"2024-09-30T14:25:18","modified_gmt":"2024-09-30T12:25:18","slug":"interview-de-adilys-creations-une-marque-pour-apporter-de-la-joie-dans-vos-interieurs","status":"publish","type":"post","link":"https:\/\/www.uptextile.fr\/en\/interview-de-adilys-creations-une-marque-pour-apporter-de-la-joie-dans-vos-interieurs\/","title":{"rendered":"Interview de Adilys Cr\u00e9ations, une marque pour apporter de la joie dans vos int\u00e9rieurs"},"content":{"rendered":"<div data-elementor-type=\"wp-post\" data-elementor-id=\"2876\" class=\"elementor elementor-2876\" data-elementor-post-type=\"post\">\n\t\t\t\t\t\t<section class=\"elementor-section elementor-top-section elementor-element elementor-element-6204785 elementor-section-boxed elementor-section-height-default elementor-section-height-default\" data-id=\"6204785\" data-element_type=\"section\" data-e-type=\"section\">\n\t\t\t\t\t\t<div class=\"elementor-container elementor-column-gap-default\">\n\t\t\t\t\t<div class=\"elementor-column elementor-col-100 elementor-top-column elementor-element elementor-element-335ce89\" data-id=\"335ce89\" data-element_type=\"column\" data-e-type=\"column\">\n\t\t\t<div class=\"elementor-widget-wrap elementor-element-populated\">\n\t\t\t\t\t\t<div class=\"elementor-element elementor-element-8731012 elementor-widget elementor-widget-spacer\" data-id=\"8731012\" data-element_type=\"widget\" data-e-type=\"widget\" data-widget_type=\"spacer.default\">\n\t\t\t\t<div class=\"elementor-widget-container\">\n\t\t\t\t\t\t\t<div class=\"elementor-spacer\">\n\t\t\t<div class=\"elementor-spacer-inner\"><\/div>\n\t\t<\/div>\n\t\t\t\t\t\t<\/div>\n\t\t\t\t<\/div>\n\t\t\t\t<div class=\"elementor-element elementor-element-a539f5e elementor-widget elementor-widget-heading\" data-id=\"a539f5e\" data-element_type=\"widget\" data-e-type=\"widget\" data-widget_type=\"heading.default\">\n\t\t\t\t<div class=\"elementor-widget-container\">\n\t\t\t\t\t<h2 class=\"elementor-heading-title elementor-size-default\"><span style=\"color:white\"> interview <br> de <\/span> Adilys Cr\u00e9ations\n<\/h2>\t\t\t\t<\/div>\n\t\t\t\t<\/div>\n\t\t\t\t<div class=\"elementor-element elementor-element-690fcb6 elementor-widget elementor-widget-spacer\" data-id=\"690fcb6\" data-element_type=\"widget\" data-e-type=\"widget\" data-widget_type=\"spacer.default\">\n\t\t\t\t<div class=\"elementor-widget-container\">\n\t\t\t\t\t\t\t<div class=\"elementor-spacer\">\n\t\t\t<div class=\"elementor-spacer-inner\"><\/div>\n\t\t<\/div>\n\t\t\t\t\t\t<\/div>\n\t\t\t\t<\/div>\n\t\t\t\t\t<\/div>\n\t\t<\/div>\n\t\t\t\t\t<\/div>\n\t\t<\/section>\n\t\t\t\t<section class=\"elementor-section elementor-top-section elementor-element elementor-element-4055702 elementor-section-boxed elementor-section-height-default elementor-section-height-default\" data-id=\"4055702\" data-element_type=\"section\" data-e-type=\"section\">\n\t\t\t\t\t\t<div class=\"elementor-container elementor-column-gap-default\">\n\t\t\t\t\t<div class=\"elementor-column elementor-col-50 elementor-top-column elementor-element elementor-element-3d25821\" data-id=\"3d25821\" data-element_type=\"column\" data-e-type=\"column\">\n\t\t\t<div class=\"elementor-widget-wrap elementor-element-populated\">\n\t\t\t\t\t\t<div class=\"elementor-element elementor-element-8f7d5d2 elementor-widget elementor-widget-image\" data-id=\"8f7d5d2\" data-element_type=\"widget\" data-e-type=\"widget\" data-widget_type=\"image.default\">\n\t\t\t\t<div class=\"elementor-widget-container\">\n\t\t\t\t\t\t\t\t\t\t\t\t\t\t\t<img fetchpriority=\"high\" decoding=\"async\" width=\"794\" height=\"1024\" src=\"https:\/\/www.uptextile.fr\/wp-content\/uploads\/2023\/02\/IMG_20230206_160124-794x1024.jpg\" class=\"attachment-large size-large wp-image-2906\" alt=\"Aur\u00e9lie Genest-Lecoeur\" srcset=\"https:\/\/www.uptextile.fr\/wp-content\/uploads\/2023\/02\/IMG_20230206_160124-794x1024.jpg 794w, https:\/\/www.uptextile.fr\/wp-content\/uploads\/2023\/02\/IMG_20230206_160124-233x300.jpg 233w, https:\/\/www.uptextile.fr\/wp-content\/uploads\/2023\/02\/IMG_20230206_160124-768x990.jpg 768w, https:\/\/www.uptextile.fr\/wp-content\/uploads\/2023\/02\/IMG_20230206_160124-1192x1536.jpg 1192w, https:\/\/www.uptextile.fr\/wp-content\/uploads\/2023\/02\/IMG_20230206_160124-1589x2048.jpg 1589w, https:\/\/www.uptextile.fr\/wp-content\/uploads\/2023\/02\/IMG_20230206_160124-9x12.jpg 9w, https:\/\/www.uptextile.fr\/wp-content\/uploads\/2023\/02\/IMG_20230206_160124-600x773.jpg 600w, https:\/\/www.uptextile.fr\/wp-content\/uploads\/2023\/02\/IMG_20230206_160124-scaled.jpg 1986w\" sizes=\"(max-width: 794px) 100vw, 794px\" \/>\t\t\t\t\t\t\t\t\t\t\t\t\t\t\t<\/div>\n\t\t\t\t<\/div>\n\t\t\t\t\t<\/div>\n\t\t<\/div>\n\t\t\t\t<div class=\"elementor-column elementor-col-50 elementor-top-column elementor-element elementor-element-8404247\" data-id=\"8404247\" data-element_type=\"column\" data-e-type=\"column\">\n\t\t\t<div class=\"elementor-widget-wrap elementor-element-populated\">\n\t\t\t\t\t\t<div class=\"elementor-element elementor-element-1b58620 elementor-widget elementor-widget-heading\" data-id=\"1b58620\" data-element_type=\"widget\" data-e-type=\"widget\" data-widget_type=\"heading.default\">\n\t\t\t\t<div class=\"elementor-widget-container\">\n\t\t\t\t\t<h1 class=\"elementor-heading-title elementor-size-default\">Adilys Cr\u00e9ations, marque pour apporter de la joie dans vos int\u00e9rieurs\n<\/h1>\t\t\t\t<\/div>\n\t\t\t\t<\/div>\n\t\t\t\t<div class=\"elementor-element elementor-element-ee56382 elementor-widget elementor-widget-text-editor\" data-id=\"ee56382\" data-element_type=\"widget\" data-e-type=\"widget\" data-widget_type=\"text-editor.default\">\n\t\t\t\t<div class=\"elementor-widget-container\">\n\t\t\t\t\t\t\t\t\t<p>Adilys Cr\u00e9ations est une <strong>marque d\u2019\u00e9dition de textiles d\u2019ameublement<\/strong> et de <strong>papiers peints<\/strong> cr\u00e9\u00e9e, en 2021, par <strong>Aur\u00e9lie Genest-Lecoeur<\/strong>, passionn\u00e9e par l\u2019art, le dessin et la communication. Elle dessine tous ses motifs \u00e0 la main ou sur sa tablette graphique. Ils apportent de la <strong>couleur<\/strong> et de la <strong>joie<\/strong> pour des <strong>int\u00e9rieurs<\/strong> qui nous ressemblent.<\/p><p>Nous avons eu l\u2019honneur d\u2019interviewer Aur\u00e9lie Genest-Lecoeur, fondatrice de la marque Adilys Cr\u00e9ations\u00a0:<\/p>\t\t\t\t\t\t\t\t<\/div>\n\t\t\t\t<\/div>\n\t\t\t\t\t<\/div>\n\t\t<\/div>\n\t\t\t\t\t<\/div>\n\t\t<\/section>\n\t\t\t\t<section class=\"elementor-section elementor-top-section elementor-element elementor-element-8b01205 elementor-section-boxed elementor-section-height-default elementor-section-height-default\" data-id=\"8b01205\" data-element_type=\"section\" data-e-type=\"section\">\n\t\t\t\t\t\t<div class=\"elementor-container elementor-column-gap-default\">\n\t\t\t\t\t<div class=\"elementor-column elementor-col-100 elementor-top-column elementor-element elementor-element-0dc5bc1\" data-id=\"0dc5bc1\" data-element_type=\"column\" data-e-type=\"column\">\n\t\t\t<div class=\"elementor-widget-wrap elementor-element-populated\">\n\t\t\t\t\t\t<div class=\"elementor-element elementor-element-dcb85e9 elementor-widget elementor-widget-spacer\" data-id=\"dcb85e9\" data-element_type=\"widget\" data-e-type=\"widget\" data-widget_type=\"spacer.default\">\n\t\t\t\t<div class=\"elementor-widget-container\">\n\t\t\t\t\t\t\t<div class=\"elementor-spacer\">\n\t\t\t<div class=\"elementor-spacer-inner\"><\/div>\n\t\t<\/div>\n\t\t\t\t\t\t<\/div>\n\t\t\t\t<\/div>\n\t\t\t\t<div class=\"elementor-element elementor-element-614a19b elementor-widget elementor-widget-heading\" data-id=\"614a19b\" data-element_type=\"widget\" data-e-type=\"widget\" data-widget_type=\"heading.default\">\n\t\t\t\t<div class=\"elementor-widget-container\">\n\t\t\t\t\t<h2 class=\"elementor-heading-title elementor-size-default\">Bonjour, pouvez-vous nous pr\u00e9senter votre parcours, votre histoire ? \n<\/h2>\t\t\t\t<\/div>\n\t\t\t\t<\/div>\n\t\t\t\t<div class=\"elementor-element elementor-element-cec7866 elementor-widget elementor-widget-text-editor\" data-id=\"cec7866\" data-element_type=\"widget\" data-e-type=\"widget\" data-widget_type=\"text-editor.default\">\n\t\t\t\t<div class=\"elementor-widget-container\">\n\t\t\t\t\t\t\t\t\t<p>\u00ab\u00a0Je suis un pur produit de la communication. J\u2019ai travaill\u00e9 pendant plus de 22 ans dans la communication, dans de petites et grosses entreprises, publiques et priv\u00e9es partout en France.<\/p><p>En 2021, j\u2019ai d\u00e9cid\u00e9 de faire une reconversion. En fait ce que j\u2019aimais dans la communication c\u2019\u00e9tait toute la partie cr\u00e9ation, la partie avec les graphistes, qui me plaisait.<\/p><p>Je dessine depuis l\u2019\u00e2ge de 8 ans. Je me suis donc dit que de cette <strong>passion<\/strong>, je pouvais en faire un m\u00e9tier. Je voulais rendre mes <strong>cr\u00e9ations vivantes<\/strong>. Comme j\u2019adore le <strong>textile<\/strong>, mes cr\u00e9ations se sont dirig\u00e9es naturellement vers des <strong>cr\u00e9ations textiles<\/strong> et dans un second temps \u00e9galement vers du p<strong>apier peint<\/strong>.<\/p>\t\t\t\t\t\t\t\t<\/div>\n\t\t\t\t<\/div>\n\t\t\t\t\t<\/div>\n\t\t<\/div>\n\t\t\t\t\t<\/div>\n\t\t<\/section>\n\t\t\t\t<section class=\"elementor-section elementor-top-section elementor-element elementor-element-fbf057b elementor-section-boxed elementor-section-height-default elementor-section-height-default\" data-id=\"fbf057b\" data-element_type=\"section\" data-e-type=\"section\">\n\t\t\t\t\t\t<div class=\"elementor-container elementor-column-gap-default\">\n\t\t\t\t\t<div class=\"elementor-column elementor-col-100 elementor-top-column elementor-element elementor-element-0707442\" data-id=\"0707442\" data-element_type=\"column\" data-e-type=\"column\">\n\t\t\t<div class=\"elementor-widget-wrap elementor-element-populated\">\n\t\t\t\t\t\t<div class=\"elementor-element elementor-element-1cdaa7c elementor-widget elementor-widget-spacer\" data-id=\"1cdaa7c\" data-element_type=\"widget\" data-e-type=\"widget\" data-widget_type=\"spacer.default\">\n\t\t\t\t<div class=\"elementor-widget-container\">\n\t\t\t\t\t\t\t<div class=\"elementor-spacer\">\n\t\t\t<div class=\"elementor-spacer-inner\"><\/div>\n\t\t<\/div>\n\t\t\t\t\t\t<\/div>\n\t\t\t\t<\/div>\n\t\t\t\t<div class=\"elementor-element elementor-element-9a684f0 elementor-widget elementor-widget-heading\" data-id=\"9a684f0\" data-element_type=\"widget\" data-e-type=\"widget\" data-widget_type=\"heading.default\">\n\t\t\t\t<div class=\"elementor-widget-container\">\n\t\t\t\t\t<h2 class=\"elementor-heading-title elementor-size-default\">D\u2019o\u00f9 vient le nom Adilys Cr\u00e9ations ? \n<\/h2>\t\t\t\t<\/div>\n\t\t\t\t<\/div>\n\t\t\t\t<div class=\"elementor-element elementor-element-a3ede64 elementor-widget elementor-widget-text-editor\" data-id=\"a3ede64\" data-element_type=\"widget\" data-e-type=\"widget\" data-widget_type=\"text-editor.default\">\n\t\t\t\t<div class=\"elementor-widget-container\">\n\t\t\t\t\t\t\t\t\t<p>Adilys\u00a0: \u00ab\u00a0A\u00a0\u00bb pour Aur\u00e9lie, artistique et authentique et \u00ab\u00a0dilys\u00a0\u00bb cela veut dire authentique en gallois. Cela me correspond bien, au naturel. L\u2019information comme mes cr\u00e9ations arrivent sans d\u00e9tour. J\u2019ai ajout\u00e9 \u00ab\u00a0cr\u00e9ations\u00a0\u00bb pour que les gens sachent de quoi nous parlons.<\/p>\t\t\t\t\t\t\t\t<\/div>\n\t\t\t\t<\/div>\n\t\t\t\t\t<\/div>\n\t\t<\/div>\n\t\t\t\t\t<\/div>\n\t\t<\/section>\n\t\t\t\t<section class=\"elementor-section elementor-top-section elementor-element elementor-element-58ce245 elementor-section-boxed elementor-section-height-default elementor-section-height-default\" data-id=\"58ce245\" data-element_type=\"section\" data-e-type=\"section\">\n\t\t\t\t\t\t<div class=\"elementor-container elementor-column-gap-default\">\n\t\t\t\t\t<div class=\"elementor-column elementor-col-33 elementor-top-column elementor-element elementor-element-0e83c0a\" data-id=\"0e83c0a\" data-element_type=\"column\" data-e-type=\"column\">\n\t\t\t<div class=\"elementor-widget-wrap elementor-element-populated\">\n\t\t\t\t\t\t<div class=\"elementor-element elementor-element-450c862 elementor-hidden-mobile e-transform e-transform elementor-widget elementor-widget-image\" data-id=\"450c862\" data-element_type=\"widget\" data-e-type=\"widget\" data-settings=\"{&quot;_transform_translateX_effect&quot;:{&quot;unit&quot;:&quot;%&quot;,&quot;size&quot;:70,&quot;sizes&quot;:[]},&quot;_transform_translateX_effect_tablet&quot;:{&quot;unit&quot;:&quot;%&quot;,&quot;size&quot;:&quot;&quot;,&quot;sizes&quot;:[]},&quot;_transform_translateX_effect_mobile&quot;:{&quot;unit&quot;:&quot;%&quot;,&quot;size&quot;:&quot;&quot;,&quot;sizes&quot;:[]},&quot;_transform_rotateZ_effect&quot;:{&quot;unit&quot;:&quot;px&quot;,&quot;size&quot;:&quot;&quot;,&quot;sizes&quot;:[]},&quot;_transform_rotateZ_effect_tablet&quot;:{&quot;unit&quot;:&quot;deg&quot;,&quot;size&quot;:&quot;&quot;,&quot;sizes&quot;:[]},&quot;_transform_rotateZ_effect_mobile&quot;:{&quot;unit&quot;:&quot;deg&quot;,&quot;size&quot;:&quot;&quot;,&quot;sizes&quot;:[]},&quot;_transform_translateY_effect&quot;:{&quot;unit&quot;:&quot;px&quot;,&quot;size&quot;:&quot;&quot;,&quot;sizes&quot;:[]},&quot;_transform_translateY_effect_tablet&quot;:{&quot;unit&quot;:&quot;px&quot;,&quot;size&quot;:&quot;&quot;,&quot;sizes&quot;:[]},&quot;_transform_translateY_effect_mobile&quot;:{&quot;unit&quot;:&quot;px&quot;,&quot;size&quot;:&quot;&quot;,&quot;sizes&quot;:[]}}\" data-widget_type=\"image.default\">\n\t\t\t\t<div class=\"elementor-widget-container\">\n\t\t\t\t\t\t\t\t\t\t\t\t\t\t\t<img decoding=\"async\" width=\"127\" height=\"262\" src=\"https:\/\/www.uptextile.fr\/wp-content\/uploads\/2022\/02\/Fichier-3UP.png\" class=\"attachment-large size-large wp-image-1163\" alt=\"UP\" srcset=\"https:\/\/www.uptextile.fr\/wp-content\/uploads\/2022\/02\/Fichier-3UP.png 127w, https:\/\/www.uptextile.fr\/wp-content\/uploads\/2022\/02\/Fichier-3UP-6x12.png 6w\" sizes=\"(max-width: 127px) 100vw, 127px\" \/>\t\t\t\t\t\t\t\t\t\t\t\t\t\t\t<\/div>\n\t\t\t\t<\/div>\n\t\t\t\t\t<\/div>\n\t\t<\/div>\n\t\t\t\t<div class=\"elementor-column elementor-col-33 elementor-top-column elementor-element elementor-element-0c6cfa8\" data-id=\"0c6cfa8\" data-element_type=\"column\" data-e-type=\"column\">\n\t\t\t<div class=\"elementor-widget-wrap elementor-element-populated\">\n\t\t\t\t\t\t<div class=\"elementor-element elementor-element-b5c551f elementor-widget elementor-widget-image\" data-id=\"b5c551f\" data-element_type=\"widget\" data-e-type=\"widget\" data-widget_type=\"image.default\">\n\t\t\t\t<div class=\"elementor-widget-container\">\n\t\t\t\t\t\t\t\t\t\t\t\t\t\t\t<img decoding=\"async\" src=\"https:\/\/www.uptextile.fr\/wp-content\/uploads\/2023\/02\/46.png\" title=\"46\" alt=\"Coussin Adilys Cr\u00e9ation\" loading=\"lazy\" \/>\t\t\t\t\t\t\t\t\t\t\t\t\t\t\t<\/div>\n\t\t\t\t<\/div>\n\t\t\t\t\t<\/div>\n\t\t<\/div>\n\t\t\t\t<div class=\"elementor-column elementor-col-33 elementor-top-column elementor-element elementor-element-9f702e4\" data-id=\"9f702e4\" data-element_type=\"column\" data-e-type=\"column\">\n\t\t\t<div class=\"elementor-widget-wrap elementor-element-populated\">\n\t\t\t\t\t\t<div class=\"elementor-element elementor-element-88798d4 elementor-hidden-mobile e-transform elementor-widget elementor-widget-image\" data-id=\"88798d4\" data-element_type=\"widget\" data-e-type=\"widget\" data-settings=\"{&quot;_transform_translateY_effect&quot;:{&quot;unit&quot;:&quot;%&quot;,&quot;size&quot;:28,&quot;sizes&quot;:[]},&quot;_transform_translateY_effect_tablet&quot;:{&quot;unit&quot;:&quot;%&quot;,&quot;size&quot;:&quot;&quot;,&quot;sizes&quot;:[]},&quot;_transform_translateY_effect_mobile&quot;:{&quot;unit&quot;:&quot;%&quot;,&quot;size&quot;:&quot;&quot;,&quot;sizes&quot;:[]},&quot;_transform_translateX_effect&quot;:{&quot;unit&quot;:&quot;px&quot;,&quot;size&quot;:&quot;&quot;,&quot;sizes&quot;:[]},&quot;_transform_translateX_effect_tablet&quot;:{&quot;unit&quot;:&quot;px&quot;,&quot;size&quot;:&quot;&quot;,&quot;sizes&quot;:[]},&quot;_transform_translateX_effect_mobile&quot;:{&quot;unit&quot;:&quot;px&quot;,&quot;size&quot;:&quot;&quot;,&quot;sizes&quot;:[]}}\" data-widget_type=\"image.default\">\n\t\t\t\t<div class=\"elementor-widget-container\">\n\t\t\t\t\t\t\t\t\t\t\t\t\t\t\t<img decoding=\"async\" width=\"300\" height=\"300\" src=\"https:\/\/www.uptextile.fr\/wp-content\/uploads\/2023\/02\/48-300x300.png\" class=\"attachment-medium size-medium wp-image-2889\" alt=\"Rideaux Adilys Cr\u00e9ations\" srcset=\"https:\/\/www.uptextile.fr\/wp-content\/uploads\/2023\/02\/48-300x300.png 300w, https:\/\/www.uptextile.fr\/wp-content\/uploads\/2023\/02\/48-1024x1024.png 1024w, https:\/\/www.uptextile.fr\/wp-content\/uploads\/2023\/02\/48-150x150.png 150w, https:\/\/www.uptextile.fr\/wp-content\/uploads\/2023\/02\/48-768x768.png 768w, https:\/\/www.uptextile.fr\/wp-content\/uploads\/2023\/02\/48-12x12.png 12w, https:\/\/www.uptextile.fr\/wp-content\/uploads\/2023\/02\/48-600x600.png 600w, https:\/\/www.uptextile.fr\/wp-content\/uploads\/2023\/02\/48-100x100.png 100w, https:\/\/www.uptextile.fr\/wp-content\/uploads\/2023\/02\/48.png 1080w\" sizes=\"(max-width: 300px) 100vw, 300px\" \/>\t\t\t\t\t\t\t\t\t\t\t\t\t\t\t<\/div>\n\t\t\t\t<\/div>\n\t\t\t\t<div class=\"elementor-element elementor-element-6f778cf elementor-align-center elementor-mobile-align-left elementor-widget elementor-widget-button\" data-id=\"6f778cf\" data-element_type=\"widget\" data-e-type=\"widget\" data-widget_type=\"button.default\">\n\t\t\t\t<div class=\"elementor-widget-container\">\n\t\t\t\t\t\t\t\t\t<div class=\"elementor-button-wrapper\">\n\t\t\t\t\t<a class=\"elementor-button elementor-button-link elementor-size-sm elementor-animation-grow\" href=\"https:\/\/www.adilyscreations.com\/\">\n\t\t\t\t\t\t<span class=\"elementor-button-content-wrapper\">\n\t\t\t\t\t\t\t\t\t<span class=\"elementor-button-text\">d\u00e9couvrir<\/span>\n\t\t\t\t\t<\/span>\n\t\t\t\t\t<\/a>\n\t\t\t\t<\/div>\n\t\t\t\t\t\t\t\t<\/div>\n\t\t\t\t<\/div>\n\t\t\t\t\t<\/div>\n\t\t<\/div>\n\t\t\t\t\t<\/div>\n\t\t<\/section>\n\t\t\t\t<section class=\"elementor-section elementor-top-section elementor-element elementor-element-7b03e43 elementor-section-boxed elementor-section-height-default elementor-section-height-default\" data-id=\"7b03e43\" data-element_type=\"section\" data-e-type=\"section\">\n\t\t\t\t\t\t<div class=\"elementor-container elementor-column-gap-default\">\n\t\t\t\t\t<div class=\"elementor-column elementor-col-100 elementor-top-column elementor-element elementor-element-23414b9\" data-id=\"23414b9\" data-element_type=\"column\" data-e-type=\"column\">\n\t\t\t<div class=\"elementor-widget-wrap elementor-element-populated\">\n\t\t\t\t\t\t<div class=\"elementor-element elementor-element-371fd41 elementor-widget elementor-widget-spacer\" data-id=\"371fd41\" data-element_type=\"widget\" data-e-type=\"widget\" data-widget_type=\"spacer.default\">\n\t\t\t\t<div class=\"elementor-widget-container\">\n\t\t\t\t\t\t\t<div class=\"elementor-spacer\">\n\t\t\t<div class=\"elementor-spacer-inner\"><\/div>\n\t\t<\/div>\n\t\t\t\t\t\t<\/div>\n\t\t\t\t<\/div>\n\t\t\t\t\t<\/div>\n\t\t<\/div>\n\t\t\t\t\t<\/div>\n\t\t<\/section>\n\t\t\t\t<section class=\"elementor-section elementor-top-section elementor-element elementor-element-33c5eed elementor-section-boxed elementor-section-height-default elementor-section-height-default\" data-id=\"33c5eed\" data-element_type=\"section\" data-e-type=\"section\">\n\t\t\t\t\t\t<div class=\"elementor-container elementor-column-gap-default\">\n\t\t\t\t\t<div class=\"elementor-column elementor-col-50 elementor-top-column elementor-element elementor-element-0aa7852\" data-id=\"0aa7852\" data-element_type=\"column\" data-e-type=\"column\">\n\t\t\t<div class=\"elementor-widget-wrap elementor-element-populated\">\n\t\t\t\t\t\t<div class=\"elementor-element elementor-element-9f38df4 elementor-widget elementor-widget-heading\" data-id=\"9f38df4\" data-element_type=\"widget\" data-e-type=\"widget\" data-widget_type=\"heading.default\">\n\t\t\t\t<div class=\"elementor-widget-container\">\n\t\t\t\t\t<h2 class=\"elementor-heading-title elementor-size-default\">Quel est le concept de la marque Adilys Cr\u00e9ations ? \n<\/h2>\t\t\t\t<\/div>\n\t\t\t\t<\/div>\n\t\t\t\t<div class=\"elementor-element elementor-element-e47787c elementor-widget elementor-widget-text-editor\" data-id=\"e47787c\" data-element_type=\"widget\" data-e-type=\"widget\" data-widget_type=\"text-editor.default\">\n\t\t\t\t<div class=\"elementor-widget-container\">\n\t\t\t\t\t\t\t\t\t<p>Ma mission est d\u2019apporter de la <strong>joie dans les int\u00e9rieurs<\/strong>. Avec le tissu, je souhaite que les gens se sentent bien chez eux et que cela leur corresponde vraiment. Je peux adapter les <strong>couleurs<\/strong>. Ils ont une <strong>cr\u00e9ation unique<\/strong> rien que pour eux. Ils ont quelque chose de chaleureux et enveloppant. Je souhaite apporter de l<strong>a chaleur dans les int\u00e9rieurs<\/strong>. D\u2019ailleurs, c\u2019est pour cela \u00e9galement que j\u2019utilise du velours pour ce <strong>c\u00f4t\u00e9 r\u00e9confortant et protecteur<\/strong>.<\/p>\t\t\t\t\t\t\t\t<\/div>\n\t\t\t\t<\/div>\n\t\t\t\t<div class=\"elementor-element elementor-element-88a1936 elementor-widget elementor-widget-heading\" data-id=\"88a1936\" data-element_type=\"widget\" data-e-type=\"widget\" data-widget_type=\"heading.default\">\n\t\t\t\t<div class=\"elementor-widget-container\">\n\t\t\t\t\t<h2 class=\"elementor-heading-title elementor-size-default\">Quelles sont les valeurs de la marque Adilys Cr\u00e9ations ? \n<\/h2>\t\t\t\t<\/div>\n\t\t\t\t<\/div>\n\t\t\t\t<div class=\"elementor-element elementor-element-a4d1ac1 elementor-widget elementor-widget-text-editor\" data-id=\"a4d1ac1\" data-element_type=\"widget\" data-e-type=\"widget\" data-widget_type=\"text-editor.default\">\n\t\t\t\t<div class=\"elementor-widget-container\">\n\t\t\t\t\t\t\t\t\t<p>Les valeurs de la marque sont l\u2019<strong>authenticit\u00e9<\/strong>, la <strong>joie<\/strong>, le <strong>Custom-made<\/strong> et le c\u00f4t\u00e9 <strong>unique<\/strong>.<\/p>\t\t\t\t\t\t\t\t<\/div>\n\t\t\t\t<\/div>\n\t\t\t\t\t<\/div>\n\t\t<\/div>\n\t\t\t\t<div class=\"elementor-column elementor-col-50 elementor-top-column elementor-element elementor-element-0efb57a\" data-id=\"0efb57a\" data-element_type=\"column\" data-e-type=\"column\">\n\t\t\t<div class=\"elementor-widget-wrap elementor-element-populated\">\n\t\t\t\t\t\t<div class=\"elementor-element elementor-element-0bef3a8 elementor-widget elementor-widget-image\" data-id=\"0bef3a8\" data-element_type=\"widget\" data-e-type=\"widget\" data-widget_type=\"image.default\">\n\t\t\t\t<div class=\"elementor-widget-container\">\n\t\t\t\t\t\t\t\t\t\t\t\t\t\t\t<img loading=\"lazy\" decoding=\"async\" width=\"800\" height=\"800\" src=\"https:\/\/www.uptextile.fr\/wp-content\/uploads\/2023\/02\/robrack-1024x1024.jpg\" class=\"attachment-large size-large wp-image-2877\" alt=\"Adilys Cr\u00e9ations\" srcset=\"https:\/\/www.uptextile.fr\/wp-content\/uploads\/2023\/02\/robrack-1024x1024.jpg 1024w, https:\/\/www.uptextile.fr\/wp-content\/uploads\/2023\/02\/robrack-300x300.jpg 300w, https:\/\/www.uptextile.fr\/wp-content\/uploads\/2023\/02\/robrack-150x150.jpg 150w, https:\/\/www.uptextile.fr\/wp-content\/uploads\/2023\/02\/robrack-768x768.jpg 768w, https:\/\/www.uptextile.fr\/wp-content\/uploads\/2023\/02\/robrack-1536x1536.jpg 1536w, https:\/\/www.uptextile.fr\/wp-content\/uploads\/2023\/02\/robrack-2048x2048.jpg 2048w, https:\/\/www.uptextile.fr\/wp-content\/uploads\/2023\/02\/robrack-12x12.jpg 12w, https:\/\/www.uptextile.fr\/wp-content\/uploads\/2023\/02\/robrack-600x600.jpg 600w, https:\/\/www.uptextile.fr\/wp-content\/uploads\/2023\/02\/robrack-100x100.jpg 100w\" sizes=\"(max-width: 800px) 100vw, 800px\" \/>\t\t\t\t\t\t\t\t\t\t\t\t\t\t\t<\/div>\n\t\t\t\t<\/div>\n\t\t\t\t\t<\/div>\n\t\t<\/div>\n\t\t\t\t\t<\/div>\n\t\t<\/section>\n\t\t\t\t<section class=\"elementor-section elementor-top-section elementor-element elementor-element-a3b67c6 elementor-section-boxed elementor-section-height-default elementor-section-height-default\" data-id=\"a3b67c6\" data-element_type=\"section\" data-e-type=\"section\">\n\t\t\t\t\t\t<div class=\"elementor-container elementor-column-gap-default\">\n\t\t\t\t\t<div class=\"elementor-column elementor-col-50 elementor-top-column elementor-element elementor-element-11e1ab6\" data-id=\"11e1ab6\" data-element_type=\"column\" data-e-type=\"column\">\n\t\t\t<div class=\"elementor-widget-wrap elementor-element-populated\">\n\t\t\t\t\t\t<div class=\"elementor-element elementor-element-0bb8bac elementor-widget elementor-widget-image\" data-id=\"0bb8bac\" data-element_type=\"widget\" data-e-type=\"widget\" data-widget_type=\"image.default\">\n\t\t\t\t<div class=\"elementor-widget-container\">\n\t\t\t\t\t\t\t\t\t\t\t\t\t\t\t<img loading=\"lazy\" decoding=\"async\" width=\"800\" height=\"800\" src=\"https:\/\/www.uptextile.fr\/wp-content\/uploads\/2023\/02\/50-1024x1024.png\" class=\"attachment-large size-large wp-image-2892\" alt=\"Adilys Cr\u00e9ations papier peint\" srcset=\"https:\/\/www.uptextile.fr\/wp-content\/uploads\/2023\/02\/50-1024x1024.png 1024w, https:\/\/www.uptextile.fr\/wp-content\/uploads\/2023\/02\/50-300x300.png 300w, https:\/\/www.uptextile.fr\/wp-content\/uploads\/2023\/02\/50-150x150.png 150w, https:\/\/www.uptextile.fr\/wp-content\/uploads\/2023\/02\/50-768x768.png 768w, https:\/\/www.uptextile.fr\/wp-content\/uploads\/2023\/02\/50-12x12.png 12w, https:\/\/www.uptextile.fr\/wp-content\/uploads\/2023\/02\/50-600x600.png 600w, https:\/\/www.uptextile.fr\/wp-content\/uploads\/2023\/02\/50-100x100.png 100w, https:\/\/www.uptextile.fr\/wp-content\/uploads\/2023\/02\/50.png 1080w\" sizes=\"(max-width: 800px) 100vw, 800px\" \/>\t\t\t\t\t\t\t\t\t\t\t\t\t\t\t<\/div>\n\t\t\t\t<\/div>\n\t\t\t\t\t<\/div>\n\t\t<\/div>\n\t\t\t\t<div class=\"elementor-column elementor-col-50 elementor-top-column elementor-element elementor-element-553a455\" data-id=\"553a455\" data-element_type=\"column\" data-e-type=\"column\">\n\t\t\t<div class=\"elementor-widget-wrap elementor-element-populated\">\n\t\t\t\t\t\t<div class=\"elementor-element elementor-element-db2c9a5 elementor-widget elementor-widget-heading\" data-id=\"db2c9a5\" data-element_type=\"widget\" data-e-type=\"widget\" data-widget_type=\"heading.default\">\n\t\t\t\t<div class=\"elementor-widget-container\">\n\t\t\t\t\t<h2 class=\"elementor-heading-title elementor-size-default\">Quel est l\u2019ADN de votre marque ? \n<\/h2>\t\t\t\t<\/div>\n\t\t\t\t<\/div>\n\t\t\t\t<div class=\"elementor-element elementor-element-d694195 elementor-widget elementor-widget-text-editor\" data-id=\"d694195\" data-element_type=\"widget\" data-e-type=\"widget\" data-widget_type=\"text-editor.default\">\n\t\t\t\t<div class=\"elementor-widget-container\">\n\t\t\t\t\t\t\t\t\t<p>Il y a un mix entre des styles totalement diff\u00e9rents, du art d\u00e9co revisit\u00e9, des choses romantiques, \u2026 Ce qui fait ma particularit\u00e9 est l\u2019<strong>harmonie des couleurs<\/strong>.<\/p><p>Ceux qui me suivent ont vu \u00e9voluer ma patte mais reconnaissent toujours mon <strong>style<\/strong>. Il y a un mix entre un c\u00f4t\u00e9 <strong>lin\u00e9aire et graphique<\/strong> et un c\u00f4t\u00e9 tr\u00e8s en <strong>douceur<\/strong>, <strong>bienveillant<\/strong>, <strong>enveloppant<\/strong> mais par petites doses. \u00a0J\u2019apporte la juste mesure pour apporter ce qu\u2019il faut.<\/p>\t\t\t\t\t\t\t\t<\/div>\n\t\t\t\t<\/div>\n\t\t\t\t<div class=\"elementor-element elementor-element-52657bb elementor-widget elementor-widget-heading\" data-id=\"52657bb\" data-element_type=\"widget\" data-e-type=\"widget\" data-widget_type=\"heading.default\">\n\t\t\t\t<div class=\"elementor-widget-container\">\n\t\t\t\t\t<h2 class=\"elementor-heading-title elementor-size-default\">Quels sont les produits que vous proposez ? \n<\/h2>\t\t\t\t<\/div>\n\t\t\t\t<\/div>\n\t\t\t\t<div class=\"elementor-element elementor-element-7df089e elementor-widget elementor-widget-text-editor\" data-id=\"7df089e\" data-element_type=\"widget\" data-e-type=\"widget\" data-widget_type=\"text-editor.default\">\n\t\t\t\t<div class=\"elementor-widget-container\">\n\t\t\t\t\t\t\t\t\t<p>Je propose des <strong>tissus d\u2019ameublement<\/strong> pour des <strong>rideaux<\/strong>, pour recouvrir des <strong>meubles<\/strong> et \u00e9galement du <strong>papier peint<\/strong>.<\/p><p>Je fais \u00e9galement des foulards sur commande d\u2019une forme particuli\u00e8re ou encore des parapluies ou gourdes. On peut tout faire.<\/p><p>Je suis tr\u00e8s intuitive. Je m\u2019inspire ce que les gens d\u00e9gagent pour <strong>dessiner un motif<\/strong>.<\/p><p>Les gens, les situations et les rencontres sont ma source d\u2019inspiration.<\/p>\t\t\t\t\t\t\t\t<\/div>\n\t\t\t\t<\/div>\n\t\t\t\t\t<\/div>\n\t\t<\/div>\n\t\t\t\t\t<\/div>\n\t\t<\/section>\n\t\t\t\t<section class=\"elementor-section elementor-top-section elementor-element elementor-element-ee1f1dd elementor-section-boxed elementor-section-height-default elementor-section-height-default\" data-id=\"ee1f1dd\" data-element_type=\"section\" data-e-type=\"section\">\n\t\t\t\t\t\t<div class=\"elementor-container elementor-column-gap-default\">\n\t\t\t\t\t<div class=\"elementor-column elementor-col-50 elementor-top-column elementor-element elementor-element-2d5241b\" data-id=\"2d5241b\" data-element_type=\"column\" data-e-type=\"column\">\n\t\t\t<div class=\"elementor-widget-wrap elementor-element-populated\">\n\t\t\t\t\t\t<div class=\"elementor-element elementor-element-a2db626 elementor-widget elementor-widget-heading\" data-id=\"a2db626\" data-element_type=\"widget\" data-e-type=\"widget\" data-widget_type=\"heading.default\">\n\t\t\t\t<div class=\"elementor-widget-container\">\n\t\t\t\t\t<h2 class=\"elementor-heading-title elementor-size-default\">O\u00f9 vendez-vous vos produits ? \n<\/h2>\t\t\t\t<\/div>\n\t\t\t\t<\/div>\n\t\t\t\t<div class=\"elementor-element elementor-element-a516dc5 elementor-widget elementor-widget-text-editor\" data-id=\"a516dc5\" data-element_type=\"widget\" data-e-type=\"widget\" data-widget_type=\"text-editor.default\">\n\t\t\t\t<div class=\"elementor-widget-container\">\n\t\t\t\t\t\t\t\t\t<p>Je vends sur mon <strong>site internet<\/strong> et surtout suite \u00e0 des <strong>\u00e9changes<\/strong> sur un projet. \u00a0En g\u00e9n\u00e9ral, je me d\u00e9place en Normandie mais si le tissu pla\u00eet je peux \u00e9galement l\u2019envoyer.<\/p>\t\t\t\t\t\t\t\t<\/div>\n\t\t\t\t<\/div>\n\t\t\t\t<div class=\"elementor-element elementor-element-1c22a63 elementor-widget elementor-widget-heading\" data-id=\"1c22a63\" data-element_type=\"widget\" data-e-type=\"widget\" data-widget_type=\"heading.default\">\n\t\t\t\t<div class=\"elementor-widget-container\">\n\t\t\t\t\t<h2 class=\"elementor-heading-title elementor-size-default\">Comment voyez-vous l\u2019avenir de la marque Adilys Cr\u00e9ations ? <\/h2>\t\t\t\t<\/div>\n\t\t\t\t<\/div>\n\t\t\t\t<div class=\"elementor-element elementor-element-891c2e6 elementor-widget elementor-widget-text-editor\" data-id=\"891c2e6\" data-element_type=\"widget\" data-e-type=\"widget\" data-widget_type=\"text-editor.default\">\n\t\t\t\t<div class=\"elementor-widget-container\">\n\t\t\t\t\t\t\t\t\t<p>Je vais dans un premier temps structurer des <strong>gammes de produits<\/strong> bien d\u00e9finies et d\u00e9velopper une <strong>gamme textile d\u2019habillement<\/strong>. Je travaille avec une jeune artiste pour cr\u00e9er des <strong>v\u00eatements sur mesure<\/strong>.<\/p><p>Je vais continuer mes <strong>collections<\/strong> courantes et \u00e9galement cr\u00e9er de nouvelles collections.<\/p><p>Je ne m\u2019inscris pas dans la tendance mais plus dans un style, apr\u00e8s avec les couleurs tendance tout en gardant mon style et en le faisant \u00e9voluer.<\/p><p>Je souhaite \u00e9galement continuer de d\u00e9velopper les ventes chez les <strong>tapissiers<\/strong>, <strong>d\u00e9corateurs<\/strong> ou des <strong>projets sur mesure<\/strong> pour les <strong>professionnels<\/strong> pour laisser aller ma cr\u00e9ativit\u00e9.<\/p><p>Le travail de cr\u00e9ateur apporte un c\u00f4t\u00e9 <strong>unique<\/strong>.<\/p>\t\t\t\t\t\t\t\t<\/div>\n\t\t\t\t<\/div>\n\t\t\t\t\t<\/div>\n\t\t<\/div>\n\t\t\t\t<div class=\"elementor-column elementor-col-50 elementor-top-column elementor-element elementor-element-4910caa\" data-id=\"4910caa\" data-element_type=\"column\" data-e-type=\"column\">\n\t\t\t<div class=\"elementor-widget-wrap elementor-element-populated\">\n\t\t\t\t\t\t<div class=\"elementor-element elementor-element-bd98ac3 elementor-widget elementor-widget-image\" data-id=\"bd98ac3\" data-element_type=\"widget\" data-e-type=\"widget\" data-widget_type=\"image.default\">\n\t\t\t\t<div class=\"elementor-widget-container\">\n\t\t\t\t\t\t\t\t\t\t\t\t\t\t\t<img loading=\"lazy\" decoding=\"async\" width=\"800\" height=\"800\" src=\"https:\/\/www.uptextile.fr\/wp-content\/uploads\/2023\/02\/51-1024x1024.png\" class=\"attachment-large size-large wp-image-2893\" alt=\"Adilys Cr\u00e9ation D\u00e9coration\" srcset=\"https:\/\/www.uptextile.fr\/wp-content\/uploads\/2023\/02\/51-1024x1024.png 1024w, https:\/\/www.uptextile.fr\/wp-content\/uploads\/2023\/02\/51-300x300.png 300w, https:\/\/www.uptextile.fr\/wp-content\/uploads\/2023\/02\/51-150x150.png 150w, https:\/\/www.uptextile.fr\/wp-content\/uploads\/2023\/02\/51-768x768.png 768w, https:\/\/www.uptextile.fr\/wp-content\/uploads\/2023\/02\/51-12x12.png 12w, https:\/\/www.uptextile.fr\/wp-content\/uploads\/2023\/02\/51-600x600.png 600w, https:\/\/www.uptextile.fr\/wp-content\/uploads\/2023\/02\/51-100x100.png 100w, https:\/\/www.uptextile.fr\/wp-content\/uploads\/2023\/02\/51.png 1080w\" sizes=\"(max-width: 800px) 100vw, 800px\" \/>\t\t\t\t\t\t\t\t\t\t\t\t\t\t\t<\/div>\n\t\t\t\t<\/div>\n\t\t\t\t\t<\/div>\n\t\t<\/div>\n\t\t\t\t\t<\/div>\n\t\t<\/section>\n\t\t\t\t<section class=\"elementor-section elementor-top-section elementor-element elementor-element-a7228de elementor-section-boxed elementor-section-height-default elementor-section-height-default\" data-id=\"a7228de\" data-element_type=\"section\" data-e-type=\"section\">\n\t\t\t\t\t\t<div class=\"elementor-container elementor-column-gap-default\">\n\t\t\t\t\t<div class=\"elementor-column elementor-col-100 elementor-top-column elementor-element elementor-element-7758c5b\" data-id=\"7758c5b\" data-element_type=\"column\" data-e-type=\"column\">\n\t\t\t<div class=\"elementor-widget-wrap elementor-element-populated\">\n\t\t\t\t\t\t<div class=\"elementor-element elementor-element-d9a0a4c elementor-widget elementor-widget-spacer\" data-id=\"d9a0a4c\" data-element_type=\"widget\" data-e-type=\"widget\" data-widget_type=\"spacer.default\">\n\t\t\t\t<div class=\"elementor-widget-container\">\n\t\t\t\t\t\t\t<div class=\"elementor-spacer\">\n\t\t\t<div class=\"elementor-spacer-inner\"><\/div>\n\t\t<\/div>\n\t\t\t\t\t\t<\/div>\n\t\t\t\t<\/div>\n\t\t\t\t<div class=\"elementor-element elementor-element-2d23ff0 elementor-widget elementor-widget-heading\" data-id=\"2d23ff0\" data-element_type=\"widget\" data-e-type=\"widget\" data-widget_type=\"heading.default\">\n\t\t\t\t<div class=\"elementor-widget-container\">\n\t\t\t\t\t<h2 class=\"elementor-heading-title elementor-size-default\">Comment avez-vous connu Up\u2019Textile ? \n<\/h2>\t\t\t\t<\/div>\n\t\t\t\t<\/div>\n\t\t\t\t<div class=\"elementor-element elementor-element-2e9543b elementor-widget elementor-widget-text-editor\" data-id=\"2e9543b\" data-element_type=\"widget\" data-e-type=\"widget\" data-widget_type=\"text-editor.default\">\n\t\t\t\t<div class=\"elementor-widget-container\">\n\t\t\t\t\t\t\t\t\t<p>En recherchant sur internet. J\u2019ai vraiment pouss\u00e9 les recherches car je voulais du fran\u00e7ais et j\u2019avais vu une vid\u00e9o sur Lalie Design. Il y a beaucoup d\u2019imprimeurs mais la qualit\u00e9 n\u2019est pas l\u00e0. Apr\u00e8s, j\u2019ai eu S\u00e9bastien qui a fait preuve de patience et Nathalie pour la partie commerciale. J\u2019ai bien aim\u00e9 la r<strong>elation familiale et commerciale<\/strong>. Par rapport \u00e0 d\u2019autres entreprises, tout le monde ne travaille pas comme cela.<\/p>\t\t\t\t\t\t\t\t<\/div>\n\t\t\t\t<\/div>\n\t\t\t\t<div class=\"elementor-element elementor-element-ae0e2b0 elementor-widget elementor-widget-heading\" data-id=\"ae0e2b0\" data-element_type=\"widget\" data-e-type=\"widget\" data-widget_type=\"heading.default\">\n\t\t\t\t<div class=\"elementor-widget-container\">\n\t\t\t\t\t<h2 class=\"elementor-heading-title elementor-size-default\">Pourquoi choisir Adilys Cr\u00e9ations pour notre int\u00e9rieur ? <\/h2>\t\t\t\t<\/div>\n\t\t\t\t<\/div>\n\t\t\t\t<div class=\"elementor-element elementor-element-bb0dedc elementor-widget elementor-widget-text-editor\" data-id=\"bb0dedc\" data-element_type=\"widget\" data-e-type=\"widget\" data-widget_type=\"text-editor.default\">\n\t\t\t\t<div class=\"elementor-widget-container\">\n\t\t\t\t\t\t\t\t\t<p><strong>Je m\u2019int\u00e9resse autant \u00e0 la personne qu\u2019\u00e0 l\u2019int\u00e9rieur.<\/strong>\u00a0J\u2019ai un volet intuitif. J\u2019arrive en discutant avec les gens \u00e0 voir quel type de motif va les int\u00e9resser. Je vois mes produits comme des <strong>cadeaux pour l\u2019int\u00e9rieur<\/strong>. D\u2019autant avec le covid, nous souhaitons \u00eatre bien chez soi.<\/p><p>Mes produits correspondent bien \u00e0 la personnalit\u00e9, \u00e0 ce que la personne souhaite voir tous les jours. Il faut penser le tissu sur le long terme. J\u2019ai cette partie conseil qu\u2019on ne retrouve pas partout.<\/p><p>On peut varier dans les nuances de couleur pour un ensemble, un <strong>int\u00e9rieur coh\u00e9rent.<\/strong> Je veux que les gens rentrent dans un <strong>univers<\/strong> (par exemple : romantique, japonais, f\u00e9\u00e9rique, psych\u00e9d\u00e9lique). Je fais voyager les gens au travers de leur d\u00e9coration. Il se passe plein de choses entre la mati\u00e8re, le visuel et le toucher.\u00a0\u00bb<\/p>\t\t\t\t\t\t\t\t<\/div>\n\t\t\t\t<\/div>\n\t\t\t\t\t<\/div>\n\t\t<\/div>\n\t\t\t\t\t<\/div>\n\t\t<\/section>\n\t\t\t\t<section class=\"elementor-section elementor-top-section elementor-element elementor-element-a277653 elementor-section-boxed elementor-section-height-default elementor-section-height-default\" data-id=\"a277653\" data-element_type=\"section\" data-e-type=\"section\">\n\t\t\t\t\t\t<div class=\"elementor-container elementor-column-gap-default\">\n\t\t\t\t\t<div class=\"elementor-column elementor-col-100 elementor-top-column elementor-element elementor-element-4678fb8\" data-id=\"4678fb8\" data-element_type=\"column\" data-e-type=\"column\">\n\t\t\t<div class=\"elementor-widget-wrap elementor-element-populated\">\n\t\t\t\t\t\t<div class=\"elementor-element elementor-element-a2036e8 elementor-widget elementor-widget-spacer\" data-id=\"a2036e8\" data-element_type=\"widget\" data-e-type=\"widget\" data-widget_type=\"spacer.default\">\n\t\t\t\t<div class=\"elementor-widget-container\">\n\t\t\t\t\t\t\t<div class=\"elementor-spacer\">\n\t\t\t<div class=\"elementor-spacer-inner\"><\/div>\n\t\t<\/div>\n\t\t\t\t\t\t<\/div>\n\t\t\t\t<\/div>\n\t\t\t\t<div class=\"elementor-element elementor-element-1a6cb0b elementor-widget elementor-widget-text-editor\" data-id=\"1a6cb0b\" data-element_type=\"widget\" data-e-type=\"widget\" data-widget_type=\"text-editor.default\">\n\t\t\t\t<div class=\"elementor-widget-container\">\n\t\t\t\t\t\t\t\t\t<p>Retrouvez les produits et suivez l\u2019activit\u00e9 de la marque Adilys Cr\u00e9ations sur leur s<a href=\"https:\/\/www.adilyscreations.com\/\">ite internet<\/a> ou sur leur compte <a href=\"https:\/\/www.instagram.com\/adilyscreations\/\">Instagram<\/a>.<\/p><p>Merci \u00e0 Aur\u00e9lie pour sa confiance.<\/p>\t\t\t\t\t\t\t\t<\/div>\n\t\t\t\t<\/div>\n\t\t\t\t\t<\/div>\n\t\t<\/div>\n\t\t\t\t\t<\/div>\n\t\t<\/section>\n\t\t\t\t<section class=\"elementor-section elementor-top-section elementor-element elementor-element-0ab8e36 elementor-section-boxed elementor-section-height-default elementor-section-height-default\" data-id=\"0ab8e36\" data-element_type=\"section\" data-e-type=\"section\">\n\t\t\t\t\t\t<div class=\"elementor-container elementor-column-gap-default\">\n\t\t\t\t\t<div class=\"elementor-column elementor-col-100 elementor-top-column elementor-element elementor-element-5b666b2\" data-id=\"5b666b2\" data-element_type=\"column\" data-e-type=\"column\">\n\t\t\t<div class=\"elementor-widget-wrap elementor-element-populated\">\n\t\t\t\t\t\t<div class=\"elementor-element elementor-element-9da2564 elementor-widget elementor-widget-spacer\" data-id=\"9da2564\" data-element_type=\"widget\" data-e-type=\"widget\" data-widget_type=\"spacer.default\">\n\t\t\t\t<div class=\"elementor-widget-container\">\n\t\t\t\t\t\t\t<div class=\"elementor-spacer\">\n\t\t\t<div class=\"elementor-spacer-inner\"><\/div>\n\t\t<\/div>\n\t\t\t\t\t\t<\/div>\n\t\t\t\t<\/div>\n\t\t\t\t\t<\/div>\n\t\t<\/div>\n\t\t\t\t\t<\/div>\n\t\t<\/section>\n\t\t\t\t<\/div>","protected":false},"excerpt":{"rendered":"<p><\/p>","protected":false},"author":1,"featured_media":2877,"comment_status":"closed","ping_status":"open","sticky":false,"template":"elementor_header_footer","format":"standard","meta":{"_monsterinsights_skip_tracking":false,"_monsterinsights_sitenote_active":false,"_monsterinsights_sitenote_note":"","_monsterinsights_sitenote_category":0,"footnotes":""},"categories":[244],"tags":[],"class_list":["post-2876","post","type-post","status-publish","format-standard","has-post-thumbnail","hentry","category-interviews"],"yoast_head":"<!-- This site is optimized with the Yoast SEO plugin v27.4 - https:\/\/yoast.com\/product\/yoast-seo-wordpress\/ -->\n<title>Interview de Adilys Cr\u00e9ations, une marque pour apporter de la joie dans vos int\u00e9rieurs - UpTextile<\/title>\n<meta name=\"description\" content=\"Adilys Cr\u00e9ations est une marque, d\u2019\u00e9dition de textiles d\u2019ameublement et de papiers peints, qui donne de la joie \u00e0 votre int\u00e9rieur.\" \/>\n<meta name=\"robots\" content=\"index, follow, max-snippet:-1, max-image-preview:large, max-video-preview:-1\" \/>\n<link rel=\"canonical\" href=\"https:\/\/www.uptextile.fr\/en\/interview-de-adilys-creations-une-marque-pour-apporter-de-la-joie-dans-vos-interieurs\/\" \/>\n<meta property=\"og:locale\" content=\"en_GB\" \/>\n<meta property=\"og:type\" content=\"article\" \/>\n<meta property=\"og:title\" content=\"Interview de Adilys Cr\u00e9ations, une marque pour apporter de la joie dans vos int\u00e9rieurs - UpTextile\" \/>\n<meta property=\"og:description\" content=\"Adilys Cr\u00e9ations est une marque, d\u2019\u00e9dition de textiles d\u2019ameublement et de papiers peints, qui donne de la joie \u00e0 votre int\u00e9rieur.\" \/>\n<meta property=\"og:url\" content=\"https:\/\/www.uptextile.fr\/en\/interview-de-adilys-creations-une-marque-pour-apporter-de-la-joie-dans-vos-interieurs\/\" \/>\n<meta property=\"og:site_name\" content=\"UpTextile\" \/>\n<meta property=\"article:published_time\" content=\"2023-02-06T09:16:30+00:00\" \/>\n<meta property=\"article:modified_time\" content=\"2024-09-30T12:25:18+00:00\" \/>\n<meta property=\"og:image\" content=\"https:\/\/www.uptextile.fr\/wp-content\/uploads\/2023\/02\/robrack-scaled.jpg\" \/>\n\t<meta property=\"og:image:width\" content=\"2560\" \/>\n\t<meta property=\"og:image:height\" content=\"2560\" \/>\n\t<meta property=\"og:image:type\" content=\"image\/jpeg\" \/>\n<meta name=\"author\" content=\"admin\" \/>\n<meta name=\"twitter:card\" content=\"summary_large_image\" \/>\n<meta name=\"twitter:label1\" content=\"Written by\" \/>\n\t<meta name=\"twitter:data1\" content=\"admin\" \/>\n\t<meta name=\"twitter:label2\" content=\"Estimated reading time\" \/>\n\t<meta name=\"twitter:data2\" content=\"6 minutes\" \/>\n<script type=\"application\/ld+json\" class=\"yoast-schema-graph\">{\"@context\":\"https:\\\/\\\/schema.org\",\"@graph\":[{\"@type\":\"Article\",\"@id\":\"https:\\\/\\\/www.uptextile.fr\\\/interview-de-adilys-creations-une-marque-pour-apporter-de-la-joie-dans-vos-interieurs\\\/#article\",\"isPartOf\":{\"@id\":\"https:\\\/\\\/www.uptextile.fr\\\/interview-de-adilys-creations-une-marque-pour-apporter-de-la-joie-dans-vos-interieurs\\\/\"},\"author\":{\"name\":\"admin\",\"@id\":\"https:\\\/\\\/www.uptextile.fr\\\/#\\\/schema\\\/person\\\/ddd7afbcab186b7fb4ccfcc324dc6ade\"},\"headline\":\"Interview de Adilys Cr\u00e9ations, une marque pour apporter de la joie dans vos int\u00e9rieurs\",\"datePublished\":\"2023-02-06T09:16:30+00:00\",\"dateModified\":\"2024-09-30T12:25:18+00:00\",\"mainEntityOfPage\":{\"@id\":\"https:\\\/\\\/www.uptextile.fr\\\/interview-de-adilys-creations-une-marque-pour-apporter-de-la-joie-dans-vos-interieurs\\\/\"},\"wordCount\":1021,\"image\":{\"@id\":\"https:\\\/\\\/www.uptextile.fr\\\/interview-de-adilys-creations-une-marque-pour-apporter-de-la-joie-dans-vos-interieurs\\\/#primaryimage\"},\"thumbnailUrl\":\"https:\\\/\\\/www.uptextile.fr\\\/wp-content\\\/uploads\\\/2023\\\/02\\\/robrack-scaled.jpg\",\"articleSection\":[\"Interviews\"],\"inLanguage\":\"en-GB\"},{\"@type\":\"WebPage\",\"@id\":\"https:\\\/\\\/www.uptextile.fr\\\/interview-de-adilys-creations-une-marque-pour-apporter-de-la-joie-dans-vos-interieurs\\\/\",\"url\":\"https:\\\/\\\/www.uptextile.fr\\\/interview-de-adilys-creations-une-marque-pour-apporter-de-la-joie-dans-vos-interieurs\\\/\",\"name\":\"Interview de Adilys Cr\u00e9ations, une marque pour apporter de la joie dans vos int\u00e9rieurs - UpTextile\",\"isPartOf\":{\"@id\":\"https:\\\/\\\/www.uptextile.fr\\\/#website\"},\"primaryImageOfPage\":{\"@id\":\"https:\\\/\\\/www.uptextile.fr\\\/interview-de-adilys-creations-une-marque-pour-apporter-de-la-joie-dans-vos-interieurs\\\/#primaryimage\"},\"image\":{\"@id\":\"https:\\\/\\\/www.uptextile.fr\\\/interview-de-adilys-creations-une-marque-pour-apporter-de-la-joie-dans-vos-interieurs\\\/#primaryimage\"},\"thumbnailUrl\":\"https:\\\/\\\/www.uptextile.fr\\\/wp-content\\\/uploads\\\/2023\\\/02\\\/robrack-scaled.jpg\",\"datePublished\":\"2023-02-06T09:16:30+00:00\",\"dateModified\":\"2024-09-30T12:25:18+00:00\",\"author\":{\"@id\":\"https:\\\/\\\/www.uptextile.fr\\\/#\\\/schema\\\/person\\\/ddd7afbcab186b7fb4ccfcc324dc6ade\"},\"description\":\"Adilys Cr\u00e9ations est une marque, d\u2019\u00e9dition de textiles d\u2019ameublement et de papiers peints, qui donne de la joie \u00e0 votre int\u00e9rieur.\",\"breadcrumb\":{\"@id\":\"https:\\\/\\\/www.uptextile.fr\\\/interview-de-adilys-creations-une-marque-pour-apporter-de-la-joie-dans-vos-interieurs\\\/#breadcrumb\"},\"inLanguage\":\"en-GB\",\"potentialAction\":[{\"@type\":\"ReadAction\",\"target\":[\"https:\\\/\\\/www.uptextile.fr\\\/interview-de-adilys-creations-une-marque-pour-apporter-de-la-joie-dans-vos-interieurs\\\/\"]}]},{\"@type\":\"ImageObject\",\"inLanguage\":\"en-GB\",\"@id\":\"https:\\\/\\\/www.uptextile.fr\\\/interview-de-adilys-creations-une-marque-pour-apporter-de-la-joie-dans-vos-interieurs\\\/#primaryimage\",\"url\":\"https:\\\/\\\/www.uptextile.fr\\\/wp-content\\\/uploads\\\/2023\\\/02\\\/robrack-scaled.jpg\",\"contentUrl\":\"https:\\\/\\\/www.uptextile.fr\\\/wp-content\\\/uploads\\\/2023\\\/02\\\/robrack-scaled.jpg\",\"width\":2560,\"height\":2560,\"caption\":\"Adilys Cr\u00e9ations\"},{\"@type\":\"BreadcrumbList\",\"@id\":\"https:\\\/\\\/www.uptextile.fr\\\/interview-de-adilys-creations-une-marque-pour-apporter-de-la-joie-dans-vos-interieurs\\\/#breadcrumb\",\"itemListElement\":[{\"@type\":\"ListItem\",\"position\":1,\"name\":\"Accueil\",\"item\":\"https:\\\/\\\/www.uptextile.fr\\\/\"},{\"@type\":\"ListItem\",\"position\":2,\"name\":\"Interview de Adilys Cr\u00e9ations, une marque pour apporter de la joie dans vos int\u00e9rieurs\"}]},{\"@type\":\"WebSite\",\"@id\":\"https:\\\/\\\/www.uptextile.fr\\\/#website\",\"url\":\"https:\\\/\\\/www.uptextile.fr\\\/\",\"name\":\"UpTextile\",\"description\":\"L&#039;impression num\u00e9rique \u00e0 votre service\",\"potentialAction\":[{\"@type\":\"SearchAction\",\"target\":{\"@type\":\"EntryPoint\",\"urlTemplate\":\"https:\\\/\\\/www.uptextile.fr\\\/?s={search_term_string}\"},\"query-input\":{\"@type\":\"PropertyValueSpecification\",\"valueRequired\":true,\"valueName\":\"search_term_string\"}}],\"inLanguage\":\"en-GB\"},{\"@type\":\"Person\",\"@id\":\"https:\\\/\\\/www.uptextile.fr\\\/#\\\/schema\\\/person\\\/ddd7afbcab186b7fb4ccfcc324dc6ade\",\"name\":\"admin\",\"image\":{\"@type\":\"ImageObject\",\"inLanguage\":\"en-GB\",\"@id\":\"https:\\\/\\\/secure.gravatar.com\\\/avatar\\\/6670ee2da31d04324ab60d2c276c81c91f6f128389d0cd7f2efb1030b28554de?s=96&d=mm&r=g\",\"url\":\"https:\\\/\\\/secure.gravatar.com\\\/avatar\\\/6670ee2da31d04324ab60d2c276c81c91f6f128389d0cd7f2efb1030b28554de?s=96&d=mm&r=g\",\"contentUrl\":\"https:\\\/\\\/secure.gravatar.com\\\/avatar\\\/6670ee2da31d04324ab60d2c276c81c91f6f128389d0cd7f2efb1030b28554de?s=96&d=mm&r=g\",\"caption\":\"admin\"},\"url\":\"https:\\\/\\\/www.uptextile.fr\\\/en\\\/author\\\/admin\\\/\"}]}<\/script>\n<!-- \/ Yoast SEO plugin. -->","yoast_head_json":{"title":"Interview de Adilys Cr\u00e9ations, une marque pour apporter de la joie dans vos int\u00e9rieurs - UpTextile","description":"Adilys Cr\u00e9ations est une marque, d\u2019\u00e9dition de textiles d\u2019ameublement et de papiers peints, qui donne de la joie \u00e0 votre int\u00e9rieur.","robots":{"index":"index","follow":"follow","max-snippet":"max-snippet:-1","max-image-preview":"max-image-preview:large","max-video-preview":"max-video-preview:-1"},"canonical":"https:\/\/www.uptextile.fr\/en\/interview-de-adilys-creations-une-marque-pour-apporter-de-la-joie-dans-vos-interieurs\/","og_locale":"en_GB","og_type":"article","og_title":"Interview de Adilys Cr\u00e9ations, une marque pour apporter de la joie dans vos int\u00e9rieurs - UpTextile","og_description":"Adilys Cr\u00e9ations est une marque, d\u2019\u00e9dition de textiles d\u2019ameublement et de papiers peints, qui donne de la joie \u00e0 votre int\u00e9rieur.","og_url":"https:\/\/www.uptextile.fr\/en\/interview-de-adilys-creations-une-marque-pour-apporter-de-la-joie-dans-vos-interieurs\/","og_site_name":"UpTextile","article_published_time":"2023-02-06T09:16:30+00:00","article_modified_time":"2024-09-30T12:25:18+00:00","og_image":[{"width":2560,"height":2560,"url":"https:\/\/www.uptextile.fr\/wp-content\/uploads\/2023\/02\/robrack-scaled.jpg","type":"image\/jpeg"}],"author":"admin","twitter_card":"summary_large_image","twitter_misc":{"Written by":"admin","Estimated reading time":"6 minutes"},"schema":{"@context":"https:\/\/schema.org","@graph":[{"@type":"Article","@id":"https:\/\/www.uptextile.fr\/interview-de-adilys-creations-une-marque-pour-apporter-de-la-joie-dans-vos-interieurs\/#article","isPartOf":{"@id":"https:\/\/www.uptextile.fr\/interview-de-adilys-creations-une-marque-pour-apporter-de-la-joie-dans-vos-interieurs\/"},"author":{"name":"admin","@id":"https:\/\/www.uptextile.fr\/#\/schema\/person\/ddd7afbcab186b7fb4ccfcc324dc6ade"},"headline":"Interview de Adilys Cr\u00e9ations, une marque pour apporter de la joie dans vos int\u00e9rieurs","datePublished":"2023-02-06T09:16:30+00:00","dateModified":"2024-09-30T12:25:18+00:00","mainEntityOfPage":{"@id":"https:\/\/www.uptextile.fr\/interview-de-adilys-creations-une-marque-pour-apporter-de-la-joie-dans-vos-interieurs\/"},"wordCount":1021,"image":{"@id":"https:\/\/www.uptextile.fr\/interview-de-adilys-creations-une-marque-pour-apporter-de-la-joie-dans-vos-interieurs\/#primaryimage"},"thumbnailUrl":"https:\/\/www.uptextile.fr\/wp-content\/uploads\/2023\/02\/robrack-scaled.jpg","articleSection":["Interviews"],"inLanguage":"en-GB"},{"@type":"WebPage","@id":"https:\/\/www.uptextile.fr\/interview-de-adilys-creations-une-marque-pour-apporter-de-la-joie-dans-vos-interieurs\/","url":"https:\/\/www.uptextile.fr\/interview-de-adilys-creations-une-marque-pour-apporter-de-la-joie-dans-vos-interieurs\/","name":"Interview de Adilys Cr\u00e9ations, une marque pour apporter de la joie dans vos int\u00e9rieurs - UpTextile","isPartOf":{"@id":"https:\/\/www.uptextile.fr\/#website"},"primaryImageOfPage":{"@id":"https:\/\/www.uptextile.fr\/interview-de-adilys-creations-une-marque-pour-apporter-de-la-joie-dans-vos-interieurs\/#primaryimage"},"image":{"@id":"https:\/\/www.uptextile.fr\/interview-de-adilys-creations-une-marque-pour-apporter-de-la-joie-dans-vos-interieurs\/#primaryimage"},"thumbnailUrl":"https:\/\/www.uptextile.fr\/wp-content\/uploads\/2023\/02\/robrack-scaled.jpg","datePublished":"2023-02-06T09:16:30+00:00","dateModified":"2024-09-30T12:25:18+00:00","author":{"@id":"https:\/\/www.uptextile.fr\/#\/schema\/person\/ddd7afbcab186b7fb4ccfcc324dc6ade"},"description":"Adilys Cr\u00e9ations est une marque, d\u2019\u00e9dition de textiles d\u2019ameublement et de papiers peints, qui donne de la joie \u00e0 votre int\u00e9rieur.","breadcrumb":{"@id":"https:\/\/www.uptextile.fr\/interview-de-adilys-creations-une-marque-pour-apporter-de-la-joie-dans-vos-interieurs\/#breadcrumb"},"inLanguage":"en-GB","potentialAction":[{"@type":"ReadAction","target":["https:\/\/www.uptextile.fr\/interview-de-adilys-creations-une-marque-pour-apporter-de-la-joie-dans-vos-interieurs\/"]}]},{"@type":"ImageObject","inLanguage":"en-GB","@id":"https:\/\/www.uptextile.fr\/interview-de-adilys-creations-une-marque-pour-apporter-de-la-joie-dans-vos-interieurs\/#primaryimage","url":"https:\/\/www.uptextile.fr\/wp-content\/uploads\/2023\/02\/robrack-scaled.jpg","contentUrl":"https:\/\/www.uptextile.fr\/wp-content\/uploads\/2023\/02\/robrack-scaled.jpg","width":2560,"height":2560,"caption":"Adilys Cr\u00e9ations"},{"@type":"BreadcrumbList","@id":"https:\/\/www.uptextile.fr\/interview-de-adilys-creations-une-marque-pour-apporter-de-la-joie-dans-vos-interieurs\/#breadcrumb","itemListElement":[{"@type":"ListItem","position":1,"name":"Accueil","item":"https:\/\/www.uptextile.fr\/"},{"@type":"ListItem","position":2,"name":"Interview de Adilys Cr\u00e9ations, une marque pour apporter de la joie dans vos int\u00e9rieurs"}]},{"@type":"WebSite","@id":"https:\/\/www.uptextile.fr\/#website","url":"https:\/\/www.uptextile.fr\/","name":"UpTextile","description":"L&#039;impression num\u00e9rique \u00e0 votre service","potentialAction":[{"@type":"SearchAction","target":{"@type":"EntryPoint","urlTemplate":"https:\/\/www.uptextile.fr\/?s={search_term_string}"},"query-input":{"@type":"PropertyValueSpecification","valueRequired":true,"valueName":"search_term_string"}}],"inLanguage":"en-GB"},{"@type":"Person","@id":"https:\/\/www.uptextile.fr\/#\/schema\/person\/ddd7afbcab186b7fb4ccfcc324dc6ade","name":"admin","image":{"@type":"ImageObject","inLanguage":"en-GB","@id":"https:\/\/secure.gravatar.com\/avatar\/6670ee2da31d04324ab60d2c276c81c91f6f128389d0cd7f2efb1030b28554de?s=96&d=mm&r=g","url":"https:\/\/secure.gravatar.com\/avatar\/6670ee2da31d04324ab60d2c276c81c91f6f128389d0cd7f2efb1030b28554de?s=96&d=mm&r=g","contentUrl":"https:\/\/secure.gravatar.com\/avatar\/6670ee2da31d04324ab60d2c276c81c91f6f128389d0cd7f2efb1030b28554de?s=96&d=mm&r=g","caption":"admin"},"url":"https:\/\/www.uptextile.fr\/en\/author\/admin\/"}]}},"_links":{"self":[{"href":"https:\/\/www.uptextile.fr\/en\/wp-json\/wp\/v2\/posts\/2876","targetHints":{"allow":["GET"]}}],"collection":[{"href":"https:\/\/www.uptextile.fr\/en\/wp-json\/wp\/v2\/posts"}],"about":[{"href":"https:\/\/www.uptextile.fr\/en\/wp-json\/wp\/v2\/types\/post"}],"author":[{"embeddable":true,"href":"https:\/\/www.uptextile.fr\/en\/wp-json\/wp\/v2\/users\/1"}],"replies":[{"embeddable":true,"href":"https:\/\/www.uptextile.fr\/en\/wp-json\/wp\/v2\/comments?post=2876"}],"version-history":[{"count":27,"href":"https:\/\/www.uptextile.fr\/en\/wp-json\/wp\/v2\/posts\/2876\/revisions"}],"predecessor-version":[{"id":3673,"href":"https:\/\/www.uptextile.fr\/en\/wp-json\/wp\/v2\/posts\/2876\/revisions\/3673"}],"wp:featuredmedia":[{"embeddable":true,"href":"https:\/\/www.uptextile.fr\/en\/wp-json\/wp\/v2\/media\/2877"}],"wp:attachment":[{"href":"https:\/\/www.uptextile.fr\/en\/wp-json\/wp\/v2\/media?parent=2876"}],"wp:term":[{"taxonomy":"category","embeddable":true,"href":"https:\/\/www.uptextile.fr\/en\/wp-json\/wp\/v2\/categories?post=2876"},{"taxonomy":"post_tag","embeddable":true,"href":"https:\/\/www.uptextile.fr\/en\/wp-json\/wp\/v2\/tags?post=2876"}],"curies":[{"name":"wp","href":"https:\/\/api.w.org\/{rel}","templated":true}]}}