{"id":2973,"date":"2023-03-17T21:15:04","date_gmt":"2023-03-17T20:15:04","guid":{"rendered":"https:\/\/www.uptextile.fr\/?p=2973"},"modified":"2024-09-30T14:23:28","modified_gmt":"2024-09-30T12:23:28","slug":"interview-de-dom-garcia-artiste-peintre-qui-apporte-de-la-couleur-dans-votre-quotidien","status":"publish","type":"post","link":"https:\/\/www.uptextile.fr\/en\/interview-de-dom-garcia-artiste-peintre-qui-apporte-de-la-couleur-dans-votre-quotidien\/","title":{"rendered":"Interview de Dom Garcia, artiste peintre qui apporte de la couleur dans votre quotidien"},"content":{"rendered":"<div data-elementor-type=\"wp-post\" data-elementor-id=\"2973\" class=\"elementor elementor-2973\" data-elementor-post-type=\"post\">\n\t\t\t\t\t\t<section class=\"elementor-section elementor-top-section elementor-element elementor-element-6204785 elementor-section-boxed elementor-section-height-default elementor-section-height-default\" data-id=\"6204785\" data-element_type=\"section\" data-e-type=\"section\">\n\t\t\t\t\t\t<div class=\"elementor-container elementor-column-gap-default\">\n\t\t\t\t\t<div class=\"elementor-column elementor-col-100 elementor-top-column elementor-element elementor-element-335ce89\" data-id=\"335ce89\" data-element_type=\"column\" data-e-type=\"column\">\n\t\t\t<div class=\"elementor-widget-wrap elementor-element-populated\">\n\t\t\t\t\t\t<div class=\"elementor-element elementor-element-8731012 elementor-widget elementor-widget-spacer\" data-id=\"8731012\" data-element_type=\"widget\" data-e-type=\"widget\" data-widget_type=\"spacer.default\">\n\t\t\t\t<div class=\"elementor-widget-container\">\n\t\t\t\t\t\t\t<div class=\"elementor-spacer\">\n\t\t\t<div class=\"elementor-spacer-inner\"><\/div>\n\t\t<\/div>\n\t\t\t\t\t\t<\/div>\n\t\t\t\t<\/div>\n\t\t\t\t<div class=\"elementor-element elementor-element-a539f5e elementor-widget elementor-widget-heading\" data-id=\"a539f5e\" data-element_type=\"widget\" data-e-type=\"widget\" data-widget_type=\"heading.default\">\n\t\t\t\t<div class=\"elementor-widget-container\">\n\t\t\t\t\t<h1 class=\"elementor-heading-title elementor-size-default\"><span style=\"color:white\"> interview <br> de <\/span> Dom Garcia\n<\/h1>\t\t\t\t<\/div>\n\t\t\t\t<\/div>\n\t\t\t\t<div class=\"elementor-element elementor-element-690fcb6 elementor-widget elementor-widget-spacer\" data-id=\"690fcb6\" data-element_type=\"widget\" data-e-type=\"widget\" data-widget_type=\"spacer.default\">\n\t\t\t\t<div class=\"elementor-widget-container\">\n\t\t\t\t\t\t\t<div class=\"elementor-spacer\">\n\t\t\t<div class=\"elementor-spacer-inner\"><\/div>\n\t\t<\/div>\n\t\t\t\t\t\t<\/div>\n\t\t\t\t<\/div>\n\t\t\t\t\t<\/div>\n\t\t<\/div>\n\t\t\t\t\t<\/div>\n\t\t<\/section>\n\t\t\t\t<section class=\"elementor-section elementor-top-section elementor-element elementor-element-4055702 elementor-reverse-tablet elementor-reverse-mobile elementor-section-boxed elementor-section-height-default elementor-section-height-default\" data-id=\"4055702\" data-element_type=\"section\" data-e-type=\"section\">\n\t\t\t\t\t\t<div class=\"elementor-container elementor-column-gap-default\">\n\t\t\t\t\t<div class=\"elementor-column elementor-col-50 elementor-top-column elementor-element elementor-element-3d25821\" data-id=\"3d25821\" data-element_type=\"column\" data-e-type=\"column\">\n\t\t\t<div class=\"elementor-widget-wrap elementor-element-populated\">\n\t\t\t\t\t\t<div class=\"elementor-element elementor-element-8f7d5d2 elementor-widget elementor-widget-image\" data-id=\"8f7d5d2\" data-element_type=\"widget\" data-e-type=\"widget\" data-widget_type=\"image.default\">\n\t\t\t\t<div class=\"elementor-widget-container\">\n\t\t\t\t\t\t\t\t\t\t\t\t\t\t\t<img fetchpriority=\"high\" decoding=\"async\" width=\"800\" height=\"800\" src=\"https:\/\/www.uptextile.fr\/wp-content\/uploads\/2023\/03\/3-1024x1024.png\" class=\"attachment-large size-large wp-image-2979\" alt=\"Oeuvres Dom Garcia\" srcset=\"https:\/\/www.uptextile.fr\/wp-content\/uploads\/2023\/03\/3-1024x1024.png 1024w, https:\/\/www.uptextile.fr\/wp-content\/uploads\/2023\/03\/3-300x300.png 300w, https:\/\/www.uptextile.fr\/wp-content\/uploads\/2023\/03\/3-150x150.png 150w, https:\/\/www.uptextile.fr\/wp-content\/uploads\/2023\/03\/3-768x768.png 768w, https:\/\/www.uptextile.fr\/wp-content\/uploads\/2023\/03\/3-12x12.png 12w, https:\/\/www.uptextile.fr\/wp-content\/uploads\/2023\/03\/3-600x600.png 600w, https:\/\/www.uptextile.fr\/wp-content\/uploads\/2023\/03\/3-100x100.png 100w, https:\/\/www.uptextile.fr\/wp-content\/uploads\/2023\/03\/3.png 1080w\" sizes=\"(max-width: 800px) 100vw, 800px\" \/>\t\t\t\t\t\t\t\t\t\t\t\t\t\t\t<\/div>\n\t\t\t\t<\/div>\n\t\t\t\t\t<\/div>\n\t\t<\/div>\n\t\t\t\t<div class=\"elementor-column elementor-col-50 elementor-top-column elementor-element elementor-element-8404247\" data-id=\"8404247\" data-element_type=\"column\" data-e-type=\"column\">\n\t\t\t<div class=\"elementor-widget-wrap elementor-element-populated\">\n\t\t\t\t\t\t<div class=\"elementor-element elementor-element-1b58620 elementor-widget elementor-widget-heading\" data-id=\"1b58620\" data-element_type=\"widget\" data-e-type=\"widget\" data-widget_type=\"heading.default\">\n\t\t\t\t<div class=\"elementor-widget-container\">\n\t\t\t\t\t<h2 class=\"elementor-heading-title elementor-size-default\">Dom Garcia, artiste peintre qui apporte de la couleur dans votre quotidien<\/h2>\t\t\t\t<\/div>\n\t\t\t\t<\/div>\n\t\t\t\t<div class=\"elementor-element elementor-element-ee56382 elementor-widget elementor-widget-text-editor\" data-id=\"ee56382\" data-element_type=\"widget\" data-e-type=\"widget\" data-widget_type=\"text-editor.default\">\n\t\t\t\t<div class=\"elementor-widget-container\">\n\t\t\t\t\t\t\t\t\t<p><strong>Dominique Garcia<\/strong> est une <strong>artiste peintre d\u2019origine vosgienne<\/strong>. Apr\u00e8s des \u00e9tudes \u00e0 l\u2019\u00e9tranger, un autre m\u00e9tier, en 2002, elle d\u00e9cide de replonger dans la peinture avec \u00e9nergie et de partager sa <strong>passion<\/strong> et son <strong>art<\/strong>.<\/p><p>Nous avons eu l\u2019honneur d\u2019interviewer Dom Garcia dans son <strong>atelier boutique<\/strong> \u00e0 <strong>G\u00e9rardmer<\/strong> :<\/p>\t\t\t\t\t\t\t\t<\/div>\n\t\t\t\t<\/div>\n\t\t\t\t\t<\/div>\n\t\t<\/div>\n\t\t\t\t\t<\/div>\n\t\t<\/section>\n\t\t\t\t<section class=\"elementor-section elementor-top-section elementor-element elementor-element-8b01205 elementor-section-boxed elementor-section-height-default elementor-section-height-default\" data-id=\"8b01205\" data-element_type=\"section\" data-e-type=\"section\">\n\t\t\t\t\t\t<div class=\"elementor-container elementor-column-gap-default\">\n\t\t\t\t\t<div class=\"elementor-column elementor-col-100 elementor-top-column elementor-element elementor-element-0dc5bc1\" data-id=\"0dc5bc1\" data-element_type=\"column\" data-e-type=\"column\">\n\t\t\t<div class=\"elementor-widget-wrap elementor-element-populated\">\n\t\t\t\t\t\t<div class=\"elementor-element elementor-element-dcb85e9 elementor-widget elementor-widget-spacer\" data-id=\"dcb85e9\" data-element_type=\"widget\" data-e-type=\"widget\" data-widget_type=\"spacer.default\">\n\t\t\t\t<div class=\"elementor-widget-container\">\n\t\t\t\t\t\t\t<div class=\"elementor-spacer\">\n\t\t\t<div class=\"elementor-spacer-inner\"><\/div>\n\t\t<\/div>\n\t\t\t\t\t\t<\/div>\n\t\t\t\t<\/div>\n\t\t\t\t<div class=\"elementor-element elementor-element-614a19b elementor-widget elementor-widget-heading\" data-id=\"614a19b\" data-element_type=\"widget\" data-e-type=\"widget\" data-widget_type=\"heading.default\">\n\t\t\t\t<div class=\"elementor-widget-container\">\n\t\t\t\t\t<h2 class=\"elementor-heading-title elementor-size-default\">Bonjour, pouvez-vous nous pr\u00e9senter votre parcours ?<\/h2>\t\t\t\t<\/div>\n\t\t\t\t<\/div>\n\t\t\t\t<div class=\"elementor-element elementor-element-cec7866 elementor-widget elementor-widget-text-editor\" data-id=\"cec7866\" data-element_type=\"widget\" data-e-type=\"widget\" data-widget_type=\"text-editor.default\">\n\t\t\t\t<div class=\"elementor-widget-container\">\n\t\t\t\t\t\t\t\t\t<p>Mon parcours commence en 2002 en m\u2019inscrivant \u00e0 la <strong>Maison des Artistes<\/strong> apr\u00e8s avoir d\u00e9missionn\u00e9 d\u2019un autre m\u00e9tier. Je suis donc devenue peintre \u00e0 temps plein. Au d\u00e9but, j\u2019ai surtout fait des <strong>expositions itin\u00e9rantes<\/strong>, partout en France, en Suisse, en Belgique et m\u00eame \u00e0 New York. Aujourd\u2019hui, je me suis pos\u00e9e dans les <strong>Vosges<\/strong> car je suis originaire de cette r\u00e9gion o\u00f9 j\u2019ai ouvert ma <strong>boutique<\/strong>.<\/p>\t\t\t\t\t\t\t\t<\/div>\n\t\t\t\t<\/div>\n\t\t\t\t\t<\/div>\n\t\t<\/div>\n\t\t\t\t\t<\/div>\n\t\t<\/section>\n\t\t\t\t<section class=\"elementor-section elementor-top-section elementor-element elementor-element-fbf057b elementor-section-boxed elementor-section-height-default elementor-section-height-default\" data-id=\"fbf057b\" data-element_type=\"section\" data-e-type=\"section\">\n\t\t\t\t\t\t<div class=\"elementor-container elementor-column-gap-default\">\n\t\t\t\t\t<div class=\"elementor-column elementor-col-100 elementor-top-column elementor-element elementor-element-0707442\" data-id=\"0707442\" data-element_type=\"column\" data-e-type=\"column\">\n\t\t\t<div class=\"elementor-widget-wrap elementor-element-populated\">\n\t\t\t\t\t\t<div class=\"elementor-element elementor-element-1cdaa7c elementor-widget elementor-widget-spacer\" data-id=\"1cdaa7c\" data-element_type=\"widget\" data-e-type=\"widget\" data-widget_type=\"spacer.default\">\n\t\t\t\t<div class=\"elementor-widget-container\">\n\t\t\t\t\t\t\t<div class=\"elementor-spacer\">\n\t\t\t<div class=\"elementor-spacer-inner\"><\/div>\n\t\t<\/div>\n\t\t\t\t\t\t<\/div>\n\t\t\t\t<\/div>\n\t\t\t\t<div class=\"elementor-element elementor-element-9a684f0 elementor-widget elementor-widget-heading\" data-id=\"9a684f0\" data-element_type=\"widget\" data-e-type=\"widget\" data-widget_type=\"heading.default\">\n\t\t\t\t<div class=\"elementor-widget-container\">\n\t\t\t\t\t<h2 class=\"elementor-heading-title elementor-size-default\">D\u2019o\u00f9 viennent ces couleurs et cette cr\u00e9ativit\u00e9 ?<\/h2>\t\t\t\t<\/div>\n\t\t\t\t<\/div>\n\t\t\t\t<div class=\"elementor-element elementor-element-a3ede64 elementor-widget elementor-widget-text-editor\" data-id=\"a3ede64\" data-element_type=\"widget\" data-e-type=\"widget\" data-widget_type=\"text-editor.default\">\n\t\t\t\t<div class=\"elementor-widget-container\">\n\t\t\t\t\t\t\t\t\t<p>Cela a toujours \u00e9t\u00e9 en moi. Car quand je regarde mes travaux scolaires au lyc\u00e9e en option arts plastiques, c\u2019\u00e9tait d\u00e9j\u00e0 des <strong>couleurs<\/strong> et des <strong>visages<\/strong>. L\u2019<strong>histoire de l\u2019art<\/strong> me passionne donc, ce qui m\u2019inspire est <strong>la vie<\/strong>. Je suis consciente de l\u2019actualit\u00e9, mais j\u2019essaye de montrer une <strong>lucarne de joie<\/strong>, <strong>de vie<\/strong> et <strong>de bonheur<\/strong>, d\u00e9j\u00e0 pour me faire du bien \u00e0 moi, pour ne pas sombrer et pour le proposer aux autres.<\/p>\t\t\t\t\t\t\t\t<\/div>\n\t\t\t\t<\/div>\n\t\t\t\t\t<\/div>\n\t\t<\/div>\n\t\t\t\t\t<\/div>\n\t\t<\/section>\n\t\t\t\t<section class=\"elementor-section elementor-top-section elementor-element elementor-element-58ce245 elementor-section-boxed elementor-section-height-default elementor-section-height-default\" data-id=\"58ce245\" data-element_type=\"section\" data-e-type=\"section\">\n\t\t\t\t\t\t<div class=\"elementor-container elementor-column-gap-default\">\n\t\t\t\t\t<div class=\"elementor-column elementor-col-33 elementor-top-column elementor-element elementor-element-0e83c0a\" data-id=\"0e83c0a\" data-element_type=\"column\" data-e-type=\"column\">\n\t\t\t<div class=\"elementor-widget-wrap elementor-element-populated\">\n\t\t\t\t\t\t<div class=\"elementor-element elementor-element-450c862 elementor-hidden-mobile e-transform e-transform elementor-widget elementor-widget-image\" data-id=\"450c862\" data-element_type=\"widget\" data-e-type=\"widget\" data-settings=\"{&quot;_transform_translateX_effect&quot;:{&quot;unit&quot;:&quot;%&quot;,&quot;size&quot;:70,&quot;sizes&quot;:[]},&quot;_transform_translateX_effect_tablet&quot;:{&quot;unit&quot;:&quot;%&quot;,&quot;size&quot;:&quot;&quot;,&quot;sizes&quot;:[]},&quot;_transform_translateX_effect_mobile&quot;:{&quot;unit&quot;:&quot;%&quot;,&quot;size&quot;:&quot;&quot;,&quot;sizes&quot;:[]},&quot;_transform_rotateZ_effect&quot;:{&quot;unit&quot;:&quot;px&quot;,&quot;size&quot;:&quot;&quot;,&quot;sizes&quot;:[]},&quot;_transform_rotateZ_effect_tablet&quot;:{&quot;unit&quot;:&quot;deg&quot;,&quot;size&quot;:&quot;&quot;,&quot;sizes&quot;:[]},&quot;_transform_rotateZ_effect_mobile&quot;:{&quot;unit&quot;:&quot;deg&quot;,&quot;size&quot;:&quot;&quot;,&quot;sizes&quot;:[]},&quot;_transform_translateY_effect&quot;:{&quot;unit&quot;:&quot;px&quot;,&quot;size&quot;:&quot;&quot;,&quot;sizes&quot;:[]},&quot;_transform_translateY_effect_tablet&quot;:{&quot;unit&quot;:&quot;px&quot;,&quot;size&quot;:&quot;&quot;,&quot;sizes&quot;:[]},&quot;_transform_translateY_effect_mobile&quot;:{&quot;unit&quot;:&quot;px&quot;,&quot;size&quot;:&quot;&quot;,&quot;sizes&quot;:[]}}\" data-widget_type=\"image.default\">\n\t\t\t\t<div class=\"elementor-widget-container\">\n\t\t\t\t\t\t\t\t\t\t\t\t\t\t\t<img decoding=\"async\" width=\"127\" height=\"262\" src=\"https:\/\/www.uptextile.fr\/wp-content\/uploads\/2022\/02\/Fichier-3UP.png\" class=\"attachment-large size-large wp-image-1163\" alt=\"UP\" srcset=\"https:\/\/www.uptextile.fr\/wp-content\/uploads\/2022\/02\/Fichier-3UP.png 127w, https:\/\/www.uptextile.fr\/wp-content\/uploads\/2022\/02\/Fichier-3UP-6x12.png 6w\" sizes=\"(max-width: 127px) 100vw, 127px\" \/>\t\t\t\t\t\t\t\t\t\t\t\t\t\t\t<\/div>\n\t\t\t\t<\/div>\n\t\t\t\t\t<\/div>\n\t\t<\/div>\n\t\t\t\t<div class=\"elementor-column elementor-col-33 elementor-top-column elementor-element elementor-element-0c6cfa8\" data-id=\"0c6cfa8\" data-element_type=\"column\" data-e-type=\"column\">\n\t\t\t<div class=\"elementor-widget-wrap elementor-element-populated\">\n\t\t\t\t\t\t<div class=\"elementor-element elementor-element-b5c551f elementor-widget elementor-widget-image\" data-id=\"b5c551f\" data-element_type=\"widget\" data-e-type=\"widget\" data-widget_type=\"image.default\">\n\t\t\t\t<div class=\"elementor-widget-container\">\n\t\t\t\t\t\t\t\t\t\t\t\t\t\t\t<img decoding=\"async\" src=\"https:\/\/www.uptextile.fr\/wp-content\/uploads\/2023\/03\/1.png\" title=\"Peinture Dom Garcia\" alt=\"Peinture Dom Garcia\" loading=\"lazy\" \/>\t\t\t\t\t\t\t\t\t\t\t\t\t\t\t<\/div>\n\t\t\t\t<\/div>\n\t\t\t\t\t<\/div>\n\t\t<\/div>\n\t\t\t\t<div class=\"elementor-column elementor-col-33 elementor-top-column elementor-element elementor-element-9f702e4\" data-id=\"9f702e4\" data-element_type=\"column\" data-e-type=\"column\">\n\t\t\t<div class=\"elementor-widget-wrap elementor-element-populated\">\n\t\t\t\t\t\t<div class=\"elementor-element elementor-element-adf3985 elementor-widget elementor-widget-image\" data-id=\"adf3985\" data-element_type=\"widget\" data-e-type=\"widget\" data-widget_type=\"image.default\">\n\t\t\t\t<div class=\"elementor-widget-container\">\n\t\t\t\t\t\t\t\t\t\t\t\t\t\t\t<img decoding=\"async\" width=\"800\" height=\"800\" src=\"https:\/\/www.uptextile.fr\/wp-content\/uploads\/2023\/03\/2-1024x1024.png\" class=\"attachment-large size-large wp-image-2981\" alt=\"Dom Garcia G\u00e9rardmer\" srcset=\"https:\/\/www.uptextile.fr\/wp-content\/uploads\/2023\/03\/2-1024x1024.png 1024w, https:\/\/www.uptextile.fr\/wp-content\/uploads\/2023\/03\/2-300x300.png 300w, https:\/\/www.uptextile.fr\/wp-content\/uploads\/2023\/03\/2-150x150.png 150w, https:\/\/www.uptextile.fr\/wp-content\/uploads\/2023\/03\/2-768x768.png 768w, https:\/\/www.uptextile.fr\/wp-content\/uploads\/2023\/03\/2-12x12.png 12w, https:\/\/www.uptextile.fr\/wp-content\/uploads\/2023\/03\/2-600x600.png 600w, https:\/\/www.uptextile.fr\/wp-content\/uploads\/2023\/03\/2-100x100.png 100w, https:\/\/www.uptextile.fr\/wp-content\/uploads\/2023\/03\/2.png 1080w\" sizes=\"(max-width: 800px) 100vw, 800px\" \/>\t\t\t\t\t\t\t\t\t\t\t\t\t\t\t<\/div>\n\t\t\t\t<\/div>\n\t\t\t\t<div class=\"elementor-element elementor-element-6f778cf elementor-align-center elementor-mobile-align-left elementor-widget elementor-widget-button\" data-id=\"6f778cf\" data-element_type=\"widget\" data-e-type=\"widget\" data-widget_type=\"button.default\">\n\t\t\t\t<div class=\"elementor-widget-container\">\n\t\t\t\t\t\t\t\t\t<div class=\"elementor-button-wrapper\">\n\t\t\t\t\t<a class=\"elementor-button elementor-button-link elementor-size-sm elementor-animation-grow\" href=\"https:\/\/domgarcia.fr\/\">\n\t\t\t\t\t\t<span class=\"elementor-button-content-wrapper\">\n\t\t\t\t\t\t\t\t\t<span class=\"elementor-button-text\">d\u00e9couvrir<\/span>\n\t\t\t\t\t<\/span>\n\t\t\t\t\t<\/a>\n\t\t\t\t<\/div>\n\t\t\t\t\t\t\t\t<\/div>\n\t\t\t\t<\/div>\n\t\t\t\t\t<\/div>\n\t\t<\/div>\n\t\t\t\t\t<\/div>\n\t\t<\/section>\n\t\t\t\t<section class=\"elementor-section elementor-top-section elementor-element elementor-element-7b03e43 elementor-section-boxed elementor-section-height-default elementor-section-height-default\" data-id=\"7b03e43\" data-element_type=\"section\" data-e-type=\"section\">\n\t\t\t\t\t\t<div class=\"elementor-container elementor-column-gap-default\">\n\t\t\t\t\t<div class=\"elementor-column elementor-col-100 elementor-top-column elementor-element elementor-element-23414b9\" data-id=\"23414b9\" data-element_type=\"column\" data-e-type=\"column\">\n\t\t\t<div class=\"elementor-widget-wrap elementor-element-populated\">\n\t\t\t\t\t\t<div class=\"elementor-element elementor-element-371fd41 elementor-widget elementor-widget-spacer\" data-id=\"371fd41\" data-element_type=\"widget\" data-e-type=\"widget\" data-widget_type=\"spacer.default\">\n\t\t\t\t<div class=\"elementor-widget-container\">\n\t\t\t\t\t\t\t<div class=\"elementor-spacer\">\n\t\t\t<div class=\"elementor-spacer-inner\"><\/div>\n\t\t<\/div>\n\t\t\t\t\t\t<\/div>\n\t\t\t\t<\/div>\n\t\t\t\t\t<\/div>\n\t\t<\/div>\n\t\t\t\t\t<\/div>\n\t\t<\/section>\n\t\t\t\t<section class=\"elementor-section elementor-top-section elementor-element elementor-element-33c5eed elementor-section-boxed elementor-section-height-default elementor-section-height-default\" data-id=\"33c5eed\" data-element_type=\"section\" data-e-type=\"section\">\n\t\t\t\t\t\t<div class=\"elementor-container elementor-column-gap-default\">\n\t\t\t\t\t<div class=\"elementor-column elementor-col-50 elementor-top-column elementor-element elementor-element-0aa7852\" data-id=\"0aa7852\" data-element_type=\"column\" data-e-type=\"column\">\n\t\t\t<div class=\"elementor-widget-wrap elementor-element-populated\">\n\t\t\t\t\t\t<div class=\"elementor-element elementor-element-9f38df4 elementor-widget elementor-widget-heading\" data-id=\"9f38df4\" data-element_type=\"widget\" data-e-type=\"widget\" data-widget_type=\"heading.default\">\n\t\t\t\t<div class=\"elementor-widget-container\">\n\t\t\t\t\t<h2 class=\"elementor-heading-title elementor-size-default\">Que proposez-vous comme produits ? <\/h2>\t\t\t\t<\/div>\n\t\t\t\t<\/div>\n\t\t\t\t<div class=\"elementor-element elementor-element-e47787c elementor-widget elementor-widget-text-editor\" data-id=\"e47787c\" data-element_type=\"widget\" data-e-type=\"widget\" data-widget_type=\"text-editor.default\">\n\t\t\t\t<div class=\"elementor-widget-container\">\n\t\t\t\t\t\t\t\t\t<p>Je vends mes <strong>tableaux<\/strong>. Je suis traditionnelle, <strong>peinture \u00e0 l\u2019huile sur toile de lin<\/strong>. Et toutes mes peintures sont d\u00e9clin\u00e9es sur <strong>diff\u00e9rents supports<\/strong> dont surtout du <strong>tissu<\/strong>. J\u2019imprime sur du <strong>velours<\/strong>, du <strong>coton<\/strong>, de la <strong>microfibre<\/strong> ou encore du <strong>voile polyester<\/strong> afin de cr\u00e9er des <strong>sacs<\/strong>, <strong>tote-bags<\/strong>, des <strong>coussins<\/strong>, des <strong>pochettes<\/strong>, des <strong>torchons<\/strong>, des <strong>foulards<\/strong>, des <strong>tissus \u00e0 lunettes<\/strong> et j\u2019ai encore de nombreuses id\u00e9es comme des <strong>abat-jours<\/strong>.<\/p>\t\t\t\t\t\t\t\t<\/div>\n\t\t\t\t<\/div>\n\t\t\t\t\t<\/div>\n\t\t<\/div>\n\t\t\t\t<div class=\"elementor-column elementor-col-50 elementor-top-column elementor-element elementor-element-0efb57a\" data-id=\"0efb57a\" data-element_type=\"column\" data-e-type=\"column\">\n\t\t\t<div class=\"elementor-widget-wrap elementor-element-populated\">\n\t\t\t\t\t\t<div class=\"elementor-element elementor-element-0bef3a8 elementor-widget elementor-widget-image\" data-id=\"0bef3a8\" data-element_type=\"widget\" data-e-type=\"widget\" data-widget_type=\"image.default\">\n\t\t\t\t<div class=\"elementor-widget-container\">\n\t\t\t\t\t\t\t\t\t\t\t\t\t\t\t<img loading=\"lazy\" decoding=\"async\" width=\"800\" height=\"800\" src=\"https:\/\/www.uptextile.fr\/wp-content\/uploads\/2023\/03\/Photo-portrait-Dom-Garcia-Peintre-a-Gerardmer-dans-les-Vosges-88-phlfqswqnbshu5ox6pfxmz8sz9vmtd30fh1shnx4pc.webp\" class=\"attachment-large size-large wp-image-2978\" alt=\"Dom Garcia\" srcset=\"https:\/\/www.uptextile.fr\/wp-content\/uploads\/2023\/03\/Photo-portrait-Dom-Garcia-Peintre-a-Gerardmer-dans-les-Vosges-88-phlfqswqnbshu5ox6pfxmz8sz9vmtd30fh1shnx4pc.webp 1000w, https:\/\/www.uptextile.fr\/wp-content\/uploads\/2023\/03\/Photo-portrait-Dom-Garcia-Peintre-a-Gerardmer-dans-les-Vosges-88-phlfqswqnbshu5ox6pfxmz8sz9vmtd30fh1shnx4pc-300x300.webp 300w, https:\/\/www.uptextile.fr\/wp-content\/uploads\/2023\/03\/Photo-portrait-Dom-Garcia-Peintre-a-Gerardmer-dans-les-Vosges-88-phlfqswqnbshu5ox6pfxmz8sz9vmtd30fh1shnx4pc-150x150.webp 150w, https:\/\/www.uptextile.fr\/wp-content\/uploads\/2023\/03\/Photo-portrait-Dom-Garcia-Peintre-a-Gerardmer-dans-les-Vosges-88-phlfqswqnbshu5ox6pfxmz8sz9vmtd30fh1shnx4pc-768x768.webp 768w, https:\/\/www.uptextile.fr\/wp-content\/uploads\/2023\/03\/Photo-portrait-Dom-Garcia-Peintre-a-Gerardmer-dans-les-Vosges-88-phlfqswqnbshu5ox6pfxmz8sz9vmtd30fh1shnx4pc-12x12.webp 12w, https:\/\/www.uptextile.fr\/wp-content\/uploads\/2023\/03\/Photo-portrait-Dom-Garcia-Peintre-a-Gerardmer-dans-les-Vosges-88-phlfqswqnbshu5ox6pfxmz8sz9vmtd30fh1shnx4pc-600x600.webp 600w, https:\/\/www.uptextile.fr\/wp-content\/uploads\/2023\/03\/Photo-portrait-Dom-Garcia-Peintre-a-Gerardmer-dans-les-Vosges-88-phlfqswqnbshu5ox6pfxmz8sz9vmtd30fh1shnx4pc-100x100.webp 100w\" sizes=\"(max-width: 800px) 100vw, 800px\" \/>\t\t\t\t\t\t\t\t\t\t\t\t\t\t\t<\/div>\n\t\t\t\t<\/div>\n\t\t\t\t\t<\/div>\n\t\t<\/div>\n\t\t\t\t\t<\/div>\n\t\t<\/section>\n\t\t\t\t<section class=\"elementor-section elementor-top-section elementor-element elementor-element-a3b67c6 elementor-reverse-tablet elementor-reverse-mobile elementor-section-boxed elementor-section-height-default elementor-section-height-default\" data-id=\"a3b67c6\" data-element_type=\"section\" data-e-type=\"section\">\n\t\t\t\t\t\t<div class=\"elementor-container elementor-column-gap-default\">\n\t\t\t\t\t<div class=\"elementor-column elementor-col-50 elementor-top-column elementor-element elementor-element-11e1ab6\" data-id=\"11e1ab6\" data-element_type=\"column\" data-e-type=\"column\">\n\t\t\t<div class=\"elementor-widget-wrap elementor-element-populated\">\n\t\t\t\t\t\t<div class=\"elementor-element elementor-element-0bb8bac elementor-widget elementor-widget-image\" data-id=\"0bb8bac\" data-element_type=\"widget\" data-e-type=\"widget\" data-widget_type=\"image.default\">\n\t\t\t\t<div class=\"elementor-widget-container\">\n\t\t\t\t\t\t\t\t\t\t\t\t\t\t\t<img loading=\"lazy\" decoding=\"async\" width=\"800\" height=\"800\" src=\"https:\/\/www.uptextile.fr\/wp-content\/uploads\/2023\/03\/5-1024x1024.png\" class=\"attachment-large size-large wp-image-2982\" alt=\"Impression Dom Garcia\" srcset=\"https:\/\/www.uptextile.fr\/wp-content\/uploads\/2023\/03\/5-1024x1024.png 1024w, https:\/\/www.uptextile.fr\/wp-content\/uploads\/2023\/03\/5-300x300.png 300w, https:\/\/www.uptextile.fr\/wp-content\/uploads\/2023\/03\/5-150x150.png 150w, https:\/\/www.uptextile.fr\/wp-content\/uploads\/2023\/03\/5-768x768.png 768w, https:\/\/www.uptextile.fr\/wp-content\/uploads\/2023\/03\/5-12x12.png 12w, https:\/\/www.uptextile.fr\/wp-content\/uploads\/2023\/03\/5-600x600.png 600w, https:\/\/www.uptextile.fr\/wp-content\/uploads\/2023\/03\/5-100x100.png 100w, https:\/\/www.uptextile.fr\/wp-content\/uploads\/2023\/03\/5.png 1080w\" sizes=\"(max-width: 800px) 100vw, 800px\" \/>\t\t\t\t\t\t\t\t\t\t\t\t\t\t\t<\/div>\n\t\t\t\t<\/div>\n\t\t\t\t\t<\/div>\n\t\t<\/div>\n\t\t\t\t<div class=\"elementor-column elementor-col-50 elementor-top-column elementor-element elementor-element-553a455\" data-id=\"553a455\" data-element_type=\"column\" data-e-type=\"column\">\n\t\t\t<div class=\"elementor-widget-wrap elementor-element-populated\">\n\t\t\t\t\t\t<div class=\"elementor-element elementor-element-db2c9a5 elementor-widget elementor-widget-heading\" data-id=\"db2c9a5\" data-element_type=\"widget\" data-e-type=\"widget\" data-widget_type=\"heading.default\">\n\t\t\t\t<div class=\"elementor-widget-container\">\n\t\t\t\t\t<h2 class=\"elementor-heading-title elementor-size-default\">Quelles sont les valeurs de votre entreprise ? <\/h2>\t\t\t\t<\/div>\n\t\t\t\t<\/div>\n\t\t\t\t<div class=\"elementor-element elementor-element-d694195 elementor-widget elementor-widget-text-editor\" data-id=\"d694195\" data-element_type=\"widget\" data-e-type=\"widget\" data-widget_type=\"text-editor.default\">\n\t\t\t\t<div class=\"elementor-widget-container\">\n\t\t\t\t\t\t\t\t\t<p>La valeur la plus importante est la <strong>qualit\u00e9<\/strong>. Puis en deuxi\u00e8me, je dirais la <strong>durabilit\u00e9<\/strong>. Et pour finir, en troisi\u00e8me valeur, ce serait le <strong>local<\/strong>.<\/p>\t\t\t\t\t\t\t\t<\/div>\n\t\t\t\t<\/div>\n\t\t\t\t\t<\/div>\n\t\t<\/div>\n\t\t\t\t\t<\/div>\n\t\t<\/section>\n\t\t\t\t<section class=\"elementor-section elementor-top-section elementor-element elementor-element-ee1f1dd elementor-section-boxed elementor-section-height-default elementor-section-height-default\" data-id=\"ee1f1dd\" data-element_type=\"section\" data-e-type=\"section\">\n\t\t\t\t\t\t<div class=\"elementor-container elementor-column-gap-default\">\n\t\t\t\t\t<div class=\"elementor-column elementor-col-100 elementor-top-column elementor-element elementor-element-2d5241b\" data-id=\"2d5241b\" data-element_type=\"column\" data-e-type=\"column\">\n\t\t\t<div class=\"elementor-widget-wrap elementor-element-populated\">\n\t\t\t\t\t\t<div class=\"elementor-element elementor-element-a2036e8 elementor-widget elementor-widget-spacer\" data-id=\"a2036e8\" data-element_type=\"widget\" data-e-type=\"widget\" data-widget_type=\"spacer.default\">\n\t\t\t\t<div class=\"elementor-widget-container\">\n\t\t\t\t\t\t\t<div class=\"elementor-spacer\">\n\t\t\t<div class=\"elementor-spacer-inner\"><\/div>\n\t\t<\/div>\n\t\t\t\t\t\t<\/div>\n\t\t\t\t<\/div>\n\t\t\t\t<div class=\"elementor-element elementor-element-a2db626 elementor-widget elementor-widget-heading\" data-id=\"a2db626\" data-element_type=\"widget\" data-e-type=\"widget\" data-widget_type=\"heading.default\">\n\t\t\t\t<div class=\"elementor-widget-container\">\n\t\t\t\t\t<h2 class=\"elementor-heading-title elementor-size-default\">Comment avez-vous connu Up\u2019Textile ? <\/h2>\t\t\t\t<\/div>\n\t\t\t\t<\/div>\n\t\t\t\t<div class=\"elementor-element elementor-element-a516dc5 elementor-widget elementor-widget-text-editor\" data-id=\"a516dc5\" data-element_type=\"widget\" data-e-type=\"widget\" data-widget_type=\"text-editor.default\">\n\t\t\t\t<div class=\"elementor-widget-container\">\n\t\t\t\t\t\t\t\t\t<p>Le monde est petit, j\u2019ai connu Nathalie car nos filles se connaissaient. Une cliente, voisine de Nathalie m\u2019a parl\u00e9 d\u2019elle. Avec mes petites quantit\u00e9s, je ne pensais pas pouvoir int\u00e9resser Up\u2019Textile. Je lui ai donc demand\u00e9 peu confiante. Nous avons commenc\u00e9 tout doucement et nous avons fait des <strong>prototypes<\/strong>. Cela fait maintenant 4 ans que je travaille avec Up\u2019Textile et j\u2019en suis tr\u00e8s satisfaite de par la <strong>relation<\/strong>, leur c\u00f4t\u00e9 <strong>encourageant<\/strong> et le c\u00f4t\u00e9 <strong>humain<\/strong>. Quand je me balade dans l\u2019usine et que je discute avec les salari\u00e9s, j\u2019aime l\u2019ambiance qui s\u2019y trouve. \u00c9tant \u00e0 c\u00f4t\u00e9, j\u2019y vais r\u00e9guli\u00e8rement et ils sont donc <strong>hyper disponibles<\/strong> et f<strong>orce de proposition<\/strong>. Les tarifs sont corrects dans les volumes et les quantit\u00e9s. Ils sont top.<\/p>\t\t\t\t\t\t\t\t<\/div>\n\t\t\t\t<\/div>\n\t\t\t\t<div class=\"elementor-element elementor-element-8bd1bc0 elementor-widget elementor-widget-heading\" data-id=\"8bd1bc0\" data-element_type=\"widget\" data-e-type=\"widget\" data-widget_type=\"heading.default\">\n\t\t\t\t<div class=\"elementor-widget-container\">\n\t\t\t\t\t<h2 class=\"elementor-heading-title elementor-size-default\">Comment voyez-vous l'avenir de la marque Dom Garcia ? Dans 5 ans ? Dans 10 ans ?<\/h2>\t\t\t\t<\/div>\n\t\t\t\t<\/div>\n\t\t\t\t<div class=\"elementor-element elementor-element-137667b elementor-widget elementor-widget-text-editor\" data-id=\"137667b\" data-element_type=\"widget\" data-e-type=\"widget\" data-widget_type=\"text-editor.default\">\n\t\t\t\t<div class=\"elementor-widget-container\">\n\t\t\t\t\t\t\t\t\t<p>Je suis en doute permanent. D\u00e9j\u00e0, je souhaite rester ici, <strong>continuer \u00e0 me diversifier<\/strong>, mais ne pas me perdre surtout et <strong>continuer \u00e0 peindre avant tout<\/strong>.<\/p>\t\t\t\t\t\t\t\t<\/div>\n\t\t\t\t<\/div>\n\t\t\t\t<div class=\"elementor-element elementor-element-3172db5 elementor-widget elementor-widget-heading\" data-id=\"3172db5\" data-element_type=\"widget\" data-e-type=\"widget\" data-widget_type=\"heading.default\">\n\t\t\t\t<div class=\"elementor-widget-container\">\n\t\t\t\t\t<h2 class=\"elementor-heading-title elementor-size-default\"><span style=\"color: var( --e-global-color-157f154 );font-size: 2rem\">Pourquoi choisir les produits de la marque Dom Garcia ? <\/span><\/h2>\t\t\t\t<\/div>\n\t\t\t\t<\/div>\n\t\t\t\t<div class=\"elementor-element elementor-element-2f76f95 elementor-widget elementor-widget-text-editor\" data-id=\"2f76f95\" data-element_type=\"widget\" data-e-type=\"widget\" data-widget_type=\"text-editor.default\">\n\t\t\t\t<div class=\"elementor-widget-container\">\n\t\t\t\t\t\t\t\t\t<p>J\u2019ai deux client\u00e8les, ceux qui viennent occasionnellement et qui ont besoin de l\u2019<strong>\u00e9nergie<\/strong> qu\u2019il y a dans la boutique et qui veulent acheter un <strong>morceau de la boutique<\/strong>. Puis, j\u2019ai une client\u00e8le locale qui me fait le plaisir de venir pour se faire plaisir car il r\u00eave depuis longtemps de <strong>s\u2019offrir<\/strong> une toile ou de <strong>faire plaisir<\/strong> aux autres en achetant des <strong>cadeaux<\/strong>.<\/p>\t\t\t\t\t\t\t\t<\/div>\n\t\t\t\t<\/div>\n\t\t\t\t\t<\/div>\n\t\t<\/div>\n\t\t\t\t\t<\/div>\n\t\t<\/section>\n\t\t\t\t<section class=\"elementor-section elementor-top-section elementor-element elementor-element-a277653 elementor-section-boxed elementor-section-height-default elementor-section-height-default\" data-id=\"a277653\" data-element_type=\"section\" data-e-type=\"section\">\n\t\t\t\t\t\t<div class=\"elementor-container elementor-column-gap-default\">\n\t\t\t\t\t<div class=\"elementor-column elementor-col-100 elementor-top-column elementor-element elementor-element-4678fb8\" data-id=\"4678fb8\" data-element_type=\"column\" data-e-type=\"column\">\n\t\t\t<div class=\"elementor-widget-wrap elementor-element-populated\">\n\t\t\t\t\t\t<div class=\"elementor-element elementor-element-f3d925f elementor-widget elementor-widget-spacer\" data-id=\"f3d925f\" data-element_type=\"widget\" data-e-type=\"widget\" data-widget_type=\"spacer.default\">\n\t\t\t\t<div class=\"elementor-widget-container\">\n\t\t\t\t\t\t\t<div class=\"elementor-spacer\">\n\t\t\t<div class=\"elementor-spacer-inner\"><\/div>\n\t\t<\/div>\n\t\t\t\t\t\t<\/div>\n\t\t\t\t<\/div>\n\t\t\t\t<div class=\"elementor-element elementor-element-1a6cb0b elementor-widget elementor-widget-text-editor\" data-id=\"1a6cb0b\" data-element_type=\"widget\" data-e-type=\"widget\" data-widget_type=\"text-editor.default\">\n\t\t\t\t<div class=\"elementor-widget-container\">\n\t\t\t\t\t\t\t\t\t<p>Retrouver Dom Garcia sur le site internet <a href=\"https:\/\/domgarcia.fr\/\">https:\/\/domgarcia.fr\/<\/a> ou sur sa page <a href=\"https:\/\/www.facebook.com\/dom.garcia.artiste.peintre\">Facebook<\/a> ou son compte <a href=\"https:\/\/www.instagram.com\/domgarciapeinture\/\">Instagram<\/a>.<\/p><p>Ou retrouver l\u00e0 dans son atelier boutique sur G\u00e9rardmer 4 rue Fran\u00e7ois Mitterrand o\u00f9 elle vous fera \u00e9galement d\u00e9couvrir six autres artistes. \u00a0<\/p><p>\u00a0<\/p><p>Merci \u00e0 Dom Garcia pour ce partage et pour sa confiance.<\/p>\t\t\t\t\t\t\t\t<\/div>\n\t\t\t\t<\/div>\n\t\t\t\t\t<\/div>\n\t\t<\/div>\n\t\t\t\t\t<\/div>\n\t\t<\/section>\n\t\t\t\t<section class=\"elementor-section elementor-top-section elementor-element elementor-element-0ab8e36 elementor-section-boxed elementor-section-height-default elementor-section-height-default\" data-id=\"0ab8e36\" data-element_type=\"section\" data-e-type=\"section\">\n\t\t\t\t\t\t<div class=\"elementor-container elementor-column-gap-default\">\n\t\t\t\t\t<div class=\"elementor-column elementor-col-100 elementor-top-column elementor-element elementor-element-5b666b2\" data-id=\"5b666b2\" data-element_type=\"column\" data-e-type=\"column\">\n\t\t\t<div class=\"elementor-widget-wrap elementor-element-populated\">\n\t\t\t\t\t\t<div class=\"elementor-element elementor-element-9da2564 elementor-widget elementor-widget-spacer\" data-id=\"9da2564\" data-element_type=\"widget\" data-e-type=\"widget\" data-widget_type=\"spacer.default\">\n\t\t\t\t<div class=\"elementor-widget-container\">\n\t\t\t\t\t\t\t<div class=\"elementor-spacer\">\n\t\t\t<div class=\"elementor-spacer-inner\"><\/div>\n\t\t<\/div>\n\t\t\t\t\t\t<\/div>\n\t\t\t\t<\/div>\n\t\t\t\t\t<\/div>\n\t\t<\/div>\n\t\t\t\t\t<\/div>\n\t\t<\/section>\n\t\t\t\t<\/div>","protected":false},"excerpt":{"rendered":"<p><\/p>","protected":false},"author":1,"featured_media":2986,"comment_status":"closed","ping_status":"open","sticky":false,"template":"elementor_header_footer","format":"standard","meta":{"_monsterinsights_skip_tracking":false,"_monsterinsights_sitenote_active":false,"_monsterinsights_sitenote_note":"","_monsterinsights_sitenote_category":0,"footnotes":""},"categories":[244],"tags":[],"class_list":["post-2973","post","type-post","status-publish","format-standard","has-post-thumbnail","hentry","category-interviews"],"yoast_head":"<!-- This site is optimized with the Yoast SEO plugin v27.4 - https:\/\/yoast.com\/product\/yoast-seo-wordpress\/ -->\n<title>Interview de Dom Garcia, artiste peintre qui apporte de la couleur dans votre quotidien - UpTextile<\/title>\n<meta name=\"description\" content=\"D\u00e9couvrez notre interview de Dom Garcia, artiste peintre install\u00e9e \u00e0 G\u00e9rardmer o\u00f9 elle vend ses tableaux et produits textiles.\" \/>\n<meta name=\"robots\" content=\"index, follow, max-snippet:-1, max-image-preview:large, max-video-preview:-1\" \/>\n<link rel=\"canonical\" href=\"https:\/\/www.uptextile.fr\/en\/interview-de-dom-garcia-artiste-peintre-qui-apporte-de-la-couleur-dans-votre-quotidien\/\" \/>\n<meta property=\"og:locale\" content=\"en_GB\" \/>\n<meta property=\"og:type\" content=\"article\" \/>\n<meta property=\"og:title\" content=\"Interview de Dom Garcia, artiste peintre qui apporte de la couleur dans votre quotidien - UpTextile\" \/>\n<meta property=\"og:description\" content=\"D\u00e9couvrez notre interview de Dom Garcia, artiste peintre install\u00e9e \u00e0 G\u00e9rardmer o\u00f9 elle vend ses tableaux et produits textiles.\" \/>\n<meta property=\"og:url\" content=\"https:\/\/www.uptextile.fr\/en\/interview-de-dom-garcia-artiste-peintre-qui-apporte-de-la-couleur-dans-votre-quotidien\/\" \/>\n<meta property=\"og:site_name\" content=\"UpTextile\" \/>\n<meta property=\"article:published_time\" content=\"2023-03-17T20:15:04+00:00\" \/>\n<meta property=\"article:modified_time\" content=\"2024-09-30T12:23:28+00:00\" \/>\n<meta property=\"og:image\" content=\"https:\/\/www.uptextile.fr\/wp-content\/uploads\/2023\/03\/6.png\" \/>\n\t<meta property=\"og:image:width\" content=\"1080\" \/>\n\t<meta property=\"og:image:height\" content=\"1080\" \/>\n\t<meta property=\"og:image:type\" content=\"image\/png\" \/>\n<meta name=\"author\" content=\"admin\" \/>\n<meta name=\"twitter:card\" content=\"summary_large_image\" \/>\n<meta name=\"twitter:label1\" content=\"Written by\" \/>\n\t<meta name=\"twitter:data1\" content=\"admin\" \/>\n\t<meta name=\"twitter:label2\" content=\"Estimated reading time\" \/>\n\t<meta name=\"twitter:data2\" content=\"5 minutes\" \/>\n<script type=\"application\/ld+json\" class=\"yoast-schema-graph\">{\"@context\":\"https:\\\/\\\/schema.org\",\"@graph\":[{\"@type\":\"Article\",\"@id\":\"https:\\\/\\\/www.uptextile.fr\\\/interview-de-dom-garcia-artiste-peintre-qui-apporte-de-la-couleur-dans-votre-quotidien\\\/#article\",\"isPartOf\":{\"@id\":\"https:\\\/\\\/www.uptextile.fr\\\/interview-de-dom-garcia-artiste-peintre-qui-apporte-de-la-couleur-dans-votre-quotidien\\\/\"},\"author\":{\"name\":\"admin\",\"@id\":\"https:\\\/\\\/www.uptextile.fr\\\/#\\\/schema\\\/person\\\/ddd7afbcab186b7fb4ccfcc324dc6ade\"},\"headline\":\"Interview de Dom Garcia, artiste peintre qui apporte de la couleur dans votre quotidien\",\"datePublished\":\"2023-03-17T20:15:04+00:00\",\"dateModified\":\"2024-09-30T12:23:28+00:00\",\"mainEntityOfPage\":{\"@id\":\"https:\\\/\\\/www.uptextile.fr\\\/interview-de-dom-garcia-artiste-peintre-qui-apporte-de-la-couleur-dans-votre-quotidien\\\/\"},\"wordCount\":687,\"image\":{\"@id\":\"https:\\\/\\\/www.uptextile.fr\\\/interview-de-dom-garcia-artiste-peintre-qui-apporte-de-la-couleur-dans-votre-quotidien\\\/#primaryimage\"},\"thumbnailUrl\":\"https:\\\/\\\/www.uptextile.fr\\\/wp-content\\\/uploads\\\/2023\\\/03\\\/6.png\",\"articleSection\":[\"Interviews\"],\"inLanguage\":\"en-GB\"},{\"@type\":\"WebPage\",\"@id\":\"https:\\\/\\\/www.uptextile.fr\\\/interview-de-dom-garcia-artiste-peintre-qui-apporte-de-la-couleur-dans-votre-quotidien\\\/\",\"url\":\"https:\\\/\\\/www.uptextile.fr\\\/interview-de-dom-garcia-artiste-peintre-qui-apporte-de-la-couleur-dans-votre-quotidien\\\/\",\"name\":\"Interview de Dom Garcia, artiste peintre qui apporte de la couleur dans votre quotidien - UpTextile\",\"isPartOf\":{\"@id\":\"https:\\\/\\\/www.uptextile.fr\\\/#website\"},\"primaryImageOfPage\":{\"@id\":\"https:\\\/\\\/www.uptextile.fr\\\/interview-de-dom-garcia-artiste-peintre-qui-apporte-de-la-couleur-dans-votre-quotidien\\\/#primaryimage\"},\"image\":{\"@id\":\"https:\\\/\\\/www.uptextile.fr\\\/interview-de-dom-garcia-artiste-peintre-qui-apporte-de-la-couleur-dans-votre-quotidien\\\/#primaryimage\"},\"thumbnailUrl\":\"https:\\\/\\\/www.uptextile.fr\\\/wp-content\\\/uploads\\\/2023\\\/03\\\/6.png\",\"datePublished\":\"2023-03-17T20:15:04+00:00\",\"dateModified\":\"2024-09-30T12:23:28+00:00\",\"author\":{\"@id\":\"https:\\\/\\\/www.uptextile.fr\\\/#\\\/schema\\\/person\\\/ddd7afbcab186b7fb4ccfcc324dc6ade\"},\"description\":\"D\u00e9couvrez notre interview de Dom Garcia, artiste peintre install\u00e9e \u00e0 G\u00e9rardmer o\u00f9 elle vend ses tableaux et produits textiles.\",\"breadcrumb\":{\"@id\":\"https:\\\/\\\/www.uptextile.fr\\\/interview-de-dom-garcia-artiste-peintre-qui-apporte-de-la-couleur-dans-votre-quotidien\\\/#breadcrumb\"},\"inLanguage\":\"en-GB\",\"potentialAction\":[{\"@type\":\"ReadAction\",\"target\":[\"https:\\\/\\\/www.uptextile.fr\\\/interview-de-dom-garcia-artiste-peintre-qui-apporte-de-la-couleur-dans-votre-quotidien\\\/\"]}]},{\"@type\":\"ImageObject\",\"inLanguage\":\"en-GB\",\"@id\":\"https:\\\/\\\/www.uptextile.fr\\\/interview-de-dom-garcia-artiste-peintre-qui-apporte-de-la-couleur-dans-votre-quotidien\\\/#primaryimage\",\"url\":\"https:\\\/\\\/www.uptextile.fr\\\/wp-content\\\/uploads\\\/2023\\\/03\\\/6.png\",\"contentUrl\":\"https:\\\/\\\/www.uptextile.fr\\\/wp-content\\\/uploads\\\/2023\\\/03\\\/6.png\",\"width\":1080,\"height\":1080,\"caption\":\"Coussin Dom Garcia\"},{\"@type\":\"BreadcrumbList\",\"@id\":\"https:\\\/\\\/www.uptextile.fr\\\/interview-de-dom-garcia-artiste-peintre-qui-apporte-de-la-couleur-dans-votre-quotidien\\\/#breadcrumb\",\"itemListElement\":[{\"@type\":\"ListItem\",\"position\":1,\"name\":\"Accueil\",\"item\":\"https:\\\/\\\/www.uptextile.fr\\\/\"},{\"@type\":\"ListItem\",\"position\":2,\"name\":\"Interview de Dom Garcia, artiste peintre qui apporte de la couleur dans votre quotidien\"}]},{\"@type\":\"WebSite\",\"@id\":\"https:\\\/\\\/www.uptextile.fr\\\/#website\",\"url\":\"https:\\\/\\\/www.uptextile.fr\\\/\",\"name\":\"UpTextile\",\"description\":\"L&#039;impression num\u00e9rique \u00e0 votre service\",\"potentialAction\":[{\"@type\":\"SearchAction\",\"target\":{\"@type\":\"EntryPoint\",\"urlTemplate\":\"https:\\\/\\\/www.uptextile.fr\\\/?s={search_term_string}\"},\"query-input\":{\"@type\":\"PropertyValueSpecification\",\"valueRequired\":true,\"valueName\":\"search_term_string\"}}],\"inLanguage\":\"en-GB\"},{\"@type\":\"Person\",\"@id\":\"https:\\\/\\\/www.uptextile.fr\\\/#\\\/schema\\\/person\\\/ddd7afbcab186b7fb4ccfcc324dc6ade\",\"name\":\"admin\",\"image\":{\"@type\":\"ImageObject\",\"inLanguage\":\"en-GB\",\"@id\":\"https:\\\/\\\/secure.gravatar.com\\\/avatar\\\/6670ee2da31d04324ab60d2c276c81c91f6f128389d0cd7f2efb1030b28554de?s=96&d=mm&r=g\",\"url\":\"https:\\\/\\\/secure.gravatar.com\\\/avatar\\\/6670ee2da31d04324ab60d2c276c81c91f6f128389d0cd7f2efb1030b28554de?s=96&d=mm&r=g\",\"contentUrl\":\"https:\\\/\\\/secure.gravatar.com\\\/avatar\\\/6670ee2da31d04324ab60d2c276c81c91f6f128389d0cd7f2efb1030b28554de?s=96&d=mm&r=g\",\"caption\":\"admin\"},\"url\":\"https:\\\/\\\/www.uptextile.fr\\\/en\\\/author\\\/admin\\\/\"}]}<\/script>\n<!-- \/ Yoast SEO plugin. -->","yoast_head_json":{"title":"Interview de Dom Garcia, artiste peintre qui apporte de la couleur dans votre quotidien - UpTextile","description":"D\u00e9couvrez notre interview de Dom Garcia, artiste peintre install\u00e9e \u00e0 G\u00e9rardmer o\u00f9 elle vend ses tableaux et produits textiles.","robots":{"index":"index","follow":"follow","max-snippet":"max-snippet:-1","max-image-preview":"max-image-preview:large","max-video-preview":"max-video-preview:-1"},"canonical":"https:\/\/www.uptextile.fr\/en\/interview-de-dom-garcia-artiste-peintre-qui-apporte-de-la-couleur-dans-votre-quotidien\/","og_locale":"en_GB","og_type":"article","og_title":"Interview de Dom Garcia, artiste peintre qui apporte de la couleur dans votre quotidien - UpTextile","og_description":"D\u00e9couvrez notre interview de Dom Garcia, artiste peintre install\u00e9e \u00e0 G\u00e9rardmer o\u00f9 elle vend ses tableaux et produits textiles.","og_url":"https:\/\/www.uptextile.fr\/en\/interview-de-dom-garcia-artiste-peintre-qui-apporte-de-la-couleur-dans-votre-quotidien\/","og_site_name":"UpTextile","article_published_time":"2023-03-17T20:15:04+00:00","article_modified_time":"2024-09-30T12:23:28+00:00","og_image":[{"width":1080,"height":1080,"url":"https:\/\/www.uptextile.fr\/wp-content\/uploads\/2023\/03\/6.png","type":"image\/png"}],"author":"admin","twitter_card":"summary_large_image","twitter_misc":{"Written by":"admin","Estimated reading time":"5 minutes"},"schema":{"@context":"https:\/\/schema.org","@graph":[{"@type":"Article","@id":"https:\/\/www.uptextile.fr\/interview-de-dom-garcia-artiste-peintre-qui-apporte-de-la-couleur-dans-votre-quotidien\/#article","isPartOf":{"@id":"https:\/\/www.uptextile.fr\/interview-de-dom-garcia-artiste-peintre-qui-apporte-de-la-couleur-dans-votre-quotidien\/"},"author":{"name":"admin","@id":"https:\/\/www.uptextile.fr\/#\/schema\/person\/ddd7afbcab186b7fb4ccfcc324dc6ade"},"headline":"Interview de Dom Garcia, artiste peintre qui apporte de la couleur dans votre quotidien","datePublished":"2023-03-17T20:15:04+00:00","dateModified":"2024-09-30T12:23:28+00:00","mainEntityOfPage":{"@id":"https:\/\/www.uptextile.fr\/interview-de-dom-garcia-artiste-peintre-qui-apporte-de-la-couleur-dans-votre-quotidien\/"},"wordCount":687,"image":{"@id":"https:\/\/www.uptextile.fr\/interview-de-dom-garcia-artiste-peintre-qui-apporte-de-la-couleur-dans-votre-quotidien\/#primaryimage"},"thumbnailUrl":"https:\/\/www.uptextile.fr\/wp-content\/uploads\/2023\/03\/6.png","articleSection":["Interviews"],"inLanguage":"en-GB"},{"@type":"WebPage","@id":"https:\/\/www.uptextile.fr\/interview-de-dom-garcia-artiste-peintre-qui-apporte-de-la-couleur-dans-votre-quotidien\/","url":"https:\/\/www.uptextile.fr\/interview-de-dom-garcia-artiste-peintre-qui-apporte-de-la-couleur-dans-votre-quotidien\/","name":"Interview de Dom Garcia, artiste peintre qui apporte de la couleur dans votre quotidien - UpTextile","isPartOf":{"@id":"https:\/\/www.uptextile.fr\/#website"},"primaryImageOfPage":{"@id":"https:\/\/www.uptextile.fr\/interview-de-dom-garcia-artiste-peintre-qui-apporte-de-la-couleur-dans-votre-quotidien\/#primaryimage"},"image":{"@id":"https:\/\/www.uptextile.fr\/interview-de-dom-garcia-artiste-peintre-qui-apporte-de-la-couleur-dans-votre-quotidien\/#primaryimage"},"thumbnailUrl":"https:\/\/www.uptextile.fr\/wp-content\/uploads\/2023\/03\/6.png","datePublished":"2023-03-17T20:15:04+00:00","dateModified":"2024-09-30T12:23:28+00:00","author":{"@id":"https:\/\/www.uptextile.fr\/#\/schema\/person\/ddd7afbcab186b7fb4ccfcc324dc6ade"},"description":"D\u00e9couvrez notre interview de Dom Garcia, artiste peintre install\u00e9e \u00e0 G\u00e9rardmer o\u00f9 elle vend ses tableaux et produits textiles.","breadcrumb":{"@id":"https:\/\/www.uptextile.fr\/interview-de-dom-garcia-artiste-peintre-qui-apporte-de-la-couleur-dans-votre-quotidien\/#breadcrumb"},"inLanguage":"en-GB","potentialAction":[{"@type":"ReadAction","target":["https:\/\/www.uptextile.fr\/interview-de-dom-garcia-artiste-peintre-qui-apporte-de-la-couleur-dans-votre-quotidien\/"]}]},{"@type":"ImageObject","inLanguage":"en-GB","@id":"https:\/\/www.uptextile.fr\/interview-de-dom-garcia-artiste-peintre-qui-apporte-de-la-couleur-dans-votre-quotidien\/#primaryimage","url":"https:\/\/www.uptextile.fr\/wp-content\/uploads\/2023\/03\/6.png","contentUrl":"https:\/\/www.uptextile.fr\/wp-content\/uploads\/2023\/03\/6.png","width":1080,"height":1080,"caption":"Coussin Dom Garcia"},{"@type":"BreadcrumbList","@id":"https:\/\/www.uptextile.fr\/interview-de-dom-garcia-artiste-peintre-qui-apporte-de-la-couleur-dans-votre-quotidien\/#breadcrumb","itemListElement":[{"@type":"ListItem","position":1,"name":"Accueil","item":"https:\/\/www.uptextile.fr\/"},{"@type":"ListItem","position":2,"name":"Interview de Dom Garcia, artiste peintre qui apporte de la couleur dans votre quotidien"}]},{"@type":"WebSite","@id":"https:\/\/www.uptextile.fr\/#website","url":"https:\/\/www.uptextile.fr\/","name":"UpTextile","description":"L&#039;impression num\u00e9rique \u00e0 votre service","potentialAction":[{"@type":"SearchAction","target":{"@type":"EntryPoint","urlTemplate":"https:\/\/www.uptextile.fr\/?s={search_term_string}"},"query-input":{"@type":"PropertyValueSpecification","valueRequired":true,"valueName":"search_term_string"}}],"inLanguage":"en-GB"},{"@type":"Person","@id":"https:\/\/www.uptextile.fr\/#\/schema\/person\/ddd7afbcab186b7fb4ccfcc324dc6ade","name":"admin","image":{"@type":"ImageObject","inLanguage":"en-GB","@id":"https:\/\/secure.gravatar.com\/avatar\/6670ee2da31d04324ab60d2c276c81c91f6f128389d0cd7f2efb1030b28554de?s=96&d=mm&r=g","url":"https:\/\/secure.gravatar.com\/avatar\/6670ee2da31d04324ab60d2c276c81c91f6f128389d0cd7f2efb1030b28554de?s=96&d=mm&r=g","contentUrl":"https:\/\/secure.gravatar.com\/avatar\/6670ee2da31d04324ab60d2c276c81c91f6f128389d0cd7f2efb1030b28554de?s=96&d=mm&r=g","caption":"admin"},"url":"https:\/\/www.uptextile.fr\/en\/author\/admin\/"}]}},"_links":{"self":[{"href":"https:\/\/www.uptextile.fr\/en\/wp-json\/wp\/v2\/posts\/2973","targetHints":{"allow":["GET"]}}],"collection":[{"href":"https:\/\/www.uptextile.fr\/en\/wp-json\/wp\/v2\/posts"}],"about":[{"href":"https:\/\/www.uptextile.fr\/en\/wp-json\/wp\/v2\/types\/post"}],"author":[{"embeddable":true,"href":"https:\/\/www.uptextile.fr\/en\/wp-json\/wp\/v2\/users\/1"}],"replies":[{"embeddable":true,"href":"https:\/\/www.uptextile.fr\/en\/wp-json\/wp\/v2\/comments?post=2973"}],"version-history":[{"count":14,"href":"https:\/\/www.uptextile.fr\/en\/wp-json\/wp\/v2\/posts\/2973\/revisions"}],"predecessor-version":[{"id":3664,"href":"https:\/\/www.uptextile.fr\/en\/wp-json\/wp\/v2\/posts\/2973\/revisions\/3664"}],"wp:featuredmedia":[{"embeddable":true,"href":"https:\/\/www.uptextile.fr\/en\/wp-json\/wp\/v2\/media\/2986"}],"wp:attachment":[{"href":"https:\/\/www.uptextile.fr\/en\/wp-json\/wp\/v2\/media?parent=2973"}],"wp:term":[{"taxonomy":"category","embeddable":true,"href":"https:\/\/www.uptextile.fr\/en\/wp-json\/wp\/v2\/categories?post=2973"},{"taxonomy":"post_tag","embeddable":true,"href":"https:\/\/www.uptextile.fr\/en\/wp-json\/wp\/v2\/tags?post=2973"}],"curies":[{"name":"wp","href":"https:\/\/api.w.org\/{rel}","templated":true}]}}