{"id":3031,"date":"2023-04-14T15:11:39","date_gmt":"2023-04-14T13:11:39","guid":{"rendered":"https:\/\/www.uptextile.fr\/?p=3031"},"modified":"2024-09-30T14:20:11","modified_gmt":"2024-09-30T12:20:11","slug":"interview-de-alto-duo-la-marque-de-decoration-dinterieur-alliant-savoir-faire-et-creativite","status":"publish","type":"post","link":"https:\/\/www.uptextile.fr\/en\/interview-de-alto-duo-la-marque-de-decoration-dinterieur-alliant-savoir-faire-et-creativite\/","title":{"rendered":"Interview de Alto Duo, la marque de d\u00e9coration d&rsquo;int\u00e9rieur alliant savoir-faire et cr\u00e9ativit\u00e9"},"content":{"rendered":"<div data-elementor-type=\"wp-post\" data-elementor-id=\"3031\" class=\"elementor elementor-3031\" data-elementor-post-type=\"post\">\n\t\t\t\t\t\t<section class=\"elementor-section elementor-top-section elementor-element elementor-element-6204785 elementor-section-boxed elementor-section-height-default elementor-section-height-default\" data-id=\"6204785\" data-element_type=\"section\" data-e-type=\"section\">\n\t\t\t\t\t\t<div class=\"elementor-container elementor-column-gap-default\">\n\t\t\t\t\t<div class=\"elementor-column elementor-col-100 elementor-top-column elementor-element elementor-element-335ce89\" data-id=\"335ce89\" data-element_type=\"column\" data-e-type=\"column\">\n\t\t\t<div class=\"elementor-widget-wrap elementor-element-populated\">\n\t\t\t\t\t\t<div class=\"elementor-element elementor-element-8731012 elementor-widget elementor-widget-spacer\" data-id=\"8731012\" data-element_type=\"widget\" data-e-type=\"widget\" data-widget_type=\"spacer.default\">\n\t\t\t\t<div class=\"elementor-widget-container\">\n\t\t\t\t\t\t\t<div class=\"elementor-spacer\">\n\t\t\t<div class=\"elementor-spacer-inner\"><\/div>\n\t\t<\/div>\n\t\t\t\t\t\t<\/div>\n\t\t\t\t<\/div>\n\t\t\t\t<div class=\"elementor-element elementor-element-a539f5e elementor-widget elementor-widget-heading\" data-id=\"a539f5e\" data-element_type=\"widget\" data-e-type=\"widget\" data-widget_type=\"heading.default\">\n\t\t\t\t<div class=\"elementor-widget-container\">\n\t\t\t\t\t<h1 class=\"elementor-heading-title elementor-size-default\"><span style=\"color:white\"> interview <br> Of <\/span> Alto Duo<\/h1>\t\t\t\t<\/div>\n\t\t\t\t<\/div>\n\t\t\t\t<div class=\"elementor-element elementor-element-690fcb6 elementor-widget elementor-widget-spacer\" data-id=\"690fcb6\" data-element_type=\"widget\" data-e-type=\"widget\" data-widget_type=\"spacer.default\">\n\t\t\t\t<div class=\"elementor-widget-container\">\n\t\t\t\t\t\t\t<div class=\"elementor-spacer\">\n\t\t\t<div class=\"elementor-spacer-inner\"><\/div>\n\t\t<\/div>\n\t\t\t\t\t\t<\/div>\n\t\t\t\t<\/div>\n\t\t\t\t\t<\/div>\n\t\t<\/div>\n\t\t\t\t\t<\/div>\n\t\t<\/section>\n\t\t\t\t<section class=\"elementor-section elementor-top-section elementor-element elementor-element-4055702 elementor-reverse-tablet elementor-reverse-mobile elementor-section-boxed elementor-section-height-default elementor-section-height-default\" data-id=\"4055702\" data-element_type=\"section\" data-e-type=\"section\">\n\t\t\t\t\t\t<div class=\"elementor-container elementor-column-gap-default\">\n\t\t\t\t\t<div class=\"elementor-column elementor-col-50 elementor-top-column elementor-element elementor-element-3d25821\" data-id=\"3d25821\" data-element_type=\"column\" data-e-type=\"column\">\n\t\t\t<div class=\"elementor-widget-wrap elementor-element-populated\">\n\t\t\t\t\t\t<div class=\"elementor-element elementor-element-8f7d5d2 elementor-widget elementor-widget-image\" data-id=\"8f7d5d2\" data-element_type=\"widget\" data-e-type=\"widget\" data-widget_type=\"image.default\">\n\t\t\t\t<div class=\"elementor-widget-container\">\n\t\t\t\t\t\t\t\t\t\t\t\t\t\t\t<img fetchpriority=\"high\" decoding=\"async\" width=\"800\" height=\"445\" src=\"https:\/\/www.uptextile.fr\/wp-content\/uploads\/2023\/04\/alto-duo-fondateurs-designers-paloma-mayeul-morand-monteil-1024x569.png\" class=\"attachment-large size-large wp-image-3035\" alt=\"Marque Alto Duo\" srcset=\"https:\/\/www.uptextile.fr\/wp-content\/uploads\/2023\/04\/alto-duo-fondateurs-designers-paloma-mayeul-morand-monteil-1024x569.png 1024w, https:\/\/www.uptextile.fr\/wp-content\/uploads\/2023\/04\/alto-duo-fondateurs-designers-paloma-mayeul-morand-monteil-300x167.png 300w, https:\/\/www.uptextile.fr\/wp-content\/uploads\/2023\/04\/alto-duo-fondateurs-designers-paloma-mayeul-morand-monteil-768x427.png 768w, https:\/\/www.uptextile.fr\/wp-content\/uploads\/2023\/04\/alto-duo-fondateurs-designers-paloma-mayeul-morand-monteil-1536x853.png 1536w, https:\/\/www.uptextile.fr\/wp-content\/uploads\/2023\/04\/alto-duo-fondateurs-designers-paloma-mayeul-morand-monteil-18x10.png 18w, https:\/\/www.uptextile.fr\/wp-content\/uploads\/2023\/04\/alto-duo-fondateurs-designers-paloma-mayeul-morand-monteil-600x333.png 600w, https:\/\/www.uptextile.fr\/wp-content\/uploads\/2023\/04\/alto-duo-fondateurs-designers-paloma-mayeul-morand-monteil.png 1600w\" sizes=\"(max-width: 800px) 100vw, 800px\" \/>\t\t\t\t\t\t\t\t\t\t\t\t\t\t\t<\/div>\n\t\t\t\t<\/div>\n\t\t\t\t\t<\/div>\n\t\t<\/div>\n\t\t\t\t<div class=\"elementor-column elementor-col-50 elementor-top-column elementor-element elementor-element-8404247\" data-id=\"8404247\" data-element_type=\"column\" data-e-type=\"column\">\n\t\t\t<div class=\"elementor-widget-wrap elementor-element-populated\">\n\t\t\t\t\t\t<div class=\"elementor-element elementor-element-1b58620 elementor-widget elementor-widget-heading\" data-id=\"1b58620\" data-element_type=\"widget\" data-e-type=\"widget\" data-widget_type=\"heading.default\">\n\t\t\t\t<div class=\"elementor-widget-container\">\n\t\t\t\t\t<h2 class=\"elementor-heading-title elementor-size-default\">Alto Duo, la marque de d\u00e9coration d\u2019int\u00e9rieur alliant savoir-faire et cr\u00e9ativit\u00e9 <\/h2>\t\t\t\t<\/div>\n\t\t\t\t<\/div>\n\t\t\t\t<div class=\"elementor-element elementor-element-ee56382 elementor-widget elementor-widget-text-editor\" data-id=\"ee56382\" data-element_type=\"widget\" data-e-type=\"widget\" data-widget_type=\"text-editor.default\">\n\t\t\t\t<div class=\"elementor-widget-container\">\n\t\t\t\t\t\t\t\t\t<p>Alto Duo est une marque de d\u00e9coration d\u2019int\u00e9rieur, mobilier, luminaire et linge de table, fond\u00e9e par un duo fr\u00e8re-s\u0153ur originaire du Sud-ouest de la France. Ils imaginent et cr\u00e9ent des produits originaux et p\u00e9tillants, fabriqu\u00e9s par des artisans fran\u00e7ais. Leur objectif est de perp\u00e9tuer la tradition et l\u2019excellence des savoir-faire fran\u00e7ais.<\/p><p>Nous avons eu l\u2019honneur d\u2019interviewer Paloma Morand-Monteil, co-fondatrice et designer textile d\u2019Alto Duo\u00a0:<\/p>\t\t\t\t\t\t\t\t<\/div>\n\t\t\t\t<\/div>\n\t\t\t\t\t<\/div>\n\t\t<\/div>\n\t\t\t\t\t<\/div>\n\t\t<\/section>\n\t\t\t\t<section class=\"elementor-section elementor-top-section elementor-element elementor-element-8b01205 elementor-section-boxed elementor-section-height-default elementor-section-height-default\" data-id=\"8b01205\" data-element_type=\"section\" data-e-type=\"section\">\n\t\t\t\t\t\t<div class=\"elementor-container elementor-column-gap-default\">\n\t\t\t\t\t<div class=\"elementor-column elementor-col-100 elementor-top-column elementor-element elementor-element-0dc5bc1\" data-id=\"0dc5bc1\" data-element_type=\"column\" data-e-type=\"column\">\n\t\t\t<div class=\"elementor-widget-wrap elementor-element-populated\">\n\t\t\t\t\t\t<div class=\"elementor-element elementor-element-dcb85e9 elementor-widget elementor-widget-spacer\" data-id=\"dcb85e9\" data-element_type=\"widget\" data-e-type=\"widget\" data-widget_type=\"spacer.default\">\n\t\t\t\t<div class=\"elementor-widget-container\">\n\t\t\t\t\t\t\t<div class=\"elementor-spacer\">\n\t\t\t<div class=\"elementor-spacer-inner\"><\/div>\n\t\t<\/div>\n\t\t\t\t\t\t<\/div>\n\t\t\t\t<\/div>\n\t\t\t\t<div class=\"elementor-element elementor-element-614a19b elementor-widget elementor-widget-heading\" data-id=\"614a19b\" data-element_type=\"widget\" data-e-type=\"widget\" data-widget_type=\"heading.default\">\n\t\t\t\t<div class=\"elementor-widget-container\">\n\t\t\t\t\t<h2 class=\"elementor-heading-title elementor-size-default\">\u00ab Bonjour, pouvez-vous nous raconter l\u2019histoire de votre marque ? <\/h2>\t\t\t\t<\/div>\n\t\t\t\t<\/div>\n\t\t\t\t<div class=\"elementor-element elementor-element-cec7866 elementor-widget elementor-widget-text-editor\" data-id=\"cec7866\" data-element_type=\"widget\" data-e-type=\"widget\" data-widget_type=\"text-editor.default\">\n\t\t\t\t<div class=\"elementor-widget-container\">\n\t\t\t\t\t\t\t\t\t<p>Nous avons fond\u00e9 Alto Duo en 2021, mon fr\u00e8re Mayeul et moi-m\u00eame. Tous les deux tr\u00e8s cr\u00e9atifs, mon fr\u00e8re est designer produit et moi je d\u00e9veloppe des dessins \u00e0 vocation de motifs textiles.<\/p><p>Alto Duo est une marque que nous avons cr\u00e9\u00e9e pour plusieurs raisons. Il est int\u00e9ressant de conna\u00eetre le contexte afin de comprendre notre d\u00e9marche et notre univers.<\/p><p>Nous avons grandi dans un vignoble en P\u00e9rigord avec des valeurs d\u2019entrepreneuriat et de travail en famille. Rapidement, nous avons \u00e9t\u00e9 sensibilis\u00e9s \u00e0 la tradition du savoir-faire fran\u00e7ais et \u00e0 l\u2019usage de mati\u00e8res naturelles.<\/p><p>Ainsi, nous avons le go\u00fbt pour l\u2019aventure entrepreneuriale mais nous avons \u00e9galement une grande fascination pour le savoir-faire fran\u00e7ais. Notre projet est de concilier cr\u00e9ativit\u00e9 et fabrication fran\u00e7aise.<\/p><p>Notre univers d\u2019objet comprend\u00a0: du mobilier, des luminaires et du linge de table qui sont l\u2019alliance de la tradition et de l\u2019inventivit\u00e9 du design. Et le tout, toujours en s\u2019appuyant sur des entreprises qui sont l\u00e0 depuis longtemps et qui perdurent du fait d\u2019un savoir-faire.<\/p>\t\t\t\t\t\t\t\t<\/div>\n\t\t\t\t<\/div>\n\t\t\t\t\t<\/div>\n\t\t<\/div>\n\t\t\t\t\t<\/div>\n\t\t<\/section>\n\t\t\t\t<section class=\"elementor-section elementor-top-section elementor-element elementor-element-fbf057b elementor-section-boxed elementor-section-height-default elementor-section-height-default\" data-id=\"fbf057b\" data-element_type=\"section\" data-e-type=\"section\">\n\t\t\t\t\t\t<div class=\"elementor-container elementor-column-gap-default\">\n\t\t\t\t\t<div class=\"elementor-column elementor-col-100 elementor-top-column elementor-element elementor-element-0707442\" data-id=\"0707442\" data-element_type=\"column\" data-e-type=\"column\">\n\t\t\t<div class=\"elementor-widget-wrap elementor-element-populated\">\n\t\t\t\t\t\t<div class=\"elementor-element elementor-element-1cdaa7c elementor-widget elementor-widget-spacer\" data-id=\"1cdaa7c\" data-element_type=\"widget\" data-e-type=\"widget\" data-widget_type=\"spacer.default\">\n\t\t\t\t<div class=\"elementor-widget-container\">\n\t\t\t\t\t\t\t<div class=\"elementor-spacer\">\n\t\t\t<div class=\"elementor-spacer-inner\"><\/div>\n\t\t<\/div>\n\t\t\t\t\t\t<\/div>\n\t\t\t\t<\/div>\n\t\t\t\t<div class=\"elementor-element elementor-element-9a684f0 elementor-widget elementor-widget-heading\" data-id=\"9a684f0\" data-element_type=\"widget\" data-e-type=\"widget\" data-widget_type=\"heading.default\">\n\t\t\t\t<div class=\"elementor-widget-container\">\n\t\t\t\t\t<h2 class=\"elementor-heading-title elementor-size-default\">Quels produits proposez-vous ?<\/h2>\t\t\t\t<\/div>\n\t\t\t\t<\/div>\n\t\t\t\t<div class=\"elementor-element elementor-element-a3ede64 elementor-widget elementor-widget-text-editor\" data-id=\"a3ede64\" data-element_type=\"widget\" data-e-type=\"widget\" data-widget_type=\"text-editor.default\">\n\t\t\t\t<div class=\"elementor-widget-container\">\n\t\t\t\t\t\t\t\t\t<p>Nous avons d\u00e9velopp\u00e9 deux collections principales de produits, une collection de petit mobilier et luminaire fabriqu\u00e9e par notre partenaire menuisier en P\u00e9rigord et une collection de textiles, comprenant essentiellement du linge de table.<\/p>\t\t\t\t\t\t\t\t<\/div>\n\t\t\t\t<\/div>\n\t\t\t\t\t<\/div>\n\t\t<\/div>\n\t\t\t\t\t<\/div>\n\t\t<\/section>\n\t\t\t\t<section class=\"elementor-section elementor-top-section elementor-element elementor-element-58ce245 elementor-section-boxed elementor-section-height-default elementor-section-height-default\" data-id=\"58ce245\" data-element_type=\"section\" data-e-type=\"section\">\n\t\t\t\t\t\t<div class=\"elementor-container elementor-column-gap-default\">\n\t\t\t\t\t<div class=\"elementor-column elementor-col-33 elementor-top-column elementor-element elementor-element-0e83c0a\" data-id=\"0e83c0a\" data-element_type=\"column\" data-e-type=\"column\">\n\t\t\t<div class=\"elementor-widget-wrap elementor-element-populated\">\n\t\t\t\t\t\t<div class=\"elementor-element elementor-element-450c862 elementor-hidden-mobile e-transform e-transform elementor-widget elementor-widget-image\" data-id=\"450c862\" data-element_type=\"widget\" data-e-type=\"widget\" data-settings=\"{&quot;_transform_translateX_effect&quot;:{&quot;unit&quot;:&quot;%&quot;,&quot;size&quot;:70,&quot;sizes&quot;:[]},&quot;_transform_translateX_effect_tablet&quot;:{&quot;unit&quot;:&quot;%&quot;,&quot;size&quot;:&quot;&quot;,&quot;sizes&quot;:[]},&quot;_transform_translateX_effect_mobile&quot;:{&quot;unit&quot;:&quot;%&quot;,&quot;size&quot;:&quot;&quot;,&quot;sizes&quot;:[]},&quot;_transform_rotateZ_effect&quot;:{&quot;unit&quot;:&quot;px&quot;,&quot;size&quot;:&quot;&quot;,&quot;sizes&quot;:[]},&quot;_transform_rotateZ_effect_tablet&quot;:{&quot;unit&quot;:&quot;deg&quot;,&quot;size&quot;:&quot;&quot;,&quot;sizes&quot;:[]},&quot;_transform_rotateZ_effect_mobile&quot;:{&quot;unit&quot;:&quot;deg&quot;,&quot;size&quot;:&quot;&quot;,&quot;sizes&quot;:[]},&quot;_transform_translateY_effect&quot;:{&quot;unit&quot;:&quot;px&quot;,&quot;size&quot;:&quot;&quot;,&quot;sizes&quot;:[]},&quot;_transform_translateY_effect_tablet&quot;:{&quot;unit&quot;:&quot;px&quot;,&quot;size&quot;:&quot;&quot;,&quot;sizes&quot;:[]},&quot;_transform_translateY_effect_mobile&quot;:{&quot;unit&quot;:&quot;px&quot;,&quot;size&quot;:&quot;&quot;,&quot;sizes&quot;:[]}}\" data-widget_type=\"image.default\">\n\t\t\t\t<div class=\"elementor-widget-container\">\n\t\t\t\t\t\t\t\t\t\t\t\t\t\t\t<img decoding=\"async\" width=\"127\" height=\"262\" src=\"https:\/\/www.uptextile.fr\/wp-content\/uploads\/2022\/02\/Fichier-3UP.png\" class=\"attachment-large size-large wp-image-1163\" alt=\"UP\" srcset=\"https:\/\/www.uptextile.fr\/wp-content\/uploads\/2022\/02\/Fichier-3UP.png 127w, https:\/\/www.uptextile.fr\/wp-content\/uploads\/2022\/02\/Fichier-3UP-6x12.png 6w\" sizes=\"(max-width: 127px) 100vw, 127px\" \/>\t\t\t\t\t\t\t\t\t\t\t\t\t\t\t<\/div>\n\t\t\t\t<\/div>\n\t\t\t\t\t<\/div>\n\t\t<\/div>\n\t\t\t\t<div class=\"elementor-column elementor-col-33 elementor-top-column elementor-element elementor-element-0c6cfa8\" data-id=\"0c6cfa8\" data-element_type=\"column\" data-e-type=\"column\">\n\t\t\t<div class=\"elementor-widget-wrap elementor-element-populated\">\n\t\t\t\t\t\t<div class=\"elementor-element elementor-element-b5c551f elementor-widget elementor-widget-image\" data-id=\"b5c551f\" data-element_type=\"widget\" data-e-type=\"widget\" data-widget_type=\"image.default\">\n\t\t\t\t<div class=\"elementor-widget-container\">\n\t\t\t\t\t\t\t\t\t\t\t\t\t\t\t<img decoding=\"async\" src=\"https:\/\/www.uptextile.fr\/wp-content\/uploads\/2023\/04\/alto-duo-set-de-table-ambiance-verte-scaled.jpg\" title=\"alto duo set de table ambiance verte\" alt=\"alto duo set de table ambiance verte\" loading=\"lazy\" \/>\t\t\t\t\t\t\t\t\t\t\t\t\t\t\t<\/div>\n\t\t\t\t<\/div>\n\t\t\t\t\t<\/div>\n\t\t<\/div>\n\t\t\t\t<div class=\"elementor-column elementor-col-33 elementor-top-column elementor-element elementor-element-9f702e4\" data-id=\"9f702e4\" data-element_type=\"column\" data-e-type=\"column\">\n\t\t\t<div class=\"elementor-widget-wrap elementor-element-populated\">\n\t\t\t\t\t\t<div class=\"elementor-element elementor-element-adf3985 elementor-widget elementor-widget-image\" data-id=\"adf3985\" data-element_type=\"widget\" data-e-type=\"widget\" data-widget_type=\"image.default\">\n\t\t\t\t<div class=\"elementor-widget-container\">\n\t\t\t\t\t\t\t\t\t\t\t\t\t\t\t<img decoding=\"async\" width=\"683\" height=\"1024\" src=\"https:\/\/www.uptextile.fr\/wp-content\/uploads\/2023\/04\/alto-duo-nappe-baba-grenade-683x1024.jpg\" class=\"attachment-large size-large wp-image-3037\" alt=\"Nappe Alto Duo\" srcset=\"https:\/\/www.uptextile.fr\/wp-content\/uploads\/2023\/04\/alto-duo-nappe-baba-grenade-683x1024.jpg 683w, https:\/\/www.uptextile.fr\/wp-content\/uploads\/2023\/04\/alto-duo-nappe-baba-grenade-200x300.jpg 200w, https:\/\/www.uptextile.fr\/wp-content\/uploads\/2023\/04\/alto-duo-nappe-baba-grenade-768x1152.jpg 768w, https:\/\/www.uptextile.fr\/wp-content\/uploads\/2023\/04\/alto-duo-nappe-baba-grenade-1024x1536.jpg 1024w, https:\/\/www.uptextile.fr\/wp-content\/uploads\/2023\/04\/alto-duo-nappe-baba-grenade-1365x2048.jpg 1365w, https:\/\/www.uptextile.fr\/wp-content\/uploads\/2023\/04\/alto-duo-nappe-baba-grenade-8x12.jpg 8w, https:\/\/www.uptextile.fr\/wp-content\/uploads\/2023\/04\/alto-duo-nappe-baba-grenade-600x900.jpg 600w, https:\/\/www.uptextile.fr\/wp-content\/uploads\/2023\/04\/alto-duo-nappe-baba-grenade-scaled.jpg 1707w\" sizes=\"(max-width: 683px) 100vw, 683px\" \/>\t\t\t\t\t\t\t\t\t\t\t\t\t\t\t<\/div>\n\t\t\t\t<\/div>\n\t\t\t\t<div class=\"elementor-element elementor-element-6f778cf elementor-align-center elementor-mobile-align-left elementor-widget elementor-widget-button\" data-id=\"6f778cf\" data-element_type=\"widget\" data-e-type=\"widget\" data-widget_type=\"button.default\">\n\t\t\t\t<div class=\"elementor-widget-container\">\n\t\t\t\t\t\t\t\t\t<div class=\"elementor-button-wrapper\">\n\t\t\t\t\t<a class=\"elementor-button elementor-button-link elementor-size-sm elementor-animation-grow\" href=\"https:\/\/altoduo.com\/\">\n\t\t\t\t\t\t<span class=\"elementor-button-content-wrapper\">\n\t\t\t\t\t\t\t\t\t<span class=\"elementor-button-text\">d\u00e9couvrir<\/span>\n\t\t\t\t\t<\/span>\n\t\t\t\t\t<\/a>\n\t\t\t\t<\/div>\n\t\t\t\t\t\t\t\t<\/div>\n\t\t\t\t<\/div>\n\t\t\t\t\t<\/div>\n\t\t<\/div>\n\t\t\t\t\t<\/div>\n\t\t<\/section>\n\t\t\t\t<section class=\"elementor-section elementor-top-section elementor-element elementor-element-7b03e43 elementor-section-boxed elementor-section-height-default elementor-section-height-default\" data-id=\"7b03e43\" data-element_type=\"section\" data-e-type=\"section\">\n\t\t\t\t\t\t<div class=\"elementor-container elementor-column-gap-default\">\n\t\t\t\t\t<div class=\"elementor-column elementor-col-100 elementor-top-column elementor-element elementor-element-23414b9\" data-id=\"23414b9\" data-element_type=\"column\" data-e-type=\"column\">\n\t\t\t<div class=\"elementor-widget-wrap elementor-element-populated\">\n\t\t\t\t\t\t<div class=\"elementor-element elementor-element-371fd41 elementor-widget elementor-widget-spacer\" data-id=\"371fd41\" data-element_type=\"widget\" data-e-type=\"widget\" data-widget_type=\"spacer.default\">\n\t\t\t\t<div class=\"elementor-widget-container\">\n\t\t\t\t\t\t\t<div class=\"elementor-spacer\">\n\t\t\t<div class=\"elementor-spacer-inner\"><\/div>\n\t\t<\/div>\n\t\t\t\t\t\t<\/div>\n\t\t\t\t<\/div>\n\t\t\t\t\t<\/div>\n\t\t<\/div>\n\t\t\t\t\t<\/div>\n\t\t<\/section>\n\t\t\t\t<section class=\"elementor-section elementor-top-section elementor-element elementor-element-33c5eed elementor-section-boxed elementor-section-height-default elementor-section-height-default\" data-id=\"33c5eed\" data-element_type=\"section\" data-e-type=\"section\">\n\t\t\t\t\t\t<div class=\"elementor-container elementor-column-gap-default\">\n\t\t\t\t\t<div class=\"elementor-column elementor-col-50 elementor-top-column elementor-element elementor-element-0aa7852\" data-id=\"0aa7852\" data-element_type=\"column\" data-e-type=\"column\">\n\t\t\t<div class=\"elementor-widget-wrap elementor-element-populated\">\n\t\t\t\t\t\t<div class=\"elementor-element elementor-element-55bc3ad elementor-widget elementor-widget-heading\" data-id=\"55bc3ad\" data-element_type=\"widget\" data-e-type=\"widget\" data-widget_type=\"heading.default\">\n\t\t\t\t<div class=\"elementor-widget-container\">\n\t\t\t\t\t<h2 class=\"elementor-heading-title elementor-size-default\">Pouvez-vous nous en dire plus sur l\u2019univers d\u2019Alto Duo ?<\/h2>\t\t\t\t<\/div>\n\t\t\t\t<\/div>\n\t\t\t\t<div class=\"elementor-element elementor-element-81973a0 elementor-widget elementor-widget-text-editor\" data-id=\"81973a0\" data-element_type=\"widget\" data-e-type=\"widget\" data-widget_type=\"text-editor.default\">\n\t\t\t\t<div class=\"elementor-widget-container\">\n\t\t\t\t\t\t\t\t\t<p>L\u2019univers Alto Duo est p\u00e9tillant, lumineux, autour des valeurs de convivialit\u00e9, de partage et d\u2019art de vivre \u00e0 la fran\u00e7aise. Nous conservons un style raffin\u00e9 et \u00e9l\u00e9gant, avec un design jeune, tr\u00e8s contemporain.<\/p>\t\t\t\t\t\t\t\t<\/div>\n\t\t\t\t<\/div>\n\t\t\t\t<div class=\"elementor-element elementor-element-9f38df4 elementor-widget elementor-widget-heading\" data-id=\"9f38df4\" data-element_type=\"widget\" data-e-type=\"widget\" data-widget_type=\"heading.default\">\n\t\t\t\t<div class=\"elementor-widget-container\">\n\t\t\t\t\t<h2 class=\"elementor-heading-title elementor-size-default\">Comment avez-vous connu Up\u2019Textile ?<\/h2>\t\t\t\t<\/div>\n\t\t\t\t<\/div>\n\t\t\t\t<div class=\"elementor-element elementor-element-e47787c elementor-widget elementor-widget-text-editor\" data-id=\"e47787c\" data-element_type=\"widget\" data-e-type=\"widget\" data-widget_type=\"text-editor.default\">\n\t\t\t\t<div class=\"elementor-widget-container\">\n\t\t\t\t\t\t\t\t\t<p>J\u2019ai connu Up\u2019Textile en cherchant sur Google et j\u2019ai appel\u00e9. J\u2019ai eu Nathalie qui a pris un bon moment pour m\u2019expliquer le fonctionnement et nous avons donc tiss\u00e9 des liens. Nous sommes tr\u00e8s satisfaits de la qualit\u00e9 du rendu et de la relation avec Up\u2019Textile. Le textile est un univers complexe que d\u00e9couvrons chaque jour. Pour l\u2019instant, nous nous sommes concentr\u00e9s sur un tissu que nous aimons beaucoup (m\u00e9tis lin coton), mais nous sommes curieux de tester de nouveaux tissages pour nos prochaines collections. En tout cas, toute l\u2019\u00e9quipe est bienveillante et amicale, c\u2019est important pour un partenaire.<\/p>\t\t\t\t\t\t\t\t<\/div>\n\t\t\t\t<\/div>\n\t\t\t\t\t<\/div>\n\t\t<\/div>\n\t\t\t\t<div class=\"elementor-column elementor-col-50 elementor-top-column elementor-element elementor-element-0efb57a\" data-id=\"0efb57a\" data-element_type=\"column\" data-e-type=\"column\">\n\t\t\t<div class=\"elementor-widget-wrap elementor-element-populated\">\n\t\t\t\t\t\t<div class=\"elementor-element elementor-element-0bef3a8 elementor-widget elementor-widget-image\" data-id=\"0bef3a8\" data-element_type=\"widget\" data-e-type=\"widget\" data-widget_type=\"image.default\">\n\t\t\t\t<div class=\"elementor-widget-container\">\n\t\t\t\t\t\t\t\t\t\t\t\t\t\t\t<img loading=\"lazy\" decoding=\"async\" width=\"683\" height=\"1024\" src=\"https:\/\/www.uptextile.fr\/wp-content\/uploads\/2023\/04\/alto-duo-essuie-main-bazar-683x1024.jpeg\" class=\"attachment-large size-large wp-image-3038\" alt=\"\" srcset=\"https:\/\/www.uptextile.fr\/wp-content\/uploads\/2023\/04\/alto-duo-essuie-main-bazar-683x1024.jpeg 683w, https:\/\/www.uptextile.fr\/wp-content\/uploads\/2023\/04\/alto-duo-essuie-main-bazar-200x300.jpeg 200w, https:\/\/www.uptextile.fr\/wp-content\/uploads\/2023\/04\/alto-duo-essuie-main-bazar-768x1152.jpeg 768w, https:\/\/www.uptextile.fr\/wp-content\/uploads\/2023\/04\/alto-duo-essuie-main-bazar-1024x1536.jpeg 1024w, https:\/\/www.uptextile.fr\/wp-content\/uploads\/2023\/04\/alto-duo-essuie-main-bazar-8x12.jpeg 8w, https:\/\/www.uptextile.fr\/wp-content\/uploads\/2023\/04\/alto-duo-essuie-main-bazar-600x900.jpeg 600w, https:\/\/www.uptextile.fr\/wp-content\/uploads\/2023\/04\/alto-duo-essuie-main-bazar.jpeg 1200w\" sizes=\"(max-width: 683px) 100vw, 683px\" \/>\t\t\t\t\t\t\t\t\t\t\t\t\t\t\t<\/div>\n\t\t\t\t<\/div>\n\t\t\t\t\t<\/div>\n\t\t<\/div>\n\t\t\t\t\t<\/div>\n\t\t<\/section>\n\t\t\t\t<section class=\"elementor-section elementor-top-section elementor-element elementor-element-a3b67c6 elementor-reverse-tablet elementor-reverse-mobile elementor-section-boxed elementor-section-height-default elementor-section-height-default\" data-id=\"a3b67c6\" data-element_type=\"section\" data-e-type=\"section\">\n\t\t\t\t\t\t<div class=\"elementor-container elementor-column-gap-default\">\n\t\t\t\t\t<div class=\"elementor-column elementor-col-50 elementor-top-column elementor-element elementor-element-11e1ab6\" data-id=\"11e1ab6\" data-element_type=\"column\" data-e-type=\"column\">\n\t\t\t<div class=\"elementor-widget-wrap elementor-element-populated\">\n\t\t\t\t\t\t<div class=\"elementor-element elementor-element-0bb8bac elementor-widget elementor-widget-image\" data-id=\"0bb8bac\" data-element_type=\"widget\" data-e-type=\"widget\" data-widget_type=\"image.default\">\n\t\t\t\t<div class=\"elementor-widget-container\">\n\t\t\t\t\t\t\t\t\t\t\t\t\t\t\t<img loading=\"lazy\" decoding=\"async\" width=\"778\" height=\"1024\" src=\"https:\/\/www.uptextile.fr\/wp-content\/uploads\/2023\/04\/alto-duo-set-de-table-vert-baba-bubble-778x1024.jpg\" class=\"attachment-large size-large wp-image-3039\" alt=\"\" srcset=\"https:\/\/www.uptextile.fr\/wp-content\/uploads\/2023\/04\/alto-duo-set-de-table-vert-baba-bubble-778x1024.jpg 778w, https:\/\/www.uptextile.fr\/wp-content\/uploads\/2023\/04\/alto-duo-set-de-table-vert-baba-bubble-228x300.jpg 228w, https:\/\/www.uptextile.fr\/wp-content\/uploads\/2023\/04\/alto-duo-set-de-table-vert-baba-bubble-768x1010.jpg 768w, https:\/\/www.uptextile.fr\/wp-content\/uploads\/2023\/04\/alto-duo-set-de-table-vert-baba-bubble-1168x1536.jpg 1168w, https:\/\/www.uptextile.fr\/wp-content\/uploads\/2023\/04\/alto-duo-set-de-table-vert-baba-bubble-1557x2048.jpg 1557w, https:\/\/www.uptextile.fr\/wp-content\/uploads\/2023\/04\/alto-duo-set-de-table-vert-baba-bubble-9x12.jpg 9w, https:\/\/www.uptextile.fr\/wp-content\/uploads\/2023\/04\/alto-duo-set-de-table-vert-baba-bubble-600x789.jpg 600w, https:\/\/www.uptextile.fr\/wp-content\/uploads\/2023\/04\/alto-duo-set-de-table-vert-baba-bubble-scaled.jpg 1946w\" sizes=\"(max-width: 778px) 100vw, 778px\" \/>\t\t\t\t\t\t\t\t\t\t\t\t\t\t\t<\/div>\n\t\t\t\t<\/div>\n\t\t\t\t\t<\/div>\n\t\t<\/div>\n\t\t\t\t<div class=\"elementor-column elementor-col-50 elementor-top-column elementor-element elementor-element-553a455\" data-id=\"553a455\" data-element_type=\"column\" data-e-type=\"column\">\n\t\t\t<div class=\"elementor-widget-wrap elementor-element-populated\">\n\t\t\t\t\t\t<div class=\"elementor-element elementor-element-db2c9a5 elementor-widget elementor-widget-heading\" data-id=\"db2c9a5\" data-element_type=\"widget\" data-e-type=\"widget\" data-widget_type=\"heading.default\">\n\t\t\t\t<div class=\"elementor-widget-container\">\n\t\t\t\t\t<h2 class=\"elementor-heading-title elementor-size-default\">Comment voyez-vous l\u2019avenir de la marque Alto Duo ?<\/h2>\t\t\t\t<\/div>\n\t\t\t\t<\/div>\n\t\t\t\t<div class=\"elementor-element elementor-element-d694195 elementor-widget elementor-widget-text-editor\" data-id=\"d694195\" data-element_type=\"widget\" data-e-type=\"widget\" data-widget_type=\"text-editor.default\">\n\t\t\t\t<div class=\"elementor-widget-container\">\n\t\t\t\t\t\t\t\t\t<p>Nous sommes implant\u00e9s sur le secteur de la d\u00e9coration d\u2019int\u00e9rieur et notre souhait est de faire un tour de France des savoir-faire.<\/p><p>Aujourd\u2019hui, nous travaillons le bois et le textile. Mais \u00e0 l\u2019avenir, nous esp\u00e9rons avoir un catalogue riche, contenant de la porcelaine de Limoges, de la fa\u00efence ou du verre souffl\u00e9 en France.<\/p><p>Enfin, nous souhaitons jouer un r\u00f4le sur la sc\u00e8ne international en exportant ce savoir-faire fran\u00e7ais \u00e0 l\u2019\u00e9tranger.<\/p>\t\t\t\t\t\t\t\t<\/div>\n\t\t\t\t<\/div>\n\t\t\t\t<div class=\"elementor-element elementor-element-d94f8ec elementor-widget elementor-widget-heading\" data-id=\"d94f8ec\" data-element_type=\"widget\" data-e-type=\"widget\" data-widget_type=\"heading.default\">\n\t\t\t\t<div class=\"elementor-widget-container\">\n\t\t\t\t\t<h2 class=\"elementor-heading-title elementor-size-default\">Pourquoi choisir les produits de la marque Alto Duo ? <\/h2>\t\t\t\t<\/div>\n\t\t\t\t<\/div>\n\t\t\t\t<div class=\"elementor-element elementor-element-62a4eae elementor-widget elementor-widget-text-editor\" data-id=\"62a4eae\" data-element_type=\"widget\" data-e-type=\"widget\" data-widget_type=\"text-editor.default\">\n\t\t\t\t<div class=\"elementor-widget-container\">\n\t\t\t\t\t\t\t\t\t<p>Nous sommes des cr\u00e9atifs et des artistes. Si les consommateurs choisissent nos produits c\u2019est parce qu\u2019ils adh\u00e8rent \u00e0 notre univers, ils aiment nos designs, \u00e0 la fois l\u00e9gers et raffin\u00e9s, et notre style intemporel. Nos clients sont sensibles \u00e0 la perfection du design, \u00e0 l\u2019\u00e9quilibre des couleurs. Le c\u00f4t\u00e9 inventif et cr\u00e9atif est la raison premi\u00e8re du choix de notre marque.<\/p><p>La deuxi\u00e8me raison pour laquelle nos produits sont choisis est l\u2019histoire, la qualit\u00e9 des fibres naturelles comme le lin et le coton. Plus globalement, c\u2019est la satisfaction de toucher des produits de qualit\u00e9, du tomb\u00e9 de la nappe par exemple. Ce sont ces d\u00e9tails importants qui font qu\u2019un objet dure dans le temps et, nous l\u2019esp\u00e9rons, se transmet d\u2019une g\u00e9n\u00e9ration \u00e0 l\u2019autre.\u00a0\u00bb<\/p>\t\t\t\t\t\t\t\t<\/div>\n\t\t\t\t<\/div>\n\t\t\t\t\t<\/div>\n\t\t<\/div>\n\t\t\t\t\t<\/div>\n\t\t<\/section>\n\t\t\t\t<section class=\"elementor-section elementor-top-section elementor-element elementor-element-a277653 elementor-section-boxed elementor-section-height-default elementor-section-height-default\" data-id=\"a277653\" data-element_type=\"section\" data-e-type=\"section\">\n\t\t\t\t\t\t<div class=\"elementor-container elementor-column-gap-default\">\n\t\t\t\t\t<div class=\"elementor-column elementor-col-100 elementor-top-column elementor-element elementor-element-4678fb8\" data-id=\"4678fb8\" data-element_type=\"column\" data-e-type=\"column\">\n\t\t\t<div class=\"elementor-widget-wrap elementor-element-populated\">\n\t\t\t\t\t\t<div class=\"elementor-element elementor-element-f3d925f elementor-widget elementor-widget-spacer\" data-id=\"f3d925f\" data-element_type=\"widget\" data-e-type=\"widget\" data-widget_type=\"spacer.default\">\n\t\t\t\t<div class=\"elementor-widget-container\">\n\t\t\t\t\t\t\t<div class=\"elementor-spacer\">\n\t\t\t<div class=\"elementor-spacer-inner\"><\/div>\n\t\t<\/div>\n\t\t\t\t\t\t<\/div>\n\t\t\t\t<\/div>\n\t\t\t\t<div class=\"elementor-element elementor-element-1a6cb0b elementor-widget elementor-widget-text-editor\" data-id=\"1a6cb0b\" data-element_type=\"widget\" data-e-type=\"widget\" data-widget_type=\"text-editor.default\">\n\t\t\t\t<div class=\"elementor-widget-container\">\n\t\t\t\t\t\t\t\t\t<p>Retrouver Alto Duo sur leur site internet (<a href=\"https:\/\/altoduo.com\/\">altoduo.com<\/a>) ou sur leur page <a href=\"https:\/\/www.facebook.com\/altoduo.design\">Facebook<\/a> ou compte <a href=\"https:\/\/www.instagram.com\/altoduo_design\/?hl=fr\">Instagram<\/a>.<\/p><p>Merci \u00e0 Paloma pour ce partage et pour sa confiance.<\/p>\t\t\t\t\t\t\t\t<\/div>\n\t\t\t\t<\/div>\n\t\t\t\t\t<\/div>\n\t\t<\/div>\n\t\t\t\t\t<\/div>\n\t\t<\/section>\n\t\t\t\t<section class=\"elementor-section elementor-top-section elementor-element elementor-element-0ab8e36 elementor-section-boxed elementor-section-height-default elementor-section-height-default\" data-id=\"0ab8e36\" data-element_type=\"section\" data-e-type=\"section\">\n\t\t\t\t\t\t<div class=\"elementor-container elementor-column-gap-default\">\n\t\t\t\t\t<div class=\"elementor-column elementor-col-100 elementor-top-column elementor-element elementor-element-5b666b2\" data-id=\"5b666b2\" data-element_type=\"column\" data-e-type=\"column\">\n\t\t\t<div class=\"elementor-widget-wrap elementor-element-populated\">\n\t\t\t\t\t\t<div class=\"elementor-element elementor-element-9da2564 elementor-widget elementor-widget-spacer\" data-id=\"9da2564\" data-element_type=\"widget\" data-e-type=\"widget\" data-widget_type=\"spacer.default\">\n\t\t\t\t<div class=\"elementor-widget-container\">\n\t\t\t\t\t\t\t<div class=\"elementor-spacer\">\n\t\t\t<div class=\"elementor-spacer-inner\"><\/div>\n\t\t<\/div>\n\t\t\t\t\t\t<\/div>\n\t\t\t\t<\/div>\n\t\t\t\t\t<\/div>\n\t\t<\/div>\n\t\t\t\t\t<\/div>\n\t\t<\/section>\n\t\t\t\t<\/div>","protected":false},"excerpt":{"rendered":"<p><\/p>","protected":false},"author":1,"featured_media":3033,"comment_status":"closed","ping_status":"open","sticky":false,"template":"elementor_header_footer","format":"standard","meta":{"_monsterinsights_skip_tracking":false,"_monsterinsights_sitenote_active":false,"_monsterinsights_sitenote_note":"","_monsterinsights_sitenote_category":0,"footnotes":""},"categories":[244],"tags":[],"class_list":["post-3031","post","type-post","status-publish","format-standard","has-post-thumbnail","hentry","category-interviews"],"yoast_head":"<!-- This site is optimized with the Yoast SEO plugin v27.4 - https:\/\/yoast.com\/product\/yoast-seo-wordpress\/ -->\n<title>Interview de Alto Duo, la marque de d\u00e9coration d&#039;int\u00e9rieur alliant savoir-faire et cr\u00e9ativit\u00e9 - UpTextile<\/title>\n<meta name=\"description\" content=\"D\u00e9couvrez notre interview de la marque Alto Duo, marque de d\u00e9coration d&#039;int\u00e9rieur, mobilier, luminaire et linge de table.\" \/>\n<meta name=\"robots\" content=\"index, follow, max-snippet:-1, max-image-preview:large, max-video-preview:-1\" \/>\n<link rel=\"canonical\" href=\"https:\/\/www.uptextile.fr\/en\/interview-de-alto-duo-la-marque-de-decoration-dinterieur-alliant-savoir-faire-et-creativite\/\" \/>\n<meta property=\"og:locale\" content=\"en_GB\" \/>\n<meta property=\"og:type\" content=\"article\" \/>\n<meta property=\"og:title\" content=\"Interview de Alto Duo, la marque de d\u00e9coration d&#039;int\u00e9rieur alliant savoir-faire et cr\u00e9ativit\u00e9 - UpTextile\" \/>\n<meta property=\"og:description\" content=\"D\u00e9couvrez notre interview de la marque Alto Duo, marque de d\u00e9coration d&#039;int\u00e9rieur, mobilier, luminaire et linge de table.\" \/>\n<meta property=\"og:url\" content=\"https:\/\/www.uptextile.fr\/en\/interview-de-alto-duo-la-marque-de-decoration-dinterieur-alliant-savoir-faire-et-creativite\/\" \/>\n<meta property=\"og:site_name\" content=\"UpTextile\" \/>\n<meta property=\"article:published_time\" content=\"2023-04-14T13:11:39+00:00\" \/>\n<meta property=\"article:modified_time\" content=\"2024-09-30T12:20:11+00:00\" \/>\n<meta property=\"og:image\" content=\"https:\/\/www.uptextile.fr\/wp-content\/uploads\/2023\/04\/alto-duo-essuie-main-bazar-destail-scaled.jpeg\" \/>\n\t<meta property=\"og:image:width\" content=\"1707\" \/>\n\t<meta property=\"og:image:height\" content=\"2560\" \/>\n\t<meta property=\"og:image:type\" content=\"image\/jpeg\" \/>\n<meta name=\"author\" content=\"admin\" \/>\n<meta name=\"twitter:card\" content=\"summary_large_image\" \/>\n<meta name=\"twitter:label1\" content=\"Written by\" \/>\n\t<meta name=\"twitter:data1\" content=\"admin\" \/>\n\t<meta name=\"twitter:label2\" content=\"Estimated reading time\" \/>\n\t<meta name=\"twitter:data2\" content=\"5 minutes\" \/>\n<script type=\"application\/ld+json\" class=\"yoast-schema-graph\">{\"@context\":\"https:\\\/\\\/schema.org\",\"@graph\":[{\"@type\":\"Article\",\"@id\":\"https:\\\/\\\/www.uptextile.fr\\\/interview-de-alto-duo-la-marque-de-decoration-dinterieur-alliant-savoir-faire-et-creativite\\\/#article\",\"isPartOf\":{\"@id\":\"https:\\\/\\\/www.uptextile.fr\\\/interview-de-alto-duo-la-marque-de-decoration-dinterieur-alliant-savoir-faire-et-creativite\\\/\"},\"author\":{\"name\":\"admin\",\"@id\":\"https:\\\/\\\/www.uptextile.fr\\\/#\\\/schema\\\/person\\\/ddd7afbcab186b7fb4ccfcc324dc6ade\"},\"headline\":\"Interview de Alto Duo, la marque de d\u00e9coration d&rsquo;int\u00e9rieur alliant savoir-faire et cr\u00e9ativit\u00e9\",\"datePublished\":\"2023-04-14T13:11:39+00:00\",\"dateModified\":\"2024-09-30T12:20:11+00:00\",\"mainEntityOfPage\":{\"@id\":\"https:\\\/\\\/www.uptextile.fr\\\/interview-de-alto-duo-la-marque-de-decoration-dinterieur-alliant-savoir-faire-et-creativite\\\/\"},\"wordCount\":784,\"image\":{\"@id\":\"https:\\\/\\\/www.uptextile.fr\\\/interview-de-alto-duo-la-marque-de-decoration-dinterieur-alliant-savoir-faire-et-creativite\\\/#primaryimage\"},\"thumbnailUrl\":\"https:\\\/\\\/www.uptextile.fr\\\/wp-content\\\/uploads\\\/2023\\\/04\\\/alto-duo-essuie-main-bazar-destail-scaled.jpeg\",\"articleSection\":[\"Interviews\"],\"inLanguage\":\"en-GB\"},{\"@type\":\"WebPage\",\"@id\":\"https:\\\/\\\/www.uptextile.fr\\\/interview-de-alto-duo-la-marque-de-decoration-dinterieur-alliant-savoir-faire-et-creativite\\\/\",\"url\":\"https:\\\/\\\/www.uptextile.fr\\\/interview-de-alto-duo-la-marque-de-decoration-dinterieur-alliant-savoir-faire-et-creativite\\\/\",\"name\":\"Interview de Alto Duo, la marque de d\u00e9coration d'int\u00e9rieur alliant savoir-faire et cr\u00e9ativit\u00e9 - UpTextile\",\"isPartOf\":{\"@id\":\"https:\\\/\\\/www.uptextile.fr\\\/#website\"},\"primaryImageOfPage\":{\"@id\":\"https:\\\/\\\/www.uptextile.fr\\\/interview-de-alto-duo-la-marque-de-decoration-dinterieur-alliant-savoir-faire-et-creativite\\\/#primaryimage\"},\"image\":{\"@id\":\"https:\\\/\\\/www.uptextile.fr\\\/interview-de-alto-duo-la-marque-de-decoration-dinterieur-alliant-savoir-faire-et-creativite\\\/#primaryimage\"},\"thumbnailUrl\":\"https:\\\/\\\/www.uptextile.fr\\\/wp-content\\\/uploads\\\/2023\\\/04\\\/alto-duo-essuie-main-bazar-destail-scaled.jpeg\",\"datePublished\":\"2023-04-14T13:11:39+00:00\",\"dateModified\":\"2024-09-30T12:20:11+00:00\",\"author\":{\"@id\":\"https:\\\/\\\/www.uptextile.fr\\\/#\\\/schema\\\/person\\\/ddd7afbcab186b7fb4ccfcc324dc6ade\"},\"description\":\"D\u00e9couvrez notre interview de la marque Alto Duo, marque de d\u00e9coration d'int\u00e9rieur, mobilier, luminaire et linge de table.\",\"breadcrumb\":{\"@id\":\"https:\\\/\\\/www.uptextile.fr\\\/interview-de-alto-duo-la-marque-de-decoration-dinterieur-alliant-savoir-faire-et-creativite\\\/#breadcrumb\"},\"inLanguage\":\"en-GB\",\"potentialAction\":[{\"@type\":\"ReadAction\",\"target\":[\"https:\\\/\\\/www.uptextile.fr\\\/interview-de-alto-duo-la-marque-de-decoration-dinterieur-alliant-savoir-faire-et-creativite\\\/\"]}]},{\"@type\":\"ImageObject\",\"inLanguage\":\"en-GB\",\"@id\":\"https:\\\/\\\/www.uptextile.fr\\\/interview-de-alto-duo-la-marque-de-decoration-dinterieur-alliant-savoir-faire-et-creativite\\\/#primaryimage\",\"url\":\"https:\\\/\\\/www.uptextile.fr\\\/wp-content\\\/uploads\\\/2023\\\/04\\\/alto-duo-essuie-main-bazar-destail-scaled.jpeg\",\"contentUrl\":\"https:\\\/\\\/www.uptextile.fr\\\/wp-content\\\/uploads\\\/2023\\\/04\\\/alto-duo-essuie-main-bazar-destail-scaled.jpeg\",\"width\":1707,\"height\":2560,\"caption\":\"Motif Alto Duo\"},{\"@type\":\"BreadcrumbList\",\"@id\":\"https:\\\/\\\/www.uptextile.fr\\\/interview-de-alto-duo-la-marque-de-decoration-dinterieur-alliant-savoir-faire-et-creativite\\\/#breadcrumb\",\"itemListElement\":[{\"@type\":\"ListItem\",\"position\":1,\"name\":\"Accueil\",\"item\":\"https:\\\/\\\/www.uptextile.fr\\\/\"},{\"@type\":\"ListItem\",\"position\":2,\"name\":\"Interview de Alto Duo, la marque de d\u00e9coration d&rsquo;int\u00e9rieur alliant savoir-faire et cr\u00e9ativit\u00e9\"}]},{\"@type\":\"WebSite\",\"@id\":\"https:\\\/\\\/www.uptextile.fr\\\/#website\",\"url\":\"https:\\\/\\\/www.uptextile.fr\\\/\",\"name\":\"UpTextile\",\"description\":\"L&#039;impression num\u00e9rique \u00e0 votre service\",\"potentialAction\":[{\"@type\":\"SearchAction\",\"target\":{\"@type\":\"EntryPoint\",\"urlTemplate\":\"https:\\\/\\\/www.uptextile.fr\\\/?s={search_term_string}\"},\"query-input\":{\"@type\":\"PropertyValueSpecification\",\"valueRequired\":true,\"valueName\":\"search_term_string\"}}],\"inLanguage\":\"en-GB\"},{\"@type\":\"Person\",\"@id\":\"https:\\\/\\\/www.uptextile.fr\\\/#\\\/schema\\\/person\\\/ddd7afbcab186b7fb4ccfcc324dc6ade\",\"name\":\"admin\",\"image\":{\"@type\":\"ImageObject\",\"inLanguage\":\"en-GB\",\"@id\":\"https:\\\/\\\/secure.gravatar.com\\\/avatar\\\/6670ee2da31d04324ab60d2c276c81c91f6f128389d0cd7f2efb1030b28554de?s=96&d=mm&r=g\",\"url\":\"https:\\\/\\\/secure.gravatar.com\\\/avatar\\\/6670ee2da31d04324ab60d2c276c81c91f6f128389d0cd7f2efb1030b28554de?s=96&d=mm&r=g\",\"contentUrl\":\"https:\\\/\\\/secure.gravatar.com\\\/avatar\\\/6670ee2da31d04324ab60d2c276c81c91f6f128389d0cd7f2efb1030b28554de?s=96&d=mm&r=g\",\"caption\":\"admin\"},\"url\":\"https:\\\/\\\/www.uptextile.fr\\\/en\\\/author\\\/admin\\\/\"}]}<\/script>\n<!-- \/ Yoast SEO plugin. -->","yoast_head_json":{"title":"Interview de Alto Duo, la marque de d\u00e9coration d'int\u00e9rieur alliant savoir-faire et cr\u00e9ativit\u00e9 - UpTextile","description":"D\u00e9couvrez notre interview de la marque Alto Duo, marque de d\u00e9coration d'int\u00e9rieur, mobilier, luminaire et linge de table.","robots":{"index":"index","follow":"follow","max-snippet":"max-snippet:-1","max-image-preview":"max-image-preview:large","max-video-preview":"max-video-preview:-1"},"canonical":"https:\/\/www.uptextile.fr\/en\/interview-de-alto-duo-la-marque-de-decoration-dinterieur-alliant-savoir-faire-et-creativite\/","og_locale":"en_GB","og_type":"article","og_title":"Interview de Alto Duo, la marque de d\u00e9coration d'int\u00e9rieur alliant savoir-faire et cr\u00e9ativit\u00e9 - UpTextile","og_description":"D\u00e9couvrez notre interview de la marque Alto Duo, marque de d\u00e9coration d'int\u00e9rieur, mobilier, luminaire et linge de table.","og_url":"https:\/\/www.uptextile.fr\/en\/interview-de-alto-duo-la-marque-de-decoration-dinterieur-alliant-savoir-faire-et-creativite\/","og_site_name":"UpTextile","article_published_time":"2023-04-14T13:11:39+00:00","article_modified_time":"2024-09-30T12:20:11+00:00","og_image":[{"width":1707,"height":2560,"url":"https:\/\/www.uptextile.fr\/wp-content\/uploads\/2023\/04\/alto-duo-essuie-main-bazar-destail-scaled.jpeg","type":"image\/jpeg"}],"author":"admin","twitter_card":"summary_large_image","twitter_misc":{"Written by":"admin","Estimated reading time":"5 minutes"},"schema":{"@context":"https:\/\/schema.org","@graph":[{"@type":"Article","@id":"https:\/\/www.uptextile.fr\/interview-de-alto-duo-la-marque-de-decoration-dinterieur-alliant-savoir-faire-et-creativite\/#article","isPartOf":{"@id":"https:\/\/www.uptextile.fr\/interview-de-alto-duo-la-marque-de-decoration-dinterieur-alliant-savoir-faire-et-creativite\/"},"author":{"name":"admin","@id":"https:\/\/www.uptextile.fr\/#\/schema\/person\/ddd7afbcab186b7fb4ccfcc324dc6ade"},"headline":"Interview de Alto Duo, la marque de d\u00e9coration d&rsquo;int\u00e9rieur alliant savoir-faire et cr\u00e9ativit\u00e9","datePublished":"2023-04-14T13:11:39+00:00","dateModified":"2024-09-30T12:20:11+00:00","mainEntityOfPage":{"@id":"https:\/\/www.uptextile.fr\/interview-de-alto-duo-la-marque-de-decoration-dinterieur-alliant-savoir-faire-et-creativite\/"},"wordCount":784,"image":{"@id":"https:\/\/www.uptextile.fr\/interview-de-alto-duo-la-marque-de-decoration-dinterieur-alliant-savoir-faire-et-creativite\/#primaryimage"},"thumbnailUrl":"https:\/\/www.uptextile.fr\/wp-content\/uploads\/2023\/04\/alto-duo-essuie-main-bazar-destail-scaled.jpeg","articleSection":["Interviews"],"inLanguage":"en-GB"},{"@type":"WebPage","@id":"https:\/\/www.uptextile.fr\/interview-de-alto-duo-la-marque-de-decoration-dinterieur-alliant-savoir-faire-et-creativite\/","url":"https:\/\/www.uptextile.fr\/interview-de-alto-duo-la-marque-de-decoration-dinterieur-alliant-savoir-faire-et-creativite\/","name":"Interview de Alto Duo, la marque de d\u00e9coration d'int\u00e9rieur alliant savoir-faire et cr\u00e9ativit\u00e9 - UpTextile","isPartOf":{"@id":"https:\/\/www.uptextile.fr\/#website"},"primaryImageOfPage":{"@id":"https:\/\/www.uptextile.fr\/interview-de-alto-duo-la-marque-de-decoration-dinterieur-alliant-savoir-faire-et-creativite\/#primaryimage"},"image":{"@id":"https:\/\/www.uptextile.fr\/interview-de-alto-duo-la-marque-de-decoration-dinterieur-alliant-savoir-faire-et-creativite\/#primaryimage"},"thumbnailUrl":"https:\/\/www.uptextile.fr\/wp-content\/uploads\/2023\/04\/alto-duo-essuie-main-bazar-destail-scaled.jpeg","datePublished":"2023-04-14T13:11:39+00:00","dateModified":"2024-09-30T12:20:11+00:00","author":{"@id":"https:\/\/www.uptextile.fr\/#\/schema\/person\/ddd7afbcab186b7fb4ccfcc324dc6ade"},"description":"D\u00e9couvrez notre interview de la marque Alto Duo, marque de d\u00e9coration d'int\u00e9rieur, mobilier, luminaire et linge de table.","breadcrumb":{"@id":"https:\/\/www.uptextile.fr\/interview-de-alto-duo-la-marque-de-decoration-dinterieur-alliant-savoir-faire-et-creativite\/#breadcrumb"},"inLanguage":"en-GB","potentialAction":[{"@type":"ReadAction","target":["https:\/\/www.uptextile.fr\/interview-de-alto-duo-la-marque-de-decoration-dinterieur-alliant-savoir-faire-et-creativite\/"]}]},{"@type":"ImageObject","inLanguage":"en-GB","@id":"https:\/\/www.uptextile.fr\/interview-de-alto-duo-la-marque-de-decoration-dinterieur-alliant-savoir-faire-et-creativite\/#primaryimage","url":"https:\/\/www.uptextile.fr\/wp-content\/uploads\/2023\/04\/alto-duo-essuie-main-bazar-destail-scaled.jpeg","contentUrl":"https:\/\/www.uptextile.fr\/wp-content\/uploads\/2023\/04\/alto-duo-essuie-main-bazar-destail-scaled.jpeg","width":1707,"height":2560,"caption":"Motif Alto Duo"},{"@type":"BreadcrumbList","@id":"https:\/\/www.uptextile.fr\/interview-de-alto-duo-la-marque-de-decoration-dinterieur-alliant-savoir-faire-et-creativite\/#breadcrumb","itemListElement":[{"@type":"ListItem","position":1,"name":"Accueil","item":"https:\/\/www.uptextile.fr\/"},{"@type":"ListItem","position":2,"name":"Interview de Alto Duo, la marque de d\u00e9coration d&rsquo;int\u00e9rieur alliant savoir-faire et cr\u00e9ativit\u00e9"}]},{"@type":"WebSite","@id":"https:\/\/www.uptextile.fr\/#website","url":"https:\/\/www.uptextile.fr\/","name":"UpTextile","description":"L&#039;impression num\u00e9rique \u00e0 votre service","potentialAction":[{"@type":"SearchAction","target":{"@type":"EntryPoint","urlTemplate":"https:\/\/www.uptextile.fr\/?s={search_term_string}"},"query-input":{"@type":"PropertyValueSpecification","valueRequired":true,"valueName":"search_term_string"}}],"inLanguage":"en-GB"},{"@type":"Person","@id":"https:\/\/www.uptextile.fr\/#\/schema\/person\/ddd7afbcab186b7fb4ccfcc324dc6ade","name":"admin","image":{"@type":"ImageObject","inLanguage":"en-GB","@id":"https:\/\/secure.gravatar.com\/avatar\/6670ee2da31d04324ab60d2c276c81c91f6f128389d0cd7f2efb1030b28554de?s=96&d=mm&r=g","url":"https:\/\/secure.gravatar.com\/avatar\/6670ee2da31d04324ab60d2c276c81c91f6f128389d0cd7f2efb1030b28554de?s=96&d=mm&r=g","contentUrl":"https:\/\/secure.gravatar.com\/avatar\/6670ee2da31d04324ab60d2c276c81c91f6f128389d0cd7f2efb1030b28554de?s=96&d=mm&r=g","caption":"admin"},"url":"https:\/\/www.uptextile.fr\/en\/author\/admin\/"}]}},"_links":{"self":[{"href":"https:\/\/www.uptextile.fr\/en\/wp-json\/wp\/v2\/posts\/3031","targetHints":{"allow":["GET"]}}],"collection":[{"href":"https:\/\/www.uptextile.fr\/en\/wp-json\/wp\/v2\/posts"}],"about":[{"href":"https:\/\/www.uptextile.fr\/en\/wp-json\/wp\/v2\/types\/post"}],"author":[{"embeddable":true,"href":"https:\/\/www.uptextile.fr\/en\/wp-json\/wp\/v2\/users\/1"}],"replies":[{"embeddable":true,"href":"https:\/\/www.uptextile.fr\/en\/wp-json\/wp\/v2\/comments?post=3031"}],"version-history":[{"count":8,"href":"https:\/\/www.uptextile.fr\/en\/wp-json\/wp\/v2\/posts\/3031\/revisions"}],"predecessor-version":[{"id":3652,"href":"https:\/\/www.uptextile.fr\/en\/wp-json\/wp\/v2\/posts\/3031\/revisions\/3652"}],"wp:featuredmedia":[{"embeddable":true,"href":"https:\/\/www.uptextile.fr\/en\/wp-json\/wp\/v2\/media\/3033"}],"wp:attachment":[{"href":"https:\/\/www.uptextile.fr\/en\/wp-json\/wp\/v2\/media?parent=3031"}],"wp:term":[{"taxonomy":"category","embeddable":true,"href":"https:\/\/www.uptextile.fr\/en\/wp-json\/wp\/v2\/categories?post=3031"},{"taxonomy":"post_tag","embeddable":true,"href":"https:\/\/www.uptextile.fr\/en\/wp-json\/wp\/v2\/tags?post=3031"}],"curies":[{"name":"wp","href":"https:\/\/api.w.org\/{rel}","templated":true}]}}