{"id":3044,"date":"2023-04-28T15:07:13","date_gmt":"2023-04-28T13:07:13","guid":{"rendered":"https:\/\/www.uptextile.fr\/?p=3044"},"modified":"2024-09-30T14:19:31","modified_gmt":"2024-09-30T12:19:31","slug":"interview-de-madein-grand-est-pole-regional-de-competitivite-dedie-au-secteur-de-lameublement-et-amenagement-des-lieux-de-vie","status":"publish","type":"post","link":"https:\/\/www.uptextile.fr\/en\/interview-de-madein-grand-est-pole-regional-de-competitivite-dedie-au-secteur-de-lameublement-et-amenagement-des-lieux-de-vie\/","title":{"rendered":"Interview de MADEiN Grand Est, P\u00f4le R\u00e9gional de comp\u00e9titivit\u00e9 d\u00e9di\u00e9 au secteur de l&rsquo;ameublement et am\u00e9nagement des lieux de vie"},"content":{"rendered":"<div data-elementor-type=\"wp-post\" data-elementor-id=\"3044\" class=\"elementor elementor-3044\" data-elementor-post-type=\"post\">\n\t\t\t\t\t\t<section class=\"elementor-section elementor-top-section elementor-element elementor-element-6204785 elementor-section-boxed elementor-section-height-default elementor-section-height-default\" data-id=\"6204785\" data-element_type=\"section\" data-e-type=\"section\">\n\t\t\t\t\t\t<div class=\"elementor-container elementor-column-gap-default\">\n\t\t\t\t\t<div class=\"elementor-column elementor-col-100 elementor-top-column elementor-element elementor-element-335ce89\" data-id=\"335ce89\" data-element_type=\"column\" data-e-type=\"column\">\n\t\t\t<div class=\"elementor-widget-wrap elementor-element-populated\">\n\t\t\t\t\t\t<div class=\"elementor-element elementor-element-8731012 elementor-widget elementor-widget-spacer\" data-id=\"8731012\" data-element_type=\"widget\" data-e-type=\"widget\" data-widget_type=\"spacer.default\">\n\t\t\t\t<div class=\"elementor-widget-container\">\n\t\t\t\t\t\t\t<div class=\"elementor-spacer\">\n\t\t\t<div class=\"elementor-spacer-inner\"><\/div>\n\t\t<\/div>\n\t\t\t\t\t\t<\/div>\n\t\t\t\t<\/div>\n\t\t\t\t<div class=\"elementor-element elementor-element-a539f5e elementor-widget elementor-widget-heading\" data-id=\"a539f5e\" data-element_type=\"widget\" data-e-type=\"widget\" data-widget_type=\"heading.default\">\n\t\t\t\t<div class=\"elementor-widget-container\">\n\t\t\t\t\t<h1 class=\"elementor-heading-title elementor-size-default\"><span style=\"color:white\"> interview <br> de <\/span> MADEiN Grand Est<\/h1>\t\t\t\t<\/div>\n\t\t\t\t<\/div>\n\t\t\t\t<div class=\"elementor-element elementor-element-690fcb6 elementor-widget elementor-widget-spacer\" data-id=\"690fcb6\" data-element_type=\"widget\" data-e-type=\"widget\" data-widget_type=\"spacer.default\">\n\t\t\t\t<div class=\"elementor-widget-container\">\n\t\t\t\t\t\t\t<div class=\"elementor-spacer\">\n\t\t\t<div class=\"elementor-spacer-inner\"><\/div>\n\t\t<\/div>\n\t\t\t\t\t\t<\/div>\n\t\t\t\t<\/div>\n\t\t\t\t\t<\/div>\n\t\t<\/div>\n\t\t\t\t\t<\/div>\n\t\t<\/section>\n\t\t\t\t<section class=\"elementor-section elementor-top-section elementor-element elementor-element-4055702 elementor-reverse-tablet elementor-reverse-mobile elementor-section-boxed elementor-section-height-default elementor-section-height-default\" data-id=\"4055702\" data-element_type=\"section\" data-e-type=\"section\">\n\t\t\t\t\t\t<div class=\"elementor-container elementor-column-gap-default\">\n\t\t\t\t\t<div class=\"elementor-column elementor-col-50 elementor-top-column elementor-element elementor-element-3d25821\" data-id=\"3d25821\" data-element_type=\"column\" data-e-type=\"column\">\n\t\t\t<div class=\"elementor-widget-wrap elementor-element-populated\">\n\t\t\t\t\t\t<div class=\"elementor-element elementor-element-8f7d5d2 elementor-widget elementor-widget-image\" data-id=\"8f7d5d2\" data-element_type=\"widget\" data-e-type=\"widget\" data-widget_type=\"image.default\">\n\t\t\t\t<div class=\"elementor-widget-container\">\n\t\t\t\t\t\t\t\t\t\t\t\t\t\t\t<img fetchpriority=\"high\" decoding=\"async\" width=\"414\" height=\"414\" src=\"https:\/\/www.uptextile.fr\/wp-content\/uploads\/2023\/04\/292014646_4982296781881059_1873464050591216100_n.jpg\" class=\"attachment-large size-large wp-image-3048\" alt=\"MADEiN Grand Est\" srcset=\"https:\/\/www.uptextile.fr\/wp-content\/uploads\/2023\/04\/292014646_4982296781881059_1873464050591216100_n.jpg 414w, https:\/\/www.uptextile.fr\/wp-content\/uploads\/2023\/04\/292014646_4982296781881059_1873464050591216100_n-300x300.jpg 300w, https:\/\/www.uptextile.fr\/wp-content\/uploads\/2023\/04\/292014646_4982296781881059_1873464050591216100_n-150x150.jpg 150w, https:\/\/www.uptextile.fr\/wp-content\/uploads\/2023\/04\/292014646_4982296781881059_1873464050591216100_n-12x12.jpg 12w, https:\/\/www.uptextile.fr\/wp-content\/uploads\/2023\/04\/292014646_4982296781881059_1873464050591216100_n-100x100.jpg 100w\" sizes=\"(max-width: 414px) 100vw, 414px\" \/>\t\t\t\t\t\t\t\t\t\t\t\t\t\t\t<\/div>\n\t\t\t\t<\/div>\n\t\t\t\t\t<\/div>\n\t\t<\/div>\n\t\t\t\t<div class=\"elementor-column elementor-col-50 elementor-top-column elementor-element elementor-element-8404247\" data-id=\"8404247\" data-element_type=\"column\" data-e-type=\"column\">\n\t\t\t<div class=\"elementor-widget-wrap elementor-element-populated\">\n\t\t\t\t\t\t<div class=\"elementor-element elementor-element-1b58620 elementor-widget elementor-widget-heading\" data-id=\"1b58620\" data-element_type=\"widget\" data-e-type=\"widget\" data-widget_type=\"heading.default\">\n\t\t\t\t<div class=\"elementor-widget-container\">\n\t\t\t\t\t<h2 class=\"elementor-heading-title elementor-size-default\">MADEiN Grand Est, P\u00f4le r\u00e9gionale de comp\u00e9titivit\u00e9 d\u00e9di\u00e9 au secteur de l'ameublement et am\u00e9nagement des lieux de vie<\/h2>\t\t\t\t<\/div>\n\t\t\t\t<\/div>\n\t\t\t\t<div class=\"elementor-element elementor-element-ee56382 elementor-widget elementor-widget-text-editor\" data-id=\"ee56382\" data-element_type=\"widget\" data-e-type=\"widget\" data-widget_type=\"text-editor.default\">\n\t\t\t\t<div class=\"elementor-widget-container\">\n\t\t\t\t\t\t\t\t\t<p>MADEiN Grand Est \u00e9tait \u00e0 l\u2019origine le P\u00f4le Lorrain de l\u2019Ameublement Bois, cr\u00e9\u00e9 en 1992 en Lorraine. L\u2019association propose des actions afin d\u2019aider les entreprises de l\u2019ameublement et de l\u2019am\u00e9nagement des lieux de vie \u00e0 se d\u00e9velopper. Up\u2019Textile en fait partie.<\/p><p>Nous avons eu l\u2019honneur d\u2019interviewer Sarah Mosta, charg\u00e9e de communication de MADEiN Grand Est\u00a0:<\/p>\t\t\t\t\t\t\t\t<\/div>\n\t\t\t\t<\/div>\n\t\t\t\t\t<\/div>\n\t\t<\/div>\n\t\t\t\t\t<\/div>\n\t\t<\/section>\n\t\t\t\t<section class=\"elementor-section elementor-top-section elementor-element elementor-element-8b01205 elementor-section-boxed elementor-section-height-default elementor-section-height-default\" data-id=\"8b01205\" data-element_type=\"section\" data-e-type=\"section\">\n\t\t\t\t\t\t<div class=\"elementor-container elementor-column-gap-default\">\n\t\t\t\t\t<div class=\"elementor-column elementor-col-100 elementor-top-column elementor-element elementor-element-0dc5bc1\" data-id=\"0dc5bc1\" data-element_type=\"column\" data-e-type=\"column\">\n\t\t\t<div class=\"elementor-widget-wrap elementor-element-populated\">\n\t\t\t\t\t\t<div class=\"elementor-element elementor-element-dcb85e9 elementor-widget elementor-widget-spacer\" data-id=\"dcb85e9\" data-element_type=\"widget\" data-e-type=\"widget\" data-widget_type=\"spacer.default\">\n\t\t\t\t<div class=\"elementor-widget-container\">\n\t\t\t\t\t\t\t<div class=\"elementor-spacer\">\n\t\t\t<div class=\"elementor-spacer-inner\"><\/div>\n\t\t<\/div>\n\t\t\t\t\t\t<\/div>\n\t\t\t\t<\/div>\n\t\t\t\t<div class=\"elementor-element elementor-element-614a19b elementor-widget elementor-widget-heading\" data-id=\"614a19b\" data-element_type=\"widget\" data-e-type=\"widget\" data-widget_type=\"heading.default\">\n\t\t\t\t<div class=\"elementor-widget-container\">\n\t\t\t\t\t<h2 class=\"elementor-heading-title elementor-size-default\">\u00ab Bonjour, pouvez-vous nous pr\u00e9senter l\u2019association ? <\/h2>\t\t\t\t<\/div>\n\t\t\t\t<\/div>\n\t\t\t\t<div class=\"elementor-element elementor-element-cec7866 elementor-widget elementor-widget-text-editor\" data-id=\"cec7866\" data-element_type=\"widget\" data-e-type=\"widget\" data-widget_type=\"text-editor.default\">\n\t\t\t\t<div class=\"elementor-widget-container\">\n\t\t\t\t\t\t\t\t\t<p>MADEiN Grand Est est une association qui a plus de 30 ans maintenant et qui est n\u00e9e, \u00e0 la base, en Lorraine \u00e0 l\u2019initiative des acteurs politiques et \u00e9conomiques locaux pour f\u00e9d\u00e9rer et regrouper les entreprises. Avec \u00a0la fusion des r\u00e9gions en 2017, nous sommes devenus le repr\u00e9sentant de la branche professionnelle mobilier, am\u00e9nagement et d\u00e9coration sur \u00a0la R\u00e9gion Grand Est, car nous avions toute la l\u00e9gitimit\u00e9 et l\u2019exp\u00e9rience. Nous sommes donc le porte-parole des entreprises et nous sommes l\u00e0 en soutien pour ces derni\u00e8res, afin de \u00a0les aider dans leur d\u00e9veloppement \u00e9conomique.. Nos financeurs nous permettent de soutenir \u00a0directement des projets et des actions individuelles ou collectives pour que les entreprises se d\u00e9veloppent \u00e9conomiquement et commercialement sur des sujets vari\u00e9s comme la lab\u00e9lisation, la certification, la communication, le marketing, les ressources humaines, l\u2019informatique, la strat\u00e9gie commerciale, le design\u2026 Nous essayons de trouver des solutions pour tous les projets et sujets qui concernent une entreprise.<\/p><p>Et surtout, MADEiN Grand Est, c\u2019est \u00e9galement la mise en r\u00e9seau. \u00c0 plusieurs, nous sommes plus fort. L\u2019objectif est de cr\u00e9er de la synergie et de favoriser des rencontres. Cela est tr\u00e8s important, car beaucoup d\u2019entreprises ne se connaissent pas alors qu\u2019elles pourraient travailler ensemble. Nous faisons \u00e9galement la promotion des savoir-faire et des talents de la r\u00e9gion Grand Est, quels que soient les march\u00e9s des unes et des autres, afin que l\u2019on vienne chercher nos talents en r\u00e9gion Grand Est.<\/p>\t\t\t\t\t\t\t\t<\/div>\n\t\t\t\t<\/div>\n\t\t\t\t\t<\/div>\n\t\t<\/div>\n\t\t\t\t\t<\/div>\n\t\t<\/section>\n\t\t\t\t<section class=\"elementor-section elementor-top-section elementor-element elementor-element-fbf057b elementor-section-boxed elementor-section-height-default elementor-section-height-default\" data-id=\"fbf057b\" data-element_type=\"section\" data-e-type=\"section\">\n\t\t\t\t\t\t<div class=\"elementor-container elementor-column-gap-default\">\n\t\t\t\t\t<div class=\"elementor-column elementor-col-100 elementor-top-column elementor-element elementor-element-0707442\" data-id=\"0707442\" data-element_type=\"column\" data-e-type=\"column\">\n\t\t\t<div class=\"elementor-widget-wrap elementor-element-populated\">\n\t\t\t\t\t\t<div class=\"elementor-element elementor-element-1cdaa7c elementor-widget elementor-widget-spacer\" data-id=\"1cdaa7c\" data-element_type=\"widget\" data-e-type=\"widget\" data-widget_type=\"spacer.default\">\n\t\t\t\t<div class=\"elementor-widget-container\">\n\t\t\t\t\t\t\t<div class=\"elementor-spacer\">\n\t\t\t<div class=\"elementor-spacer-inner\"><\/div>\n\t\t<\/div>\n\t\t\t\t\t\t<\/div>\n\t\t\t\t<\/div>\n\t\t\t\t<div class=\"elementor-element elementor-element-9a684f0 elementor-widget elementor-widget-heading\" data-id=\"9a684f0\" data-element_type=\"widget\" data-e-type=\"widget\" data-widget_type=\"heading.default\">\n\t\t\t\t<div class=\"elementor-widget-container\">\n\t\t\t\t\t<h2 class=\"elementor-heading-title elementor-size-default\">Et vous avez donc aussi une partie \u00ab \u00c9v\u00e9nementiel \u00bb ?<\/h2>\t\t\t\t<\/div>\n\t\t\t\t<\/div>\n\t\t\t\t<div class=\"elementor-element elementor-element-a3ede64 elementor-widget elementor-widget-text-editor\" data-id=\"a3ede64\" data-element_type=\"widget\" data-e-type=\"widget\" data-widget_type=\"text-editor.default\">\n\t\t\t\t<div class=\"elementor-widget-container\">\n\t\t\t\t\t\t\t\t\t<p>Nous faisons de l\u2019\u00e9v\u00e9nementiel sous diff\u00e9rentes formes. Parfois, nous aidons les entreprises \u00e0 participer \u00e0 des salons \u00e0 titre individuel, mais nous-m\u00eame, nous r\u00e9alisons \u00e9galement des participations collectives sur des salons professionnels comme Equip\u2019Hotel \u00e0 Paris, qui a lieu tous les deux ans, ou encore le SIRHA \u00e0 Lyon. MADEiN Grand Est organise et met en sc\u00e8ne un stand collectif. Les architectes d\u2019int\u00e9rieur et les d\u00e9corateurs qui font partie du r\u00e9seau travaillent la sc\u00e9nographie du stand. L\u2019id\u00e9e est que plusieurs entreprises se \u00a0regroupent \u00a0sur le stand afin de mutualiser les co\u00fbts et proposer aux prescripteurs un ensemble de diff\u00e9rents savoir-faire. Ces salons fonctionnent bien et sont une parfaite vitrine de ce qu\u2019est MADEiN Grand Est.<\/p>\t\t\t\t\t\t\t\t<\/div>\n\t\t\t\t<\/div>\n\t\t\t\t\t<\/div>\n\t\t<\/div>\n\t\t\t\t\t<\/div>\n\t\t<\/section>\n\t\t\t\t<section class=\"elementor-section elementor-top-section elementor-element elementor-element-58ce245 elementor-section-boxed elementor-section-height-default elementor-section-height-default\" data-id=\"58ce245\" data-element_type=\"section\" data-e-type=\"section\">\n\t\t\t\t\t\t<div class=\"elementor-container elementor-column-gap-default\">\n\t\t\t\t\t<div class=\"elementor-column elementor-col-33 elementor-top-column elementor-element elementor-element-0e83c0a\" data-id=\"0e83c0a\" data-element_type=\"column\" data-e-type=\"column\">\n\t\t\t<div class=\"elementor-widget-wrap elementor-element-populated\">\n\t\t\t\t\t\t<div class=\"elementor-element elementor-element-450c862 elementor-hidden-mobile e-transform e-transform elementor-widget elementor-widget-image\" data-id=\"450c862\" data-element_type=\"widget\" data-e-type=\"widget\" data-settings=\"{&quot;_transform_translateX_effect&quot;:{&quot;unit&quot;:&quot;%&quot;,&quot;size&quot;:70,&quot;sizes&quot;:[]},&quot;_transform_translateX_effect_tablet&quot;:{&quot;unit&quot;:&quot;%&quot;,&quot;size&quot;:&quot;&quot;,&quot;sizes&quot;:[]},&quot;_transform_translateX_effect_mobile&quot;:{&quot;unit&quot;:&quot;%&quot;,&quot;size&quot;:&quot;&quot;,&quot;sizes&quot;:[]},&quot;_transform_rotateZ_effect&quot;:{&quot;unit&quot;:&quot;px&quot;,&quot;size&quot;:&quot;&quot;,&quot;sizes&quot;:[]},&quot;_transform_rotateZ_effect_tablet&quot;:{&quot;unit&quot;:&quot;deg&quot;,&quot;size&quot;:&quot;&quot;,&quot;sizes&quot;:[]},&quot;_transform_rotateZ_effect_mobile&quot;:{&quot;unit&quot;:&quot;deg&quot;,&quot;size&quot;:&quot;&quot;,&quot;sizes&quot;:[]},&quot;_transform_translateY_effect&quot;:{&quot;unit&quot;:&quot;px&quot;,&quot;size&quot;:&quot;&quot;,&quot;sizes&quot;:[]},&quot;_transform_translateY_effect_tablet&quot;:{&quot;unit&quot;:&quot;px&quot;,&quot;size&quot;:&quot;&quot;,&quot;sizes&quot;:[]},&quot;_transform_translateY_effect_mobile&quot;:{&quot;unit&quot;:&quot;px&quot;,&quot;size&quot;:&quot;&quot;,&quot;sizes&quot;:[]}}\" data-widget_type=\"image.default\">\n\t\t\t\t<div class=\"elementor-widget-container\">\n\t\t\t\t\t\t\t\t\t\t\t\t\t\t\t<img decoding=\"async\" width=\"127\" height=\"262\" src=\"https:\/\/www.uptextile.fr\/wp-content\/uploads\/2022\/02\/Fichier-3UP.png\" class=\"attachment-large size-large wp-image-1163\" alt=\"UP\" srcset=\"https:\/\/www.uptextile.fr\/wp-content\/uploads\/2022\/02\/Fichier-3UP.png 127w, https:\/\/www.uptextile.fr\/wp-content\/uploads\/2022\/02\/Fichier-3UP-6x12.png 6w\" sizes=\"(max-width: 127px) 100vw, 127px\" \/>\t\t\t\t\t\t\t\t\t\t\t\t\t\t\t<\/div>\n\t\t\t\t<\/div>\n\t\t\t\t\t<\/div>\n\t\t<\/div>\n\t\t\t\t<div class=\"elementor-column elementor-col-33 elementor-top-column elementor-element elementor-element-0c6cfa8\" data-id=\"0c6cfa8\" data-element_type=\"column\" data-e-type=\"column\">\n\t\t\t<div class=\"elementor-widget-wrap elementor-element-populated\">\n\t\t\t\t\t\t<div class=\"elementor-element elementor-element-b5c551f elementor-widget elementor-widget-image\" data-id=\"b5c551f\" data-element_type=\"widget\" data-e-type=\"widget\" data-widget_type=\"image.default\">\n\t\t\t\t<div class=\"elementor-widget-container\">\n\t\t\t\t\t\t\t\t\t\t\t\t\t\t\t<img decoding=\"async\" src=\"https:\/\/www.uptextile.fr\/wp-content\/uploads\/2023\/04\/279939011_4813087302135342_6100187881245177447_n.jpg\" title=\"279939011_4813087302135342_6100187881245177447_n\" alt=\"P\u00f4le Made In Grand Est\" loading=\"lazy\" \/>\t\t\t\t\t\t\t\t\t\t\t\t\t\t\t<\/div>\n\t\t\t\t<\/div>\n\t\t\t\t\t<\/div>\n\t\t<\/div>\n\t\t\t\t<div class=\"elementor-column elementor-col-33 elementor-top-column elementor-element elementor-element-9f702e4\" data-id=\"9f702e4\" data-element_type=\"column\" data-e-type=\"column\">\n\t\t\t<div class=\"elementor-widget-wrap elementor-element-populated\">\n\t\t\t\t\t\t<div class=\"elementor-element elementor-element-adf3985 elementor-widget elementor-widget-image\" data-id=\"adf3985\" data-element_type=\"widget\" data-e-type=\"widget\" data-widget_type=\"image.default\">\n\t\t\t\t<div class=\"elementor-widget-container\">\n\t\t\t\t\t\t\t\t\t\t\t\t\t\t\t<img decoding=\"async\" width=\"800\" height=\"534\" src=\"https:\/\/www.uptextile.fr\/wp-content\/uploads\/2023\/04\/274145580_4612040572240017_8630353225283744426_n-1024x683.jpg\" class=\"attachment-large size-large wp-image-3051\" alt=\"Ameublement\" srcset=\"https:\/\/www.uptextile.fr\/wp-content\/uploads\/2023\/04\/274145580_4612040572240017_8630353225283744426_n-1024x683.jpg 1024w, https:\/\/www.uptextile.fr\/wp-content\/uploads\/2023\/04\/274145580_4612040572240017_8630353225283744426_n-300x200.jpg 300w, https:\/\/www.uptextile.fr\/wp-content\/uploads\/2023\/04\/274145580_4612040572240017_8630353225283744426_n-768x512.jpg 768w, https:\/\/www.uptextile.fr\/wp-content\/uploads\/2023\/04\/274145580_4612040572240017_8630353225283744426_n-1536x1025.jpg 1536w, https:\/\/www.uptextile.fr\/wp-content\/uploads\/2023\/04\/274145580_4612040572240017_8630353225283744426_n-18x12.jpg 18w, https:\/\/www.uptextile.fr\/wp-content\/uploads\/2023\/04\/274145580_4612040572240017_8630353225283744426_n-600x400.jpg 600w, https:\/\/www.uptextile.fr\/wp-content\/uploads\/2023\/04\/274145580_4612040572240017_8630353225283744426_n.jpg 1920w\" sizes=\"(max-width: 800px) 100vw, 800px\" \/>\t\t\t\t\t\t\t\t\t\t\t\t\t\t\t<\/div>\n\t\t\t\t<\/div>\n\t\t\t\t<div class=\"elementor-element elementor-element-6f778cf elementor-align-center elementor-mobile-align-left elementor-widget elementor-widget-button\" data-id=\"6f778cf\" data-element_type=\"widget\" data-e-type=\"widget\" data-widget_type=\"button.default\">\n\t\t\t\t<div class=\"elementor-widget-container\">\n\t\t\t\t\t\t\t\t\t<div class=\"elementor-button-wrapper\">\n\t\t\t\t\t<a class=\"elementor-button elementor-button-link elementor-size-sm elementor-animation-grow\" href=\"https:\/\/madein-grandest.fr\/\">\n\t\t\t\t\t\t<span class=\"elementor-button-content-wrapper\">\n\t\t\t\t\t\t\t\t\t<span class=\"elementor-button-text\">d\u00e9couvrir<\/span>\n\t\t\t\t\t<\/span>\n\t\t\t\t\t<\/a>\n\t\t\t\t<\/div>\n\t\t\t\t\t\t\t\t<\/div>\n\t\t\t\t<\/div>\n\t\t\t\t\t<\/div>\n\t\t<\/div>\n\t\t\t\t\t<\/div>\n\t\t<\/section>\n\t\t\t\t<section class=\"elementor-section elementor-top-section elementor-element elementor-element-7b03e43 elementor-section-boxed elementor-section-height-default elementor-section-height-default\" data-id=\"7b03e43\" data-element_type=\"section\" data-e-type=\"section\">\n\t\t\t\t\t\t<div class=\"elementor-container elementor-column-gap-default\">\n\t\t\t\t\t<div class=\"elementor-column elementor-col-100 elementor-top-column elementor-element elementor-element-23414b9\" data-id=\"23414b9\" data-element_type=\"column\" data-e-type=\"column\">\n\t\t\t<div class=\"elementor-widget-wrap elementor-element-populated\">\n\t\t\t\t\t\t<div class=\"elementor-element elementor-element-371fd41 elementor-widget elementor-widget-spacer\" data-id=\"371fd41\" data-element_type=\"widget\" data-e-type=\"widget\" data-widget_type=\"spacer.default\">\n\t\t\t\t<div class=\"elementor-widget-container\">\n\t\t\t\t\t\t\t<div class=\"elementor-spacer\">\n\t\t\t<div class=\"elementor-spacer-inner\"><\/div>\n\t\t<\/div>\n\t\t\t\t\t\t<\/div>\n\t\t\t\t<\/div>\n\t\t\t\t\t<\/div>\n\t\t<\/div>\n\t\t\t\t\t<\/div>\n\t\t<\/section>\n\t\t\t\t<section class=\"elementor-section elementor-top-section elementor-element elementor-element-33c5eed elementor-section-boxed elementor-section-height-default elementor-section-height-default\" data-id=\"33c5eed\" data-element_type=\"section\" data-e-type=\"section\">\n\t\t\t\t\t\t<div class=\"elementor-container elementor-column-gap-default\">\n\t\t\t\t\t<div class=\"elementor-column elementor-col-50 elementor-top-column elementor-element elementor-element-0aa7852\" data-id=\"0aa7852\" data-element_type=\"column\" data-e-type=\"column\">\n\t\t\t<div class=\"elementor-widget-wrap elementor-element-populated\">\n\t\t\t\t\t\t<div class=\"elementor-element elementor-element-55bc3ad elementor-widget elementor-widget-heading\" data-id=\"55bc3ad\" data-element_type=\"widget\" data-e-type=\"widget\" data-widget_type=\"heading.default\">\n\t\t\t\t<div class=\"elementor-widget-container\">\n\t\t\t\t\t<h2 class=\"elementor-heading-title elementor-size-default\">Combien l\u2019association MadeIn Grand Est compte d\u2019adh\u00e9rents ? <\/h2>\t\t\t\t<\/div>\n\t\t\t\t<\/div>\n\t\t\t\t<div class=\"elementor-element elementor-element-81973a0 elementor-widget elementor-widget-text-editor\" data-id=\"81973a0\" data-element_type=\"widget\" data-e-type=\"widget\" data-widget_type=\"text-editor.default\">\n\t\t\t\t<div class=\"elementor-widget-container\">\n\t\t\t\t\t\t\t\t\t<p>En 2022, nous avons cl\u00f4tur\u00e9 avec 174 adh\u00e9rents.<\/p>\t\t\t\t\t\t\t\t<\/div>\n\t\t\t\t<\/div>\n\t\t\t\t<div class=\"elementor-element elementor-element-9f38df4 elementor-widget elementor-widget-heading\" data-id=\"9f38df4\" data-element_type=\"widget\" data-e-type=\"widget\" data-widget_type=\"heading.default\">\n\t\t\t\t<div class=\"elementor-widget-container\">\n\t\t\t\t\t<h2 class=\"elementor-heading-title elementor-size-default\">Pouvez-vous nous donner des exemples de corps de m\u00e9tier adh\u00e9rents \u00e0 MADEiN Grand Est ? <\/h2>\t\t\t\t<\/div>\n\t\t\t\t<\/div>\n\t\t\t\t<div class=\"elementor-element elementor-element-e47787c elementor-widget elementor-widget-text-editor\" data-id=\"e47787c\" data-element_type=\"widget\" data-e-type=\"widget\" data-widget_type=\"text-editor.default\">\n\t\t\t\t<div class=\"elementor-widget-container\">\n\t\t\t\t\t\t\t\t\t<p>Nous avons des profils tr\u00e8s vari\u00e9s, ce qui est tr\u00e8s enrichissant et int\u00e9ressant. Nous avons des artisans seuls dans leur atelier, \u00e0 des PME et industries. Du fait de notre partenariat avec l\u2019Ameublement Fran\u00e7ais, le syndicat national de l\u2019ameublement, nous avons des entreprises adh\u00e9rentes au syndicat, situ\u00e9es en r\u00e9gion Grand Est qui sont automatiquement adh\u00e9rentes chez nous comme Alsapan ou le Groupe Schmidt. \u00a0Nous avons beaucoup de m\u00e9tiers diff\u00e9rents\u00a0: des agenceurs, menuisiers, \u00e9b\u00e9nistes, artisans d\u2019art, des personnes qui travaillent le verre, le m\u00e9tal, le li\u00e8ge, des fournisseurs, manufactures de mobilier, du textile, \u00a0du papier-peint peint \u00e0 la main, des d\u00e9corateurs, architectes d\u2019int\u00e9rieur\u2026 Le but est de proposer un ensemble de comp\u00e9tences et savoir-faire.<\/p>\t\t\t\t\t\t\t\t<\/div>\n\t\t\t\t<\/div>\n\t\t\t\t\t<\/div>\n\t\t<\/div>\n\t\t\t\t<div class=\"elementor-column elementor-col-50 elementor-top-column elementor-element elementor-element-0efb57a\" data-id=\"0efb57a\" data-element_type=\"column\" data-e-type=\"column\">\n\t\t\t<div class=\"elementor-widget-wrap elementor-element-populated\">\n\t\t\t\t\t\t<div class=\"elementor-element elementor-element-0bef3a8 elementor-widget elementor-widget-image\" data-id=\"0bef3a8\" data-element_type=\"widget\" data-e-type=\"widget\" data-widget_type=\"image.default\">\n\t\t\t\t<div class=\"elementor-widget-container\">\n\t\t\t\t\t\t\t\t\t\t\t\t\t\t\t<img loading=\"lazy\" decoding=\"async\" width=\"800\" height=\"800\" src=\"https:\/\/www.uptextile.fr\/wp-content\/uploads\/2023\/04\/272781843_4537861606324581_790979538099152724_n-1024x1024.jpg\" class=\"attachment-large size-large wp-image-3050\" alt=\"Made In Grand Est Si\u00e8ge\" srcset=\"https:\/\/www.uptextile.fr\/wp-content\/uploads\/2023\/04\/272781843_4537861606324581_790979538099152724_n-1024x1024.jpg 1024w, https:\/\/www.uptextile.fr\/wp-content\/uploads\/2023\/04\/272781843_4537861606324581_790979538099152724_n-300x300.jpg 300w, https:\/\/www.uptextile.fr\/wp-content\/uploads\/2023\/04\/272781843_4537861606324581_790979538099152724_n-150x150.jpg 150w, https:\/\/www.uptextile.fr\/wp-content\/uploads\/2023\/04\/272781843_4537861606324581_790979538099152724_n-768x768.jpg 768w, https:\/\/www.uptextile.fr\/wp-content\/uploads\/2023\/04\/272781843_4537861606324581_790979538099152724_n-12x12.jpg 12w, https:\/\/www.uptextile.fr\/wp-content\/uploads\/2023\/04\/272781843_4537861606324581_790979538099152724_n-600x600.jpg 600w, https:\/\/www.uptextile.fr\/wp-content\/uploads\/2023\/04\/272781843_4537861606324581_790979538099152724_n-100x100.jpg 100w, https:\/\/www.uptextile.fr\/wp-content\/uploads\/2023\/04\/272781843_4537861606324581_790979538099152724_n.jpg 1080w\" sizes=\"(max-width: 800px) 100vw, 800px\" \/>\t\t\t\t\t\t\t\t\t\t\t\t\t\t\t<\/div>\n\t\t\t\t<\/div>\n\t\t\t\t\t<\/div>\n\t\t<\/div>\n\t\t\t\t\t<\/div>\n\t\t<\/section>\n\t\t\t\t<section class=\"elementor-section elementor-top-section elementor-element elementor-element-a3b67c6 elementor-reverse-tablet elementor-reverse-mobile elementor-section-boxed elementor-section-height-default elementor-section-height-default\" data-id=\"a3b67c6\" data-element_type=\"section\" data-e-type=\"section\">\n\t\t\t\t\t\t<div class=\"elementor-container elementor-column-gap-default\">\n\t\t\t\t\t<div class=\"elementor-column elementor-col-50 elementor-top-column elementor-element elementor-element-11e1ab6\" data-id=\"11e1ab6\" data-element_type=\"column\" data-e-type=\"column\">\n\t\t\t<div class=\"elementor-widget-wrap elementor-element-populated\">\n\t\t\t\t\t\t<div class=\"elementor-element elementor-element-0bb8bac elementor-widget elementor-widget-image\" data-id=\"0bb8bac\" data-element_type=\"widget\" data-e-type=\"widget\" data-widget_type=\"image.default\">\n\t\t\t\t<div class=\"elementor-widget-container\">\n\t\t\t\t\t\t\t\t\t\t\t\t\t\t\t<img loading=\"lazy\" decoding=\"async\" width=\"800\" height=\"800\" src=\"https:\/\/www.uptextile.fr\/wp-content\/uploads\/2023\/04\/publications-up-1-1024x1024.png\" class=\"attachment-large size-large wp-image-3052\" alt=\"Tote-bag MadeIn Grand Est\" srcset=\"https:\/\/www.uptextile.fr\/wp-content\/uploads\/2023\/04\/publications-up-1-1024x1024.png 1024w, https:\/\/www.uptextile.fr\/wp-content\/uploads\/2023\/04\/publications-up-1-300x300.png 300w, https:\/\/www.uptextile.fr\/wp-content\/uploads\/2023\/04\/publications-up-1-150x150.png 150w, https:\/\/www.uptextile.fr\/wp-content\/uploads\/2023\/04\/publications-up-1-768x768.png 768w, https:\/\/www.uptextile.fr\/wp-content\/uploads\/2023\/04\/publications-up-1-12x12.png 12w, https:\/\/www.uptextile.fr\/wp-content\/uploads\/2023\/04\/publications-up-1-600x600.png 600w, https:\/\/www.uptextile.fr\/wp-content\/uploads\/2023\/04\/publications-up-1-100x100.png 100w, https:\/\/www.uptextile.fr\/wp-content\/uploads\/2023\/04\/publications-up-1.png 1080w\" sizes=\"(max-width: 800px) 100vw, 800px\" \/>\t\t\t\t\t\t\t\t\t\t\t\t\t\t\t<\/div>\n\t\t\t\t<\/div>\n\t\t\t\t\t<\/div>\n\t\t<\/div>\n\t\t\t\t<div class=\"elementor-column elementor-col-50 elementor-top-column elementor-element elementor-element-553a455\" data-id=\"553a455\" data-element_type=\"column\" data-e-type=\"column\">\n\t\t\t<div class=\"elementor-widget-wrap elementor-element-populated\">\n\t\t\t\t\t\t<div class=\"elementor-element elementor-element-db2c9a5 elementor-widget elementor-widget-heading\" data-id=\"db2c9a5\" data-element_type=\"widget\" data-e-type=\"widget\" data-widget_type=\"heading.default\">\n\t\t\t\t<div class=\"elementor-widget-container\">\n\t\t\t\t\t<h2 class=\"elementor-heading-title elementor-size-default\">L\u2019ann\u00e9e derni\u00e8re, vous avez f\u00eat\u00e9 vos 30 ans et vous en avez profit\u00e9 pour faire appel \u00e0 vos adh\u00e9rents et leur savoir-faire. Vous avez fait appel \u00e0 nous pour des tote-bags, pouvez-vous nous en dire plus ? <\/h2>\t\t\t\t<\/div>\n\t\t\t\t<\/div>\n\t\t\t\t<div class=\"elementor-element elementor-element-d694195 elementor-widget elementor-widget-text-editor\" data-id=\"d694195\" data-element_type=\"widget\" data-e-type=\"widget\" data-widget_type=\"text-editor.default\">\n\t\t\t\t<div class=\"elementor-widget-container\">\n\t\t\t\t\t\t\t\t\t<p>Les tote-bags, nous en avions d\u00e9j\u00e0 fait faire par Up\u2019Textile avant les 30 ans. Lorsque nous avons des prestations \u00e0 faire r\u00e9aliser, l\u2019id\u00e9e est \u00a0de les faire faire par des prestataires en r\u00e9gion Grand Est et si possible dans le r\u00e9seau. Nous souhaitons que nos goodies soient made in France, et si possible made in Grand Est, c\u2019est l\u2019essence m\u00eame de notre philosophie. De par leur m\u00e9tier, nous avons \u00a0pens\u00e9 \u00e0 Up\u2019Textile et leur avons pos\u00e9 la question pour la r\u00e9alisation des tote-bags. Cela est bien tomb\u00e9, car vous veniez de lancer la confection de ce genre d\u2019article. Nous \u00e9tions les premiers clients pour des tote-bags. Nous avons ador\u00e9 la mati\u00e8re, la qualit\u00e9 et les couleurs. Entre-temps, nous avons fait \u00e9voluer notre charte graphique, nos 30 ans \u00e9taient donc aussi l\u2019occasion de faire d\u00e9couvrir cette nouvelle identit\u00e9 \u00e0 nos adh\u00e9rents avec des tote-bags 100% Vosges de deux couleurs\u00a0: or et bleu. Nous avons beaucoup aim\u00e9 les produits et avons eu de beaux retours. Faire travailler son r\u00e9seau et faire d\u00e9couvrir les produits de nos adh\u00e9rents nous tient \u00e0 c\u0153ur<\/p>\t\t\t\t\t\t\t\t<\/div>\n\t\t\t\t<\/div>\n\t\t\t\t\t<\/div>\n\t\t<\/div>\n\t\t\t\t\t<\/div>\n\t\t<\/section>\n\t\t\t\t<section class=\"elementor-section elementor-top-section elementor-element elementor-element-a277653 elementor-section-boxed elementor-section-height-default elementor-section-height-default\" data-id=\"a277653\" data-element_type=\"section\" data-e-type=\"section\">\n\t\t\t\t\t\t<div class=\"elementor-container elementor-column-gap-default\">\n\t\t\t\t\t<div class=\"elementor-column elementor-col-100 elementor-top-column elementor-element elementor-element-4678fb8\" data-id=\"4678fb8\" data-element_type=\"column\" data-e-type=\"column\">\n\t\t\t<div class=\"elementor-widget-wrap elementor-element-populated\">\n\t\t\t\t\t\t<div class=\"elementor-element elementor-element-f3d925f elementor-widget elementor-widget-spacer\" data-id=\"f3d925f\" data-element_type=\"widget\" data-e-type=\"widget\" data-widget_type=\"spacer.default\">\n\t\t\t\t<div class=\"elementor-widget-container\">\n\t\t\t\t\t\t\t<div class=\"elementor-spacer\">\n\t\t\t<div class=\"elementor-spacer-inner\"><\/div>\n\t\t<\/div>\n\t\t\t\t\t\t<\/div>\n\t\t\t\t<\/div>\n\t\t\t\t<div class=\"elementor-element elementor-element-d94f8ec elementor-widget elementor-widget-heading\" data-id=\"d94f8ec\" data-element_type=\"widget\" data-e-type=\"widget\" data-widget_type=\"heading.default\">\n\t\t\t\t<div class=\"elementor-widget-container\">\n\t\t\t\t\t<h2 class=\"elementor-heading-title elementor-size-default\">Quelle est l\u2019ambition de l\u2019association pour l\u2019avenir ? <\/h2>\t\t\t\t<\/div>\n\t\t\t\t<\/div>\n\t\t\t\t<div class=\"elementor-element elementor-element-62a4eae elementor-widget elementor-widget-text-editor\" data-id=\"62a4eae\" data-element_type=\"widget\" data-e-type=\"widget\" data-widget_type=\"text-editor.default\">\n\t\t\t\t<div class=\"elementor-widget-container\">\n\t\t\t\t\t\t\t\t\t<p>L\u2019association ne cesse d\u2019\u00e9voluer d\u2019ann\u00e9e en ann\u00e9e. De 1992 \u00e0 2023, il y a eu une belle \u00e9volution. Notre objectif n\u2019est pas d\u2019avoir un nombre illimit\u00e9 d\u2019adh\u00e9rents, car nous sommes peu en termes d\u2019effectifs et nous souhaitons fournir des services de qualit\u00e9 et garder une proximit\u00e9 avec nos adh\u00e9rents. Ce que l\u2019on recherche quand on int\u00e8gre un r\u00e9seau, c\u2019est l\u2019appui et un soutien humain. Cependant, nous souhaitons f\u00e9d\u00e9rer des entreprises qui ont des ateliers de fabrication et un r\u00e9el savoir-faire dans la r\u00e9gion, afin que notre branche professionnelle continue d\u2019\u00eatre soutenue. Nous voulons continuer \u00e0 mobiliser et f\u00e9d\u00e9rer le r\u00e9seau existant. Notre souhait est de r\u00e9pondre aux besoins et attentes des entreprises qui ne cessent de changer et d\u2019\u00e9voluer avec notre soci\u00e9t\u00e9. Nous souhaitons garder cette proximit\u00e9 avec les entreprises et les accompagner dans leurs besoins et leurs attentes.\u00a0\u00bb<\/p>\t\t\t\t\t\t\t\t<\/div>\n\t\t\t\t<\/div>\n\t\t\t\t<div class=\"elementor-element elementor-element-1a6cb0b elementor-widget elementor-widget-text-editor\" data-id=\"1a6cb0b\" data-element_type=\"widget\" data-e-type=\"widget\" data-widget_type=\"text-editor.default\">\n\t\t\t\t<div class=\"elementor-widget-container\">\n\t\t\t\t\t\t\t\t\t<p>Retrouvez MADEiN Grand Est sur leur <a href=\"https:\/\/madein-grandest.fr\/\">site internet<\/a>, leur compte <a href=\"https:\/\/www.instagram.com\/madein_grand_est\/\">Instagram<\/a>, <a href=\"https:\/\/www.linkedin.com\/company\/madein-grandest\/\">LinkedIn<\/a> ou <a href=\"https:\/\/www.facebook.com\/MADEINGRANDEST\">Facebook<\/a>.<\/p><p>Merci \u00e0 l\u2019\u00e9quipe MADEiN Grand Est pour ce partage et leur confiance, nous sommes fiers d\u2019adh\u00e9rer \u00e0 ce r\u00e9seau.<\/p>\t\t\t\t\t\t\t\t<\/div>\n\t\t\t\t<\/div>\n\t\t\t\t\t<\/div>\n\t\t<\/div>\n\t\t\t\t\t<\/div>\n\t\t<\/section>\n\t\t\t\t<section class=\"elementor-section elementor-top-section elementor-element elementor-element-0ab8e36 elementor-section-boxed elementor-section-height-default elementor-section-height-default\" data-id=\"0ab8e36\" data-element_type=\"section\" data-e-type=\"section\">\n\t\t\t\t\t\t<div class=\"elementor-container elementor-column-gap-default\">\n\t\t\t\t\t<div class=\"elementor-column elementor-col-100 elementor-top-column elementor-element elementor-element-5b666b2\" data-id=\"5b666b2\" data-element_type=\"column\" data-e-type=\"column\">\n\t\t\t<div class=\"elementor-widget-wrap elementor-element-populated\">\n\t\t\t\t\t\t<div class=\"elementor-element elementor-element-9da2564 elementor-widget elementor-widget-spacer\" data-id=\"9da2564\" data-element_type=\"widget\" data-e-type=\"widget\" data-widget_type=\"spacer.default\">\n\t\t\t\t<div class=\"elementor-widget-container\">\n\t\t\t\t\t\t\t<div class=\"elementor-spacer\">\n\t\t\t<div class=\"elementor-spacer-inner\"><\/div>\n\t\t<\/div>\n\t\t\t\t\t\t<\/div>\n\t\t\t\t<\/div>\n\t\t\t\t\t<\/div>\n\t\t<\/div>\n\t\t\t\t\t<\/div>\n\t\t<\/section>\n\t\t\t\t<\/div>","protected":false},"excerpt":{"rendered":"<p><\/p>","protected":false},"author":1,"featured_media":3045,"comment_status":"closed","ping_status":"open","sticky":false,"template":"elementor_header_footer","format":"standard","meta":{"_monsterinsights_skip_tracking":false,"_monsterinsights_sitenote_active":false,"_monsterinsights_sitenote_note":"","_monsterinsights_sitenote_category":0,"footnotes":""},"categories":[244],"tags":[],"class_list":["post-3044","post","type-post","status-publish","format-standard","has-post-thumbnail","hentry","category-interviews"],"yoast_head":"<!-- This site is optimized with the Yoast SEO plugin v27.4 - https:\/\/yoast.com\/product\/yoast-seo-wordpress\/ -->\n<title>Interview de MADEiN Grand Est, P\u00f4le R\u00e9gional de comp\u00e9titivit\u00e9 d\u00e9di\u00e9 au secteur de l&#039;ameublement et am\u00e9nagement des lieux de vie - UpTextile<\/title>\n<meta name=\"description\" content=\"D\u00e9couvrez notre interview avec MADEiN Grand Est afin de nous expliquer l&#039;histoire de l&#039;association, leurs missions, ...\" \/>\n<meta name=\"robots\" content=\"index, follow, max-snippet:-1, max-image-preview:large, max-video-preview:-1\" \/>\n<link rel=\"canonical\" href=\"https:\/\/www.uptextile.fr\/en\/interview-de-madein-grand-est-pole-regional-de-competitivite-dedie-au-secteur-de-lameublement-et-amenagement-des-lieux-de-vie\/\" \/>\n<meta property=\"og:locale\" content=\"en_GB\" \/>\n<meta property=\"og:type\" content=\"article\" \/>\n<meta property=\"og:title\" content=\"Interview de MADEiN Grand Est, P\u00f4le R\u00e9gional de comp\u00e9titivit\u00e9 d\u00e9di\u00e9 au secteur de l&#039;ameublement et am\u00e9nagement des lieux de vie - UpTextile\" \/>\n<meta property=\"og:description\" content=\"D\u00e9couvrez notre interview avec MADEiN Grand Est afin de nous expliquer l&#039;histoire de l&#039;association, leurs missions, ...\" \/>\n<meta property=\"og:url\" content=\"https:\/\/www.uptextile.fr\/en\/interview-de-madein-grand-est-pole-regional-de-competitivite-dedie-au-secteur-de-lameublement-et-amenagement-des-lieux-de-vie\/\" \/>\n<meta property=\"og:site_name\" content=\"UpTextile\" \/>\n<meta property=\"article:published_time\" content=\"2023-04-28T13:07:13+00:00\" \/>\n<meta property=\"article:modified_time\" content=\"2024-09-30T12:19:31+00:00\" \/>\n<meta property=\"og:image\" content=\"https:\/\/www.uptextile.fr\/wp-content\/uploads\/2023\/04\/281323261_4849424635168275_875192405433750205_n.jpg\" \/>\n\t<meta property=\"og:image:width\" content=\"1728\" \/>\n\t<meta property=\"og:image:height\" content=\"1728\" \/>\n\t<meta property=\"og:image:type\" content=\"image\/jpeg\" \/>\n<meta name=\"author\" content=\"admin\" \/>\n<meta name=\"twitter:card\" content=\"summary_large_image\" \/>\n<meta name=\"twitter:label1\" content=\"Written by\" \/>\n\t<meta name=\"twitter:data1\" content=\"admin\" \/>\n\t<meta name=\"twitter:label2\" content=\"Estimated reading time\" \/>\n\t<meta name=\"twitter:data2\" content=\"7 minutes\" \/>\n<script type=\"application\/ld+json\" class=\"yoast-schema-graph\">{\"@context\":\"https:\\\/\\\/schema.org\",\"@graph\":[{\"@type\":\"Article\",\"@id\":\"https:\\\/\\\/www.uptextile.fr\\\/interview-de-madein-grand-est-pole-regional-de-competitivite-dedie-au-secteur-de-lameublement-et-amenagement-des-lieux-de-vie\\\/#article\",\"isPartOf\":{\"@id\":\"https:\\\/\\\/www.uptextile.fr\\\/interview-de-madein-grand-est-pole-regional-de-competitivite-dedie-au-secteur-de-lameublement-et-amenagement-des-lieux-de-vie\\\/\"},\"author\":{\"name\":\"admin\",\"@id\":\"https:\\\/\\\/www.uptextile.fr\\\/#\\\/schema\\\/person\\\/ddd7afbcab186b7fb4ccfcc324dc6ade\"},\"headline\":\"Interview de MADEiN Grand Est, P\u00f4le R\u00e9gional de comp\u00e9titivit\u00e9 d\u00e9di\u00e9 au secteur de l&rsquo;ameublement et am\u00e9nagement des lieux de vie\",\"datePublished\":\"2023-04-28T13:07:13+00:00\",\"dateModified\":\"2024-09-30T12:19:31+00:00\",\"mainEntityOfPage\":{\"@id\":\"https:\\\/\\\/www.uptextile.fr\\\/interview-de-madein-grand-est-pole-regional-de-competitivite-dedie-au-secteur-de-lameublement-et-amenagement-des-lieux-de-vie\\\/\"},\"wordCount\":1130,\"image\":{\"@id\":\"https:\\\/\\\/www.uptextile.fr\\\/interview-de-madein-grand-est-pole-regional-de-competitivite-dedie-au-secteur-de-lameublement-et-amenagement-des-lieux-de-vie\\\/#primaryimage\"},\"thumbnailUrl\":\"https:\\\/\\\/www.uptextile.fr\\\/wp-content\\\/uploads\\\/2023\\\/04\\\/281323261_4849424635168275_875192405433750205_n.jpg\",\"articleSection\":[\"Interviews\"],\"inLanguage\":\"en-GB\"},{\"@type\":\"WebPage\",\"@id\":\"https:\\\/\\\/www.uptextile.fr\\\/interview-de-madein-grand-est-pole-regional-de-competitivite-dedie-au-secteur-de-lameublement-et-amenagement-des-lieux-de-vie\\\/\",\"url\":\"https:\\\/\\\/www.uptextile.fr\\\/interview-de-madein-grand-est-pole-regional-de-competitivite-dedie-au-secteur-de-lameublement-et-amenagement-des-lieux-de-vie\\\/\",\"name\":\"Interview de MADEiN Grand Est, P\u00f4le R\u00e9gional de comp\u00e9titivit\u00e9 d\u00e9di\u00e9 au secteur de l'ameublement et am\u00e9nagement des lieux de vie - UpTextile\",\"isPartOf\":{\"@id\":\"https:\\\/\\\/www.uptextile.fr\\\/#website\"},\"primaryImageOfPage\":{\"@id\":\"https:\\\/\\\/www.uptextile.fr\\\/interview-de-madein-grand-est-pole-regional-de-competitivite-dedie-au-secteur-de-lameublement-et-amenagement-des-lieux-de-vie\\\/#primaryimage\"},\"image\":{\"@id\":\"https:\\\/\\\/www.uptextile.fr\\\/interview-de-madein-grand-est-pole-regional-de-competitivite-dedie-au-secteur-de-lameublement-et-amenagement-des-lieux-de-vie\\\/#primaryimage\"},\"thumbnailUrl\":\"https:\\\/\\\/www.uptextile.fr\\\/wp-content\\\/uploads\\\/2023\\\/04\\\/281323261_4849424635168275_875192405433750205_n.jpg\",\"datePublished\":\"2023-04-28T13:07:13+00:00\",\"dateModified\":\"2024-09-30T12:19:31+00:00\",\"author\":{\"@id\":\"https:\\\/\\\/www.uptextile.fr\\\/#\\\/schema\\\/person\\\/ddd7afbcab186b7fb4ccfcc324dc6ade\"},\"description\":\"D\u00e9couvrez notre interview avec MADEiN Grand Est afin de nous expliquer l'histoire de l'association, leurs missions, ...\",\"breadcrumb\":{\"@id\":\"https:\\\/\\\/www.uptextile.fr\\\/interview-de-madein-grand-est-pole-regional-de-competitivite-dedie-au-secteur-de-lameublement-et-amenagement-des-lieux-de-vie\\\/#breadcrumb\"},\"inLanguage\":\"en-GB\",\"potentialAction\":[{\"@type\":\"ReadAction\",\"target\":[\"https:\\\/\\\/www.uptextile.fr\\\/interview-de-madein-grand-est-pole-regional-de-competitivite-dedie-au-secteur-de-lameublement-et-amenagement-des-lieux-de-vie\\\/\"]}]},{\"@type\":\"ImageObject\",\"inLanguage\":\"en-GB\",\"@id\":\"https:\\\/\\\/www.uptextile.fr\\\/interview-de-madein-grand-est-pole-regional-de-competitivite-dedie-au-secteur-de-lameublement-et-amenagement-des-lieux-de-vie\\\/#primaryimage\",\"url\":\"https:\\\/\\\/www.uptextile.fr\\\/wp-content\\\/uploads\\\/2023\\\/04\\\/281323261_4849424635168275_875192405433750205_n.jpg\",\"contentUrl\":\"https:\\\/\\\/www.uptextile.fr\\\/wp-content\\\/uploads\\\/2023\\\/04\\\/281323261_4849424635168275_875192405433750205_n.jpg\",\"width\":1728,\"height\":1728,\"caption\":\"MADEiN\"},{\"@type\":\"BreadcrumbList\",\"@id\":\"https:\\\/\\\/www.uptextile.fr\\\/interview-de-madein-grand-est-pole-regional-de-competitivite-dedie-au-secteur-de-lameublement-et-amenagement-des-lieux-de-vie\\\/#breadcrumb\",\"itemListElement\":[{\"@type\":\"ListItem\",\"position\":1,\"name\":\"Accueil\",\"item\":\"https:\\\/\\\/www.uptextile.fr\\\/\"},{\"@type\":\"ListItem\",\"position\":2,\"name\":\"Interview de MADEiN Grand Est, P\u00f4le R\u00e9gional de comp\u00e9titivit\u00e9 d\u00e9di\u00e9 au secteur de l&rsquo;ameublement et am\u00e9nagement des lieux de vie\"}]},{\"@type\":\"WebSite\",\"@id\":\"https:\\\/\\\/www.uptextile.fr\\\/#website\",\"url\":\"https:\\\/\\\/www.uptextile.fr\\\/\",\"name\":\"UpTextile\",\"description\":\"L&#039;impression num\u00e9rique \u00e0 votre service\",\"potentialAction\":[{\"@type\":\"SearchAction\",\"target\":{\"@type\":\"EntryPoint\",\"urlTemplate\":\"https:\\\/\\\/www.uptextile.fr\\\/?s={search_term_string}\"},\"query-input\":{\"@type\":\"PropertyValueSpecification\",\"valueRequired\":true,\"valueName\":\"search_term_string\"}}],\"inLanguage\":\"en-GB\"},{\"@type\":\"Person\",\"@id\":\"https:\\\/\\\/www.uptextile.fr\\\/#\\\/schema\\\/person\\\/ddd7afbcab186b7fb4ccfcc324dc6ade\",\"name\":\"admin\",\"image\":{\"@type\":\"ImageObject\",\"inLanguage\":\"en-GB\",\"@id\":\"https:\\\/\\\/secure.gravatar.com\\\/avatar\\\/6670ee2da31d04324ab60d2c276c81c91f6f128389d0cd7f2efb1030b28554de?s=96&d=mm&r=g\",\"url\":\"https:\\\/\\\/secure.gravatar.com\\\/avatar\\\/6670ee2da31d04324ab60d2c276c81c91f6f128389d0cd7f2efb1030b28554de?s=96&d=mm&r=g\",\"contentUrl\":\"https:\\\/\\\/secure.gravatar.com\\\/avatar\\\/6670ee2da31d04324ab60d2c276c81c91f6f128389d0cd7f2efb1030b28554de?s=96&d=mm&r=g\",\"caption\":\"admin\"},\"url\":\"https:\\\/\\\/www.uptextile.fr\\\/en\\\/author\\\/admin\\\/\"}]}<\/script>\n<!-- \/ Yoast SEO plugin. -->","yoast_head_json":{"title":"Interview de MADEiN Grand Est, P\u00f4le R\u00e9gional de comp\u00e9titivit\u00e9 d\u00e9di\u00e9 au secteur de l'ameublement et am\u00e9nagement des lieux de vie - UpTextile","description":"D\u00e9couvrez notre interview avec MADEiN Grand Est afin de nous expliquer l'histoire de l'association, leurs missions, ...","robots":{"index":"index","follow":"follow","max-snippet":"max-snippet:-1","max-image-preview":"max-image-preview:large","max-video-preview":"max-video-preview:-1"},"canonical":"https:\/\/www.uptextile.fr\/en\/interview-de-madein-grand-est-pole-regional-de-competitivite-dedie-au-secteur-de-lameublement-et-amenagement-des-lieux-de-vie\/","og_locale":"en_GB","og_type":"article","og_title":"Interview de MADEiN Grand Est, P\u00f4le R\u00e9gional de comp\u00e9titivit\u00e9 d\u00e9di\u00e9 au secteur de l'ameublement et am\u00e9nagement des lieux de vie - UpTextile","og_description":"D\u00e9couvrez notre interview avec MADEiN Grand Est afin de nous expliquer l'histoire de l'association, leurs missions, ...","og_url":"https:\/\/www.uptextile.fr\/en\/interview-de-madein-grand-est-pole-regional-de-competitivite-dedie-au-secteur-de-lameublement-et-amenagement-des-lieux-de-vie\/","og_site_name":"UpTextile","article_published_time":"2023-04-28T13:07:13+00:00","article_modified_time":"2024-09-30T12:19:31+00:00","og_image":[{"width":1728,"height":1728,"url":"https:\/\/www.uptextile.fr\/wp-content\/uploads\/2023\/04\/281323261_4849424635168275_875192405433750205_n.jpg","type":"image\/jpeg"}],"author":"admin","twitter_card":"summary_large_image","twitter_misc":{"Written by":"admin","Estimated reading time":"7 minutes"},"schema":{"@context":"https:\/\/schema.org","@graph":[{"@type":"Article","@id":"https:\/\/www.uptextile.fr\/interview-de-madein-grand-est-pole-regional-de-competitivite-dedie-au-secteur-de-lameublement-et-amenagement-des-lieux-de-vie\/#article","isPartOf":{"@id":"https:\/\/www.uptextile.fr\/interview-de-madein-grand-est-pole-regional-de-competitivite-dedie-au-secteur-de-lameublement-et-amenagement-des-lieux-de-vie\/"},"author":{"name":"admin","@id":"https:\/\/www.uptextile.fr\/#\/schema\/person\/ddd7afbcab186b7fb4ccfcc324dc6ade"},"headline":"Interview de MADEiN Grand Est, P\u00f4le R\u00e9gional de comp\u00e9titivit\u00e9 d\u00e9di\u00e9 au secteur de l&rsquo;ameublement et am\u00e9nagement des lieux de vie","datePublished":"2023-04-28T13:07:13+00:00","dateModified":"2024-09-30T12:19:31+00:00","mainEntityOfPage":{"@id":"https:\/\/www.uptextile.fr\/interview-de-madein-grand-est-pole-regional-de-competitivite-dedie-au-secteur-de-lameublement-et-amenagement-des-lieux-de-vie\/"},"wordCount":1130,"image":{"@id":"https:\/\/www.uptextile.fr\/interview-de-madein-grand-est-pole-regional-de-competitivite-dedie-au-secteur-de-lameublement-et-amenagement-des-lieux-de-vie\/#primaryimage"},"thumbnailUrl":"https:\/\/www.uptextile.fr\/wp-content\/uploads\/2023\/04\/281323261_4849424635168275_875192405433750205_n.jpg","articleSection":["Interviews"],"inLanguage":"en-GB"},{"@type":"WebPage","@id":"https:\/\/www.uptextile.fr\/interview-de-madein-grand-est-pole-regional-de-competitivite-dedie-au-secteur-de-lameublement-et-amenagement-des-lieux-de-vie\/","url":"https:\/\/www.uptextile.fr\/interview-de-madein-grand-est-pole-regional-de-competitivite-dedie-au-secteur-de-lameublement-et-amenagement-des-lieux-de-vie\/","name":"Interview de MADEiN Grand Est, P\u00f4le R\u00e9gional de comp\u00e9titivit\u00e9 d\u00e9di\u00e9 au secteur de l'ameublement et am\u00e9nagement des lieux de vie - UpTextile","isPartOf":{"@id":"https:\/\/www.uptextile.fr\/#website"},"primaryImageOfPage":{"@id":"https:\/\/www.uptextile.fr\/interview-de-madein-grand-est-pole-regional-de-competitivite-dedie-au-secteur-de-lameublement-et-amenagement-des-lieux-de-vie\/#primaryimage"},"image":{"@id":"https:\/\/www.uptextile.fr\/interview-de-madein-grand-est-pole-regional-de-competitivite-dedie-au-secteur-de-lameublement-et-amenagement-des-lieux-de-vie\/#primaryimage"},"thumbnailUrl":"https:\/\/www.uptextile.fr\/wp-content\/uploads\/2023\/04\/281323261_4849424635168275_875192405433750205_n.jpg","datePublished":"2023-04-28T13:07:13+00:00","dateModified":"2024-09-30T12:19:31+00:00","author":{"@id":"https:\/\/www.uptextile.fr\/#\/schema\/person\/ddd7afbcab186b7fb4ccfcc324dc6ade"},"description":"D\u00e9couvrez notre interview avec MADEiN Grand Est afin de nous expliquer l'histoire de l'association, leurs missions, ...","breadcrumb":{"@id":"https:\/\/www.uptextile.fr\/interview-de-madein-grand-est-pole-regional-de-competitivite-dedie-au-secteur-de-lameublement-et-amenagement-des-lieux-de-vie\/#breadcrumb"},"inLanguage":"en-GB","potentialAction":[{"@type":"ReadAction","target":["https:\/\/www.uptextile.fr\/interview-de-madein-grand-est-pole-regional-de-competitivite-dedie-au-secteur-de-lameublement-et-amenagement-des-lieux-de-vie\/"]}]},{"@type":"ImageObject","inLanguage":"en-GB","@id":"https:\/\/www.uptextile.fr\/interview-de-madein-grand-est-pole-regional-de-competitivite-dedie-au-secteur-de-lameublement-et-amenagement-des-lieux-de-vie\/#primaryimage","url":"https:\/\/www.uptextile.fr\/wp-content\/uploads\/2023\/04\/281323261_4849424635168275_875192405433750205_n.jpg","contentUrl":"https:\/\/www.uptextile.fr\/wp-content\/uploads\/2023\/04\/281323261_4849424635168275_875192405433750205_n.jpg","width":1728,"height":1728,"caption":"MADEiN"},{"@type":"BreadcrumbList","@id":"https:\/\/www.uptextile.fr\/interview-de-madein-grand-est-pole-regional-de-competitivite-dedie-au-secteur-de-lameublement-et-amenagement-des-lieux-de-vie\/#breadcrumb","itemListElement":[{"@type":"ListItem","position":1,"name":"Accueil","item":"https:\/\/www.uptextile.fr\/"},{"@type":"ListItem","position":2,"name":"Interview de MADEiN Grand Est, P\u00f4le R\u00e9gional de comp\u00e9titivit\u00e9 d\u00e9di\u00e9 au secteur de l&rsquo;ameublement et am\u00e9nagement des lieux de vie"}]},{"@type":"WebSite","@id":"https:\/\/www.uptextile.fr\/#website","url":"https:\/\/www.uptextile.fr\/","name":"UpTextile","description":"L&#039;impression num\u00e9rique \u00e0 votre service","potentialAction":[{"@type":"SearchAction","target":{"@type":"EntryPoint","urlTemplate":"https:\/\/www.uptextile.fr\/?s={search_term_string}"},"query-input":{"@type":"PropertyValueSpecification","valueRequired":true,"valueName":"search_term_string"}}],"inLanguage":"en-GB"},{"@type":"Person","@id":"https:\/\/www.uptextile.fr\/#\/schema\/person\/ddd7afbcab186b7fb4ccfcc324dc6ade","name":"admin","image":{"@type":"ImageObject","inLanguage":"en-GB","@id":"https:\/\/secure.gravatar.com\/avatar\/6670ee2da31d04324ab60d2c276c81c91f6f128389d0cd7f2efb1030b28554de?s=96&d=mm&r=g","url":"https:\/\/secure.gravatar.com\/avatar\/6670ee2da31d04324ab60d2c276c81c91f6f128389d0cd7f2efb1030b28554de?s=96&d=mm&r=g","contentUrl":"https:\/\/secure.gravatar.com\/avatar\/6670ee2da31d04324ab60d2c276c81c91f6f128389d0cd7f2efb1030b28554de?s=96&d=mm&r=g","caption":"admin"},"url":"https:\/\/www.uptextile.fr\/en\/author\/admin\/"}]}},"_links":{"self":[{"href":"https:\/\/www.uptextile.fr\/en\/wp-json\/wp\/v2\/posts\/3044","targetHints":{"allow":["GET"]}}],"collection":[{"href":"https:\/\/www.uptextile.fr\/en\/wp-json\/wp\/v2\/posts"}],"about":[{"href":"https:\/\/www.uptextile.fr\/en\/wp-json\/wp\/v2\/types\/post"}],"author":[{"embeddable":true,"href":"https:\/\/www.uptextile.fr\/en\/wp-json\/wp\/v2\/users\/1"}],"replies":[{"embeddable":true,"href":"https:\/\/www.uptextile.fr\/en\/wp-json\/wp\/v2\/comments?post=3044"}],"version-history":[{"count":8,"href":"https:\/\/www.uptextile.fr\/en\/wp-json\/wp\/v2\/posts\/3044\/revisions"}],"predecessor-version":[{"id":3649,"href":"https:\/\/www.uptextile.fr\/en\/wp-json\/wp\/v2\/posts\/3044\/revisions\/3649"}],"wp:featuredmedia":[{"embeddable":true,"href":"https:\/\/www.uptextile.fr\/en\/wp-json\/wp\/v2\/media\/3045"}],"wp:attachment":[{"href":"https:\/\/www.uptextile.fr\/en\/wp-json\/wp\/v2\/media?parent=3044"}],"wp:term":[{"taxonomy":"category","embeddable":true,"href":"https:\/\/www.uptextile.fr\/en\/wp-json\/wp\/v2\/categories?post=3044"},{"taxonomy":"post_tag","embeddable":true,"href":"https:\/\/www.uptextile.fr\/en\/wp-json\/wp\/v2\/tags?post=3044"}],"curies":[{"name":"wp","href":"https:\/\/api.w.org\/{rel}","templated":true}]}}