{"id":3062,"date":"2023-06-01T12:11:21","date_gmt":"2023-06-01T10:11:21","guid":{"rendered":"https:\/\/www.uptextile.fr\/?p=3062"},"modified":"2024-09-30T14:18:48","modified_gmt":"2024-09-30T12:18:48","slug":"interview-datelier-boem-la-marque-bretonne-de-creations-textiles-artisanales-dexception-pour-la-maison","status":"publish","type":"post","link":"https:\/\/www.uptextile.fr\/en\/interview-datelier-boem-la-marque-bretonne-de-creations-textiles-artisanales-dexception-pour-la-maison\/","title":{"rendered":"Interview d&rsquo;Atelier Boem, la marque bretonne de cr\u00e9ations textiles artisanales d&rsquo;exception pour la maison"},"content":{"rendered":"<div data-elementor-type=\"wp-post\" data-elementor-id=\"3062\" class=\"elementor elementor-3062\" data-elementor-post-type=\"post\">\n\t\t\t\t\t\t<section class=\"elementor-section elementor-top-section elementor-element elementor-element-6204785 elementor-section-boxed elementor-section-height-default elementor-section-height-default\" data-id=\"6204785\" data-element_type=\"section\" data-e-type=\"section\">\n\t\t\t\t\t\t<div class=\"elementor-container elementor-column-gap-default\">\n\t\t\t\t\t<div class=\"elementor-column elementor-col-100 elementor-top-column elementor-element elementor-element-335ce89\" data-id=\"335ce89\" data-element_type=\"column\" data-e-type=\"column\">\n\t\t\t<div class=\"elementor-widget-wrap elementor-element-populated\">\n\t\t\t\t\t\t<div class=\"elementor-element elementor-element-8731012 elementor-widget elementor-widget-spacer\" data-id=\"8731012\" data-element_type=\"widget\" data-e-type=\"widget\" data-widget_type=\"spacer.default\">\n\t\t\t\t<div class=\"elementor-widget-container\">\n\t\t\t\t\t\t\t<div class=\"elementor-spacer\">\n\t\t\t<div class=\"elementor-spacer-inner\"><\/div>\n\t\t<\/div>\n\t\t\t\t\t\t<\/div>\n\t\t\t\t<\/div>\n\t\t\t\t<div class=\"elementor-element elementor-element-a539f5e elementor-widget elementor-widget-heading\" data-id=\"a539f5e\" data-element_type=\"widget\" data-e-type=\"widget\" data-widget_type=\"heading.default\">\n\t\t\t\t<div class=\"elementor-widget-container\">\n\t\t\t\t\t<h1 class=\"elementor-heading-title elementor-size-default\"><span style=\"color:white\"> interview <br> Of <\/span> Atelier Boem<\/h1>\t\t\t\t<\/div>\n\t\t\t\t<\/div>\n\t\t\t\t<div class=\"elementor-element elementor-element-690fcb6 elementor-widget elementor-widget-spacer\" data-id=\"690fcb6\" data-element_type=\"widget\" data-e-type=\"widget\" data-widget_type=\"spacer.default\">\n\t\t\t\t<div class=\"elementor-widget-container\">\n\t\t\t\t\t\t\t<div class=\"elementor-spacer\">\n\t\t\t<div class=\"elementor-spacer-inner\"><\/div>\n\t\t<\/div>\n\t\t\t\t\t\t<\/div>\n\t\t\t\t<\/div>\n\t\t\t\t\t<\/div>\n\t\t<\/div>\n\t\t\t\t\t<\/div>\n\t\t<\/section>\n\t\t\t\t<section class=\"elementor-section elementor-top-section elementor-element elementor-element-4055702 elementor-reverse-tablet elementor-reverse-mobile elementor-section-boxed elementor-section-height-default elementor-section-height-default\" data-id=\"4055702\" data-element_type=\"section\" data-e-type=\"section\">\n\t\t\t\t\t\t<div class=\"elementor-container elementor-column-gap-default\">\n\t\t\t\t\t<div class=\"elementor-column elementor-col-50 elementor-top-column elementor-element elementor-element-3d25821\" data-id=\"3d25821\" data-element_type=\"column\" data-e-type=\"column\">\n\t\t\t<div class=\"elementor-widget-wrap elementor-element-populated\">\n\t\t\t\t\t\t<div class=\"elementor-element elementor-element-8f7d5d2 elementor-widget elementor-widget-image\" data-id=\"8f7d5d2\" data-element_type=\"widget\" data-e-type=\"widget\" data-widget_type=\"image.default\">\n\t\t\t\t<div class=\"elementor-widget-container\">\n\t\t\t\t\t\t\t\t\t\t\t\t\t\t\t<img fetchpriority=\"high\" decoding=\"async\" width=\"408\" height=\"532\" src=\"https:\/\/www.uptextile.fr\/wp-content\/uploads\/2023\/06\/nomades-boem-89.png\" class=\"attachment-large size-large wp-image-3065\" alt=\"Fran\u00e7oise Kerjose\" srcset=\"https:\/\/www.uptextile.fr\/wp-content\/uploads\/2023\/06\/nomades-boem-89.png 408w, https:\/\/www.uptextile.fr\/wp-content\/uploads\/2023\/06\/nomades-boem-89-230x300.png 230w, https:\/\/www.uptextile.fr\/wp-content\/uploads\/2023\/06\/nomades-boem-89-9x12.png 9w\" sizes=\"(max-width: 408px) 100vw, 408px\" \/>\t\t\t\t\t\t\t\t\t\t\t\t\t\t\t<\/div>\n\t\t\t\t<\/div>\n\t\t\t\t\t<\/div>\n\t\t<\/div>\n\t\t\t\t<div class=\"elementor-column elementor-col-50 elementor-top-column elementor-element elementor-element-8404247\" data-id=\"8404247\" data-element_type=\"column\" data-e-type=\"column\">\n\t\t\t<div class=\"elementor-widget-wrap elementor-element-populated\">\n\t\t\t\t\t\t<div class=\"elementor-element elementor-element-1b58620 elementor-widget elementor-widget-heading\" data-id=\"1b58620\" data-element_type=\"widget\" data-e-type=\"widget\" data-widget_type=\"heading.default\">\n\t\t\t\t<div class=\"elementor-widget-container\">\n\t\t\t\t\t<h2 class=\"elementor-heading-title elementor-size-default\">Atelier Boem, la marque bretonne de cr\u00e9ations textiles artisanales d'exception pour la maison<\/h2>\t\t\t\t<\/div>\n\t\t\t\t<\/div>\n\t\t\t\t<div class=\"elementor-element elementor-element-ee56382 elementor-widget elementor-widget-text-editor\" data-id=\"ee56382\" data-element_type=\"widget\" data-e-type=\"widget\" data-widget_type=\"text-editor.default\">\n\t\t\t\t<div class=\"elementor-widget-container\">\n\t\t\t\t\t\t\t\t\t<p>Atelier Boem est une marque de textiles d\u2019exception pour la maison.<\/p><p>Les cr\u00e9ations de l\u2019Atelier Boem mettent en avant les histoires et les savoir-faire ancestraux des terres bretonnes. N\u00e9 de la volont\u00e9 de transmettre l\u2019h\u00e9ritage de la broderie bretonne, l\u2019atelier de confection Boem a vu le jour en 2021. L\u2019atelier cr\u00e9e du linge brod\u00e9 et du linge imprim\u00e9 avec des mati\u00e8res naturelles et nobles tel que le lin.<\/p><p>Nous avons eu l\u2019honneur d\u2019interviewer Fran\u00e7oise Kerjose, fondatrice de la marque Atelier Boem\u00a0:<\/p>\t\t\t\t\t\t\t\t<\/div>\n\t\t\t\t<\/div>\n\t\t\t\t\t<\/div>\n\t\t<\/div>\n\t\t\t\t\t<\/div>\n\t\t<\/section>\n\t\t\t\t<section class=\"elementor-section elementor-top-section elementor-element elementor-element-8b01205 elementor-section-boxed elementor-section-height-default elementor-section-height-default\" data-id=\"8b01205\" data-element_type=\"section\" data-e-type=\"section\">\n\t\t\t\t\t\t<div class=\"elementor-container elementor-column-gap-default\">\n\t\t\t\t\t<div class=\"elementor-column elementor-col-100 elementor-top-column elementor-element elementor-element-0dc5bc1\" data-id=\"0dc5bc1\" data-element_type=\"column\" data-e-type=\"column\">\n\t\t\t<div class=\"elementor-widget-wrap elementor-element-populated\">\n\t\t\t\t\t\t<div class=\"elementor-element elementor-element-dcb85e9 elementor-widget elementor-widget-spacer\" data-id=\"dcb85e9\" data-element_type=\"widget\" data-e-type=\"widget\" data-widget_type=\"spacer.default\">\n\t\t\t\t<div class=\"elementor-widget-container\">\n\t\t\t\t\t\t\t<div class=\"elementor-spacer\">\n\t\t\t<div class=\"elementor-spacer-inner\"><\/div>\n\t\t<\/div>\n\t\t\t\t\t\t<\/div>\n\t\t\t\t<\/div>\n\t\t\t\t<div class=\"elementor-element elementor-element-614a19b elementor-widget elementor-widget-heading\" data-id=\"614a19b\" data-element_type=\"widget\" data-e-type=\"widget\" data-widget_type=\"heading.default\">\n\t\t\t\t<div class=\"elementor-widget-container\">\n\t\t\t\t\t<h2 class=\"elementor-heading-title elementor-size-default\">\u00ab Bonjour, pouvez-vous nous raconter votre parcours et l\u2019histoire de votre marque ? <\/h2>\t\t\t\t<\/div>\n\t\t\t\t<\/div>\n\t\t\t\t<div class=\"elementor-element elementor-element-cec7866 elementor-widget elementor-widget-text-editor\" data-id=\"cec7866\" data-element_type=\"widget\" data-e-type=\"widget\" data-widget_type=\"text-editor.default\">\n\t\t\t\t<div class=\"elementor-widget-container\">\n\t\t\t\t\t\t\t\t\t<p>Apr\u00e8s un parcours professionnel \u00e9clectique (Commerce, logistique internationale, management, textile), j\u2019ai d\u00e9cid\u00e9 de me lancer dans l\u2019aventure entrepreneuriale.<\/p><p>Install\u00e9e dans le Finist\u00e8re Sud, ma r\u00e9gion natale, j\u2019ai cr\u00e9\u00e9 l\u2019Atelier BOEM.<\/p><p>L\u2019histoire de Boem est un tout\u00a0: mes racines, mon attachement au territoire, mon parcours, mes exp\u00e9riences, mes voyages, et aussi les valeurs qui m\u2019animent.<\/p><p>C\u2019est une \u00e9vidence, une coh\u00e9rence, et des engagements.<\/p><p>Passionn\u00e9e par la cr\u00e9ation, l\u2019art et les mati\u00e8res\u00a0; j\u2019ai explor\u00e9 diff\u00e9rentes techniques artistiques et ai toujours eu un attrait pour la broderie traditionnelle, qui est aujourd\u2019hui une de mes sources d\u2019inspiration pour mes cr\u00e9ations.<\/p>\t\t\t\t\t\t\t\t<\/div>\n\t\t\t\t<\/div>\n\t\t\t\t\t<\/div>\n\t\t<\/div>\n\t\t\t\t\t<\/div>\n\t\t<\/section>\n\t\t\t\t<section class=\"elementor-section elementor-top-section elementor-element elementor-element-fbf057b elementor-section-boxed elementor-section-height-default elementor-section-height-default\" data-id=\"fbf057b\" data-element_type=\"section\" data-e-type=\"section\">\n\t\t\t\t\t\t<div class=\"elementor-container elementor-column-gap-default\">\n\t\t\t\t\t<div class=\"elementor-column elementor-col-100 elementor-top-column elementor-element elementor-element-0707442\" data-id=\"0707442\" data-element_type=\"column\" data-e-type=\"column\">\n\t\t\t<div class=\"elementor-widget-wrap elementor-element-populated\">\n\t\t\t\t\t\t<div class=\"elementor-element elementor-element-1cdaa7c elementor-widget elementor-widget-spacer\" data-id=\"1cdaa7c\" data-element_type=\"widget\" data-e-type=\"widget\" data-widget_type=\"spacer.default\">\n\t\t\t\t<div class=\"elementor-widget-container\">\n\t\t\t\t\t\t\t<div class=\"elementor-spacer\">\n\t\t\t<div class=\"elementor-spacer-inner\"><\/div>\n\t\t<\/div>\n\t\t\t\t\t\t<\/div>\n\t\t\t\t<\/div>\n\t\t\t\t<div class=\"elementor-element elementor-element-9a684f0 elementor-widget elementor-widget-heading\" data-id=\"9a684f0\" data-element_type=\"widget\" data-e-type=\"widget\" data-widget_type=\"heading.default\">\n\t\t\t\t<div class=\"elementor-widget-container\">\n\t\t\t\t\t<h2 class=\"elementor-heading-title elementor-size-default\">D'o\u00f9 vient le nom Boem ? <\/h2>\t\t\t\t<\/div>\n\t\t\t\t<\/div>\n\t\t\t\t<div class=\"elementor-element elementor-element-a3ede64 elementor-widget elementor-widget-text-editor\" data-id=\"a3ede64\" data-element_type=\"widget\" data-e-type=\"widget\" data-widget_type=\"text-editor.default\">\n\t\t\t\t<div class=\"elementor-widget-container\">\n\t\t\t\t\t\t\t\t\t<p>Boem, est un nom breton qui d\u00e9signe \u00e0 la fois un sillon de terre qui vient juste d\u2019\u00eatre retourn\u00e9 \u00e0 la b\u00eache et l\u2019\u00e9merveillement.<\/p><p>Ce choix, pour sa sonorit\u00e9 po\u00e9tique, mais aussi pour c\u00e9l\u00e9brer le lien \u00e0 la terre, \u00e0 la mati\u00e8re, les lignes dessin\u00e9es par le fil, comme les sillons.<\/p>\t\t\t\t\t\t\t\t<\/div>\n\t\t\t\t<\/div>\n\t\t\t\t\t<\/div>\n\t\t<\/div>\n\t\t\t\t\t<\/div>\n\t\t<\/section>\n\t\t\t\t<section class=\"elementor-section elementor-top-section elementor-element elementor-element-58ce245 elementor-section-boxed elementor-section-height-default elementor-section-height-default\" data-id=\"58ce245\" data-element_type=\"section\" data-e-type=\"section\">\n\t\t\t\t\t\t<div class=\"elementor-container elementor-column-gap-default\">\n\t\t\t\t\t<div class=\"elementor-column elementor-col-33 elementor-top-column elementor-element elementor-element-0e83c0a\" data-id=\"0e83c0a\" data-element_type=\"column\" data-e-type=\"column\">\n\t\t\t<div class=\"elementor-widget-wrap elementor-element-populated\">\n\t\t\t\t\t\t<div class=\"elementor-element elementor-element-450c862 elementor-hidden-mobile e-transform e-transform elementor-widget elementor-widget-image\" data-id=\"450c862\" data-element_type=\"widget\" data-e-type=\"widget\" data-settings=\"{&quot;_transform_translateX_effect&quot;:{&quot;unit&quot;:&quot;%&quot;,&quot;size&quot;:70,&quot;sizes&quot;:[]},&quot;_transform_translateX_effect_tablet&quot;:{&quot;unit&quot;:&quot;%&quot;,&quot;size&quot;:&quot;&quot;,&quot;sizes&quot;:[]},&quot;_transform_translateX_effect_mobile&quot;:{&quot;unit&quot;:&quot;%&quot;,&quot;size&quot;:&quot;&quot;,&quot;sizes&quot;:[]},&quot;_transform_rotateZ_effect&quot;:{&quot;unit&quot;:&quot;px&quot;,&quot;size&quot;:&quot;&quot;,&quot;sizes&quot;:[]},&quot;_transform_rotateZ_effect_tablet&quot;:{&quot;unit&quot;:&quot;deg&quot;,&quot;size&quot;:&quot;&quot;,&quot;sizes&quot;:[]},&quot;_transform_rotateZ_effect_mobile&quot;:{&quot;unit&quot;:&quot;deg&quot;,&quot;size&quot;:&quot;&quot;,&quot;sizes&quot;:[]},&quot;_transform_translateY_effect&quot;:{&quot;unit&quot;:&quot;px&quot;,&quot;size&quot;:&quot;&quot;,&quot;sizes&quot;:[]},&quot;_transform_translateY_effect_tablet&quot;:{&quot;unit&quot;:&quot;px&quot;,&quot;size&quot;:&quot;&quot;,&quot;sizes&quot;:[]},&quot;_transform_translateY_effect_mobile&quot;:{&quot;unit&quot;:&quot;px&quot;,&quot;size&quot;:&quot;&quot;,&quot;sizes&quot;:[]}}\" data-widget_type=\"image.default\">\n\t\t\t\t<div class=\"elementor-widget-container\">\n\t\t\t\t\t\t\t\t\t\t\t\t\t\t\t<img decoding=\"async\" width=\"127\" height=\"262\" src=\"https:\/\/www.uptextile.fr\/wp-content\/uploads\/2022\/02\/Fichier-3UP.png\" class=\"attachment-large size-large wp-image-1163\" alt=\"UP\" srcset=\"https:\/\/www.uptextile.fr\/wp-content\/uploads\/2022\/02\/Fichier-3UP.png 127w, https:\/\/www.uptextile.fr\/wp-content\/uploads\/2022\/02\/Fichier-3UP-6x12.png 6w\" sizes=\"(max-width: 127px) 100vw, 127px\" \/>\t\t\t\t\t\t\t\t\t\t\t\t\t\t\t<\/div>\n\t\t\t\t<\/div>\n\t\t\t\t\t<\/div>\n\t\t<\/div>\n\t\t\t\t<div class=\"elementor-column elementor-col-33 elementor-top-column elementor-element elementor-element-0c6cfa8\" data-id=\"0c6cfa8\" data-element_type=\"column\" data-e-type=\"column\">\n\t\t\t<div class=\"elementor-widget-wrap elementor-element-populated\">\n\t\t\t\t\t\t<div class=\"elementor-element elementor-element-b5c551f elementor-widget elementor-widget-image\" data-id=\"b5c551f\" data-element_type=\"widget\" data-e-type=\"widget\" data-widget_type=\"image.default\">\n\t\t\t\t<div class=\"elementor-widget-container\">\n\t\t\t\t\t\t\t\t\t\t\t\t\t\t\t<img decoding=\"async\" src=\"https:\/\/www.uptextile.fr\/wp-content\/uploads\/2023\/06\/Ambiance-4-Torchons-exterieur-02.jpg\" title=\"pommes brochettes\" alt=\"Atelier Boem\" loading=\"lazy\" \/>\t\t\t\t\t\t\t\t\t\t\t\t\t\t\t<\/div>\n\t\t\t\t<\/div>\n\t\t\t\t\t<\/div>\n\t\t<\/div>\n\t\t\t\t<div class=\"elementor-column elementor-col-33 elementor-top-column elementor-element elementor-element-9f702e4\" data-id=\"9f702e4\" data-element_type=\"column\" data-e-type=\"column\">\n\t\t\t<div class=\"elementor-widget-wrap elementor-element-populated\">\n\t\t\t\t\t\t<div class=\"elementor-element elementor-element-adf3985 elementor-widget elementor-widget-image\" data-id=\"adf3985\" data-element_type=\"widget\" data-e-type=\"widget\" data-widget_type=\"image.default\">\n\t\t\t\t<div class=\"elementor-widget-container\">\n\t\t\t\t\t\t\t\t\t\t\t\t\t\t\t<img decoding=\"async\" width=\"683\" height=\"1024\" src=\"https:\/\/www.uptextile.fr\/wp-content\/uploads\/2023\/06\/nomades-boem-37-683x1024.jpg\" class=\"attachment-large size-large wp-image-3067\" alt=\"\" srcset=\"https:\/\/www.uptextile.fr\/wp-content\/uploads\/2023\/06\/nomades-boem-37-683x1024.jpg 683w, https:\/\/www.uptextile.fr\/wp-content\/uploads\/2023\/06\/nomades-boem-37-200x300.jpg 200w, https:\/\/www.uptextile.fr\/wp-content\/uploads\/2023\/06\/nomades-boem-37-768x1152.jpg 768w, https:\/\/www.uptextile.fr\/wp-content\/uploads\/2023\/06\/nomades-boem-37-1024x1536.jpg 1024w, https:\/\/www.uptextile.fr\/wp-content\/uploads\/2023\/06\/nomades-boem-37-1365x2048.jpg 1365w, https:\/\/www.uptextile.fr\/wp-content\/uploads\/2023\/06\/nomades-boem-37-8x12.jpg 8w, https:\/\/www.uptextile.fr\/wp-content\/uploads\/2023\/06\/nomades-boem-37-600x900.jpg 600w, https:\/\/www.uptextile.fr\/wp-content\/uploads\/2023\/06\/nomades-boem-37.jpg 1500w\" sizes=\"(max-width: 683px) 100vw, 683px\" \/>\t\t\t\t\t\t\t\t\t\t\t\t\t\t\t<\/div>\n\t\t\t\t<\/div>\n\t\t\t\t<div class=\"elementor-element elementor-element-6f778cf elementor-align-center elementor-mobile-align-left elementor-widget elementor-widget-button\" data-id=\"6f778cf\" data-element_type=\"widget\" data-e-type=\"widget\" data-widget_type=\"button.default\">\n\t\t\t\t<div class=\"elementor-widget-container\">\n\t\t\t\t\t\t\t\t\t<div class=\"elementor-button-wrapper\">\n\t\t\t\t\t<a class=\"elementor-button elementor-button-link elementor-size-sm elementor-animation-grow\" href=\"https:\/\/www.atelier-boem.fr\/\">\n\t\t\t\t\t\t<span class=\"elementor-button-content-wrapper\">\n\t\t\t\t\t\t\t\t\t<span class=\"elementor-button-text\">d\u00e9couvrir<\/span>\n\t\t\t\t\t<\/span>\n\t\t\t\t\t<\/a>\n\t\t\t\t<\/div>\n\t\t\t\t\t\t\t\t<\/div>\n\t\t\t\t<\/div>\n\t\t\t\t\t<\/div>\n\t\t<\/div>\n\t\t\t\t\t<\/div>\n\t\t<\/section>\n\t\t\t\t<section class=\"elementor-section elementor-top-section elementor-element elementor-element-7b03e43 elementor-section-boxed elementor-section-height-default elementor-section-height-default\" data-id=\"7b03e43\" data-element_type=\"section\" data-e-type=\"section\">\n\t\t\t\t\t\t<div class=\"elementor-container elementor-column-gap-default\">\n\t\t\t\t\t<div class=\"elementor-column elementor-col-100 elementor-top-column elementor-element elementor-element-23414b9\" data-id=\"23414b9\" data-element_type=\"column\" data-e-type=\"column\">\n\t\t\t<div class=\"elementor-widget-wrap elementor-element-populated\">\n\t\t\t\t\t\t<div class=\"elementor-element elementor-element-371fd41 elementor-widget elementor-widget-spacer\" data-id=\"371fd41\" data-element_type=\"widget\" data-e-type=\"widget\" data-widget_type=\"spacer.default\">\n\t\t\t\t<div class=\"elementor-widget-container\">\n\t\t\t\t\t\t\t<div class=\"elementor-spacer\">\n\t\t\t<div class=\"elementor-spacer-inner\"><\/div>\n\t\t<\/div>\n\t\t\t\t\t\t<\/div>\n\t\t\t\t<\/div>\n\t\t\t\t\t<\/div>\n\t\t<\/div>\n\t\t\t\t\t<\/div>\n\t\t<\/section>\n\t\t\t\t<section class=\"elementor-section elementor-top-section elementor-element elementor-element-33c5eed elementor-section-boxed elementor-section-height-default elementor-section-height-default\" data-id=\"33c5eed\" data-element_type=\"section\" data-e-type=\"section\">\n\t\t\t\t\t\t<div class=\"elementor-container elementor-column-gap-default\">\n\t\t\t\t\t<div class=\"elementor-column elementor-col-50 elementor-top-column elementor-element elementor-element-0aa7852\" data-id=\"0aa7852\" data-element_type=\"column\" data-e-type=\"column\">\n\t\t\t<div class=\"elementor-widget-wrap elementor-element-populated\">\n\t\t\t\t\t\t<div class=\"elementor-element elementor-element-55bc3ad elementor-widget elementor-widget-heading\" data-id=\"55bc3ad\" data-element_type=\"widget\" data-e-type=\"widget\" data-widget_type=\"heading.default\">\n\t\t\t\t<div class=\"elementor-widget-container\">\n\t\t\t\t\t<h2 class=\"elementor-heading-title elementor-size-default\">Quels produits proposez-vous ? <\/h2>\t\t\t\t<\/div>\n\t\t\t\t<\/div>\n\t\t\t\t<div class=\"elementor-element elementor-element-81973a0 elementor-widget elementor-widget-text-editor\" data-id=\"81973a0\" data-element_type=\"widget\" data-e-type=\"widget\" data-widget_type=\"text-editor.default\">\n\t\t\t\t<div class=\"elementor-widget-container\">\n\t\t\t\t\t\t\t\t\t<p>Je propose deux types de prestation\u00a0:<\/p><p>&#8211; Un accompagnement global pour les professionnels afin de les aider pour la mise en collection d\u2019articles textiles, que ce soit en imprim\u00e9 ou brod\u00e9.<\/p><p>Depuis l\u2019id\u00e9e du client jusqu\u2019\u00e0 la livraison, je me charge de la mise en \u0153uvre.<\/p><p>Pour les motifs, je les dessine moi-m\u00eame ou je sollicite des artistes qui s\u2019inscrivent dans le m\u00eame univers que celui qui m\u2019est impos\u00e9 par mes clients.<\/p><p>Je guide \u00e9galement les clients dans le choix des supports en privil\u00e9giant des mati\u00e8res nobles comme le lin fran\u00e7ais.<\/p><p>Je sous traite une partie de la confection avec des Etablissements de Service d\u2019Aide par le travail en local.<\/p><p>&#8211; Des cr\u00e9ations textiles uniques brod\u00e9es \u00e0 la main ou \u00e0 la machine Corn\u00e9ly, dont je dispose deux exemplaires datant des ann\u00e9es 1940.<\/p><p>Je cr\u00e9e et r\u00e9alise de petites s\u00e9ries inspir\u00e9es des terres de Bretagne pour les particuliers et les professionnels.<\/p><p>J\u2019ai \u00e0 c\u0153ur de mettre en lumi\u00e8re le travail des artistes locaux et ai eu la chance de pouvoir signer quelques belles collaborations\u00a0:<\/p><p>Lisa Blain, designer et co-fondatrice de la marque Monsieur Papier.<\/p><p>Anh Gloux, une artiste Concarnoise qui excelle dans la d\u00e9coupe de papier et trouve son inspiration dans le monde maritime qui l\u2019entoure\u00a0: les poissons, la mer, les \u00eeles, les phares, ou encore les costumes traditionnels ont fait cette ann\u00e9e l\u2019objet d\u2019une collection de torchons \u00e9dit\u00e9s sur un support en coton\/lin.<\/p><p>Distribu\u00e9s dans une vingtaine de points de vente dans le Finist\u00e8re, l\u2019Ille-et-Vilaine, ainsi que dans une \u00e9picerie Parisienne.<\/p><p>Une nouvelle collaboration est en cours avec Brigitte Uguen, artiste peintre bretonne.<\/p><p>Mon objectif est de donner vie au travail de ces artistes, de sublimer la mati\u00e8re et de permettre aux clients d\u2019acheter une \u00e9dition limit\u00e9e.<\/p>\t\t\t\t\t\t\t\t<\/div>\n\t\t\t\t<\/div>\n\t\t\t\t<div class=\"elementor-element elementor-element-9f38df4 elementor-widget elementor-widget-heading\" data-id=\"9f38df4\" data-element_type=\"widget\" data-e-type=\"widget\" data-widget_type=\"heading.default\">\n\t\t\t\t<div class=\"elementor-widget-container\">\n\t\t\t\t\t<h2 class=\"elementor-heading-title elementor-size-default\">O\u00f9 vendez-vous vos produits ? <\/h2>\t\t\t\t<\/div>\n\t\t\t\t<\/div>\n\t\t\t\t<div class=\"elementor-element elementor-element-e47787c elementor-widget elementor-widget-text-editor\" data-id=\"e47787c\" data-element_type=\"widget\" data-e-type=\"widget\" data-widget_type=\"text-editor.default\">\n\t\t\t\t<div class=\"elementor-widget-container\">\n\t\t\t\t\t\t\t\t\t<p>L\u2019atelier Boem, c\u2019est de l\u2019artisanat.<\/p><p>J\u2019ai donc s\u00e9lectionn\u00e9 des revendeurs locaux qui d\u00e9fendent les m\u00eames valeurs que les miennes, et mettent en avant le travail des cr\u00e9ateurs.<\/p>\t\t\t\t\t\t\t\t<\/div>\n\t\t\t\t<\/div>\n\t\t\t\t\t<\/div>\n\t\t<\/div>\n\t\t\t\t<div class=\"elementor-column elementor-col-50 elementor-top-column elementor-element elementor-element-0efb57a\" data-id=\"0efb57a\" data-element_type=\"column\" data-e-type=\"column\">\n\t\t\t<div class=\"elementor-widget-wrap elementor-element-populated\">\n\t\t\t\t\t\t<div class=\"elementor-element elementor-element-543b466 elementor-widget elementor-widget-image\" data-id=\"543b466\" data-element_type=\"widget\" data-e-type=\"widget\" data-widget_type=\"image.default\">\n\t\t\t\t<div class=\"elementor-widget-container\">\n\t\t\t\t\t\t\t\t\t\t\t\t\t\t\t<img loading=\"lazy\" decoding=\"async\" width=\"556\" height=\"834\" src=\"https:\/\/www.uptextile.fr\/wp-content\/uploads\/2023\/06\/nomades-boem-118.png\" class=\"attachment-large size-large wp-image-3069\" alt=\"Boem\" srcset=\"https:\/\/www.uptextile.fr\/wp-content\/uploads\/2023\/06\/nomades-boem-118.png 556w, https:\/\/www.uptextile.fr\/wp-content\/uploads\/2023\/06\/nomades-boem-118-200x300.png 200w, https:\/\/www.uptextile.fr\/wp-content\/uploads\/2023\/06\/nomades-boem-118-8x12.png 8w\" sizes=\"(max-width: 556px) 100vw, 556px\" \/>\t\t\t\t\t\t\t\t\t\t\t\t\t\t\t<\/div>\n\t\t\t\t<\/div>\n\t\t\t\t<div class=\"elementor-element elementor-element-0bef3a8 elementor-widget elementor-widget-image\" data-id=\"0bef3a8\" data-element_type=\"widget\" data-e-type=\"widget\" data-widget_type=\"image.default\">\n\t\t\t\t<div class=\"elementor-widget-container\">\n\t\t\t\t\t\t\t\t\t\t\t\t\t\t\t<img loading=\"lazy\" decoding=\"async\" width=\"358\" height=\"538\" src=\"https:\/\/www.uptextile.fr\/wp-content\/uploads\/2023\/06\/nomades-boem-105.png\" class=\"attachment-large size-large wp-image-3068\" alt=\"\" srcset=\"https:\/\/www.uptextile.fr\/wp-content\/uploads\/2023\/06\/nomades-boem-105.png 358w, https:\/\/www.uptextile.fr\/wp-content\/uploads\/2023\/06\/nomades-boem-105-200x300.png 200w, https:\/\/www.uptextile.fr\/wp-content\/uploads\/2023\/06\/nomades-boem-105-8x12.png 8w\" sizes=\"(max-width: 358px) 100vw, 358px\" \/>\t\t\t\t\t\t\t\t\t\t\t\t\t\t\t<\/div>\n\t\t\t\t<\/div>\n\t\t\t\t\t<\/div>\n\t\t<\/div>\n\t\t\t\t\t<\/div>\n\t\t<\/section>\n\t\t\t\t<section class=\"elementor-section elementor-top-section elementor-element elementor-element-a3b67c6 elementor-reverse-tablet elementor-reverse-mobile elementor-section-boxed elementor-section-height-default elementor-section-height-default\" data-id=\"a3b67c6\" data-element_type=\"section\" data-e-type=\"section\">\n\t\t\t\t\t\t<div class=\"elementor-container elementor-column-gap-default\">\n\t\t\t\t\t<div class=\"elementor-column elementor-col-50 elementor-top-column elementor-element elementor-element-11e1ab6\" data-id=\"11e1ab6\" data-element_type=\"column\" data-e-type=\"column\">\n\t\t\t<div class=\"elementor-widget-wrap elementor-element-populated\">\n\t\t\t\t\t\t<div class=\"elementor-element elementor-element-4b01352 elementor-widget elementor-widget-spacer\" data-id=\"4b01352\" data-element_type=\"widget\" data-e-type=\"widget\" data-widget_type=\"spacer.default\">\n\t\t\t\t<div class=\"elementor-widget-container\">\n\t\t\t\t\t\t\t<div class=\"elementor-spacer\">\n\t\t\t<div class=\"elementor-spacer-inner\"><\/div>\n\t\t<\/div>\n\t\t\t\t\t\t<\/div>\n\t\t\t\t<\/div>\n\t\t\t\t<div class=\"elementor-element elementor-element-0bb8bac elementor-widget elementor-widget-image\" data-id=\"0bb8bac\" data-element_type=\"widget\" data-e-type=\"widget\" data-widget_type=\"image.default\">\n\t\t\t\t<div class=\"elementor-widget-container\">\n\t\t\t\t\t\t\t\t\t\t\t\t\t\t\t<img loading=\"lazy\" decoding=\"async\" width=\"503\" height=\"350\" src=\"https:\/\/www.uptextile.fr\/wp-content\/uploads\/2023\/06\/48a54a_b250e9d590144bc78da9595e058bcec7mv2.png\" class=\"attachment-large size-large wp-image-3070\" alt=\"Impression atelier boem\" srcset=\"https:\/\/www.uptextile.fr\/wp-content\/uploads\/2023\/06\/48a54a_b250e9d590144bc78da9595e058bcec7mv2.png 503w, https:\/\/www.uptextile.fr\/wp-content\/uploads\/2023\/06\/48a54a_b250e9d590144bc78da9595e058bcec7mv2-300x209.png 300w, https:\/\/www.uptextile.fr\/wp-content\/uploads\/2023\/06\/48a54a_b250e9d590144bc78da9595e058bcec7mv2-18x12.png 18w\" sizes=\"(max-width: 503px) 100vw, 503px\" \/>\t\t\t\t\t\t\t\t\t\t\t\t\t\t\t<\/div>\n\t\t\t\t<\/div>\n\t\t\t\t\t<\/div>\n\t\t<\/div>\n\t\t\t\t<div class=\"elementor-column elementor-col-50 elementor-top-column elementor-element elementor-element-553a455\" data-id=\"553a455\" data-element_type=\"column\" data-e-type=\"column\">\n\t\t\t<div class=\"elementor-widget-wrap elementor-element-populated\">\n\t\t\t\t\t\t<div class=\"elementor-element elementor-element-db2c9a5 elementor-widget elementor-widget-heading\" data-id=\"db2c9a5\" data-element_type=\"widget\" data-e-type=\"widget\" data-widget_type=\"heading.default\">\n\t\t\t\t<div class=\"elementor-widget-container\">\n\t\t\t\t\t<h2 class=\"elementor-heading-title elementor-size-default\">Pouvez-vous nous en dire plus sur les valeurs de votre marque ? <\/h2>\t\t\t\t<\/div>\n\t\t\t\t<\/div>\n\t\t\t\t<div class=\"elementor-element elementor-element-d694195 elementor-widget elementor-widget-text-editor\" data-id=\"d694195\" data-element_type=\"widget\" data-e-type=\"widget\" data-widget_type=\"text-editor.default\">\n\t\t\t\t<div class=\"elementor-widget-container\">\n\t\t\t\t\t\t\t\t\t<p>Port\u00e9 Atelier BOEM c\u2019est valoriser des savoir-faire, une culture\u00a0; c\u2019est ma\u00eetriser chaque \u00e9tape de la fabrication pour veiller \u00e0 des m\u00e9thodes de production plus saines et respectueuses de l\u2019environnement et participer ainsi au renouveau d\u2019une fili\u00e8re textile plus vertueuse.<\/p>\t\t\t\t\t\t\t\t<\/div>\n\t\t\t\t<\/div>\n\t\t\t\t<div class=\"elementor-element elementor-element-d94f8ec elementor-widget elementor-widget-heading\" data-id=\"d94f8ec\" data-element_type=\"widget\" data-e-type=\"widget\" data-widget_type=\"heading.default\">\n\t\t\t\t<div class=\"elementor-widget-container\">\n\t\t\t\t\t<h2 class=\"elementor-heading-title elementor-size-default\">Comment voyez-vous l\u2019avenir de la marque Atelier Boem ? <\/h2>\t\t\t\t<\/div>\n\t\t\t\t<\/div>\n\t\t\t\t<div class=\"elementor-element elementor-element-62a4eae elementor-widget elementor-widget-text-editor\" data-id=\"62a4eae\" data-element_type=\"widget\" data-e-type=\"widget\" data-widget_type=\"text-editor.default\">\n\t\t\t\t<div class=\"elementor-widget-container\">\n\t\t\t\t\t\t\t\t\t<p>Je compte \u00e9toffer ma gamme de linge de maison, innover en proposant d\u2019autres supports et d\u2019autres motifs.<\/p><p>Je vais poursuivre le d\u00e9veloppement de la marque en proposant des partenariats pour la mise en \u0153uvre de collection exclusive.<\/p>\t\t\t\t\t\t\t\t<\/div>\n\t\t\t\t<\/div>\n\t\t\t\t\t<\/div>\n\t\t<\/div>\n\t\t\t\t\t<\/div>\n\t\t<\/section>\n\t\t\t\t<section class=\"elementor-section elementor-top-section elementor-element elementor-element-a277653 elementor-section-boxed elementor-section-height-default elementor-section-height-default\" data-id=\"a277653\" data-element_type=\"section\" data-e-type=\"section\">\n\t\t\t\t\t\t<div class=\"elementor-container elementor-column-gap-default\">\n\t\t\t\t\t<div class=\"elementor-column elementor-col-100 elementor-top-column elementor-element elementor-element-4678fb8\" data-id=\"4678fb8\" data-element_type=\"column\" data-e-type=\"column\">\n\t\t\t<div class=\"elementor-widget-wrap elementor-element-populated\">\n\t\t\t\t\t\t<div class=\"elementor-element elementor-element-f3d925f elementor-widget elementor-widget-spacer\" data-id=\"f3d925f\" data-element_type=\"widget\" data-e-type=\"widget\" data-widget_type=\"spacer.default\">\n\t\t\t\t<div class=\"elementor-widget-container\">\n\t\t\t\t\t\t\t<div class=\"elementor-spacer\">\n\t\t\t<div class=\"elementor-spacer-inner\"><\/div>\n\t\t<\/div>\n\t\t\t\t\t\t<\/div>\n\t\t\t\t<\/div>\n\t\t\t\t<div class=\"elementor-element elementor-element-a3cf048 elementor-widget elementor-widget-heading\" data-id=\"a3cf048\" data-element_type=\"widget\" data-e-type=\"widget\" data-widget_type=\"heading.default\">\n\t\t\t\t<div class=\"elementor-widget-container\">\n\t\t\t\t\t<h2 class=\"elementor-heading-title elementor-size-default\">Comment avez-vous connu Up\u2019Textile ? <\/h2>\t\t\t\t<\/div>\n\t\t\t\t<\/div>\n\t\t\t\t<div class=\"elementor-element elementor-element-1a746ab elementor-widget elementor-widget-text-editor\" data-id=\"1a746ab\" data-element_type=\"widget\" data-e-type=\"widget\" data-widget_type=\"text-editor.default\">\n\t\t\t\t<div class=\"elementor-widget-container\">\n\t\t\t\t\t\t\t\t\t<p>J\u2019ai connu Up\u2019Textile par recommandation d\u2019un confr\u00e8re.<\/p>\t\t\t\t\t\t\t\t<\/div>\n\t\t\t\t<\/div>\n\t\t\t\t<div class=\"elementor-element elementor-element-791b41b elementor-widget elementor-widget-heading\" data-id=\"791b41b\" data-element_type=\"widget\" data-e-type=\"widget\" data-widget_type=\"heading.default\">\n\t\t\t\t<div class=\"elementor-widget-container\">\n\t\t\t\t\t<h2 class=\"elementor-heading-title elementor-size-default\">Pourquoi choisir les produits d\u2019Atelier Boem ? <\/h2>\t\t\t\t<\/div>\n\t\t\t\t<\/div>\n\t\t\t\t<div class=\"elementor-element elementor-element-7669978 elementor-widget elementor-widget-text-editor\" data-id=\"7669978\" data-element_type=\"widget\" data-e-type=\"widget\" data-widget_type=\"text-editor.default\">\n\t\t\t\t<div class=\"elementor-widget-container\">\n\t\t\t\t\t\t\t\t\t<p>Derri\u00e8re chaque cr\u00e9ation, il y a une histoire inspir\u00e9e par les terres de Bretagne et imagin\u00e9es par ses artisans et ses artistes.<\/p><p>Atelier BOEM, c\u2019est l\u2019innovation par la tradition et un pass\u00e9 plein d\u2019avenir\u00a0!\u00a0\u00bb<\/p>\t\t\t\t\t\t\t\t<\/div>\n\t\t\t\t<\/div>\n\t\t\t\t<div class=\"elementor-element elementor-element-af24339 elementor-widget elementor-widget-spacer\" data-id=\"af24339\" data-element_type=\"widget\" data-e-type=\"widget\" data-widget_type=\"spacer.default\">\n\t\t\t\t<div class=\"elementor-widget-container\">\n\t\t\t\t\t\t\t<div class=\"elementor-spacer\">\n\t\t\t<div class=\"elementor-spacer-inner\"><\/div>\n\t\t<\/div>\n\t\t\t\t\t\t<\/div>\n\t\t\t\t<\/div>\n\t\t\t\t<div class=\"elementor-element elementor-element-1a6cb0b elementor-widget elementor-widget-text-editor\" data-id=\"1a6cb0b\" data-element_type=\"widget\" data-e-type=\"widget\" data-widget_type=\"text-editor.default\">\n\t\t\t\t<div class=\"elementor-widget-container\">\n\t\t\t\t\t\t\t\t\t<p>Retrouver Atelier Boem sur leur <a href=\"https:\/\/www.atelier-boem.fr\/\">site internet<\/a> ou sur leur <a href=\"https:\/\/www.instagram.com\/atelier_boem\/\">compte Instagram.<\/a><\/p><p>Merci \u00e0 Fran\u00e7oise pour ce partage et pour sa confiance.<\/p>\t\t\t\t\t\t\t\t<\/div>\n\t\t\t\t<\/div>\n\t\t\t\t\t<\/div>\n\t\t<\/div>\n\t\t\t\t\t<\/div>\n\t\t<\/section>\n\t\t\t\t<section class=\"elementor-section elementor-top-section elementor-element elementor-element-0ab8e36 elementor-section-boxed elementor-section-height-default elementor-section-height-default\" data-id=\"0ab8e36\" data-element_type=\"section\" data-e-type=\"section\">\n\t\t\t\t\t\t<div class=\"elementor-container elementor-column-gap-default\">\n\t\t\t\t\t<div class=\"elementor-column elementor-col-100 elementor-top-column elementor-element elementor-element-5b666b2\" data-id=\"5b666b2\" data-element_type=\"column\" data-e-type=\"column\">\n\t\t\t<div class=\"elementor-widget-wrap elementor-element-populated\">\n\t\t\t\t\t\t<div class=\"elementor-element elementor-element-9da2564 elementor-widget elementor-widget-spacer\" data-id=\"9da2564\" data-element_type=\"widget\" data-e-type=\"widget\" data-widget_type=\"spacer.default\">\n\t\t\t\t<div class=\"elementor-widget-container\">\n\t\t\t\t\t\t\t<div class=\"elementor-spacer\">\n\t\t\t<div class=\"elementor-spacer-inner\"><\/div>\n\t\t<\/div>\n\t\t\t\t\t\t<\/div>\n\t\t\t\t<\/div>\n\t\t\t\t\t<\/div>\n\t\t<\/div>\n\t\t\t\t\t<\/div>\n\t\t<\/section>\n\t\t\t\t<\/div>","protected":false},"excerpt":{"rendered":"<p><\/p>","protected":false},"author":1,"featured_media":3064,"comment_status":"closed","ping_status":"open","sticky":false,"template":"elementor_header_footer","format":"standard","meta":{"_monsterinsights_skip_tracking":false,"_monsterinsights_sitenote_active":false,"_monsterinsights_sitenote_note":"","_monsterinsights_sitenote_category":0,"footnotes":""},"categories":[244],"tags":[],"class_list":["post-3062","post","type-post","status-publish","format-standard","has-post-thumbnail","hentry","category-interviews"],"yoast_head":"<!-- This site is optimized with the Yoast SEO plugin v27.4 - https:\/\/yoast.com\/product\/yoast-seo-wordpress\/ -->\n<title>Interview d&#039;Atelier Boem, la marque bretonne de cr\u00e9ations textiles artisanales d&#039;exception pour la maison - UpTextile<\/title>\n<meta name=\"description\" content=\"D\u00e9couvrez notre interview de la marque Atelier Boem, marque bretonne de cr\u00e9ations textiles artisanales d&#039;exception pour la maison.\" \/>\n<meta name=\"robots\" content=\"index, follow, max-snippet:-1, max-image-preview:large, max-video-preview:-1\" \/>\n<link rel=\"canonical\" href=\"https:\/\/www.uptextile.fr\/en\/interview-datelier-boem-la-marque-bretonne-de-creations-textiles-artisanales-dexception-pour-la-maison\/\" \/>\n<meta property=\"og:locale\" content=\"en_GB\" \/>\n<meta property=\"og:type\" content=\"article\" \/>\n<meta property=\"og:title\" content=\"Interview d&#039;Atelier Boem, la marque bretonne de cr\u00e9ations textiles artisanales d&#039;exception pour la maison - UpTextile\" \/>\n<meta property=\"og:description\" content=\"D\u00e9couvrez notre interview de la marque Atelier Boem, marque bretonne de cr\u00e9ations textiles artisanales d&#039;exception pour la maison.\" \/>\n<meta property=\"og:url\" content=\"https:\/\/www.uptextile.fr\/en\/interview-datelier-boem-la-marque-bretonne-de-creations-textiles-artisanales-dexception-pour-la-maison\/\" \/>\n<meta property=\"og:site_name\" content=\"UpTextile\" \/>\n<meta property=\"article:published_time\" content=\"2023-06-01T10:11:21+00:00\" \/>\n<meta property=\"article:modified_time\" content=\"2024-09-30T12:18:48+00:00\" \/>\n<meta property=\"og:image\" content=\"https:\/\/www.uptextile.fr\/wp-content\/uploads\/2023\/06\/Ambiance-4-Torchons-exterieur-02.jpg\" \/>\n\t<meta property=\"og:image:width\" content=\"1181\" \/>\n\t<meta property=\"og:image:height\" content=\"1536\" \/>\n\t<meta property=\"og:image:type\" content=\"image\/jpeg\" \/>\n<meta name=\"author\" content=\"admin\" \/>\n<meta name=\"twitter:card\" content=\"summary_large_image\" \/>\n<meta name=\"twitter:label1\" content=\"Written by\" \/>\n\t<meta name=\"twitter:data1\" content=\"admin\" \/>\n\t<meta name=\"twitter:label2\" content=\"Estimated reading time\" \/>\n\t<meta name=\"twitter:data2\" content=\"6 minutes\" \/>\n<script type=\"application\/ld+json\" class=\"yoast-schema-graph\">{\"@context\":\"https:\\\/\\\/schema.org\",\"@graph\":[{\"@type\":\"Article\",\"@id\":\"https:\\\/\\\/www.uptextile.fr\\\/interview-datelier-boem-la-marque-bretonne-de-creations-textiles-artisanales-dexception-pour-la-maison\\\/#article\",\"isPartOf\":{\"@id\":\"https:\\\/\\\/www.uptextile.fr\\\/interview-datelier-boem-la-marque-bretonne-de-creations-textiles-artisanales-dexception-pour-la-maison\\\/\"},\"author\":{\"name\":\"admin\",\"@id\":\"https:\\\/\\\/www.uptextile.fr\\\/#\\\/schema\\\/person\\\/ddd7afbcab186b7fb4ccfcc324dc6ade\"},\"headline\":\"Interview d&rsquo;Atelier Boem, la marque bretonne de cr\u00e9ations textiles artisanales d&rsquo;exception pour la maison\",\"datePublished\":\"2023-06-01T10:11:21+00:00\",\"dateModified\":\"2024-09-30T12:18:48+00:00\",\"mainEntityOfPage\":{\"@id\":\"https:\\\/\\\/www.uptextile.fr\\\/interview-datelier-boem-la-marque-bretonne-de-creations-textiles-artisanales-dexception-pour-la-maison\\\/\"},\"wordCount\":875,\"image\":{\"@id\":\"https:\\\/\\\/www.uptextile.fr\\\/interview-datelier-boem-la-marque-bretonne-de-creations-textiles-artisanales-dexception-pour-la-maison\\\/#primaryimage\"},\"thumbnailUrl\":\"https:\\\/\\\/www.uptextile.fr\\\/wp-content\\\/uploads\\\/2023\\\/06\\\/Ambiance-4-Torchons-exterieur-02.jpg\",\"articleSection\":[\"Interviews\"],\"inLanguage\":\"en-GB\"},{\"@type\":\"WebPage\",\"@id\":\"https:\\\/\\\/www.uptextile.fr\\\/interview-datelier-boem-la-marque-bretonne-de-creations-textiles-artisanales-dexception-pour-la-maison\\\/\",\"url\":\"https:\\\/\\\/www.uptextile.fr\\\/interview-datelier-boem-la-marque-bretonne-de-creations-textiles-artisanales-dexception-pour-la-maison\\\/\",\"name\":\"Interview d'Atelier Boem, la marque bretonne de cr\u00e9ations textiles artisanales d'exception pour la maison - UpTextile\",\"isPartOf\":{\"@id\":\"https:\\\/\\\/www.uptextile.fr\\\/#website\"},\"primaryImageOfPage\":{\"@id\":\"https:\\\/\\\/www.uptextile.fr\\\/interview-datelier-boem-la-marque-bretonne-de-creations-textiles-artisanales-dexception-pour-la-maison\\\/#primaryimage\"},\"image\":{\"@id\":\"https:\\\/\\\/www.uptextile.fr\\\/interview-datelier-boem-la-marque-bretonne-de-creations-textiles-artisanales-dexception-pour-la-maison\\\/#primaryimage\"},\"thumbnailUrl\":\"https:\\\/\\\/www.uptextile.fr\\\/wp-content\\\/uploads\\\/2023\\\/06\\\/Ambiance-4-Torchons-exterieur-02.jpg\",\"datePublished\":\"2023-06-01T10:11:21+00:00\",\"dateModified\":\"2024-09-30T12:18:48+00:00\",\"author\":{\"@id\":\"https:\\\/\\\/www.uptextile.fr\\\/#\\\/schema\\\/person\\\/ddd7afbcab186b7fb4ccfcc324dc6ade\"},\"description\":\"D\u00e9couvrez notre interview de la marque Atelier Boem, marque bretonne de cr\u00e9ations textiles artisanales d'exception pour la maison.\",\"breadcrumb\":{\"@id\":\"https:\\\/\\\/www.uptextile.fr\\\/interview-datelier-boem-la-marque-bretonne-de-creations-textiles-artisanales-dexception-pour-la-maison\\\/#breadcrumb\"},\"inLanguage\":\"en-GB\",\"potentialAction\":[{\"@type\":\"ReadAction\",\"target\":[\"https:\\\/\\\/www.uptextile.fr\\\/interview-datelier-boem-la-marque-bretonne-de-creations-textiles-artisanales-dexception-pour-la-maison\\\/\"]}]},{\"@type\":\"ImageObject\",\"inLanguage\":\"en-GB\",\"@id\":\"https:\\\/\\\/www.uptextile.fr\\\/interview-datelier-boem-la-marque-bretonne-de-creations-textiles-artisanales-dexception-pour-la-maison\\\/#primaryimage\",\"url\":\"https:\\\/\\\/www.uptextile.fr\\\/wp-content\\\/uploads\\\/2023\\\/06\\\/Ambiance-4-Torchons-exterieur-02.jpg\",\"contentUrl\":\"https:\\\/\\\/www.uptextile.fr\\\/wp-content\\\/uploads\\\/2023\\\/06\\\/Ambiance-4-Torchons-exterieur-02.jpg\",\"width\":1181,\"height\":1536,\"caption\":\"Atelier Boem\"},{\"@type\":\"BreadcrumbList\",\"@id\":\"https:\\\/\\\/www.uptextile.fr\\\/interview-datelier-boem-la-marque-bretonne-de-creations-textiles-artisanales-dexception-pour-la-maison\\\/#breadcrumb\",\"itemListElement\":[{\"@type\":\"ListItem\",\"position\":1,\"name\":\"Accueil\",\"item\":\"https:\\\/\\\/www.uptextile.fr\\\/\"},{\"@type\":\"ListItem\",\"position\":2,\"name\":\"Interview d&rsquo;Atelier Boem, la marque bretonne de cr\u00e9ations textiles artisanales d&rsquo;exception pour la maison\"}]},{\"@type\":\"WebSite\",\"@id\":\"https:\\\/\\\/www.uptextile.fr\\\/#website\",\"url\":\"https:\\\/\\\/www.uptextile.fr\\\/\",\"name\":\"UpTextile\",\"description\":\"L&#039;impression num\u00e9rique \u00e0 votre service\",\"potentialAction\":[{\"@type\":\"SearchAction\",\"target\":{\"@type\":\"EntryPoint\",\"urlTemplate\":\"https:\\\/\\\/www.uptextile.fr\\\/?s={search_term_string}\"},\"query-input\":{\"@type\":\"PropertyValueSpecification\",\"valueRequired\":true,\"valueName\":\"search_term_string\"}}],\"inLanguage\":\"en-GB\"},{\"@type\":\"Person\",\"@id\":\"https:\\\/\\\/www.uptextile.fr\\\/#\\\/schema\\\/person\\\/ddd7afbcab186b7fb4ccfcc324dc6ade\",\"name\":\"admin\",\"image\":{\"@type\":\"ImageObject\",\"inLanguage\":\"en-GB\",\"@id\":\"https:\\\/\\\/secure.gravatar.com\\\/avatar\\\/6670ee2da31d04324ab60d2c276c81c91f6f128389d0cd7f2efb1030b28554de?s=96&d=mm&r=g\",\"url\":\"https:\\\/\\\/secure.gravatar.com\\\/avatar\\\/6670ee2da31d04324ab60d2c276c81c91f6f128389d0cd7f2efb1030b28554de?s=96&d=mm&r=g\",\"contentUrl\":\"https:\\\/\\\/secure.gravatar.com\\\/avatar\\\/6670ee2da31d04324ab60d2c276c81c91f6f128389d0cd7f2efb1030b28554de?s=96&d=mm&r=g\",\"caption\":\"admin\"},\"url\":\"https:\\\/\\\/www.uptextile.fr\\\/en\\\/author\\\/admin\\\/\"}]}<\/script>\n<!-- \/ Yoast SEO plugin. -->","yoast_head_json":{"title":"Interview d'Atelier Boem, la marque bretonne de cr\u00e9ations textiles artisanales d'exception pour la maison - UpTextile","description":"D\u00e9couvrez notre interview de la marque Atelier Boem, marque bretonne de cr\u00e9ations textiles artisanales d'exception pour la maison.","robots":{"index":"index","follow":"follow","max-snippet":"max-snippet:-1","max-image-preview":"max-image-preview:large","max-video-preview":"max-video-preview:-1"},"canonical":"https:\/\/www.uptextile.fr\/en\/interview-datelier-boem-la-marque-bretonne-de-creations-textiles-artisanales-dexception-pour-la-maison\/","og_locale":"en_GB","og_type":"article","og_title":"Interview d'Atelier Boem, la marque bretonne de cr\u00e9ations textiles artisanales d'exception pour la maison - UpTextile","og_description":"D\u00e9couvrez notre interview de la marque Atelier Boem, marque bretonne de cr\u00e9ations textiles artisanales d'exception pour la maison.","og_url":"https:\/\/www.uptextile.fr\/en\/interview-datelier-boem-la-marque-bretonne-de-creations-textiles-artisanales-dexception-pour-la-maison\/","og_site_name":"UpTextile","article_published_time":"2023-06-01T10:11:21+00:00","article_modified_time":"2024-09-30T12:18:48+00:00","og_image":[{"width":1181,"height":1536,"url":"https:\/\/www.uptextile.fr\/wp-content\/uploads\/2023\/06\/Ambiance-4-Torchons-exterieur-02.jpg","type":"image\/jpeg"}],"author":"admin","twitter_card":"summary_large_image","twitter_misc":{"Written by":"admin","Estimated reading time":"6 minutes"},"schema":{"@context":"https:\/\/schema.org","@graph":[{"@type":"Article","@id":"https:\/\/www.uptextile.fr\/interview-datelier-boem-la-marque-bretonne-de-creations-textiles-artisanales-dexception-pour-la-maison\/#article","isPartOf":{"@id":"https:\/\/www.uptextile.fr\/interview-datelier-boem-la-marque-bretonne-de-creations-textiles-artisanales-dexception-pour-la-maison\/"},"author":{"name":"admin","@id":"https:\/\/www.uptextile.fr\/#\/schema\/person\/ddd7afbcab186b7fb4ccfcc324dc6ade"},"headline":"Interview d&rsquo;Atelier Boem, la marque bretonne de cr\u00e9ations textiles artisanales d&rsquo;exception pour la maison","datePublished":"2023-06-01T10:11:21+00:00","dateModified":"2024-09-30T12:18:48+00:00","mainEntityOfPage":{"@id":"https:\/\/www.uptextile.fr\/interview-datelier-boem-la-marque-bretonne-de-creations-textiles-artisanales-dexception-pour-la-maison\/"},"wordCount":875,"image":{"@id":"https:\/\/www.uptextile.fr\/interview-datelier-boem-la-marque-bretonne-de-creations-textiles-artisanales-dexception-pour-la-maison\/#primaryimage"},"thumbnailUrl":"https:\/\/www.uptextile.fr\/wp-content\/uploads\/2023\/06\/Ambiance-4-Torchons-exterieur-02.jpg","articleSection":["Interviews"],"inLanguage":"en-GB"},{"@type":"WebPage","@id":"https:\/\/www.uptextile.fr\/interview-datelier-boem-la-marque-bretonne-de-creations-textiles-artisanales-dexception-pour-la-maison\/","url":"https:\/\/www.uptextile.fr\/interview-datelier-boem-la-marque-bretonne-de-creations-textiles-artisanales-dexception-pour-la-maison\/","name":"Interview d'Atelier Boem, la marque bretonne de cr\u00e9ations textiles artisanales d'exception pour la maison - UpTextile","isPartOf":{"@id":"https:\/\/www.uptextile.fr\/#website"},"primaryImageOfPage":{"@id":"https:\/\/www.uptextile.fr\/interview-datelier-boem-la-marque-bretonne-de-creations-textiles-artisanales-dexception-pour-la-maison\/#primaryimage"},"image":{"@id":"https:\/\/www.uptextile.fr\/interview-datelier-boem-la-marque-bretonne-de-creations-textiles-artisanales-dexception-pour-la-maison\/#primaryimage"},"thumbnailUrl":"https:\/\/www.uptextile.fr\/wp-content\/uploads\/2023\/06\/Ambiance-4-Torchons-exterieur-02.jpg","datePublished":"2023-06-01T10:11:21+00:00","dateModified":"2024-09-30T12:18:48+00:00","author":{"@id":"https:\/\/www.uptextile.fr\/#\/schema\/person\/ddd7afbcab186b7fb4ccfcc324dc6ade"},"description":"D\u00e9couvrez notre interview de la marque Atelier Boem, marque bretonne de cr\u00e9ations textiles artisanales d'exception pour la maison.","breadcrumb":{"@id":"https:\/\/www.uptextile.fr\/interview-datelier-boem-la-marque-bretonne-de-creations-textiles-artisanales-dexception-pour-la-maison\/#breadcrumb"},"inLanguage":"en-GB","potentialAction":[{"@type":"ReadAction","target":["https:\/\/www.uptextile.fr\/interview-datelier-boem-la-marque-bretonne-de-creations-textiles-artisanales-dexception-pour-la-maison\/"]}]},{"@type":"ImageObject","inLanguage":"en-GB","@id":"https:\/\/www.uptextile.fr\/interview-datelier-boem-la-marque-bretonne-de-creations-textiles-artisanales-dexception-pour-la-maison\/#primaryimage","url":"https:\/\/www.uptextile.fr\/wp-content\/uploads\/2023\/06\/Ambiance-4-Torchons-exterieur-02.jpg","contentUrl":"https:\/\/www.uptextile.fr\/wp-content\/uploads\/2023\/06\/Ambiance-4-Torchons-exterieur-02.jpg","width":1181,"height":1536,"caption":"Atelier Boem"},{"@type":"BreadcrumbList","@id":"https:\/\/www.uptextile.fr\/interview-datelier-boem-la-marque-bretonne-de-creations-textiles-artisanales-dexception-pour-la-maison\/#breadcrumb","itemListElement":[{"@type":"ListItem","position":1,"name":"Accueil","item":"https:\/\/www.uptextile.fr\/"},{"@type":"ListItem","position":2,"name":"Interview d&rsquo;Atelier Boem, la marque bretonne de cr\u00e9ations textiles artisanales d&rsquo;exception pour la maison"}]},{"@type":"WebSite","@id":"https:\/\/www.uptextile.fr\/#website","url":"https:\/\/www.uptextile.fr\/","name":"UpTextile","description":"L&#039;impression num\u00e9rique \u00e0 votre service","potentialAction":[{"@type":"SearchAction","target":{"@type":"EntryPoint","urlTemplate":"https:\/\/www.uptextile.fr\/?s={search_term_string}"},"query-input":{"@type":"PropertyValueSpecification","valueRequired":true,"valueName":"search_term_string"}}],"inLanguage":"en-GB"},{"@type":"Person","@id":"https:\/\/www.uptextile.fr\/#\/schema\/person\/ddd7afbcab186b7fb4ccfcc324dc6ade","name":"admin","image":{"@type":"ImageObject","inLanguage":"en-GB","@id":"https:\/\/secure.gravatar.com\/avatar\/6670ee2da31d04324ab60d2c276c81c91f6f128389d0cd7f2efb1030b28554de?s=96&d=mm&r=g","url":"https:\/\/secure.gravatar.com\/avatar\/6670ee2da31d04324ab60d2c276c81c91f6f128389d0cd7f2efb1030b28554de?s=96&d=mm&r=g","contentUrl":"https:\/\/secure.gravatar.com\/avatar\/6670ee2da31d04324ab60d2c276c81c91f6f128389d0cd7f2efb1030b28554de?s=96&d=mm&r=g","caption":"admin"},"url":"https:\/\/www.uptextile.fr\/en\/author\/admin\/"}]}},"_links":{"self":[{"href":"https:\/\/www.uptextile.fr\/en\/wp-json\/wp\/v2\/posts\/3062","targetHints":{"allow":["GET"]}}],"collection":[{"href":"https:\/\/www.uptextile.fr\/en\/wp-json\/wp\/v2\/posts"}],"about":[{"href":"https:\/\/www.uptextile.fr\/en\/wp-json\/wp\/v2\/types\/post"}],"author":[{"embeddable":true,"href":"https:\/\/www.uptextile.fr\/en\/wp-json\/wp\/v2\/users\/1"}],"replies":[{"embeddable":true,"href":"https:\/\/www.uptextile.fr\/en\/wp-json\/wp\/v2\/comments?post=3062"}],"version-history":[{"count":7,"href":"https:\/\/www.uptextile.fr\/en\/wp-json\/wp\/v2\/posts\/3062\/revisions"}],"predecessor-version":[{"id":3646,"href":"https:\/\/www.uptextile.fr\/en\/wp-json\/wp\/v2\/posts\/3062\/revisions\/3646"}],"wp:featuredmedia":[{"embeddable":true,"href":"https:\/\/www.uptextile.fr\/en\/wp-json\/wp\/v2\/media\/3064"}],"wp:attachment":[{"href":"https:\/\/www.uptextile.fr\/en\/wp-json\/wp\/v2\/media?parent=3062"}],"wp:term":[{"taxonomy":"category","embeddable":true,"href":"https:\/\/www.uptextile.fr\/en\/wp-json\/wp\/v2\/categories?post=3062"},{"taxonomy":"post_tag","embeddable":true,"href":"https:\/\/www.uptextile.fr\/en\/wp-json\/wp\/v2\/tags?post=3062"}],"curies":[{"name":"wp","href":"https:\/\/api.w.org\/{rel}","templated":true}]}}