{"id":3074,"date":"2023-06-02T14:30:37","date_gmt":"2023-06-02T12:30:37","guid":{"rendered":"https:\/\/www.uptextile.fr\/?p=3074"},"modified":"2024-09-30T14:18:16","modified_gmt":"2024-09-30T12:18:16","slug":"interview-de-papest-structure-professionnelle-regroupant-les-fabricants-de-papier-de-lest","status":"publish","type":"post","link":"https:\/\/www.uptextile.fr\/en\/interview-de-papest-structure-professionnelle-regroupant-les-fabricants-de-papier-de-lest\/","title":{"rendered":"Interview de Papest, structure professionnelle regroupant les fabricants de Papier de l&rsquo;Est"},"content":{"rendered":"\t\t<div data-elementor-type=\"wp-post\" data-elementor-id=\"3074\" class=\"elementor elementor-3074\" data-elementor-post-type=\"post\">\n\t\t\t\t\t\t<section class=\"elementor-section elementor-top-section elementor-element elementor-element-6204785 elementor-section-boxed elementor-section-height-default elementor-section-height-default\" data-id=\"6204785\" data-element_type=\"section\" data-e-type=\"section\">\n\t\t\t\t\t\t<div class=\"elementor-container elementor-column-gap-default\">\n\t\t\t\t\t<div class=\"elementor-column elementor-col-100 elementor-top-column elementor-element elementor-element-335ce89\" data-id=\"335ce89\" data-element_type=\"column\" data-e-type=\"column\">\n\t\t\t<div class=\"elementor-widget-wrap elementor-element-populated\">\n\t\t\t\t\t\t<div class=\"elementor-element elementor-element-8731012 elementor-widget elementor-widget-spacer\" data-id=\"8731012\" data-element_type=\"widget\" data-e-type=\"widget\" data-widget_type=\"spacer.default\">\n\t\t\t\t<div class=\"elementor-widget-container\">\n\t\t\t\t\t\t\t<div class=\"elementor-spacer\">\n\t\t\t<div class=\"elementor-spacer-inner\"><\/div>\n\t\t<\/div>\n\t\t\t\t\t\t<\/div>\n\t\t\t\t<\/div>\n\t\t\t\t<div class=\"elementor-element elementor-element-a539f5e elementor-widget elementor-widget-heading\" data-id=\"a539f5e\" data-element_type=\"widget\" data-e-type=\"widget\" data-widget_type=\"heading.default\">\n\t\t\t\t<div class=\"elementor-widget-container\">\n\t\t\t\t\t<h1 class=\"elementor-heading-title elementor-size-default\"><span style=\"color:white\"> interview <br> de <\/span> Papest<\/h1>\t\t\t\t<\/div>\n\t\t\t\t<\/div>\n\t\t\t\t<div class=\"elementor-element elementor-element-690fcb6 elementor-widget elementor-widget-spacer\" data-id=\"690fcb6\" data-element_type=\"widget\" data-e-type=\"widget\" data-widget_type=\"spacer.default\">\n\t\t\t\t<div class=\"elementor-widget-container\">\n\t\t\t\t\t\t\t<div class=\"elementor-spacer\">\n\t\t\t<div class=\"elementor-spacer-inner\"><\/div>\n\t\t<\/div>\n\t\t\t\t\t\t<\/div>\n\t\t\t\t<\/div>\n\t\t\t\t\t<\/div>\n\t\t<\/div>\n\t\t\t\t\t<\/div>\n\t\t<\/section>\n\t\t\t\t<section class=\"elementor-section elementor-top-section elementor-element elementor-element-4055702 elementor-reverse-tablet elementor-reverse-mobile elementor-section-boxed elementor-section-height-default elementor-section-height-default\" data-id=\"4055702\" data-element_type=\"section\" data-e-type=\"section\">\n\t\t\t\t\t\t<div class=\"elementor-container elementor-column-gap-default\">\n\t\t\t\t\t<div class=\"elementor-column elementor-col-50 elementor-top-column elementor-element elementor-element-3d25821\" data-id=\"3d25821\" data-element_type=\"column\" data-e-type=\"column\">\n\t\t\t<div class=\"elementor-widget-wrap elementor-element-populated\">\n\t\t\t\t\t\t<div class=\"elementor-element elementor-element-8f7d5d2 elementor-widget elementor-widget-image\" data-id=\"8f7d5d2\" data-element_type=\"widget\" data-e-type=\"widget\" data-widget_type=\"image.default\">\n\t\t\t\t<div class=\"elementor-widget-container\">\n\t\t\t\t\t\t\t\t\t\t\t\t\t\t\t<img decoding=\"async\" width=\"200\" height=\"150\" src=\"https:\/\/www.uptextile.fr\/wp-content\/uploads\/2023\/06\/download.jpg\" class=\"attachment-full size-full wp-image-3077\" alt=\"Papest logo\" srcset=\"https:\/\/www.uptextile.fr\/wp-content\/uploads\/2023\/06\/download.jpg 200w, https:\/\/www.uptextile.fr\/wp-content\/uploads\/2023\/06\/download-16x12.jpg 16w\" sizes=\"(max-width: 200px) 100vw, 200px\" \/>\t\t\t\t\t\t\t\t\t\t\t\t\t\t\t<\/div>\n\t\t\t\t<\/div>\n\t\t\t\t\t<\/div>\n\t\t<\/div>\n\t\t\t\t<div class=\"elementor-column elementor-col-50 elementor-top-column elementor-element elementor-element-8404247\" data-id=\"8404247\" data-element_type=\"column\" data-e-type=\"column\">\n\t\t\t<div class=\"elementor-widget-wrap elementor-element-populated\">\n\t\t\t\t\t\t<div class=\"elementor-element elementor-element-1b58620 elementor-widget elementor-widget-heading\" data-id=\"1b58620\" data-element_type=\"widget\" data-e-type=\"widget\" data-widget_type=\"heading.default\">\n\t\t\t\t<div class=\"elementor-widget-container\">\n\t\t\t\t\t<h2 class=\"elementor-heading-title elementor-size-default\">Papest, structure professionnelle regroupant les fabricants de Papier de l'Est<\/h2>\t\t\t\t<\/div>\n\t\t\t\t<\/div>\n\t\t\t\t<div class=\"elementor-element elementor-element-ee56382 elementor-widget elementor-widget-text-editor\" data-id=\"ee56382\" data-element_type=\"widget\" data-e-type=\"widget\" data-widget_type=\"text-editor.default\">\n\t\t\t\t<div class=\"elementor-widget-container\">\n\t\t\t\t\t\t\t\t\t<p>Papest est une structure professionnelle regroupant les fabricants de Papier de l\u2019Est. Elle favorise les \u00e9changes et bonnes pratiques dans de nombreux domaines de l\u2019industrie papeti\u00e8re.<\/p><p>Nous avons eu l\u2019honneur d\u2019interviewer El\u00e9onore, assistance de Direction et Constance, charg\u00e9e de communication de Papest\u00a0:<\/p>\t\t\t\t\t\t\t\t<\/div>\n\t\t\t\t<\/div>\n\t\t\t\t\t<\/div>\n\t\t<\/div>\n\t\t\t\t\t<\/div>\n\t\t<\/section>\n\t\t\t\t<section class=\"elementor-section elementor-top-section elementor-element elementor-element-8b01205 elementor-section-boxed elementor-section-height-default elementor-section-height-default\" data-id=\"8b01205\" data-element_type=\"section\" data-e-type=\"section\">\n\t\t\t\t\t\t<div class=\"elementor-container elementor-column-gap-default\">\n\t\t\t\t\t<div class=\"elementor-column elementor-col-100 elementor-top-column elementor-element elementor-element-0dc5bc1\" data-id=\"0dc5bc1\" data-element_type=\"column\" data-e-type=\"column\">\n\t\t\t<div class=\"elementor-widget-wrap elementor-element-populated\">\n\t\t\t\t\t\t<div class=\"elementor-element elementor-element-dcb85e9 elementor-widget elementor-widget-spacer\" data-id=\"dcb85e9\" data-element_type=\"widget\" data-e-type=\"widget\" data-widget_type=\"spacer.default\">\n\t\t\t\t<div class=\"elementor-widget-container\">\n\t\t\t\t\t\t\t<div class=\"elementor-spacer\">\n\t\t\t<div class=\"elementor-spacer-inner\"><\/div>\n\t\t<\/div>\n\t\t\t\t\t\t<\/div>\n\t\t\t\t<\/div>\n\t\t\t\t<div class=\"elementor-element elementor-element-614a19b elementor-widget elementor-widget-heading\" data-id=\"614a19b\" data-element_type=\"widget\" data-e-type=\"widget\" data-widget_type=\"heading.default\">\n\t\t\t\t<div class=\"elementor-widget-container\">\n\t\t\t\t\t<h2 class=\"elementor-heading-title elementor-size-default\">\u00ab Pouvez-vous nous pr\u00e9senter Papest et toutes vos missions ? <\/h2>\t\t\t\t<\/div>\n\t\t\t\t<\/div>\n\t\t\t\t<div class=\"elementor-element elementor-element-cec7866 elementor-widget elementor-widget-text-editor\" data-id=\"cec7866\" data-element_type=\"widget\" data-e-type=\"widget\" data-widget_type=\"text-editor.default\">\n\t\t\t\t<div class=\"elementor-widget-container\">\n\t\t\t\t\t\t\t\t\t<p>C\u2019est un syndicat papetier qui vise \u00e0 favoriser l\u2019entraide et la mutualisation des ressources entre les diff\u00e9rentes papeteries de l\u2019Est de la France\u00a0: dans le Grand Est, la Bourgogne ou encore la Franche-Comt\u00e9. Actuellement, nous avons 19 adh\u00e9rents. \u00c0 travers des commissions et groupes de travail (attractivit\u00e9, environnement, \u00e9nergie, social, qualit\u00e9, techniques papeti\u00e8res appliqu\u00e9es\u2026), nous rassemblons les diff\u00e9rentes papeteries pour qu\u2019elles puissent trouver des solutions sur des probl\u00e9matiques communes et \u00e9changer des bonnes pratiques. Nous proposons \u00e9galement des formations via Papest ou en lien avec le CFA papetier (dizaines de formations par an) ainsi qu\u2019une activit\u00e9 de bilan de comp\u00e9tences depuis 1 an et demi.<\/p><p>Nous r\u00e9alisons donc diverses missions qui visent \u00e0 d\u00e9velopper le secteur papetier. Nous apportons de la valeur ajout\u00e9e aux entreprises en termes de services.<\/p><p>Par exemple, si nos papeteries membres ont des besoins en communication ou qu\u2019elles n\u2019arrivent pas \u00e0 tout faire en interne, nous prenons le relais et les accompagnons.<\/p>\t\t\t\t\t\t\t\t<\/div>\n\t\t\t\t<\/div>\n\t\t\t\t\t<\/div>\n\t\t<\/div>\n\t\t\t\t\t<\/div>\n\t\t<\/section>\n\t\t\t\t<section class=\"elementor-section elementor-top-section elementor-element elementor-element-58ce245 elementor-section-boxed elementor-section-height-default elementor-section-height-default\" data-id=\"58ce245\" data-element_type=\"section\" data-e-type=\"section\">\n\t\t\t\t\t\t<div class=\"elementor-container elementor-column-gap-default\">\n\t\t\t\t\t<div class=\"elementor-column elementor-col-33 elementor-top-column elementor-element elementor-element-0e83c0a\" data-id=\"0e83c0a\" data-element_type=\"column\" data-e-type=\"column\">\n\t\t\t<div class=\"elementor-widget-wrap elementor-element-populated\">\n\t\t\t\t\t\t<div class=\"elementor-element elementor-element-450c862 elementor-hidden-mobile e-transform e-transform elementor-widget elementor-widget-image\" data-id=\"450c862\" data-element_type=\"widget\" data-e-type=\"widget\" data-settings=\"{&quot;_transform_translateX_effect&quot;:{&quot;unit&quot;:&quot;%&quot;,&quot;size&quot;:70,&quot;sizes&quot;:[]},&quot;_transform_translateX_effect_tablet&quot;:{&quot;unit&quot;:&quot;%&quot;,&quot;size&quot;:&quot;&quot;,&quot;sizes&quot;:[]},&quot;_transform_translateX_effect_mobile&quot;:{&quot;unit&quot;:&quot;%&quot;,&quot;size&quot;:&quot;&quot;,&quot;sizes&quot;:[]},&quot;_transform_rotateZ_effect&quot;:{&quot;unit&quot;:&quot;px&quot;,&quot;size&quot;:&quot;&quot;,&quot;sizes&quot;:[]},&quot;_transform_rotateZ_effect_tablet&quot;:{&quot;unit&quot;:&quot;deg&quot;,&quot;size&quot;:&quot;&quot;,&quot;sizes&quot;:[]},&quot;_transform_rotateZ_effect_mobile&quot;:{&quot;unit&quot;:&quot;deg&quot;,&quot;size&quot;:&quot;&quot;,&quot;sizes&quot;:[]},&quot;_transform_translateY_effect&quot;:{&quot;unit&quot;:&quot;px&quot;,&quot;size&quot;:&quot;&quot;,&quot;sizes&quot;:[]},&quot;_transform_translateY_effect_tablet&quot;:{&quot;unit&quot;:&quot;px&quot;,&quot;size&quot;:&quot;&quot;,&quot;sizes&quot;:[]},&quot;_transform_translateY_effect_mobile&quot;:{&quot;unit&quot;:&quot;px&quot;,&quot;size&quot;:&quot;&quot;,&quot;sizes&quot;:[]}}\" data-widget_type=\"image.default\">\n\t\t\t\t<div class=\"elementor-widget-container\">\n\t\t\t\t\t\t\t\t\t\t\t\t\t\t\t<img decoding=\"async\" width=\"127\" height=\"262\" src=\"https:\/\/www.uptextile.fr\/wp-content\/uploads\/2022\/02\/Fichier-3UP.png\" class=\"attachment-large size-large wp-image-1163\" alt=\"UP\" srcset=\"https:\/\/www.uptextile.fr\/wp-content\/uploads\/2022\/02\/Fichier-3UP.png 127w, https:\/\/www.uptextile.fr\/wp-content\/uploads\/2022\/02\/Fichier-3UP-6x12.png 6w\" sizes=\"(max-width: 127px) 100vw, 127px\" \/>\t\t\t\t\t\t\t\t\t\t\t\t\t\t\t<\/div>\n\t\t\t\t<\/div>\n\t\t\t\t\t<\/div>\n\t\t<\/div>\n\t\t\t\t<div class=\"elementor-column elementor-col-33 elementor-top-column elementor-element elementor-element-0c6cfa8\" data-id=\"0c6cfa8\" data-element_type=\"column\" data-e-type=\"column\">\n\t\t\t<div class=\"elementor-widget-wrap elementor-element-populated\">\n\t\t\t\t\t\t<div class=\"elementor-element elementor-element-b5c551f elementor-widget elementor-widget-image\" data-id=\"b5c551f\" data-element_type=\"widget\" data-e-type=\"widget\" data-widget_type=\"image.default\">\n\t\t\t\t<div class=\"elementor-widget-container\">\n\t\t\t\t\t\t\t\t\t\t\t\t\t\t\t<img decoding=\"async\" src=\"https:\/\/www.uptextile.fr\/wp-content\/uploads\/2023\/06\/IMG202212021049407-1-scaled.jpg\" title=\"IMG20221202104940[7]-1\" alt=\"fabricants papier\" loading=\"lazy\" \/>\t\t\t\t\t\t\t\t\t\t\t\t\t\t\t<\/div>\n\t\t\t\t<\/div>\n\t\t\t\t\t<\/div>\n\t\t<\/div>\n\t\t\t\t<div class=\"elementor-column elementor-col-33 elementor-top-column elementor-element elementor-element-9f702e4\" data-id=\"9f702e4\" data-element_type=\"column\" data-e-type=\"column\">\n\t\t\t<div class=\"elementor-widget-wrap elementor-element-populated\">\n\t\t\t\t\t\t<div class=\"elementor-element elementor-element-adf3985 elementor-widget elementor-widget-image\" data-id=\"adf3985\" data-element_type=\"widget\" data-e-type=\"widget\" data-widget_type=\"image.default\">\n\t\t\t\t<div class=\"elementor-widget-container\">\n\t\t\t\t\t\t\t\t\t\t\t\t\t\t\t<img fetchpriority=\"high\" decoding=\"async\" width=\"768\" height=\"1024\" src=\"https:\/\/www.uptextile.fr\/wp-content\/uploads\/2023\/06\/IMG_0080-1-1-768x1024.jpg\" class=\"attachment-large size-large wp-image-3081\" alt=\"Papier de l&#039;Est\" srcset=\"https:\/\/www.uptextile.fr\/wp-content\/uploads\/2023\/06\/IMG_0080-1-1-768x1024.jpg 768w, https:\/\/www.uptextile.fr\/wp-content\/uploads\/2023\/06\/IMG_0080-1-1-225x300.jpg 225w, https:\/\/www.uptextile.fr\/wp-content\/uploads\/2023\/06\/IMG_0080-1-1-1152x1536.jpg 1152w, https:\/\/www.uptextile.fr\/wp-content\/uploads\/2023\/06\/IMG_0080-1-1-1536x2048.jpg 1536w, https:\/\/www.uptextile.fr\/wp-content\/uploads\/2023\/06\/IMG_0080-1-1-9x12.jpg 9w, https:\/\/www.uptextile.fr\/wp-content\/uploads\/2023\/06\/IMG_0080-1-1-600x800.jpg 600w, https:\/\/www.uptextile.fr\/wp-content\/uploads\/2023\/06\/IMG_0080-1-1-scaled.jpg 1920w\" sizes=\"(max-width: 768px) 100vw, 768px\" \/>\t\t\t\t\t\t\t\t\t\t\t\t\t\t\t<\/div>\n\t\t\t\t<\/div>\n\t\t\t\t<div class=\"elementor-element elementor-element-6f778cf elementor-align-center elementor-mobile-align-left elementor-widget elementor-widget-button\" data-id=\"6f778cf\" data-element_type=\"widget\" data-e-type=\"widget\" data-widget_type=\"button.default\">\n\t\t\t\t<div class=\"elementor-widget-container\">\n\t\t\t\t\t\t\t\t\t<div class=\"elementor-button-wrapper\">\n\t\t\t\t\t<a class=\"elementor-button elementor-button-link elementor-size-sm elementor-animation-grow\" href=\"https:\/\/www.papest.fr\/\">\n\t\t\t\t\t\t<span class=\"elementor-button-content-wrapper\">\n\t\t\t\t\t\t\t\t\t<span class=\"elementor-button-text\">d\u00e9couvrir<\/span>\n\t\t\t\t\t<\/span>\n\t\t\t\t\t<\/a>\n\t\t\t\t<\/div>\n\t\t\t\t\t\t\t\t<\/div>\n\t\t\t\t<\/div>\n\t\t\t\t\t<\/div>\n\t\t<\/div>\n\t\t\t\t\t<\/div>\n\t\t<\/section>\n\t\t\t\t<section class=\"elementor-section elementor-top-section elementor-element elementor-element-33c5eed elementor-section-boxed elementor-section-height-default elementor-section-height-default\" data-id=\"33c5eed\" data-element_type=\"section\" data-e-type=\"section\">\n\t\t\t\t\t\t<div class=\"elementor-container elementor-column-gap-default\">\n\t\t\t\t\t<div class=\"elementor-column elementor-col-50 elementor-top-column elementor-element elementor-element-0aa7852\" data-id=\"0aa7852\" data-element_type=\"column\" data-e-type=\"column\">\n\t\t\t<div class=\"elementor-widget-wrap elementor-element-populated\">\n\t\t\t\t\t\t<div class=\"elementor-element elementor-element-9a684f0 elementor-widget elementor-widget-heading\" data-id=\"9a684f0\" data-element_type=\"widget\" data-e-type=\"widget\" data-widget_type=\"heading.default\">\n\t\t\t\t<div class=\"elementor-widget-container\">\n\t\t\t\t\t<h2 class=\"elementor-heading-title elementor-size-default\">Sur les 19 adh\u00e9rents, combien y a-t-il d\u2019emplois g\u00e9n\u00e9r\u00e9s ? <\/h2>\t\t\t\t<\/div>\n\t\t\t\t<\/div>\n\t\t\t\t<div class=\"elementor-element elementor-element-a3ede64 elementor-widget elementor-widget-text-editor\" data-id=\"a3ede64\" data-element_type=\"widget\" data-e-type=\"widget\" data-widget_type=\"text-editor.default\">\n\t\t\t\t<div class=\"elementor-widget-container\">\n\t\t\t\t\t\t\t\t\t<p>En 2022, il y avait environ 5 000 emplois. L\u2019industrie papeti\u00e8re est une industrie importante. Nous ne nous rendons pas compte de toutes les sortes de papier qui existent\u00a0car nous nous arr\u00eatons souvent \u00e0 la feuille blanche : papiers d\u2019hygi\u00e8ne, les notices, les papiers de banque, les papiers de cigarettes, les papiers fiduciaires, les cartons, l\u2019emballage, le conditionnement, les papiers d\u2019art. Le secteur du papier est m\u00e9connu. Le grand public n\u2019a pas une vision globale de ce qui est fait tant en termes de produits que de m\u00e9tiers existants. Nous ne nous rendons pas compte que sur une seule machine \u00e0 papier, nous avons plusieurs m\u00e9tiers diff\u00e9rents. Papest, ce sont des entreprises qui font principalement de la production mais aussi parfois de la transformation de papier o\u00f9 il y a encore plein de m\u00e9tiers diff\u00e9rents.<\/p>\t\t\t\t\t\t\t\t<\/div>\n\t\t\t\t<\/div>\n\t\t\t\t<div class=\"elementor-element elementor-element-55bc3ad elementor-widget elementor-widget-heading\" data-id=\"55bc3ad\" data-element_type=\"widget\" data-e-type=\"widget\" data-widget_type=\"heading.default\">\n\t\t\t\t<div class=\"elementor-widget-container\">\n\t\t\t\t\t<h2 class=\"elementor-heading-title elementor-size-default\">Quels sont les objectifs de Papest pour l\u2019avenir ? <\/h2>\t\t\t\t<\/div>\n\t\t\t\t<\/div>\n\t\t\t\t<div class=\"elementor-element elementor-element-81973a0 elementor-widget elementor-widget-text-editor\" data-id=\"81973a0\" data-element_type=\"widget\" data-e-type=\"widget\" data-widget_type=\"text-editor.default\">\n\t\t\t\t<div class=\"elementor-widget-container\">\n\t\t\t\t\t\t\t\t\t<p>Notre objectif n\u2019est pas forc\u00e9ment d\u2019avoir plus d\u2019adh\u00e9rents, c\u2019est de toujours travailler avec les entreprises qui souhaitent nous rejoindre mais surtout d\u00e9velopper l\u2019attractivit\u00e9 du secteur papier et carton et son emploi. Il y a \u00e9galement un objectif de communication, de montrer au grand public qu\u2019il y a une diversit\u00e9 de produits et de m\u00e9tiers assez impressionnante. Ceci dans le but de permettre aux entreprises en recherche de main d\u2019\u0153uvre de recruter plus facilement en fonction de leurs besoins.<\/p>\t\t\t\t\t\t\t\t<\/div>\n\t\t\t\t<\/div>\n\t\t\t\t<div class=\"elementor-element elementor-element-9f38df4 elementor-widget elementor-widget-heading\" data-id=\"9f38df4\" data-element_type=\"widget\" data-e-type=\"widget\" data-widget_type=\"heading.default\">\n\t\t\t\t<div class=\"elementor-widget-container\">\n\t\t\t\t\t<h2 class=\"elementor-heading-title elementor-size-default\">Vous avez fait appel \u00e0 Up\u2019Textile pour des tote-bags, comment vous avez-nous connu ? <\/h2>\t\t\t\t<\/div>\n\t\t\t\t<\/div>\n\t\t\t\t<div class=\"elementor-element elementor-element-e47787c elementor-widget elementor-widget-text-editor\" data-id=\"e47787c\" data-element_type=\"widget\" data-e-type=\"widget\" data-widget_type=\"text-editor.default\">\n\t\t\t\t<div class=\"elementor-widget-container\">\n\t\t\t\t\t\t\t\t\t<p>Notre d\u00e9l\u00e9gu\u00e9e g\u00e9n\u00e9rale Mme Buhr connaissait Mme Crouvezier et nous avons donc rapidement fait une demande de devis. Ayant re\u00e7u les \u00e9chantillons de tissu chez Papest, nous avons pu choisir le tissu que nous souhaitions, la mati\u00e8re et le grammage. Nous souhaitions \u00e9galement travailler avec une entreprise locale et nous avons trouv\u00e9 \u00e0 G\u00e9rardmer donc c\u2019\u00e9tait l\u2019id\u00e9al.<\/p>\t\t\t\t\t\t\t\t<\/div>\n\t\t\t\t<\/div>\n\t\t\t\t\t<\/div>\n\t\t<\/div>\n\t\t\t\t<div class=\"elementor-column elementor-col-50 elementor-top-column elementor-element elementor-element-0efb57a\" data-id=\"0efb57a\" data-element_type=\"column\" data-e-type=\"column\">\n\t\t\t<div class=\"elementor-widget-wrap elementor-element-populated\">\n\t\t\t\t\t\t<div class=\"elementor-element elementor-element-37ea3d0 elementor-widget elementor-widget-image\" data-id=\"37ea3d0\" data-element_type=\"widget\" data-e-type=\"widget\" data-widget_type=\"image.default\">\n\t\t\t\t<div class=\"elementor-widget-container\">\n\t\t\t\t\t\t\t\t\t\t\t\t\t\t\t<img loading=\"lazy\" decoding=\"async\" width=\"768\" height=\"1024\" src=\"https:\/\/www.uptextile.fr\/wp-content\/uploads\/2023\/06\/IMG_0124-1-768x1024.jpg\" class=\"attachment-large size-large wp-image-3082\" alt=\"Industrie papeti\u00e8re\" srcset=\"https:\/\/www.uptextile.fr\/wp-content\/uploads\/2023\/06\/IMG_0124-1-768x1024.jpg 768w, https:\/\/www.uptextile.fr\/wp-content\/uploads\/2023\/06\/IMG_0124-1-225x300.jpg 225w, https:\/\/www.uptextile.fr\/wp-content\/uploads\/2023\/06\/IMG_0124-1-1152x1536.jpg 1152w, https:\/\/www.uptextile.fr\/wp-content\/uploads\/2023\/06\/IMG_0124-1-1536x2048.jpg 1536w, https:\/\/www.uptextile.fr\/wp-content\/uploads\/2023\/06\/IMG_0124-1-9x12.jpg 9w, https:\/\/www.uptextile.fr\/wp-content\/uploads\/2023\/06\/IMG_0124-1-600x800.jpg 600w, https:\/\/www.uptextile.fr\/wp-content\/uploads\/2023\/06\/IMG_0124-1-scaled.jpg 1920w\" sizes=\"(max-width: 768px) 100vw, 768px\" \/>\t\t\t\t\t\t\t\t\t\t\t\t\t\t\t<\/div>\n\t\t\t\t<\/div>\n\t\t\t\t<div class=\"elementor-element elementor-element-0bef3a8 elementor-widget elementor-widget-image\" data-id=\"0bef3a8\" data-element_type=\"widget\" data-e-type=\"widget\" data-widget_type=\"image.default\">\n\t\t\t\t<div class=\"elementor-widget-container\">\n\t\t\t\t\t\t\t\t\t\t\t\t\t\t\t<img loading=\"lazy\" decoding=\"async\" width=\"800\" height=\"534\" src=\"https:\/\/www.uptextile.fr\/wp-content\/uploads\/2023\/06\/2018_COPACEL_SMURFIT-KAPPA_Afifor_Copacel_Smurfit_107_BERTRAND-HOLSNYDER-1-1024x683.jpg\" class=\"attachment-large size-large wp-image-3075\" alt=\"Papest\" srcset=\"https:\/\/www.uptextile.fr\/wp-content\/uploads\/2023\/06\/2018_COPACEL_SMURFIT-KAPPA_Afifor_Copacel_Smurfit_107_BERTRAND-HOLSNYDER-1-1024x683.jpg 1024w, https:\/\/www.uptextile.fr\/wp-content\/uploads\/2023\/06\/2018_COPACEL_SMURFIT-KAPPA_Afifor_Copacel_Smurfit_107_BERTRAND-HOLSNYDER-1-300x200.jpg 300w, https:\/\/www.uptextile.fr\/wp-content\/uploads\/2023\/06\/2018_COPACEL_SMURFIT-KAPPA_Afifor_Copacel_Smurfit_107_BERTRAND-HOLSNYDER-1-768x512.jpg 768w, https:\/\/www.uptextile.fr\/wp-content\/uploads\/2023\/06\/2018_COPACEL_SMURFIT-KAPPA_Afifor_Copacel_Smurfit_107_BERTRAND-HOLSNYDER-1-1536x1024.jpg 1536w, https:\/\/www.uptextile.fr\/wp-content\/uploads\/2023\/06\/2018_COPACEL_SMURFIT-KAPPA_Afifor_Copacel_Smurfit_107_BERTRAND-HOLSNYDER-1-2048x1365.jpg 2048w, https:\/\/www.uptextile.fr\/wp-content\/uploads\/2023\/06\/2018_COPACEL_SMURFIT-KAPPA_Afifor_Copacel_Smurfit_107_BERTRAND-HOLSNYDER-1-18x12.jpg 18w, https:\/\/www.uptextile.fr\/wp-content\/uploads\/2023\/06\/2018_COPACEL_SMURFIT-KAPPA_Afifor_Copacel_Smurfit_107_BERTRAND-HOLSNYDER-1-600x400.jpg 600w\" sizes=\"(max-width: 800px) 100vw, 800px\" \/>\t\t\t\t\t\t\t\t\t\t\t\t\t\t\t<\/div>\n\t\t\t\t<\/div>\n\t\t\t\t\t<\/div>\n\t\t<\/div>\n\t\t\t\t\t<\/div>\n\t\t<\/section>\n\t\t\t\t<section class=\"elementor-section elementor-top-section elementor-element elementor-element-a3b67c6 elementor-reverse-tablet elementor-reverse-mobile elementor-section-boxed elementor-section-height-default elementor-section-height-default\" data-id=\"a3b67c6\" data-element_type=\"section\" data-e-type=\"section\">\n\t\t\t\t\t\t<div class=\"elementor-container elementor-column-gap-default\">\n\t\t\t\t\t<div class=\"elementor-column elementor-col-50 elementor-top-column elementor-element elementor-element-11e1ab6\" data-id=\"11e1ab6\" data-element_type=\"column\" data-e-type=\"column\">\n\t\t\t<div class=\"elementor-widget-wrap elementor-element-populated\">\n\t\t\t\t\t\t<div class=\"elementor-element elementor-element-0bb8bac elementor-widget elementor-widget-image\" data-id=\"0bb8bac\" data-element_type=\"widget\" data-e-type=\"widget\" data-widget_type=\"image.default\">\n\t\t\t\t<div class=\"elementor-widget-container\">\n\t\t\t\t\t\t\t\t\t\t\t\t\t\t\t<img loading=\"lazy\" decoding=\"async\" width=\"800\" height=\"534\" src=\"https:\/\/www.uptextile.fr\/wp-content\/uploads\/2023\/06\/2018_COPACEL_CONDAT_Afifor_Copacel_Condat_52_BERTRAND-HOLSNYDER-1-1024x683.jpg\" class=\"attachment-large size-large wp-image-3080\" alt=\"papeterie\" srcset=\"https:\/\/www.uptextile.fr\/wp-content\/uploads\/2023\/06\/2018_COPACEL_CONDAT_Afifor_Copacel_Condat_52_BERTRAND-HOLSNYDER-1-1024x683.jpg 1024w, https:\/\/www.uptextile.fr\/wp-content\/uploads\/2023\/06\/2018_COPACEL_CONDAT_Afifor_Copacel_Condat_52_BERTRAND-HOLSNYDER-1-300x200.jpg 300w, https:\/\/www.uptextile.fr\/wp-content\/uploads\/2023\/06\/2018_COPACEL_CONDAT_Afifor_Copacel_Condat_52_BERTRAND-HOLSNYDER-1-768x512.jpg 768w, https:\/\/www.uptextile.fr\/wp-content\/uploads\/2023\/06\/2018_COPACEL_CONDAT_Afifor_Copacel_Condat_52_BERTRAND-HOLSNYDER-1-1536x1024.jpg 1536w, https:\/\/www.uptextile.fr\/wp-content\/uploads\/2023\/06\/2018_COPACEL_CONDAT_Afifor_Copacel_Condat_52_BERTRAND-HOLSNYDER-1-2048x1365.jpg 2048w, https:\/\/www.uptextile.fr\/wp-content\/uploads\/2023\/06\/2018_COPACEL_CONDAT_Afifor_Copacel_Condat_52_BERTRAND-HOLSNYDER-1-18x12.jpg 18w, https:\/\/www.uptextile.fr\/wp-content\/uploads\/2023\/06\/2018_COPACEL_CONDAT_Afifor_Copacel_Condat_52_BERTRAND-HOLSNYDER-1-600x400.jpg 600w\" sizes=\"(max-width: 800px) 100vw, 800px\" \/>\t\t\t\t\t\t\t\t\t\t\t\t\t\t\t<\/div>\n\t\t\t\t<\/div>\n\t\t\t\t\t<\/div>\n\t\t<\/div>\n\t\t\t\t<div class=\"elementor-column elementor-col-50 elementor-top-column elementor-element elementor-element-553a455\" data-id=\"553a455\" data-element_type=\"column\" data-e-type=\"column\">\n\t\t\t<div class=\"elementor-widget-wrap elementor-element-populated\">\n\t\t\t\t\t\t<div class=\"elementor-element elementor-element-db2c9a5 elementor-widget elementor-widget-heading\" data-id=\"db2c9a5\" data-element_type=\"widget\" data-e-type=\"widget\" data-widget_type=\"heading.default\">\n\t\t\t\t<div class=\"elementor-widget-container\">\n\t\t\t\t\t<h2 class=\"elementor-heading-title elementor-size-default\">Quel est l\u2019utilit\u00e9 des tote-bags ? <\/h2>\t\t\t\t<\/div>\n\t\t\t\t<\/div>\n\t\t\t\t<div class=\"elementor-element elementor-element-d694195 elementor-widget elementor-widget-text-editor\" data-id=\"d694195\" data-element_type=\"widget\" data-e-type=\"widget\" data-widget_type=\"text-editor.default\">\n\t\t\t\t<div class=\"elementor-widget-container\">\n\t\t\t\t\t\t\t\t\t<p>Cela nous permet d\u2019avoir un goodies assez sympa. Nous l\u2019avons travaill\u00e9 de mani\u00e8re \u00e0 pr\u00e9senter tous les produits issus du papier\/carton de mani\u00e8re plus sympathique et ludique et de pouvoir le distribuer facilement afin de gagner en visibilit\u00e9. Il s\u2019est d\u00e9marqu\u00e9 car il a un format original de par son design et sa praticit\u00e9 gr\u00e2ce \u00e0 son grammage et sa qualit\u00e9.\u00a0Nous recherchions des ambassadeurs qui utiliseraient ce sac dans leur vie quotidienne afin de nous rendre davantage visible et cela a \u00e9t\u00e9 un pari r\u00e9ussi. Nous sommes tr\u00e8s contents du service propos\u00e9 par Up\u2019Textile et quand on a un nouveau besoin, nous repassons commande via Up\u2019Textile o\u00f9 la qualit\u00e9 et le service sont au rendez-vous. Nous avons appr\u00e9ci\u00e9 la r\u00e9ception d\u2019\u00e9chantillons afin que l\u2019on puisse visualiser le tissu ainsi que d\u2019avoir un exemplaire test car nous avons pu nous rendre compte du produit avant de passer commande.<\/p>\t\t\t\t\t\t\t\t<\/div>\n\t\t\t\t<\/div>\n\t\t\t\t\t<\/div>\n\t\t<\/div>\n\t\t\t\t\t<\/div>\n\t\t<\/section>\n\t\t\t\t<section class=\"elementor-section elementor-top-section elementor-element elementor-element-a277653 elementor-section-boxed elementor-section-height-default elementor-section-height-default\" data-id=\"a277653\" data-element_type=\"section\" data-e-type=\"section\">\n\t\t\t\t\t\t<div class=\"elementor-container elementor-column-gap-default\">\n\t\t\t\t\t<div class=\"elementor-column elementor-col-100 elementor-top-column elementor-element elementor-element-4678fb8\" data-id=\"4678fb8\" data-element_type=\"column\" data-e-type=\"column\">\n\t\t\t<div class=\"elementor-widget-wrap elementor-element-populated\">\n\t\t\t\t\t\t<div class=\"elementor-element elementor-element-f3d925f elementor-widget elementor-widget-spacer\" data-id=\"f3d925f\" data-element_type=\"widget\" data-e-type=\"widget\" data-widget_type=\"spacer.default\">\n\t\t\t\t<div class=\"elementor-widget-container\">\n\t\t\t\t\t\t\t<div class=\"elementor-spacer\">\n\t\t\t<div class=\"elementor-spacer-inner\"><\/div>\n\t\t<\/div>\n\t\t\t\t\t\t<\/div>\n\t\t\t\t<\/div>\n\t\t\t\t<div class=\"elementor-element elementor-element-1a6cb0b elementor-widget elementor-widget-text-editor\" data-id=\"1a6cb0b\" data-element_type=\"widget\" data-e-type=\"widget\" data-widget_type=\"text-editor.default\">\n\t\t\t\t<div class=\"elementor-widget-container\">\n\t\t\t\t\t\t\t\t\t<p>Retrouvez Papest sur leur <a href=\"https:\/\/www.papest.fr\/\">site internet<\/a>, leur <a href=\"https:\/\/www.facebook.com\/profile.php?id=100082918373424\">page Facebook<\/a>, leur <a href=\"https:\/\/www.instagram.com\/papest_france\/\">compte Instagram<\/a> et sur le <a href=\"https:\/\/www.tiktok.com\/@lespapetiers?lang=fr\">Tiktok @lespapetiers<\/a>.<\/p><p>Merci \u00e0 H\u00e9l\u00e8ne Buhr, d\u00e9l\u00e9gu\u00e9e g\u00e9n\u00e9rale pour sa confiance et \u00e0 l\u2019\u00e9quipe de Papest pour ce partage.<\/p>\t\t\t\t\t\t\t\t<\/div>\n\t\t\t\t<\/div>\n\t\t\t\t\t<\/div>\n\t\t<\/div>\n\t\t\t\t\t<\/div>\n\t\t<\/section>\n\t\t\t\t<section class=\"elementor-section elementor-top-section elementor-element elementor-element-0ab8e36 elementor-section-boxed elementor-section-height-default elementor-section-height-default\" data-id=\"0ab8e36\" data-element_type=\"section\" data-e-type=\"section\">\n\t\t\t\t\t\t<div class=\"elementor-container elementor-column-gap-default\">\n\t\t\t\t\t<div class=\"elementor-column elementor-col-100 elementor-top-column elementor-element elementor-element-5b666b2\" data-id=\"5b666b2\" data-element_type=\"column\" data-e-type=\"column\">\n\t\t\t<div class=\"elementor-widget-wrap elementor-element-populated\">\n\t\t\t\t\t\t<div class=\"elementor-element elementor-element-9da2564 elementor-widget elementor-widget-spacer\" data-id=\"9da2564\" data-element_type=\"widget\" data-e-type=\"widget\" data-widget_type=\"spacer.default\">\n\t\t\t\t<div class=\"elementor-widget-container\">\n\t\t\t\t\t\t\t<div class=\"elementor-spacer\">\n\t\t\t<div class=\"elementor-spacer-inner\"><\/div>\n\t\t<\/div>\n\t\t\t\t\t\t<\/div>\n\t\t\t\t<\/div>\n\t\t\t\t\t<\/div>\n\t\t<\/div>\n\t\t\t\t\t<\/div>\n\t\t<\/section>\n\t\t\t\t<\/div>\n\t\t","protected":false},"excerpt":{"rendered":"<p><\/p>","protected":false},"author":1,"featured_media":3075,"comment_status":"closed","ping_status":"open","sticky":false,"template":"elementor_header_footer","format":"standard","meta":{"_monsterinsights_skip_tracking":false,"_monsterinsights_sitenote_active":false,"_monsterinsights_sitenote_note":"","_monsterinsights_sitenote_category":0,"footnotes":""},"categories":[244],"tags":[],"class_list":["post-3074","post","type-post","status-publish","format-standard","has-post-thumbnail","hentry","category-interviews"],"yoast_head":"<!-- This site is optimized with the Yoast SEO plugin v27.4 - https:\/\/yoast.com\/product\/yoast-seo-wordpress\/ -->\n<title>Interview de Papest, structure professionnelle regroupant les fabricants de Papier de l&#039;Est - UpTextile<\/title>\n<meta name=\"description\" content=\"D\u00e9couvrez notre interview avec Papest, structure professionnelle regroupant les fabricants de Papier de l&#039;Est\" \/>\n<meta name=\"robots\" content=\"index, follow, max-snippet:-1, max-image-preview:large, max-video-preview:-1\" \/>\n<link rel=\"canonical\" href=\"https:\/\/www.uptextile.fr\/en\/interview-de-papest-structure-professionnelle-regroupant-les-fabricants-de-papier-de-lest\/\" \/>\n<meta property=\"og:locale\" content=\"en_GB\" \/>\n<meta property=\"og:type\" content=\"article\" \/>\n<meta property=\"og:title\" content=\"Interview de Papest, structure professionnelle regroupant les fabricants de Papier de l&#039;Est - UpTextile\" \/>\n<meta property=\"og:description\" content=\"D\u00e9couvrez notre interview avec Papest, structure professionnelle regroupant les fabricants de Papier de l&#039;Est\" \/>\n<meta property=\"og:url\" content=\"https:\/\/www.uptextile.fr\/en\/interview-de-papest-structure-professionnelle-regroupant-les-fabricants-de-papier-de-lest\/\" \/>\n<meta property=\"og:site_name\" content=\"UpTextile\" \/>\n<meta property=\"article:published_time\" content=\"2023-06-02T12:30:37+00:00\" \/>\n<meta property=\"article:modified_time\" content=\"2024-09-30T12:18:16+00:00\" \/>\n<meta property=\"og:image\" content=\"https:\/\/www.uptextile.fr\/wp-content\/uploads\/2023\/06\/2018_COPACEL_SMURFIT-KAPPA_Afifor_Copacel_Smurfit_107_BERTRAND-HOLSNYDER-1-scaled.jpg\" \/>\n\t<meta property=\"og:image:width\" content=\"2560\" \/>\n\t<meta property=\"og:image:height\" content=\"1707\" \/>\n\t<meta property=\"og:image:type\" content=\"image\/jpeg\" \/>\n<meta name=\"author\" content=\"admin\" \/>\n<meta name=\"twitter:card\" content=\"summary_large_image\" \/>\n<meta name=\"twitter:label1\" content=\"Written by\" \/>\n\t<meta name=\"twitter:data1\" content=\"admin\" \/>\n\t<meta name=\"twitter:label2\" content=\"Estimated reading time\" \/>\n\t<meta name=\"twitter:data2\" content=\"6 minutes\" \/>\n<script type=\"application\/ld+json\" class=\"yoast-schema-graph\">{\"@context\":\"https:\\\/\\\/schema.org\",\"@graph\":[{\"@type\":\"Article\",\"@id\":\"https:\\\/\\\/www.uptextile.fr\\\/interview-de-papest-structure-professionnelle-regroupant-les-fabricants-de-papier-de-lest\\\/#article\",\"isPartOf\":{\"@id\":\"https:\\\/\\\/www.uptextile.fr\\\/interview-de-papest-structure-professionnelle-regroupant-les-fabricants-de-papier-de-lest\\\/\"},\"author\":{\"name\":\"admin\",\"@id\":\"https:\\\/\\\/www.uptextile.fr\\\/#\\\/schema\\\/person\\\/ddd7afbcab186b7fb4ccfcc324dc6ade\"},\"headline\":\"Interview de Papest, structure professionnelle regroupant les fabricants de Papier de l&rsquo;Est\",\"datePublished\":\"2023-06-02T12:30:37+00:00\",\"dateModified\":\"2024-09-30T12:18:16+00:00\",\"mainEntityOfPage\":{\"@id\":\"https:\\\/\\\/www.uptextile.fr\\\/interview-de-papest-structure-professionnelle-regroupant-les-fabricants-de-papier-de-lest\\\/\"},\"wordCount\":799,\"image\":{\"@id\":\"https:\\\/\\\/www.uptextile.fr\\\/interview-de-papest-structure-professionnelle-regroupant-les-fabricants-de-papier-de-lest\\\/#primaryimage\"},\"thumbnailUrl\":\"https:\\\/\\\/www.uptextile.fr\\\/wp-content\\\/uploads\\\/2023\\\/06\\\/2018_COPACEL_SMURFIT-KAPPA_Afifor_Copacel_Smurfit_107_BERTRAND-HOLSNYDER-1-scaled.jpg\",\"articleSection\":[\"Interviews\"],\"inLanguage\":\"en-GB\"},{\"@type\":\"WebPage\",\"@id\":\"https:\\\/\\\/www.uptextile.fr\\\/interview-de-papest-structure-professionnelle-regroupant-les-fabricants-de-papier-de-lest\\\/\",\"url\":\"https:\\\/\\\/www.uptextile.fr\\\/interview-de-papest-structure-professionnelle-regroupant-les-fabricants-de-papier-de-lest\\\/\",\"name\":\"Interview de Papest, structure professionnelle regroupant les fabricants de Papier de l'Est - UpTextile\",\"isPartOf\":{\"@id\":\"https:\\\/\\\/www.uptextile.fr\\\/#website\"},\"primaryImageOfPage\":{\"@id\":\"https:\\\/\\\/www.uptextile.fr\\\/interview-de-papest-structure-professionnelle-regroupant-les-fabricants-de-papier-de-lest\\\/#primaryimage\"},\"image\":{\"@id\":\"https:\\\/\\\/www.uptextile.fr\\\/interview-de-papest-structure-professionnelle-regroupant-les-fabricants-de-papier-de-lest\\\/#primaryimage\"},\"thumbnailUrl\":\"https:\\\/\\\/www.uptextile.fr\\\/wp-content\\\/uploads\\\/2023\\\/06\\\/2018_COPACEL_SMURFIT-KAPPA_Afifor_Copacel_Smurfit_107_BERTRAND-HOLSNYDER-1-scaled.jpg\",\"datePublished\":\"2023-06-02T12:30:37+00:00\",\"dateModified\":\"2024-09-30T12:18:16+00:00\",\"author\":{\"@id\":\"https:\\\/\\\/www.uptextile.fr\\\/#\\\/schema\\\/person\\\/ddd7afbcab186b7fb4ccfcc324dc6ade\"},\"description\":\"D\u00e9couvrez notre interview avec Papest, structure professionnelle regroupant les fabricants de Papier de l'Est\",\"breadcrumb\":{\"@id\":\"https:\\\/\\\/www.uptextile.fr\\\/interview-de-papest-structure-professionnelle-regroupant-les-fabricants-de-papier-de-lest\\\/#breadcrumb\"},\"inLanguage\":\"en-GB\",\"potentialAction\":[{\"@type\":\"ReadAction\",\"target\":[\"https:\\\/\\\/www.uptextile.fr\\\/interview-de-papest-structure-professionnelle-regroupant-les-fabricants-de-papier-de-lest\\\/\"]}]},{\"@type\":\"ImageObject\",\"inLanguage\":\"en-GB\",\"@id\":\"https:\\\/\\\/www.uptextile.fr\\\/interview-de-papest-structure-professionnelle-regroupant-les-fabricants-de-papier-de-lest\\\/#primaryimage\",\"url\":\"https:\\\/\\\/www.uptextile.fr\\\/wp-content\\\/uploads\\\/2023\\\/06\\\/2018_COPACEL_SMURFIT-KAPPA_Afifor_Copacel_Smurfit_107_BERTRAND-HOLSNYDER-1-scaled.jpg\",\"contentUrl\":\"https:\\\/\\\/www.uptextile.fr\\\/wp-content\\\/uploads\\\/2023\\\/06\\\/2018_COPACEL_SMURFIT-KAPPA_Afifor_Copacel_Smurfit_107_BERTRAND-HOLSNYDER-1-scaled.jpg\",\"width\":2560,\"height\":1707,\"caption\":\"Papest\"},{\"@type\":\"BreadcrumbList\",\"@id\":\"https:\\\/\\\/www.uptextile.fr\\\/interview-de-papest-structure-professionnelle-regroupant-les-fabricants-de-papier-de-lest\\\/#breadcrumb\",\"itemListElement\":[{\"@type\":\"ListItem\",\"position\":1,\"name\":\"Accueil\",\"item\":\"https:\\\/\\\/www.uptextile.fr\\\/\"},{\"@type\":\"ListItem\",\"position\":2,\"name\":\"Interview de Papest, structure professionnelle regroupant les fabricants de Papier de l&rsquo;Est\"}]},{\"@type\":\"WebSite\",\"@id\":\"https:\\\/\\\/www.uptextile.fr\\\/#website\",\"url\":\"https:\\\/\\\/www.uptextile.fr\\\/\",\"name\":\"UpTextile\",\"description\":\"L&#039;impression num\u00e9rique \u00e0 votre service\",\"potentialAction\":[{\"@type\":\"SearchAction\",\"target\":{\"@type\":\"EntryPoint\",\"urlTemplate\":\"https:\\\/\\\/www.uptextile.fr\\\/?s={search_term_string}\"},\"query-input\":{\"@type\":\"PropertyValueSpecification\",\"valueRequired\":true,\"valueName\":\"search_term_string\"}}],\"inLanguage\":\"en-GB\"},{\"@type\":\"Person\",\"@id\":\"https:\\\/\\\/www.uptextile.fr\\\/#\\\/schema\\\/person\\\/ddd7afbcab186b7fb4ccfcc324dc6ade\",\"name\":\"admin\",\"image\":{\"@type\":\"ImageObject\",\"inLanguage\":\"en-GB\",\"@id\":\"https:\\\/\\\/secure.gravatar.com\\\/avatar\\\/6670ee2da31d04324ab60d2c276c81c91f6f128389d0cd7f2efb1030b28554de?s=96&d=mm&r=g\",\"url\":\"https:\\\/\\\/secure.gravatar.com\\\/avatar\\\/6670ee2da31d04324ab60d2c276c81c91f6f128389d0cd7f2efb1030b28554de?s=96&d=mm&r=g\",\"contentUrl\":\"https:\\\/\\\/secure.gravatar.com\\\/avatar\\\/6670ee2da31d04324ab60d2c276c81c91f6f128389d0cd7f2efb1030b28554de?s=96&d=mm&r=g\",\"caption\":\"admin\"},\"url\":\"https:\\\/\\\/www.uptextile.fr\\\/en\\\/author\\\/admin\\\/\"}]}<\/script>\n<!-- \/ Yoast SEO plugin. -->","yoast_head_json":{"title":"Interview de Papest, structure professionnelle regroupant les fabricants de Papier de l'Est - UpTextile","description":"D\u00e9couvrez notre interview avec Papest, structure professionnelle regroupant les fabricants de Papier de l'Est","robots":{"index":"index","follow":"follow","max-snippet":"max-snippet:-1","max-image-preview":"max-image-preview:large","max-video-preview":"max-video-preview:-1"},"canonical":"https:\/\/www.uptextile.fr\/en\/interview-de-papest-structure-professionnelle-regroupant-les-fabricants-de-papier-de-lest\/","og_locale":"en_GB","og_type":"article","og_title":"Interview de Papest, structure professionnelle regroupant les fabricants de Papier de l'Est - UpTextile","og_description":"D\u00e9couvrez notre interview avec Papest, structure professionnelle regroupant les fabricants de Papier de l'Est","og_url":"https:\/\/www.uptextile.fr\/en\/interview-de-papest-structure-professionnelle-regroupant-les-fabricants-de-papier-de-lest\/","og_site_name":"UpTextile","article_published_time":"2023-06-02T12:30:37+00:00","article_modified_time":"2024-09-30T12:18:16+00:00","og_image":[{"width":2560,"height":1707,"url":"https:\/\/www.uptextile.fr\/wp-content\/uploads\/2023\/06\/2018_COPACEL_SMURFIT-KAPPA_Afifor_Copacel_Smurfit_107_BERTRAND-HOLSNYDER-1-scaled.jpg","type":"image\/jpeg"}],"author":"admin","twitter_card":"summary_large_image","twitter_misc":{"Written by":"admin","Estimated reading time":"6 minutes"},"schema":{"@context":"https:\/\/schema.org","@graph":[{"@type":"Article","@id":"https:\/\/www.uptextile.fr\/interview-de-papest-structure-professionnelle-regroupant-les-fabricants-de-papier-de-lest\/#article","isPartOf":{"@id":"https:\/\/www.uptextile.fr\/interview-de-papest-structure-professionnelle-regroupant-les-fabricants-de-papier-de-lest\/"},"author":{"name":"admin","@id":"https:\/\/www.uptextile.fr\/#\/schema\/person\/ddd7afbcab186b7fb4ccfcc324dc6ade"},"headline":"Interview de Papest, structure professionnelle regroupant les fabricants de Papier de l&rsquo;Est","datePublished":"2023-06-02T12:30:37+00:00","dateModified":"2024-09-30T12:18:16+00:00","mainEntityOfPage":{"@id":"https:\/\/www.uptextile.fr\/interview-de-papest-structure-professionnelle-regroupant-les-fabricants-de-papier-de-lest\/"},"wordCount":799,"image":{"@id":"https:\/\/www.uptextile.fr\/interview-de-papest-structure-professionnelle-regroupant-les-fabricants-de-papier-de-lest\/#primaryimage"},"thumbnailUrl":"https:\/\/www.uptextile.fr\/wp-content\/uploads\/2023\/06\/2018_COPACEL_SMURFIT-KAPPA_Afifor_Copacel_Smurfit_107_BERTRAND-HOLSNYDER-1-scaled.jpg","articleSection":["Interviews"],"inLanguage":"en-GB"},{"@type":"WebPage","@id":"https:\/\/www.uptextile.fr\/interview-de-papest-structure-professionnelle-regroupant-les-fabricants-de-papier-de-lest\/","url":"https:\/\/www.uptextile.fr\/interview-de-papest-structure-professionnelle-regroupant-les-fabricants-de-papier-de-lest\/","name":"Interview de Papest, structure professionnelle regroupant les fabricants de Papier de l'Est - UpTextile","isPartOf":{"@id":"https:\/\/www.uptextile.fr\/#website"},"primaryImageOfPage":{"@id":"https:\/\/www.uptextile.fr\/interview-de-papest-structure-professionnelle-regroupant-les-fabricants-de-papier-de-lest\/#primaryimage"},"image":{"@id":"https:\/\/www.uptextile.fr\/interview-de-papest-structure-professionnelle-regroupant-les-fabricants-de-papier-de-lest\/#primaryimage"},"thumbnailUrl":"https:\/\/www.uptextile.fr\/wp-content\/uploads\/2023\/06\/2018_COPACEL_SMURFIT-KAPPA_Afifor_Copacel_Smurfit_107_BERTRAND-HOLSNYDER-1-scaled.jpg","datePublished":"2023-06-02T12:30:37+00:00","dateModified":"2024-09-30T12:18:16+00:00","author":{"@id":"https:\/\/www.uptextile.fr\/#\/schema\/person\/ddd7afbcab186b7fb4ccfcc324dc6ade"},"description":"D\u00e9couvrez notre interview avec Papest, structure professionnelle regroupant les fabricants de Papier de l'Est","breadcrumb":{"@id":"https:\/\/www.uptextile.fr\/interview-de-papest-structure-professionnelle-regroupant-les-fabricants-de-papier-de-lest\/#breadcrumb"},"inLanguage":"en-GB","potentialAction":[{"@type":"ReadAction","target":["https:\/\/www.uptextile.fr\/interview-de-papest-structure-professionnelle-regroupant-les-fabricants-de-papier-de-lest\/"]}]},{"@type":"ImageObject","inLanguage":"en-GB","@id":"https:\/\/www.uptextile.fr\/interview-de-papest-structure-professionnelle-regroupant-les-fabricants-de-papier-de-lest\/#primaryimage","url":"https:\/\/www.uptextile.fr\/wp-content\/uploads\/2023\/06\/2018_COPACEL_SMURFIT-KAPPA_Afifor_Copacel_Smurfit_107_BERTRAND-HOLSNYDER-1-scaled.jpg","contentUrl":"https:\/\/www.uptextile.fr\/wp-content\/uploads\/2023\/06\/2018_COPACEL_SMURFIT-KAPPA_Afifor_Copacel_Smurfit_107_BERTRAND-HOLSNYDER-1-scaled.jpg","width":2560,"height":1707,"caption":"Papest"},{"@type":"BreadcrumbList","@id":"https:\/\/www.uptextile.fr\/interview-de-papest-structure-professionnelle-regroupant-les-fabricants-de-papier-de-lest\/#breadcrumb","itemListElement":[{"@type":"ListItem","position":1,"name":"Accueil","item":"https:\/\/www.uptextile.fr\/"},{"@type":"ListItem","position":2,"name":"Interview de Papest, structure professionnelle regroupant les fabricants de Papier de l&rsquo;Est"}]},{"@type":"WebSite","@id":"https:\/\/www.uptextile.fr\/#website","url":"https:\/\/www.uptextile.fr\/","name":"UpTextile","description":"L&#039;impression num\u00e9rique \u00e0 votre service","potentialAction":[{"@type":"SearchAction","target":{"@type":"EntryPoint","urlTemplate":"https:\/\/www.uptextile.fr\/?s={search_term_string}"},"query-input":{"@type":"PropertyValueSpecification","valueRequired":true,"valueName":"search_term_string"}}],"inLanguage":"en-GB"},{"@type":"Person","@id":"https:\/\/www.uptextile.fr\/#\/schema\/person\/ddd7afbcab186b7fb4ccfcc324dc6ade","name":"admin","image":{"@type":"ImageObject","inLanguage":"en-GB","@id":"https:\/\/secure.gravatar.com\/avatar\/6670ee2da31d04324ab60d2c276c81c91f6f128389d0cd7f2efb1030b28554de?s=96&d=mm&r=g","url":"https:\/\/secure.gravatar.com\/avatar\/6670ee2da31d04324ab60d2c276c81c91f6f128389d0cd7f2efb1030b28554de?s=96&d=mm&r=g","contentUrl":"https:\/\/secure.gravatar.com\/avatar\/6670ee2da31d04324ab60d2c276c81c91f6f128389d0cd7f2efb1030b28554de?s=96&d=mm&r=g","caption":"admin"},"url":"https:\/\/www.uptextile.fr\/en\/author\/admin\/"}]}},"_links":{"self":[{"href":"https:\/\/www.uptextile.fr\/en\/wp-json\/wp\/v2\/posts\/3074","targetHints":{"allow":["GET"]}}],"collection":[{"href":"https:\/\/www.uptextile.fr\/en\/wp-json\/wp\/v2\/posts"}],"about":[{"href":"https:\/\/www.uptextile.fr\/en\/wp-json\/wp\/v2\/types\/post"}],"author":[{"embeddable":true,"href":"https:\/\/www.uptextile.fr\/en\/wp-json\/wp\/v2\/users\/1"}],"replies":[{"embeddable":true,"href":"https:\/\/www.uptextile.fr\/en\/wp-json\/wp\/v2\/comments?post=3074"}],"version-history":[{"count":8,"href":"https:\/\/www.uptextile.fr\/en\/wp-json\/wp\/v2\/posts\/3074\/revisions"}],"predecessor-version":[{"id":3643,"href":"https:\/\/www.uptextile.fr\/en\/wp-json\/wp\/v2\/posts\/3074\/revisions\/3643"}],"wp:featuredmedia":[{"embeddable":true,"href":"https:\/\/www.uptextile.fr\/en\/wp-json\/wp\/v2\/media\/3075"}],"wp:attachment":[{"href":"https:\/\/www.uptextile.fr\/en\/wp-json\/wp\/v2\/media?parent=3074"}],"wp:term":[{"taxonomy":"category","embeddable":true,"href":"https:\/\/www.uptextile.fr\/en\/wp-json\/wp\/v2\/categories?post=3074"},{"taxonomy":"post_tag","embeddable":true,"href":"https:\/\/www.uptextile.fr\/en\/wp-json\/wp\/v2\/tags?post=3074"}],"curies":[{"name":"wp","href":"https:\/\/api.w.org\/{rel}","templated":true}]}}