{"id":3197,"date":"2023-10-02T13:53:27","date_gmt":"2023-10-02T11:53:27","guid":{"rendered":"https:\/\/www.uptextile.fr\/?p=3197"},"modified":"2024-09-30T14:11:00","modified_gmt":"2024-09-30T12:11:00","slug":"interview-de-marie-eve-nolet-une-marque-de-vetements-uniques-et-ethiques-produite-en-france","status":"publish","type":"post","link":"https:\/\/www.uptextile.fr\/en\/interview-de-marie-eve-nolet-une-marque-de-vetements-uniques-et-ethiques-produite-en-france\/","title":{"rendered":"Interview de Marie-Eve Nolet, une marque de v\u00eatements uniques et \u00e9thiques produite en France"},"content":{"rendered":"<div data-elementor-type=\"wp-post\" data-elementor-id=\"3197\" class=\"elementor elementor-3197\" data-elementor-post-type=\"post\">\n\t\t\t\t\t\t<section class=\"elementor-section elementor-top-section elementor-element elementor-element-6204785 elementor-section-boxed elementor-section-height-default elementor-section-height-default\" data-id=\"6204785\" data-element_type=\"section\" data-e-type=\"section\">\n\t\t\t\t\t\t<div class=\"elementor-container elementor-column-gap-default\">\n\t\t\t\t\t<div class=\"elementor-column elementor-col-100 elementor-top-column elementor-element elementor-element-335ce89\" data-id=\"335ce89\" data-element_type=\"column\" data-e-type=\"column\">\n\t\t\t<div class=\"elementor-widget-wrap elementor-element-populated\">\n\t\t\t\t\t\t<div class=\"elementor-element elementor-element-8731012 elementor-widget elementor-widget-spacer\" data-id=\"8731012\" data-element_type=\"widget\" data-e-type=\"widget\" data-widget_type=\"spacer.default\">\n\t\t\t\t<div class=\"elementor-widget-container\">\n\t\t\t\t\t\t\t<div class=\"elementor-spacer\">\n\t\t\t<div class=\"elementor-spacer-inner\"><\/div>\n\t\t<\/div>\n\t\t\t\t\t\t<\/div>\n\t\t\t\t<\/div>\n\t\t\t\t<div class=\"elementor-element elementor-element-a539f5e elementor-widget elementor-widget-heading\" data-id=\"a539f5e\" data-element_type=\"widget\" data-e-type=\"widget\" data-widget_type=\"heading.default\">\n\t\t\t\t<div class=\"elementor-widget-container\">\n\t\t\t\t\t<h1 class=\"elementor-heading-title elementor-size-default\"><span style=\"color:white\"> interview <br> de <\/span> Marie-Eve Nolet<\/h1>\t\t\t\t<\/div>\n\t\t\t\t<\/div>\n\t\t\t\t<div class=\"elementor-element elementor-element-690fcb6 elementor-widget elementor-widget-spacer\" data-id=\"690fcb6\" data-element_type=\"widget\" data-e-type=\"widget\" data-widget_type=\"spacer.default\">\n\t\t\t\t<div class=\"elementor-widget-container\">\n\t\t\t\t\t\t\t<div class=\"elementor-spacer\">\n\t\t\t<div class=\"elementor-spacer-inner\"><\/div>\n\t\t<\/div>\n\t\t\t\t\t\t<\/div>\n\t\t\t\t<\/div>\n\t\t\t\t\t<\/div>\n\t\t<\/div>\n\t\t\t\t\t<\/div>\n\t\t<\/section>\n\t\t\t\t<section class=\"elementor-section elementor-top-section elementor-element elementor-element-4055702 elementor-reverse-tablet elementor-reverse-mobile elementor-section-boxed elementor-section-height-default elementor-section-height-default\" data-id=\"4055702\" data-element_type=\"section\" data-e-type=\"section\">\n\t\t\t\t\t\t<div class=\"elementor-container elementor-column-gap-default\">\n\t\t\t\t\t<div class=\"elementor-column elementor-col-50 elementor-top-column elementor-element elementor-element-3d25821\" data-id=\"3d25821\" data-element_type=\"column\" data-e-type=\"column\">\n\t\t\t<div class=\"elementor-widget-wrap elementor-element-populated\">\n\t\t\t\t\t\t<div class=\"elementor-element elementor-element-8f7d5d2 elementor-widget elementor-widget-image\" data-id=\"8f7d5d2\" data-element_type=\"widget\" data-e-type=\"widget\" data-widget_type=\"image.default\">\n\t\t\t\t<div class=\"elementor-widget-container\">\n\t\t\t\t\t\t\t\t\t\t\t\t\t\t\t<img fetchpriority=\"high\" decoding=\"async\" width=\"800\" height=\"800\" src=\"https:\/\/www.uptextile.fr\/wp-content\/uploads\/2023\/10\/354419147_233012976162159_2442028822040586313_n-1-1024x1024.jpg\" class=\"attachment-large size-large wp-image-3198\" alt=\"Cr\u00e9ation Marie-Eve Nollet\" srcset=\"https:\/\/www.uptextile.fr\/wp-content\/uploads\/2023\/10\/354419147_233012976162159_2442028822040586313_n-1-1024x1024.jpg 1024w, https:\/\/www.uptextile.fr\/wp-content\/uploads\/2023\/10\/354419147_233012976162159_2442028822040586313_n-1-300x300.jpg 300w, https:\/\/www.uptextile.fr\/wp-content\/uploads\/2023\/10\/354419147_233012976162159_2442028822040586313_n-1-150x150.jpg 150w, https:\/\/www.uptextile.fr\/wp-content\/uploads\/2023\/10\/354419147_233012976162159_2442028822040586313_n-1-768x768.jpg 768w, https:\/\/www.uptextile.fr\/wp-content\/uploads\/2023\/10\/354419147_233012976162159_2442028822040586313_n-1-12x12.jpg 12w, https:\/\/www.uptextile.fr\/wp-content\/uploads\/2023\/10\/354419147_233012976162159_2442028822040586313_n-1-600x600.jpg 600w, https:\/\/www.uptextile.fr\/wp-content\/uploads\/2023\/10\/354419147_233012976162159_2442028822040586313_n-1-100x100.jpg 100w, https:\/\/www.uptextile.fr\/wp-content\/uploads\/2023\/10\/354419147_233012976162159_2442028822040586313_n-1.jpg 1080w\" sizes=\"(max-width: 800px) 100vw, 800px\" \/>\t\t\t\t\t\t\t\t\t\t\t\t\t\t\t<\/div>\n\t\t\t\t<\/div>\n\t\t\t\t\t<\/div>\n\t\t<\/div>\n\t\t\t\t<div class=\"elementor-column elementor-col-50 elementor-top-column elementor-element elementor-element-8404247\" data-id=\"8404247\" data-element_type=\"column\" data-e-type=\"column\">\n\t\t\t<div class=\"elementor-widget-wrap elementor-element-populated\">\n\t\t\t\t\t\t<div class=\"elementor-element elementor-element-1b58620 elementor-widget elementor-widget-heading\" data-id=\"1b58620\" data-element_type=\"widget\" data-e-type=\"widget\" data-widget_type=\"heading.default\">\n\t\t\t\t<div class=\"elementor-widget-container\">\n\t\t\t\t\t<h2 class=\"elementor-heading-title elementor-size-default\">Marie-Eve Nolet, une marque de v\u00eatements uniques et \u00e9thiques produite en France\n<\/h2>\t\t\t\t<\/div>\n\t\t\t\t<\/div>\n\t\t\t\t<div class=\"elementor-element elementor-element-ee56382 elementor-widget elementor-widget-text-editor\" data-id=\"ee56382\" data-element_type=\"widget\" data-e-type=\"widget\" data-widget_type=\"text-editor.default\">\n\t\t\t\t<div class=\"elementor-widget-container\">\n\t\t\t\t\t\t\t\t\t<p class=\"p1\">Marie-\u00c8ve Nolet, une fanco-canadienne, styliste-mod\u00e9liste, a entrepris un d\u00e9fi audacieux\u00a0: cr\u00e9er une <strong>marque de v\u00eatements 100% fran\u00e7aise pour habiller nos enfants<\/strong>, mettant en avant des <strong>mat\u00e9riaux locaux de qualit\u00e9<\/strong>. Elle a concr\u00e9tis\u00e9 cette ambition via une une campagne de financement participative. Elle promeut la <strong>mode<\/strong>, le <strong>savoir-faire fran\u00e7ais<\/strong> et l\u2019<strong>authenticit\u00e9 des mat\u00e9riaux fran\u00e7ais<\/strong>. Elle a lanc\u00e9 sa premi\u00e8re <strong>collection de c\u00e9r\u00e9monie<\/strong> aux <strong>motifs aquarelle uniques<\/strong>, destin\u00e9e aux m\u00e8res et aux enfants, tiss\u00e9e, <strong>imprim\u00e9e et confectionn\u00e9e en France<\/strong>.<span class=\"Apple-converted-space\">\u00a0<\/span><\/p><p class=\"p1\">Nous avons eu l\u2019honneur d\u2019interviewer <strong>Marie-Eve Nolet<\/strong>, la fondatrice de la marque\u00a0:<span class=\"Apple-converted-space\">\u00a0<\/span><\/p>\t\t\t\t\t\t\t\t<\/div>\n\t\t\t\t<\/div>\n\t\t\t\t\t<\/div>\n\t\t<\/div>\n\t\t\t\t\t<\/div>\n\t\t<\/section>\n\t\t\t\t<section class=\"elementor-section elementor-top-section elementor-element elementor-element-8b01205 elementor-section-boxed elementor-section-height-default elementor-section-height-default\" data-id=\"8b01205\" data-element_type=\"section\" data-e-type=\"section\">\n\t\t\t\t\t\t<div class=\"elementor-container elementor-column-gap-default\">\n\t\t\t\t\t<div class=\"elementor-column elementor-col-100 elementor-top-column elementor-element elementor-element-0dc5bc1\" data-id=\"0dc5bc1\" data-element_type=\"column\" data-e-type=\"column\">\n\t\t\t<div class=\"elementor-widget-wrap elementor-element-populated\">\n\t\t\t\t\t\t<div class=\"elementor-element elementor-element-dcb85e9 elementor-widget elementor-widget-spacer\" data-id=\"dcb85e9\" data-element_type=\"widget\" data-e-type=\"widget\" data-widget_type=\"spacer.default\">\n\t\t\t\t<div class=\"elementor-widget-container\">\n\t\t\t\t\t\t\t<div class=\"elementor-spacer\">\n\t\t\t<div class=\"elementor-spacer-inner\"><\/div>\n\t\t<\/div>\n\t\t\t\t\t\t<\/div>\n\t\t\t\t<\/div>\n\t\t\t\t<div class=\"elementor-element elementor-element-614a19b elementor-widget elementor-widget-heading\" data-id=\"614a19b\" data-element_type=\"widget\" data-e-type=\"widget\" data-widget_type=\"heading.default\">\n\t\t\t\t<div class=\"elementor-widget-container\">\n\t\t\t\t\t<h2 class=\"elementor-heading-title elementor-size-default\">\u00ab Pouvez-vous nous raconter votre parcours et l\u2019histoire de votre marque ?<\/h2>\t\t\t\t<\/div>\n\t\t\t\t<\/div>\n\t\t\t\t<div class=\"elementor-element elementor-element-cec7866 elementor-widget elementor-widget-text-editor\" data-id=\"cec7866\" data-element_type=\"widget\" data-e-type=\"widget\" data-widget_type=\"text-editor.default\">\n\t\t\t\t<div class=\"elementor-widget-container\">\n\t\t\t\t\t\t\t\t\t<p class=\"p1\"><span class=\"s1\"><b>Mon parcours <\/b><\/span>semblait trac\u00e9 \u00e0 l\u2019avance. Toute petite, je dessinais de <strong>jolies robes<\/strong>. Je regardais ma m\u00e8re nous confectionner des habits de danse et des d\u00e9guisements sur sa machine \u00e0 coudre. J\u2019\u00e9tais fascin\u00e9e par sa facilit\u00e9 \u00e0 transformer ces \u00e9toffes color\u00e9es en v\u00eatements. C\u2019est elle qui m\u2019a transmis son envie de cr\u00e9er. Ma passion pour le dessin m\u2019a guid\u00e9e vers une \u00e9cole de mode. Pendant 4 ans, j\u2019ai appris le <strong>patronage<\/strong>, la <strong>confection<\/strong> et la <strong>gestion de toutes les \u00e9tapes de la production d&rsquo;un v\u00eatement<\/strong>. J\u2019ai occup\u00e9 le poste d\u2019assistante-styliste au sein de trois entreprises Montr\u00e9alaises. Mon exp\u00e9rience en industrie m\u2019a ouvert les yeux sur plusieurs pratiques d\u00e9pourvues de sens, d&rsquo;\u00e9thique et de transparence. De cette exp\u00e9rience est n\u00e9e cette envie d&rsquo;incarner le changement et de <strong>contribuer \u00e0 une mode plus durable<\/strong>.<\/p><p class=\"p1\"><span class=\"s1\"><b>L\u2019histoire de la marque<\/b><\/span> est intimement li\u00e9e aux femmes de ma famille. Ma m\u00e8re nous fabriquait des habits, sa tante \u00e9tait couturi\u00e8re de m\u00e9tier, mon arri\u00e8re-grand-m\u00e8re confectionnait des couvertures en patchwork et ma grand-m\u00e8re paternelle travaillait dans une usine de fabrication de gants. Je suis persuad\u00e9e que cet historique familial est li\u00e9 \u00e0 mon parcours professionnel. Ces femmes m\u2019ont transmis <strong>leur passion<\/strong>, \u00e0 travers les g\u00e9n\u00e9rations.<\/p><p class=\"p1\">La marque repose sur ce lien m\u00e8re-fille. Je suis maman de 2 jeunes filles et pour moi, ce lien est tellement pr\u00e9cieux. Un lien d&rsquo;amour inconditionnel, de partage, de sacrifice. C\u2019est ce lien qui a conditionn\u00e9 ma vie personnelle et professionnelle. On aime nos enfants de tout c\u0153ur et on veut ce qu&rsquo;il y a de meilleur pour eux. C\u2019est pourquoi je me mets \u00e0 r\u00eaver d\u2019une <strong>collection unique et \u00e9thique pour mes enfants<\/strong>. Des v\u00eatements qui respecteraient mes valeurs profondes et seraient fabriqu\u00e9s localement, <strong>du fil au v\u00eatement<\/strong>.<span class=\"Apple-converted-space\">\u00a0<\/span><\/p><p class=\"p1\">Ce r\u00eave me pousse \u00e0 en apprendre davantage sur la filature, le tissage, l\u2019impression. Je prends alors contact avec des dizaines de fournisseurs fran\u00e7ais. Lorsqu\u2019il est question de tra\u00e7abilit\u00e9\u0301, on ne me donne pas toujours de r\u00e9ponses claires. C&rsquo;est \u00e0 ce moment que je d\u00e9couvre que les r\u00e8gles du \u00ab made in France \u00bb sont souvent floues. Je visite alors le salon du made in France \u00e0 Paris et j\u2019y d\u00e9couvre une multitude de fournisseurs fran\u00e7ais. J\u2019y rencontre des gens de c\u0153ur, des gens passionn\u00e9s. \u00c0 ce moment, il est clair pour moi que <strong>produire en France<\/strong> est la seule option possible.<\/p>\t\t\t\t\t\t\t\t<\/div>\n\t\t\t\t<\/div>\n\t\t\t\t\t<\/div>\n\t\t<\/div>\n\t\t\t\t\t<\/div>\n\t\t<\/section>\n\t\t\t\t<section class=\"elementor-section elementor-top-section elementor-element elementor-element-fbf057b elementor-section-boxed elementor-section-height-default elementor-section-height-default\" data-id=\"fbf057b\" data-element_type=\"section\" data-e-type=\"section\">\n\t\t\t\t\t\t<div class=\"elementor-container elementor-column-gap-default\">\n\t\t\t\t\t<div class=\"elementor-column elementor-col-100 elementor-top-column elementor-element elementor-element-0707442\" data-id=\"0707442\" data-element_type=\"column\" data-e-type=\"column\">\n\t\t\t<div class=\"elementor-widget-wrap elementor-element-populated\">\n\t\t\t\t\t\t<div class=\"elementor-element elementor-element-1cdaa7c elementor-widget elementor-widget-spacer\" data-id=\"1cdaa7c\" data-element_type=\"widget\" data-e-type=\"widget\" data-widget_type=\"spacer.default\">\n\t\t\t\t<div class=\"elementor-widget-container\">\n\t\t\t\t\t\t\t<div class=\"elementor-spacer\">\n\t\t\t<div class=\"elementor-spacer-inner\"><\/div>\n\t\t<\/div>\n\t\t\t\t\t\t<\/div>\n\t\t\t\t<\/div>\n\t\t\t\t<div class=\"elementor-element elementor-element-9a684f0 elementor-widget elementor-widget-heading\" data-id=\"9a684f0\" data-element_type=\"widget\" data-e-type=\"widget\" data-widget_type=\"heading.default\">\n\t\t\t\t<div class=\"elementor-widget-container\">\n\t\t\t\t\t<h2 class=\"elementor-heading-title elementor-size-default\">Quels produits proposez-vous ?<\/h2>\t\t\t\t<\/div>\n\t\t\t\t<\/div>\n\t\t\t\t<div class=\"elementor-element elementor-element-a3ede64 elementor-widget elementor-widget-text-editor\" data-id=\"a3ede64\" data-element_type=\"widget\" data-e-type=\"widget\" data-widget_type=\"text-editor.default\">\n\t\t\t\t<div class=\"elementor-widget-container\">\n\t\t\t\t\t\t\t\t\t<p class=\"p1\">Je propose une <strong>gamme de v\u00eatements uniques et \u00e9thiques, tiss\u00e9e, imprim\u00e9e et fabriqu\u00e9e en France<\/strong>. Une collection aux motifs aquarelle exclusifs, disponible en <strong>petites s\u00e9ries<\/strong> ou sur commande, destin\u00e9e aux <strong>femmes et aux enfants<\/strong> de 0 \u00e0 12 ans.<span class=\"Apple-converted-space\">\u00a0<\/span><\/p><p class=\"p1\">Pour les filles, de jolies <strong>robes<\/strong>, des <strong>jupes<\/strong> qui tournent et des <strong>accessoires assortis<\/strong> (boucles de cheveux et chouchous). Pour les gar\u00e7ons, des <strong>vestes sans manches<\/strong> et des <strong>n\u0153uds papillons festifs<\/strong>.<span class=\"Apple-converted-space\">\u00a0<\/span><\/p><p class=\"p1\">The <strong>collection c\u00e9r\u00e9monie aquarelle est donc 100% fran\u00e7aise<\/strong>, respectueuse et transparente, et ce, \u00e0 toutes les \u00e9tapes de fabrication. C\u2019est une collection aux allures romantique, les mod\u00e8les sont enti\u00e8rement doubl\u00e9s, et pourvus de poches lat\u00e9rales pour y cacher des tr\u00e9sors!<\/p><p class=\"p1\">L\u2019id\u00e9e \u00e9tait d\u2019imaginer la robe parfaite pour mes filles, pour vos filles. Une robe pour tourner et pour danser. Une robe pour les moments d\u2019exception. Un cadeau qui vient du c\u0153ur, qui pourra \u00eatre port\u00e9 et report\u00e9. Cette robe habillera vos filles pour les <strong>petites et grandes occasions<\/strong>. Elle est id\u00e9ale pour une c\u00e9r\u00e9monie, une f\u00eate d\u2019anniversaire, une soir\u00e9e d\u2019\u00e9t\u00e9 ou une sortie au mus\u00e9e.<span class=\"Apple-converted-space\">\u00a0<\/span><\/p>\t\t\t\t\t\t\t\t<\/div>\n\t\t\t\t<\/div>\n\t\t\t\t\t<\/div>\n\t\t<\/div>\n\t\t\t\t\t<\/div>\n\t\t<\/section>\n\t\t\t\t<section class=\"elementor-section elementor-top-section elementor-element elementor-element-58ce245 elementor-section-boxed elementor-section-height-default elementor-section-height-default\" data-id=\"58ce245\" data-element_type=\"section\" data-e-type=\"section\">\n\t\t\t\t\t\t<div class=\"elementor-container elementor-column-gap-default\">\n\t\t\t\t\t<div class=\"elementor-column elementor-col-33 elementor-top-column elementor-element elementor-element-0e83c0a\" data-id=\"0e83c0a\" data-element_type=\"column\" data-e-type=\"column\">\n\t\t\t<div class=\"elementor-widget-wrap elementor-element-populated\">\n\t\t\t\t\t\t<div class=\"elementor-element elementor-element-450c862 elementor-hidden-mobile e-transform e-transform elementor-widget elementor-widget-image\" data-id=\"450c862\" data-element_type=\"widget\" data-e-type=\"widget\" data-settings=\"{&quot;_transform_translateX_effect&quot;:{&quot;unit&quot;:&quot;%&quot;,&quot;size&quot;:70,&quot;sizes&quot;:[]},&quot;_transform_translateX_effect_tablet&quot;:{&quot;unit&quot;:&quot;%&quot;,&quot;size&quot;:&quot;&quot;,&quot;sizes&quot;:[]},&quot;_transform_translateX_effect_mobile&quot;:{&quot;unit&quot;:&quot;%&quot;,&quot;size&quot;:&quot;&quot;,&quot;sizes&quot;:[]},&quot;_transform_rotateZ_effect&quot;:{&quot;unit&quot;:&quot;px&quot;,&quot;size&quot;:&quot;&quot;,&quot;sizes&quot;:[]},&quot;_transform_rotateZ_effect_tablet&quot;:{&quot;unit&quot;:&quot;deg&quot;,&quot;size&quot;:&quot;&quot;,&quot;sizes&quot;:[]},&quot;_transform_rotateZ_effect_mobile&quot;:{&quot;unit&quot;:&quot;deg&quot;,&quot;size&quot;:&quot;&quot;,&quot;sizes&quot;:[]},&quot;_transform_translateY_effect&quot;:{&quot;unit&quot;:&quot;px&quot;,&quot;size&quot;:&quot;&quot;,&quot;sizes&quot;:[]},&quot;_transform_translateY_effect_tablet&quot;:{&quot;unit&quot;:&quot;px&quot;,&quot;size&quot;:&quot;&quot;,&quot;sizes&quot;:[]},&quot;_transform_translateY_effect_mobile&quot;:{&quot;unit&quot;:&quot;px&quot;,&quot;size&quot;:&quot;&quot;,&quot;sizes&quot;:[]}}\" data-widget_type=\"image.default\">\n\t\t\t\t<div class=\"elementor-widget-container\">\n\t\t\t\t\t\t\t\t\t\t\t\t\t\t\t<img decoding=\"async\" width=\"127\" height=\"262\" src=\"https:\/\/www.uptextile.fr\/wp-content\/uploads\/2022\/02\/Fichier-3UP.png\" class=\"attachment-large size-large wp-image-1163\" alt=\"UP\" srcset=\"https:\/\/www.uptextile.fr\/wp-content\/uploads\/2022\/02\/Fichier-3UP.png 127w, https:\/\/www.uptextile.fr\/wp-content\/uploads\/2022\/02\/Fichier-3UP-6x12.png 6w\" sizes=\"(max-width: 127px) 100vw, 127px\" \/>\t\t\t\t\t\t\t\t\t\t\t\t\t\t\t<\/div>\n\t\t\t\t<\/div>\n\t\t\t\t\t<\/div>\n\t\t<\/div>\n\t\t\t\t<div class=\"elementor-column elementor-col-33 elementor-top-column elementor-element elementor-element-0c6cfa8\" data-id=\"0c6cfa8\" data-element_type=\"column\" data-e-type=\"column\">\n\t\t\t<div class=\"elementor-widget-wrap elementor-element-populated\">\n\t\t\t\t\t\t<div class=\"elementor-element elementor-element-b5c551f elementor-widget elementor-widget-image\" data-id=\"b5c551f\" data-element_type=\"widget\" data-e-type=\"widget\" data-widget_type=\"image.default\">\n\t\t\t\t<div class=\"elementor-widget-container\">\n\t\t\t\t\t\t\t\t\t\t\t\t\t\t\t<img decoding=\"async\" src=\"https:\/\/www.uptextile.fr\/wp-content\/uploads\/2023\/10\/354069351_232402652889858_8951731817171447183_n-1.jpg\" title=\"354069351_232402652889858_8951731817171447183_n-1\" alt=\"Collection Marie-Eve Nolet\" loading=\"lazy\" \/>\t\t\t\t\t\t\t\t\t\t\t\t\t\t\t<\/div>\n\t\t\t\t<\/div>\n\t\t\t\t\t<\/div>\n\t\t<\/div>\n\t\t\t\t<div class=\"elementor-column elementor-col-33 elementor-top-column elementor-element elementor-element-9f702e4\" data-id=\"9f702e4\" data-element_type=\"column\" data-e-type=\"column\">\n\t\t\t<div class=\"elementor-widget-wrap elementor-element-populated\">\n\t\t\t\t\t\t<div class=\"elementor-element elementor-element-adf3985 elementor-widget elementor-widget-image\" data-id=\"adf3985\" data-element_type=\"widget\" data-e-type=\"widget\" data-widget_type=\"image.default\">\n\t\t\t\t<div class=\"elementor-widget-container\">\n\t\t\t\t\t\t\t\t\t\t\t\t\t\t\t<img decoding=\"async\" width=\"720\" height=\"720\" src=\"https:\/\/www.uptextile.fr\/wp-content\/uploads\/2023\/10\/353427187_229115929885197_1364578600631530181_n-1.jpg\" class=\"attachment-large size-large wp-image-3202\" alt=\"V\u00eatement de c\u00e9r\u00e9monie Marie-Eve Nolet\" srcset=\"https:\/\/www.uptextile.fr\/wp-content\/uploads\/2023\/10\/353427187_229115929885197_1364578600631530181_n-1.jpg 720w, https:\/\/www.uptextile.fr\/wp-content\/uploads\/2023\/10\/353427187_229115929885197_1364578600631530181_n-1-300x300.jpg 300w, https:\/\/www.uptextile.fr\/wp-content\/uploads\/2023\/10\/353427187_229115929885197_1364578600631530181_n-1-150x150.jpg 150w, https:\/\/www.uptextile.fr\/wp-content\/uploads\/2023\/10\/353427187_229115929885197_1364578600631530181_n-1-12x12.jpg 12w, https:\/\/www.uptextile.fr\/wp-content\/uploads\/2023\/10\/353427187_229115929885197_1364578600631530181_n-1-600x600.jpg 600w, https:\/\/www.uptextile.fr\/wp-content\/uploads\/2023\/10\/353427187_229115929885197_1364578600631530181_n-1-100x100.jpg 100w\" sizes=\"(max-width: 720px) 100vw, 720px\" \/>\t\t\t\t\t\t\t\t\t\t\t\t\t\t\t<\/div>\n\t\t\t\t<\/div>\n\t\t\t\t<div class=\"elementor-element elementor-element-6f778cf elementor-align-center elementor-mobile-align-left elementor-widget elementor-widget-button\" data-id=\"6f778cf\" data-element_type=\"widget\" data-e-type=\"widget\" data-widget_type=\"button.default\">\n\t\t\t\t<div class=\"elementor-widget-container\">\n\t\t\t\t\t\t\t\t\t<div class=\"elementor-button-wrapper\">\n\t\t\t\t\t<a class=\"elementor-button elementor-button-link elementor-size-sm elementor-animation-grow\" href=\"http:\/\/www.marieevenolet.fr\">\n\t\t\t\t\t\t<span class=\"elementor-button-content-wrapper\">\n\t\t\t\t\t\t\t\t\t<span class=\"elementor-button-text\">d\u00e9couvrir<\/span>\n\t\t\t\t\t<\/span>\n\t\t\t\t\t<\/a>\n\t\t\t\t<\/div>\n\t\t\t\t\t\t\t\t<\/div>\n\t\t\t\t<\/div>\n\t\t\t\t\t<\/div>\n\t\t<\/div>\n\t\t\t\t\t<\/div>\n\t\t<\/section>\n\t\t\t\t<section class=\"elementor-section elementor-top-section elementor-element elementor-element-7b03e43 elementor-section-boxed elementor-section-height-default elementor-section-height-default\" data-id=\"7b03e43\" data-element_type=\"section\" data-e-type=\"section\">\n\t\t\t\t\t\t<div class=\"elementor-container elementor-column-gap-default\">\n\t\t\t\t\t<div class=\"elementor-column elementor-col-100 elementor-top-column elementor-element elementor-element-23414b9\" data-id=\"23414b9\" data-element_type=\"column\" data-e-type=\"column\">\n\t\t\t<div class=\"elementor-widget-wrap elementor-element-populated\">\n\t\t\t\t\t\t<div class=\"elementor-element elementor-element-371fd41 elementor-widget elementor-widget-spacer\" data-id=\"371fd41\" data-element_type=\"widget\" data-e-type=\"widget\" data-widget_type=\"spacer.default\">\n\t\t\t\t<div class=\"elementor-widget-container\">\n\t\t\t\t\t\t\t<div class=\"elementor-spacer\">\n\t\t\t<div class=\"elementor-spacer-inner\"><\/div>\n\t\t<\/div>\n\t\t\t\t\t\t<\/div>\n\t\t\t\t<\/div>\n\t\t\t\t\t<\/div>\n\t\t<\/div>\n\t\t\t\t\t<\/div>\n\t\t<\/section>\n\t\t\t\t<section class=\"elementor-section elementor-top-section elementor-element elementor-element-33c5eed elementor-section-boxed elementor-section-height-default elementor-section-height-default\" data-id=\"33c5eed\" data-element_type=\"section\" data-e-type=\"section\">\n\t\t\t\t\t\t<div class=\"elementor-container elementor-column-gap-default\">\n\t\t\t\t\t<div class=\"elementor-column elementor-col-50 elementor-top-column elementor-element elementor-element-0aa7852\" data-id=\"0aa7852\" data-element_type=\"column\" data-e-type=\"column\">\n\t\t\t<div class=\"elementor-widget-wrap elementor-element-populated\">\n\t\t\t\t\t\t<div class=\"elementor-element elementor-element-55bc3ad elementor-widget elementor-widget-heading\" data-id=\"55bc3ad\" data-element_type=\"widget\" data-e-type=\"widget\" data-widget_type=\"heading.default\">\n\t\t\t\t<div class=\"elementor-widget-container\">\n\t\t\t\t\t<h2 class=\"elementor-heading-title elementor-size-default\">O\u00f9 vendez-vous vos produits ?<\/h2>\t\t\t\t<\/div>\n\t\t\t\t<\/div>\n\t\t\t\t<div class=\"elementor-element elementor-element-81973a0 elementor-widget elementor-widget-text-editor\" data-id=\"81973a0\" data-element_type=\"widget\" data-e-type=\"widget\" data-widget_type=\"text-editor.default\">\n\t\t\t\t<div class=\"elementor-widget-container\">\n\t\t\t\t\t\t\t\t\t<p class=\"p1\">La collection sera disponible en ligne tr\u00e8s prochainement, par le biais de mon site marieevenolet.fr.<\/p><p class=\"p1\">Le lookbook et la vid\u00e9o de lancement de cette premi\u00e8re collection se retrouvent sur Ulule. La campagne de pr\u00e9-commande a \u00e9t\u00e9 financ\u00e9e avec succ\u00e8s et la fabrication des premi\u00e8res pi\u00e8ces est en cours.<\/p><p class=\"p1\">Lorsque vous commandez une <strong>pi\u00e8ce de la collection, elle est confectionn\u00e9e rien que pour vous, \u00e0 votre taille, selon votre choix de coloris<\/strong>.<span class=\"Apple-converted-space\">\u00a0<\/span><\/p>\t\t\t\t\t\t\t\t<\/div>\n\t\t\t\t<\/div>\n\t\t\t\t\t<\/div>\n\t\t<\/div>\n\t\t\t\t<div class=\"elementor-column elementor-col-50 elementor-top-column elementor-element elementor-element-0efb57a\" data-id=\"0efb57a\" data-element_type=\"column\" data-e-type=\"column\">\n\t\t\t<div class=\"elementor-widget-wrap elementor-element-populated\">\n\t\t\t\t\t\t<div class=\"elementor-element elementor-element-0ed9d41 elementor-widget elementor-widget-image\" data-id=\"0ed9d41\" data-element_type=\"widget\" data-e-type=\"widget\" data-widget_type=\"image.default\">\n\t\t\t\t<div class=\"elementor-widget-container\">\n\t\t\t\t\t\t\t\t\t\t\t\t\t\t\t<img loading=\"lazy\" decoding=\"async\" width=\"800\" height=\"461\" src=\"https:\/\/www.uptextile.fr\/wp-content\/uploads\/2023\/10\/70838f_d944638267364bc680d5cbb58e7015d9mv2-1-1024x590.webp\" class=\"attachment-large size-large wp-image-3200\" alt=\"Marie-Eve Nolet\" srcset=\"https:\/\/www.uptextile.fr\/wp-content\/uploads\/2023\/10\/70838f_d944638267364bc680d5cbb58e7015d9mv2-1-1024x590.webp 1024w, https:\/\/www.uptextile.fr\/wp-content\/uploads\/2023\/10\/70838f_d944638267364bc680d5cbb58e7015d9mv2-1-300x173.webp 300w, https:\/\/www.uptextile.fr\/wp-content\/uploads\/2023\/10\/70838f_d944638267364bc680d5cbb58e7015d9mv2-1-768x442.webp 768w, https:\/\/www.uptextile.fr\/wp-content\/uploads\/2023\/10\/70838f_d944638267364bc680d5cbb58e7015d9mv2-1-1536x885.webp 1536w, https:\/\/www.uptextile.fr\/wp-content\/uploads\/2023\/10\/70838f_d944638267364bc680d5cbb58e7015d9mv2-1-2048x1180.webp 2048w, https:\/\/www.uptextile.fr\/wp-content\/uploads\/2023\/10\/70838f_d944638267364bc680d5cbb58e7015d9mv2-1-18x10.webp 18w, https:\/\/www.uptextile.fr\/wp-content\/uploads\/2023\/10\/70838f_d944638267364bc680d5cbb58e7015d9mv2-1-600x346.webp 600w\" sizes=\"(max-width: 800px) 100vw, 800px\" \/>\t\t\t\t\t\t\t\t\t\t\t\t\t\t\t<\/div>\n\t\t\t\t<\/div>\n\t\t\t\t\t<\/div>\n\t\t<\/div>\n\t\t\t\t\t<\/div>\n\t\t<\/section>\n\t\t\t\t<section class=\"elementor-section elementor-top-section elementor-element elementor-element-9e9553d elementor-section-boxed elementor-section-height-default elementor-section-height-default\" data-id=\"9e9553d\" data-element_type=\"section\" data-e-type=\"section\">\n\t\t\t\t\t\t<div class=\"elementor-container elementor-column-gap-default\">\n\t\t\t\t\t<div class=\"elementor-column elementor-col-100 elementor-top-column elementor-element elementor-element-5b767aa\" data-id=\"5b767aa\" data-element_type=\"column\" data-e-type=\"column\">\n\t\t\t<div class=\"elementor-widget-wrap elementor-element-populated\">\n\t\t\t\t\t\t<div class=\"elementor-element elementor-element-9f38df4 elementor-widget elementor-widget-heading\" data-id=\"9f38df4\" data-element_type=\"widget\" data-e-type=\"widget\" data-widget_type=\"heading.default\">\n\t\t\t\t<div class=\"elementor-widget-container\">\n\t\t\t\t\t<h2 class=\"elementor-heading-title elementor-size-default\">Pouvez-vous nous en dire plus sur les valeurs de votre marque ?<\/h2>\t\t\t\t<\/div>\n\t\t\t\t<\/div>\n\t\t\t\t<div class=\"elementor-element elementor-element-e47787c elementor-widget elementor-widget-text-editor\" data-id=\"e47787c\" data-element_type=\"widget\" data-e-type=\"widget\" data-widget_type=\"text-editor.default\">\n\t\t\t\t<div class=\"elementor-widget-container\">\n\t\t\t\t\t\t\t\t\t<p class=\"p1\">Respect, \u00e9thique, <strong>transparence<\/strong>, <strong>qualit\u00e9<\/strong> et <strong>responsabilit\u00e9<\/strong> sont les valeurs qui d\u00e9finissent mes cr\u00e9ations.<\/p><p class=\"p2\">Pour moi, une vraie marque \u00e9thique a deux vocations : la <strong>protection de l\u2019humain<\/strong> et la <strong>protection de l\u2019environnement<\/strong>. Elle le fait \u00e0 travers l\u2019<strong>\u00e9co-conception<\/strong> et le <strong>respect<\/strong>. Elle travaille en <strong>circuit-court<\/strong>, avec des <strong>fournisseurs locaux<\/strong>. Je souhaite donc d\u00e9montrer qu\u2019il est possible de fabriquer localement, dans le respect humain. Tous mes fournisseurs sont fran\u00e7ais : Tissu, fils, rubans, boutons&#8230; Mon r\u00eave, c&rsquo;est de ramener l&rsquo;humain au centre du v\u00eatement, de faire connaitre les <strong>savoir-faire locaux<\/strong>, de mettre en lumi\u00e8re les gens qui travaillent derri\u00e8re le v\u00eatement. Je souhaite que les gens puissent contribuer \u00e0 la pr\u00e9servation des savoir-faire fran\u00e7ais: La filature, l\u2019imprimeur, le fabricant de fils, de boutons, de tulle, de ruban, et d\u2019\u00e9tiquettes. Nous devons imp\u00e9rativement prot\u00e9ger ces m\u00e9tiers et ces savoir-faire, en encourageant ces entreprises fran\u00e7aises, en commandant leurs produits. Sans cela, ces artisans et ces entreprises seront amen\u00e9es \u00e0 fermer leurs portes.<\/p>\t\t\t\t\t\t\t\t<\/div>\n\t\t\t\t<\/div>\n\t\t\t\t\t<\/div>\n\t\t<\/div>\n\t\t\t\t\t<\/div>\n\t\t<\/section>\n\t\t\t\t<section class=\"elementor-section elementor-top-section elementor-element elementor-element-a3b67c6 elementor-reverse-tablet elementor-reverse-mobile elementor-section-boxed elementor-section-height-default elementor-section-height-default\" data-id=\"a3b67c6\" data-element_type=\"section\" data-e-type=\"section\">\n\t\t\t\t\t\t<div class=\"elementor-container elementor-column-gap-default\">\n\t\t\t\t\t<div class=\"elementor-column elementor-col-50 elementor-top-column elementor-element elementor-element-11e1ab6\" data-id=\"11e1ab6\" data-element_type=\"column\" data-e-type=\"column\">\n\t\t\t<div class=\"elementor-widget-wrap elementor-element-populated\">\n\t\t\t\t\t\t<div class=\"elementor-element elementor-element-4b01352 elementor-widget elementor-widget-spacer\" data-id=\"4b01352\" data-element_type=\"widget\" data-e-type=\"widget\" data-widget_type=\"spacer.default\">\n\t\t\t\t<div class=\"elementor-widget-container\">\n\t\t\t\t\t\t\t<div class=\"elementor-spacer\">\n\t\t\t<div class=\"elementor-spacer-inner\"><\/div>\n\t\t<\/div>\n\t\t\t\t\t\t<\/div>\n\t\t\t\t<\/div>\n\t\t\t\t<div class=\"elementor-element elementor-element-0bb8bac elementor-widget elementor-widget-image\" data-id=\"0bb8bac\" data-element_type=\"widget\" data-e-type=\"widget\" data-widget_type=\"image.default\">\n\t\t\t\t<div class=\"elementor-widget-container\">\n\t\t\t\t\t\t\t\t\t\t\t\t\t\t\t<img loading=\"lazy\" decoding=\"async\" width=\"679\" height=\"679\" src=\"https:\/\/www.uptextile.fr\/wp-content\/uploads\/2023\/10\/352549150_229098769886913_1111246469246986143_n-1.jpg\" class=\"attachment-large size-large wp-image-3203\" alt=\"Marque Marie-Eve Nolet\" srcset=\"https:\/\/www.uptextile.fr\/wp-content\/uploads\/2023\/10\/352549150_229098769886913_1111246469246986143_n-1.jpg 679w, https:\/\/www.uptextile.fr\/wp-content\/uploads\/2023\/10\/352549150_229098769886913_1111246469246986143_n-1-300x300.jpg 300w, https:\/\/www.uptextile.fr\/wp-content\/uploads\/2023\/10\/352549150_229098769886913_1111246469246986143_n-1-150x150.jpg 150w, https:\/\/www.uptextile.fr\/wp-content\/uploads\/2023\/10\/352549150_229098769886913_1111246469246986143_n-1-12x12.jpg 12w, https:\/\/www.uptextile.fr\/wp-content\/uploads\/2023\/10\/352549150_229098769886913_1111246469246986143_n-1-600x600.jpg 600w, https:\/\/www.uptextile.fr\/wp-content\/uploads\/2023\/10\/352549150_229098769886913_1111246469246986143_n-1-100x100.jpg 100w\" sizes=\"(max-width: 679px) 100vw, 679px\" \/>\t\t\t\t\t\t\t\t\t\t\t\t\t\t\t<\/div>\n\t\t\t\t<\/div>\n\t\t\t\t\t<\/div>\n\t\t<\/div>\n\t\t\t\t<div class=\"elementor-column elementor-col-50 elementor-top-column elementor-element elementor-element-553a455\" data-id=\"553a455\" data-element_type=\"column\" data-e-type=\"column\">\n\t\t\t<div class=\"elementor-widget-wrap elementor-element-populated\">\n\t\t\t\t\t\t<div class=\"elementor-element elementor-element-db2c9a5 elementor-widget elementor-widget-heading\" data-id=\"db2c9a5\" data-element_type=\"widget\" data-e-type=\"widget\" data-widget_type=\"heading.default\">\n\t\t\t\t<div class=\"elementor-widget-container\">\n\t\t\t\t\t<h2 class=\"elementor-heading-title elementor-size-default\">Comment voyez-vous l\u2019avenir de votre marque ?<\/h2>\t\t\t\t<\/div>\n\t\t\t\t<\/div>\n\t\t\t\t<div class=\"elementor-element elementor-element-d694195 elementor-widget elementor-widget-text-editor\" data-id=\"d694195\" data-element_type=\"widget\" data-e-type=\"widget\" data-widget_type=\"text-editor.default\">\n\t\t\t\t<div class=\"elementor-widget-container\">\n\t\t\t\t\t\t\t\t\t<p class=\"p1\">Je souhaiterais me faire connaitre aupr\u00e8s de ma cliente de r\u00eave. J\u2019aimerais la connaitre, la comprendre et cr\u00e9er des v\u00eatements pour elle et pour ses enfants. <strong>Enchanter son quotidien et la rendre unique<\/strong> !<\/p><p class=\"p1\">J\u2019aimerais proposer de <strong>nouveaux mod\u00e8les inspirants<\/strong> et continuer de peindre de <strong>jolies aquarelles<\/strong>. Mes cahiers d\u00e9bordent de croquis et de motifs qui n\u2019attendent qu\u2019une chose&#8230; de voir le jour !<\/p><p class=\"p1\">J\u2019aimerais aussi me rapprocher de boutiques de cr\u00e9ateurs, mais pour le moment, je me concentre sur la finalisation de mon site.<\/p><p class=\"p2\">Lorsque le flux de commandes me le permettra, je souhaiterais engager une couturi\u00e8re \u00e0 la confection des v\u00eatements, pour me concentrer pleinement \u00e0 la cr\u00e9ation artistique et au d\u00e9veloppement de la gamme de produits.<\/p><p class=\"p2\">Mais ce qui me tiens vraiment \u00e0 c\u0153ur, c\u2019est de partager mes valeurs, de faire passer mon message en ce qui a trait \u00e0 l\u2019urgence de consommer localement et d\u2019investir plus s\u00e9rieusement dans les entreprises fran\u00e7aises. Il est imp\u00e9ratif de miser sur la qualit\u00e9 et la proximit\u00e9, et ne pas sombrer dans une culture de consommation o\u00f9 le prix est roi et o\u00f9 les d\u00e9sastres humains et environnementaux sont cach\u00e9s. Pour moi, le greenwashing a tout faux et nous avons tous le devoir de nous informer, pour ne pas tomber dans le panneau de la commercialisation des grandes entreprises, qui se disent vertueuses et produisent dans des conditions inacceptables.<span class=\"Apple-converted-space\">\u00a0<\/span><\/p>\t\t\t\t\t\t\t\t<\/div>\n\t\t\t\t<\/div>\n\t\t\t\t\t<\/div>\n\t\t<\/div>\n\t\t\t\t\t<\/div>\n\t\t<\/section>\n\t\t\t\t<section class=\"elementor-section elementor-top-section elementor-element elementor-element-a277653 elementor-section-boxed elementor-section-height-default elementor-section-height-default\" data-id=\"a277653\" data-element_type=\"section\" data-e-type=\"section\">\n\t\t\t\t\t\t<div class=\"elementor-container elementor-column-gap-default\">\n\t\t\t\t\t<div class=\"elementor-column elementor-col-100 elementor-top-column elementor-element elementor-element-4678fb8\" data-id=\"4678fb8\" data-element_type=\"column\" data-e-type=\"column\">\n\t\t\t<div class=\"elementor-widget-wrap elementor-element-populated\">\n\t\t\t\t\t\t<div class=\"elementor-element elementor-element-184467a elementor-widget elementor-widget-heading\" data-id=\"184467a\" data-element_type=\"widget\" data-e-type=\"widget\" data-widget_type=\"heading.default\">\n\t\t\t\t<div class=\"elementor-widget-container\">\n\t\t\t\t\t<h2 class=\"elementor-heading-title elementor-size-default\">D\u2019o\u00f9 vous vient votre inspiration\u00a0? <\/h2>\t\t\t\t<\/div>\n\t\t\t\t<\/div>\n\t\t\t\t<div class=\"elementor-element elementor-element-02e90e5 elementor-widget elementor-widget-text-editor\" data-id=\"02e90e5\" data-element_type=\"widget\" data-e-type=\"widget\" data-widget_type=\"text-editor.default\">\n\t\t\t\t<div class=\"elementor-widget-container\">\n\t\t\t\t\t\t\t\t\t<p class=\"p1\">Mon inspiration me vient de la <strong>nature<\/strong>, des <strong>fleurs<\/strong>, des <strong>saisons<\/strong> mais \u00e9galement beaucoup des enfants. Je les \u00e9coute beaucoup et il me donne de l\u2019inspiration.<span class=\"Apple-converted-space\">\u00a0<\/span><\/p>\t\t\t\t\t\t\t\t<\/div>\n\t\t\t\t<\/div>\n\t\t\t\t<div class=\"elementor-element elementor-element-1b40a75 elementor-widget elementor-widget-heading\" data-id=\"1b40a75\" data-element_type=\"widget\" data-e-type=\"widget\" data-widget_type=\"heading.default\">\n\t\t\t\t<div class=\"elementor-widget-container\">\n\t\t\t\t\t<h2 class=\"elementor-heading-title elementor-size-default\">Comment avez-vous connu Up\u2019Textile ? <\/h2>\t\t\t\t<\/div>\n\t\t\t\t<\/div>\n\t\t\t\t<div class=\"elementor-element elementor-element-c32484e elementor-widget elementor-widget-text-editor\" data-id=\"c32484e\" data-element_type=\"widget\" data-e-type=\"widget\" data-widget_type=\"text-editor.default\">\n\t\t\t\t<div class=\"elementor-widget-container\">\n\t\t\t\t\t\t\t\t\t<p class=\"p1\">Il \u00e9tait primordial pour moi que le tissu soit en <strong>fibre naturelle<\/strong>, 100% coton, et certifi\u00e9 biologique, Gots, Oeko-tex, et surtout qu&rsquo;il soit tiss\u00e9 et imprim\u00e9e en France. A mes yeux, cet aspect \u00e9tait non-n\u00e9gociable.<\/p><p class=\"p1\">J\u2019ai donc dress\u00e9 la liste de toutes les <strong>entreprises d\u2019impression situ\u00e9es en France<\/strong>. J\u2019ai ensuite pris contact par t\u00e9l\u00e9phone avec celles-ci, en esp\u00e9rant trouver la perle rare. Un de mes fournisseurs m\u2019a parl\u00e9 de Up\u2019Textile. J\u2019ai rapidement pris contact avec Mme. Crocioni. Elle a \u00e9t\u00e9 d\u2019une grande g\u00e9n\u00e9rosit\u00e9 avec moi et a pris le temps de r\u00e9pondre \u00e0 toutes mes questions, de m\u2019expliquer en d\u00e9tails les <strong>processus de pr\u00e9paration et d\u2019impression<\/strong>. Je me suis vraiment sentie \u00e9cout\u00e9e et j\u2019ai tout de suite su que je venais de trouver mon imprimeur. \u00c9tant situ\u00e9 \u00e0 40 kilom\u00e8tres seulement du lieu de tissage, acheminer le tissu chez Up\u2019Textile pour l\u2019impression \u00e9tait facile et permettait de minimiser les transports entre les diff\u00e9rents intervenants.<\/p>\t\t\t\t\t\t\t\t<\/div>\n\t\t\t\t<\/div>\n\t\t\t\t<div class=\"elementor-element elementor-element-b90739a elementor-widget elementor-widget-heading\" data-id=\"b90739a\" data-element_type=\"widget\" data-e-type=\"widget\" data-widget_type=\"heading.default\">\n\t\t\t\t<div class=\"elementor-widget-container\">\n\t\t\t\t\t<h2 class=\"elementor-heading-title elementor-size-default\">Pourquoi choisir vos produits ?<\/h2>\t\t\t\t<\/div>\n\t\t\t\t<\/div>\n\t\t\t\t<div class=\"elementor-element elementor-element-d53dd3b elementor-widget elementor-widget-text-editor\" data-id=\"d53dd3b\" data-element_type=\"widget\" data-e-type=\"widget\" data-widget_type=\"text-editor.default\">\n\t\t\t\t<div class=\"elementor-widget-container\">\n\t\t\t\t\t\t\t\t\t<ul class=\"ul1\"><li class=\"li1\">Des <strong>imprim\u00e9s aquarelle uniques et exclusifs que vous ne retrouverez nulle part ailleurs<\/strong>. De l\u2019art \u00e0 porter!<\/li><li class=\"li1\">Une <strong>fabrication raisonn\u00e9e<\/strong>, <strong>locale<\/strong> et en <strong>petites s\u00e9ries<\/strong>.<\/li><li class=\"li1\">Une <strong>mati\u00e8re naturelle<\/strong> et <strong>douce<\/strong>, 100% coton biologique Gots, tiss\u00e9e et imprim\u00e9e en France.<\/li><li class=\"li1\">Des <strong>mod\u00e8les confortables<\/strong>, doubl\u00e9s et pourvus de poches lat\u00e9rales!<\/li><li class=\"li1\">Des <strong>styles assortis<\/strong> m\u00e8re-enfant, en une grande d\u00e9clinaison de tailles.<\/li><li class=\"li1\">Une <strong>tra\u00e7abilit\u00e9 des fournisseurs<\/strong> 100% fran\u00e7ais, certifi\u00e9s et labelis\u00e9s (France Terre Textile FTT, Vosges Terre Textile VTT, Entreprise du Patrimoine Vivant EPV, Origine France Garantie OFG, Oeko-Tex, Global Recycled Standard GRS).\u201d<\/li><\/ul>\t\t\t\t\t\t\t\t<\/div>\n\t\t\t\t<\/div>\n\t\t\t\t<div class=\"elementor-element elementor-element-f3d925f elementor-widget elementor-widget-spacer\" data-id=\"f3d925f\" data-element_type=\"widget\" data-e-type=\"widget\" data-widget_type=\"spacer.default\">\n\t\t\t\t<div class=\"elementor-widget-container\">\n\t\t\t\t\t\t\t<div class=\"elementor-spacer\">\n\t\t\t<div class=\"elementor-spacer-inner\"><\/div>\n\t\t<\/div>\n\t\t\t\t\t\t<\/div>\n\t\t\t\t<\/div>\n\t\t\t\t<div class=\"elementor-element elementor-element-af24339 elementor-widget elementor-widget-spacer\" data-id=\"af24339\" data-element_type=\"widget\" data-e-type=\"widget\" data-widget_type=\"spacer.default\">\n\t\t\t\t<div class=\"elementor-widget-container\">\n\t\t\t\t\t\t\t<div class=\"elementor-spacer\">\n\t\t\t<div class=\"elementor-spacer-inner\"><\/div>\n\t\t<\/div>\n\t\t\t\t\t\t<\/div>\n\t\t\t\t<\/div>\n\t\t\t\t<div class=\"elementor-element elementor-element-1a6cb0b elementor-widget elementor-widget-text-editor\" data-id=\"1a6cb0b\" data-element_type=\"widget\" data-e-type=\"widget\" data-widget_type=\"text-editor.default\">\n\t\t\t\t<div class=\"elementor-widget-container\">\n\t\t\t\t\t\t\t\t\t<p class=\"p1\">Retrouvez Marie-Eve Nolet sur\u00a0:<span class=\"Apple-converted-space\">\u00a0<\/span><\/p><p class=\"p1\">Instagram : <a href=\"https:\/\/www.instagram.com\/marie.eve.nolet\/\">@marie.eve.nolet<\/a><\/p><p class=\"p2\">Facebook : <a href=\"https:\/\/www.facebook.com\/marieevenoletfr\">@marieevenoletfr<\/a><\/p><p class=\"p3\"><span class=\"s1\">Site web : <span class=\"Apple-converted-space\">\u00a0 <\/span><a href=\"http:\/\/www.marieevenolet.fr\"><span class=\"s2\">www.marieevenolet.fr<\/span><\/a><\/span><\/p><p class=\"p4\"><span class=\"s1\">Ulule : <a href=\"https:\/\/fr.ulule.com\/collectionmarieevenolet\/\"><span class=\"s2\">https:\/\/fr.ulule.com\/collectionmarieevenolet\/<\/span><\/a><\/span><\/p><p class=\"p6\">Merci \u00e0 elle pour ce partage et pour sa confiance.<span class=\"Apple-converted-space\">\u00a0<\/span><\/p>\t\t\t\t\t\t\t\t<\/div>\n\t\t\t\t<\/div>\n\t\t\t\t\t<\/div>\n\t\t<\/div>\n\t\t\t\t\t<\/div>\n\t\t<\/section>\n\t\t\t\t<section class=\"elementor-section elementor-top-section elementor-element elementor-element-0ab8e36 elementor-section-boxed elementor-section-height-default elementor-section-height-default\" data-id=\"0ab8e36\" data-element_type=\"section\" data-e-type=\"section\">\n\t\t\t\t\t\t<div class=\"elementor-container elementor-column-gap-default\">\n\t\t\t\t\t<div class=\"elementor-column elementor-col-100 elementor-top-column elementor-element elementor-element-5b666b2\" data-id=\"5b666b2\" data-element_type=\"column\" data-e-type=\"column\">\n\t\t\t<div class=\"elementor-widget-wrap elementor-element-populated\">\n\t\t\t\t\t\t<div class=\"elementor-element elementor-element-9da2564 elementor-widget elementor-widget-spacer\" data-id=\"9da2564\" data-element_type=\"widget\" data-e-type=\"widget\" data-widget_type=\"spacer.default\">\n\t\t\t\t<div class=\"elementor-widget-container\">\n\t\t\t\t\t\t\t<div class=\"elementor-spacer\">\n\t\t\t<div class=\"elementor-spacer-inner\"><\/div>\n\t\t<\/div>\n\t\t\t\t\t\t<\/div>\n\t\t\t\t<\/div>\n\t\t\t\t\t<\/div>\n\t\t<\/div>\n\t\t\t\t\t<\/div>\n\t\t<\/section>\n\t\t\t\t<\/div>","protected":false},"excerpt":{"rendered":"<p><\/p>","protected":false},"author":1,"featured_media":3198,"comment_status":"closed","ping_status":"open","sticky":false,"template":"elementor_header_footer","format":"standard","meta":{"_monsterinsights_skip_tracking":false,"_monsterinsights_sitenote_active":false,"_monsterinsights_sitenote_note":"","_monsterinsights_sitenote_category":0,"footnotes":""},"categories":[244],"tags":[],"class_list":["post-3197","post","type-post","status-publish","format-standard","has-post-thumbnail","hentry","category-interviews"],"yoast_head":"<!-- This site is optimized with the Yoast SEO plugin v27.4 - https:\/\/yoast.com\/product\/yoast-seo-wordpress\/ -->\n<title>Interview de Marie-Eve Nolet, une marque de v\u00eatements uniques et \u00e9thiques produite en France - UpTextile<\/title>\n<meta name=\"description\" content=\"D\u00e9couvrez notre interview de la marque Marie-Eve Nolet, marque de v\u00eatements uniques et \u00e9thiques produite en France.\" \/>\n<meta name=\"robots\" content=\"index, follow, max-snippet:-1, max-image-preview:large, max-video-preview:-1\" \/>\n<link rel=\"canonical\" href=\"https:\/\/www.uptextile.fr\/en\/interview-de-marie-eve-nolet-une-marque-de-vetements-uniques-et-ethiques-produite-en-france\/\" \/>\n<meta property=\"og:locale\" content=\"en_GB\" \/>\n<meta property=\"og:type\" content=\"article\" \/>\n<meta property=\"og:title\" content=\"Interview de Marie-Eve Nolet, une marque de v\u00eatements uniques et \u00e9thiques produite en France - UpTextile\" \/>\n<meta property=\"og:description\" content=\"D\u00e9couvrez notre interview de la marque Marie-Eve Nolet, marque de v\u00eatements uniques et \u00e9thiques produite en France.\" \/>\n<meta property=\"og:url\" content=\"https:\/\/www.uptextile.fr\/en\/interview-de-marie-eve-nolet-une-marque-de-vetements-uniques-et-ethiques-produite-en-france\/\" \/>\n<meta property=\"og:site_name\" content=\"UpTextile\" \/>\n<meta property=\"article:published_time\" content=\"2023-10-02T11:53:27+00:00\" \/>\n<meta property=\"article:modified_time\" content=\"2024-09-30T12:11:00+00:00\" \/>\n<meta property=\"og:image\" content=\"https:\/\/www.uptextile.fr\/wp-content\/uploads\/2023\/10\/354419147_233012976162159_2442028822040586313_n-1.jpg\" \/>\n\t<meta property=\"og:image:width\" content=\"1080\" \/>\n\t<meta property=\"og:image:height\" content=\"1080\" \/>\n\t<meta property=\"og:image:type\" content=\"image\/jpeg\" \/>\n<meta name=\"author\" content=\"admin\" \/>\n<meta name=\"twitter:card\" content=\"summary_large_image\" \/>\n<meta name=\"twitter:label1\" content=\"Written by\" \/>\n\t<meta name=\"twitter:data1\" content=\"admin\" \/>\n\t<meta name=\"twitter:label2\" content=\"Estimated reading time\" \/>\n\t<meta name=\"twitter:data2\" content=\"9 minutes\" \/>\n<script type=\"application\/ld+json\" class=\"yoast-schema-graph\">{\"@context\":\"https:\\\/\\\/schema.org\",\"@graph\":[{\"@type\":\"Article\",\"@id\":\"https:\\\/\\\/www.uptextile.fr\\\/interview-de-marie-eve-nolet-une-marque-de-vetements-uniques-et-ethiques-produite-en-france\\\/#article\",\"isPartOf\":{\"@id\":\"https:\\\/\\\/www.uptextile.fr\\\/interview-de-marie-eve-nolet-une-marque-de-vetements-uniques-et-ethiques-produite-en-france\\\/\"},\"author\":{\"name\":\"admin\",\"@id\":\"https:\\\/\\\/www.uptextile.fr\\\/#\\\/schema\\\/person\\\/ddd7afbcab186b7fb4ccfcc324dc6ade\"},\"headline\":\"Interview de Marie-Eve Nolet, une marque de v\u00eatements uniques et \u00e9thiques produite en France\",\"datePublished\":\"2023-10-02T11:53:27+00:00\",\"dateModified\":\"2024-09-30T12:11:00+00:00\",\"mainEntityOfPage\":{\"@id\":\"https:\\\/\\\/www.uptextile.fr\\\/interview-de-marie-eve-nolet-une-marque-de-vetements-uniques-et-ethiques-produite-en-france\\\/\"},\"wordCount\":1675,\"image\":{\"@id\":\"https:\\\/\\\/www.uptextile.fr\\\/interview-de-marie-eve-nolet-une-marque-de-vetements-uniques-et-ethiques-produite-en-france\\\/#primaryimage\"},\"thumbnailUrl\":\"https:\\\/\\\/www.uptextile.fr\\\/wp-content\\\/uploads\\\/2023\\\/10\\\/354419147_233012976162159_2442028822040586313_n-1.jpg\",\"articleSection\":[\"Interviews\"],\"inLanguage\":\"en-GB\"},{\"@type\":\"WebPage\",\"@id\":\"https:\\\/\\\/www.uptextile.fr\\\/interview-de-marie-eve-nolet-une-marque-de-vetements-uniques-et-ethiques-produite-en-france\\\/\",\"url\":\"https:\\\/\\\/www.uptextile.fr\\\/interview-de-marie-eve-nolet-une-marque-de-vetements-uniques-et-ethiques-produite-en-france\\\/\",\"name\":\"Interview de Marie-Eve Nolet, une marque de v\u00eatements uniques et \u00e9thiques produite en France - UpTextile\",\"isPartOf\":{\"@id\":\"https:\\\/\\\/www.uptextile.fr\\\/#website\"},\"primaryImageOfPage\":{\"@id\":\"https:\\\/\\\/www.uptextile.fr\\\/interview-de-marie-eve-nolet-une-marque-de-vetements-uniques-et-ethiques-produite-en-france\\\/#primaryimage\"},\"image\":{\"@id\":\"https:\\\/\\\/www.uptextile.fr\\\/interview-de-marie-eve-nolet-une-marque-de-vetements-uniques-et-ethiques-produite-en-france\\\/#primaryimage\"},\"thumbnailUrl\":\"https:\\\/\\\/www.uptextile.fr\\\/wp-content\\\/uploads\\\/2023\\\/10\\\/354419147_233012976162159_2442028822040586313_n-1.jpg\",\"datePublished\":\"2023-10-02T11:53:27+00:00\",\"dateModified\":\"2024-09-30T12:11:00+00:00\",\"author\":{\"@id\":\"https:\\\/\\\/www.uptextile.fr\\\/#\\\/schema\\\/person\\\/ddd7afbcab186b7fb4ccfcc324dc6ade\"},\"description\":\"D\u00e9couvrez notre interview de la marque Marie-Eve Nolet, marque de v\u00eatements uniques et \u00e9thiques produite en France.\",\"breadcrumb\":{\"@id\":\"https:\\\/\\\/www.uptextile.fr\\\/interview-de-marie-eve-nolet-une-marque-de-vetements-uniques-et-ethiques-produite-en-france\\\/#breadcrumb\"},\"inLanguage\":\"en-GB\",\"potentialAction\":[{\"@type\":\"ReadAction\",\"target\":[\"https:\\\/\\\/www.uptextile.fr\\\/interview-de-marie-eve-nolet-une-marque-de-vetements-uniques-et-ethiques-produite-en-france\\\/\"]}]},{\"@type\":\"ImageObject\",\"inLanguage\":\"en-GB\",\"@id\":\"https:\\\/\\\/www.uptextile.fr\\\/interview-de-marie-eve-nolet-une-marque-de-vetements-uniques-et-ethiques-produite-en-france\\\/#primaryimage\",\"url\":\"https:\\\/\\\/www.uptextile.fr\\\/wp-content\\\/uploads\\\/2023\\\/10\\\/354419147_233012976162159_2442028822040586313_n-1.jpg\",\"contentUrl\":\"https:\\\/\\\/www.uptextile.fr\\\/wp-content\\\/uploads\\\/2023\\\/10\\\/354419147_233012976162159_2442028822040586313_n-1.jpg\",\"width\":1080,\"height\":1080,\"caption\":\"Cr\u00e9ation Marie-Eve Nollet\"},{\"@type\":\"BreadcrumbList\",\"@id\":\"https:\\\/\\\/www.uptextile.fr\\\/interview-de-marie-eve-nolet-une-marque-de-vetements-uniques-et-ethiques-produite-en-france\\\/#breadcrumb\",\"itemListElement\":[{\"@type\":\"ListItem\",\"position\":1,\"name\":\"Accueil\",\"item\":\"https:\\\/\\\/www.uptextile.fr\\\/\"},{\"@type\":\"ListItem\",\"position\":2,\"name\":\"Interview de Marie-Eve Nolet, une marque de v\u00eatements uniques et \u00e9thiques produite en France\"}]},{\"@type\":\"WebSite\",\"@id\":\"https:\\\/\\\/www.uptextile.fr\\\/#website\",\"url\":\"https:\\\/\\\/www.uptextile.fr\\\/\",\"name\":\"UpTextile\",\"description\":\"L&#039;impression num\u00e9rique \u00e0 votre service\",\"potentialAction\":[{\"@type\":\"SearchAction\",\"target\":{\"@type\":\"EntryPoint\",\"urlTemplate\":\"https:\\\/\\\/www.uptextile.fr\\\/?s={search_term_string}\"},\"query-input\":{\"@type\":\"PropertyValueSpecification\",\"valueRequired\":true,\"valueName\":\"search_term_string\"}}],\"inLanguage\":\"en-GB\"},{\"@type\":\"Person\",\"@id\":\"https:\\\/\\\/www.uptextile.fr\\\/#\\\/schema\\\/person\\\/ddd7afbcab186b7fb4ccfcc324dc6ade\",\"name\":\"admin\",\"image\":{\"@type\":\"ImageObject\",\"inLanguage\":\"en-GB\",\"@id\":\"https:\\\/\\\/secure.gravatar.com\\\/avatar\\\/6670ee2da31d04324ab60d2c276c81c91f6f128389d0cd7f2efb1030b28554de?s=96&d=mm&r=g\",\"url\":\"https:\\\/\\\/secure.gravatar.com\\\/avatar\\\/6670ee2da31d04324ab60d2c276c81c91f6f128389d0cd7f2efb1030b28554de?s=96&d=mm&r=g\",\"contentUrl\":\"https:\\\/\\\/secure.gravatar.com\\\/avatar\\\/6670ee2da31d04324ab60d2c276c81c91f6f128389d0cd7f2efb1030b28554de?s=96&d=mm&r=g\",\"caption\":\"admin\"},\"url\":\"https:\\\/\\\/www.uptextile.fr\\\/en\\\/author\\\/admin\\\/\"}]}<\/script>\n<!-- \/ Yoast SEO plugin. -->","yoast_head_json":{"title":"Interview de Marie-Eve Nolet, une marque de v\u00eatements uniques et \u00e9thiques produite en France - UpTextile","description":"D\u00e9couvrez notre interview de la marque Marie-Eve Nolet, marque de v\u00eatements uniques et \u00e9thiques produite en France.","robots":{"index":"index","follow":"follow","max-snippet":"max-snippet:-1","max-image-preview":"max-image-preview:large","max-video-preview":"max-video-preview:-1"},"canonical":"https:\/\/www.uptextile.fr\/en\/interview-de-marie-eve-nolet-une-marque-de-vetements-uniques-et-ethiques-produite-en-france\/","og_locale":"en_GB","og_type":"article","og_title":"Interview de Marie-Eve Nolet, une marque de v\u00eatements uniques et \u00e9thiques produite en France - UpTextile","og_description":"D\u00e9couvrez notre interview de la marque Marie-Eve Nolet, marque de v\u00eatements uniques et \u00e9thiques produite en France.","og_url":"https:\/\/www.uptextile.fr\/en\/interview-de-marie-eve-nolet-une-marque-de-vetements-uniques-et-ethiques-produite-en-france\/","og_site_name":"UpTextile","article_published_time":"2023-10-02T11:53:27+00:00","article_modified_time":"2024-09-30T12:11:00+00:00","og_image":[{"width":1080,"height":1080,"url":"https:\/\/www.uptextile.fr\/wp-content\/uploads\/2023\/10\/354419147_233012976162159_2442028822040586313_n-1.jpg","type":"image\/jpeg"}],"author":"admin","twitter_card":"summary_large_image","twitter_misc":{"Written by":"admin","Estimated reading time":"9 minutes"},"schema":{"@context":"https:\/\/schema.org","@graph":[{"@type":"Article","@id":"https:\/\/www.uptextile.fr\/interview-de-marie-eve-nolet-une-marque-de-vetements-uniques-et-ethiques-produite-en-france\/#article","isPartOf":{"@id":"https:\/\/www.uptextile.fr\/interview-de-marie-eve-nolet-une-marque-de-vetements-uniques-et-ethiques-produite-en-france\/"},"author":{"name":"admin","@id":"https:\/\/www.uptextile.fr\/#\/schema\/person\/ddd7afbcab186b7fb4ccfcc324dc6ade"},"headline":"Interview de Marie-Eve Nolet, une marque de v\u00eatements uniques et \u00e9thiques produite en France","datePublished":"2023-10-02T11:53:27+00:00","dateModified":"2024-09-30T12:11:00+00:00","mainEntityOfPage":{"@id":"https:\/\/www.uptextile.fr\/interview-de-marie-eve-nolet-une-marque-de-vetements-uniques-et-ethiques-produite-en-france\/"},"wordCount":1675,"image":{"@id":"https:\/\/www.uptextile.fr\/interview-de-marie-eve-nolet-une-marque-de-vetements-uniques-et-ethiques-produite-en-france\/#primaryimage"},"thumbnailUrl":"https:\/\/www.uptextile.fr\/wp-content\/uploads\/2023\/10\/354419147_233012976162159_2442028822040586313_n-1.jpg","articleSection":["Interviews"],"inLanguage":"en-GB"},{"@type":"WebPage","@id":"https:\/\/www.uptextile.fr\/interview-de-marie-eve-nolet-une-marque-de-vetements-uniques-et-ethiques-produite-en-france\/","url":"https:\/\/www.uptextile.fr\/interview-de-marie-eve-nolet-une-marque-de-vetements-uniques-et-ethiques-produite-en-france\/","name":"Interview de Marie-Eve Nolet, une marque de v\u00eatements uniques et \u00e9thiques produite en France - UpTextile","isPartOf":{"@id":"https:\/\/www.uptextile.fr\/#website"},"primaryImageOfPage":{"@id":"https:\/\/www.uptextile.fr\/interview-de-marie-eve-nolet-une-marque-de-vetements-uniques-et-ethiques-produite-en-france\/#primaryimage"},"image":{"@id":"https:\/\/www.uptextile.fr\/interview-de-marie-eve-nolet-une-marque-de-vetements-uniques-et-ethiques-produite-en-france\/#primaryimage"},"thumbnailUrl":"https:\/\/www.uptextile.fr\/wp-content\/uploads\/2023\/10\/354419147_233012976162159_2442028822040586313_n-1.jpg","datePublished":"2023-10-02T11:53:27+00:00","dateModified":"2024-09-30T12:11:00+00:00","author":{"@id":"https:\/\/www.uptextile.fr\/#\/schema\/person\/ddd7afbcab186b7fb4ccfcc324dc6ade"},"description":"D\u00e9couvrez notre interview de la marque Marie-Eve Nolet, marque de v\u00eatements uniques et \u00e9thiques produite en France.","breadcrumb":{"@id":"https:\/\/www.uptextile.fr\/interview-de-marie-eve-nolet-une-marque-de-vetements-uniques-et-ethiques-produite-en-france\/#breadcrumb"},"inLanguage":"en-GB","potentialAction":[{"@type":"ReadAction","target":["https:\/\/www.uptextile.fr\/interview-de-marie-eve-nolet-une-marque-de-vetements-uniques-et-ethiques-produite-en-france\/"]}]},{"@type":"ImageObject","inLanguage":"en-GB","@id":"https:\/\/www.uptextile.fr\/interview-de-marie-eve-nolet-une-marque-de-vetements-uniques-et-ethiques-produite-en-france\/#primaryimage","url":"https:\/\/www.uptextile.fr\/wp-content\/uploads\/2023\/10\/354419147_233012976162159_2442028822040586313_n-1.jpg","contentUrl":"https:\/\/www.uptextile.fr\/wp-content\/uploads\/2023\/10\/354419147_233012976162159_2442028822040586313_n-1.jpg","width":1080,"height":1080,"caption":"Cr\u00e9ation Marie-Eve Nollet"},{"@type":"BreadcrumbList","@id":"https:\/\/www.uptextile.fr\/interview-de-marie-eve-nolet-une-marque-de-vetements-uniques-et-ethiques-produite-en-france\/#breadcrumb","itemListElement":[{"@type":"ListItem","position":1,"name":"Accueil","item":"https:\/\/www.uptextile.fr\/"},{"@type":"ListItem","position":2,"name":"Interview de Marie-Eve Nolet, une marque de v\u00eatements uniques et \u00e9thiques produite en France"}]},{"@type":"WebSite","@id":"https:\/\/www.uptextile.fr\/#website","url":"https:\/\/www.uptextile.fr\/","name":"UpTextile","description":"L&#039;impression num\u00e9rique \u00e0 votre service","potentialAction":[{"@type":"SearchAction","target":{"@type":"EntryPoint","urlTemplate":"https:\/\/www.uptextile.fr\/?s={search_term_string}"},"query-input":{"@type":"PropertyValueSpecification","valueRequired":true,"valueName":"search_term_string"}}],"inLanguage":"en-GB"},{"@type":"Person","@id":"https:\/\/www.uptextile.fr\/#\/schema\/person\/ddd7afbcab186b7fb4ccfcc324dc6ade","name":"admin","image":{"@type":"ImageObject","inLanguage":"en-GB","@id":"https:\/\/secure.gravatar.com\/avatar\/6670ee2da31d04324ab60d2c276c81c91f6f128389d0cd7f2efb1030b28554de?s=96&d=mm&r=g","url":"https:\/\/secure.gravatar.com\/avatar\/6670ee2da31d04324ab60d2c276c81c91f6f128389d0cd7f2efb1030b28554de?s=96&d=mm&r=g","contentUrl":"https:\/\/secure.gravatar.com\/avatar\/6670ee2da31d04324ab60d2c276c81c91f6f128389d0cd7f2efb1030b28554de?s=96&d=mm&r=g","caption":"admin"},"url":"https:\/\/www.uptextile.fr\/en\/author\/admin\/"}]}},"_links":{"self":[{"href":"https:\/\/www.uptextile.fr\/en\/wp-json\/wp\/v2\/posts\/3197","targetHints":{"allow":["GET"]}}],"collection":[{"href":"https:\/\/www.uptextile.fr\/en\/wp-json\/wp\/v2\/posts"}],"about":[{"href":"https:\/\/www.uptextile.fr\/en\/wp-json\/wp\/v2\/types\/post"}],"author":[{"embeddable":true,"href":"https:\/\/www.uptextile.fr\/en\/wp-json\/wp\/v2\/users\/1"}],"replies":[{"embeddable":true,"href":"https:\/\/www.uptextile.fr\/en\/wp-json\/wp\/v2\/comments?post=3197"}],"version-history":[{"count":11,"href":"https:\/\/www.uptextile.fr\/en\/wp-json\/wp\/v2\/posts\/3197\/revisions"}],"predecessor-version":[{"id":3616,"href":"https:\/\/www.uptextile.fr\/en\/wp-json\/wp\/v2\/posts\/3197\/revisions\/3616"}],"wp:featuredmedia":[{"embeddable":true,"href":"https:\/\/www.uptextile.fr\/en\/wp-json\/wp\/v2\/media\/3198"}],"wp:attachment":[{"href":"https:\/\/www.uptextile.fr\/en\/wp-json\/wp\/v2\/media?parent=3197"}],"wp:term":[{"taxonomy":"category","embeddable":true,"href":"https:\/\/www.uptextile.fr\/en\/wp-json\/wp\/v2\/categories?post=3197"},{"taxonomy":"post_tag","embeddable":true,"href":"https:\/\/www.uptextile.fr\/en\/wp-json\/wp\/v2\/tags?post=3197"}],"curies":[{"name":"wp","href":"https:\/\/api.w.org\/{rel}","templated":true}]}}