{"id":3257,"date":"2023-11-28T11:10:14","date_gmt":"2023-11-28T10:10:14","guid":{"rendered":"https:\/\/www.uptextile.fr\/?p=3257"},"modified":"2024-09-30T14:08:17","modified_gmt":"2024-09-30T12:08:17","slug":"interview-de-papier-ananas-une-marque-creative-dillustrations-poetiques-et-uniques","status":"publish","type":"post","link":"https:\/\/www.uptextile.fr\/en\/interview-de-papier-ananas-une-marque-creative-dillustrations-poetiques-et-uniques\/","title":{"rendered":"Interview de papier ananas, une marque cr\u00e9ative d&rsquo;illustrations po\u00e9tiques et uniques"},"content":{"rendered":"<div data-elementor-type=\"wp-post\" data-elementor-id=\"3257\" class=\"elementor elementor-3257\" data-elementor-post-type=\"post\">\n\t\t\t\t\t\t<section class=\"elementor-section elementor-top-section elementor-element elementor-element-6204785 elementor-section-boxed elementor-section-height-default elementor-section-height-default\" data-id=\"6204785\" data-element_type=\"section\" data-e-type=\"section\">\n\t\t\t\t\t\t<div class=\"elementor-container elementor-column-gap-default\">\n\t\t\t\t\t<div class=\"elementor-column elementor-col-100 elementor-top-column elementor-element elementor-element-335ce89\" data-id=\"335ce89\" data-element_type=\"column\" data-e-type=\"column\">\n\t\t\t<div class=\"elementor-widget-wrap elementor-element-populated\">\n\t\t\t\t\t\t<div class=\"elementor-element elementor-element-8731012 elementor-widget elementor-widget-spacer\" data-id=\"8731012\" data-element_type=\"widget\" data-e-type=\"widget\" data-widget_type=\"spacer.default\">\n\t\t\t\t<div class=\"elementor-widget-container\">\n\t\t\t\t\t\t\t<div class=\"elementor-spacer\">\n\t\t\t<div class=\"elementor-spacer-inner\"><\/div>\n\t\t<\/div>\n\t\t\t\t\t\t<\/div>\n\t\t\t\t<\/div>\n\t\t\t\t<div class=\"elementor-element elementor-element-a539f5e elementor-widget elementor-widget-heading\" data-id=\"a539f5e\" data-element_type=\"widget\" data-e-type=\"widget\" data-widget_type=\"heading.default\">\n\t\t\t\t<div class=\"elementor-widget-container\">\n\t\t\t\t\t<h1 class=\"elementor-heading-title elementor-size-default\"><span style=\"color:white\"> interview <br> de <\/span> papier ananas<\/h1>\t\t\t\t<\/div>\n\t\t\t\t<\/div>\n\t\t\t\t<div class=\"elementor-element elementor-element-690fcb6 elementor-widget elementor-widget-spacer\" data-id=\"690fcb6\" data-element_type=\"widget\" data-e-type=\"widget\" data-widget_type=\"spacer.default\">\n\t\t\t\t<div class=\"elementor-widget-container\">\n\t\t\t\t\t\t\t<div class=\"elementor-spacer\">\n\t\t\t<div class=\"elementor-spacer-inner\"><\/div>\n\t\t<\/div>\n\t\t\t\t\t\t<\/div>\n\t\t\t\t<\/div>\n\t\t\t\t\t<\/div>\n\t\t<\/div>\n\t\t\t\t\t<\/div>\n\t\t<\/section>\n\t\t\t\t<section class=\"elementor-section elementor-top-section elementor-element elementor-element-4055702 elementor-reverse-tablet elementor-reverse-mobile elementor-section-boxed elementor-section-height-default elementor-section-height-default\" data-id=\"4055702\" data-element_type=\"section\" data-e-type=\"section\">\n\t\t\t\t\t\t<div class=\"elementor-container elementor-column-gap-default\">\n\t\t\t\t\t<div class=\"elementor-column elementor-col-50 elementor-top-column elementor-element elementor-element-3d25821\" data-id=\"3d25821\" data-element_type=\"column\" data-e-type=\"column\">\n\t\t\t<div class=\"elementor-widget-wrap elementor-element-populated\">\n\t\t\t\t\t\t<div class=\"elementor-element elementor-element-8f7d5d2 elementor-widget elementor-widget-image\" data-id=\"8f7d5d2\" data-element_type=\"widget\" data-e-type=\"widget\" data-widget_type=\"image.default\">\n\t\t\t\t<div class=\"elementor-widget-container\">\n\t\t\t\t\t\t\t\t\t\t\t\t\t\t\t<img fetchpriority=\"high\" decoding=\"async\" width=\"800\" height=\"994\" src=\"https:\/\/www.uptextile.fr\/wp-content\/uploads\/2023\/11\/IMG_6513-824x1024.jpg\" class=\"attachment-large size-large wp-image-3258\" alt=\"papier ananas\" srcset=\"https:\/\/www.uptextile.fr\/wp-content\/uploads\/2023\/11\/IMG_6513-824x1024.jpg 824w, https:\/\/www.uptextile.fr\/wp-content\/uploads\/2023\/11\/IMG_6513-241x300.jpg 241w, https:\/\/www.uptextile.fr\/wp-content\/uploads\/2023\/11\/IMG_6513-768x954.jpg 768w, https:\/\/www.uptextile.fr\/wp-content\/uploads\/2023\/11\/IMG_6513-1236x1536.jpg 1236w, https:\/\/www.uptextile.fr\/wp-content\/uploads\/2023\/11\/IMG_6513-1648x2048.jpg 1648w, https:\/\/www.uptextile.fr\/wp-content\/uploads\/2023\/11\/IMG_6513-10x12.jpg 10w, https:\/\/www.uptextile.fr\/wp-content\/uploads\/2023\/11\/IMG_6513-600x745.jpg 600w\" sizes=\"(max-width: 800px) 100vw, 800px\" \/>\t\t\t\t\t\t\t\t\t\t\t\t\t\t\t<\/div>\n\t\t\t\t<\/div>\n\t\t\t\t\t<\/div>\n\t\t<\/div>\n\t\t\t\t<div class=\"elementor-column elementor-col-50 elementor-top-column elementor-element elementor-element-8404247\" data-id=\"8404247\" data-element_type=\"column\" data-e-type=\"column\">\n\t\t\t<div class=\"elementor-widget-wrap elementor-element-populated\">\n\t\t\t\t\t\t<div class=\"elementor-element elementor-element-1b58620 elementor-widget elementor-widget-heading\" data-id=\"1b58620\" data-element_type=\"widget\" data-e-type=\"widget\" data-widget_type=\"heading.default\">\n\t\t\t\t<div class=\"elementor-widget-container\">\n\t\t\t\t\t<h2 class=\"elementor-heading-title elementor-size-default\">papier ananas, une marque cr\u00e9ative d'illustrations po\u00e9tiques et uniques\n<\/h2>\t\t\t\t<\/div>\n\t\t\t\t<\/div>\n\t\t\t\t<div class=\"elementor-element elementor-element-ee56382 elementor-widget elementor-widget-text-editor\" data-id=\"ee56382\" data-element_type=\"widget\" data-e-type=\"widget\" data-widget_type=\"text-editor.default\">\n\t\t\t\t<div class=\"elementor-widget-container\">\n\t\t\t\t\t\t\t\t\t<div class=\"\"><strong>papier ananas<\/strong> est un <strong>atelier d\u2019illustration<\/strong> et un <strong>cabinet de curiosit\u00e9<\/strong> o\u00f9 les plumes, les pinceaux, les gouges, les couleurs de l\u2019aquarelle, les noirs et blancs des crayons ainsi que les encres et peintures d\u2019expriment pleinement. Implant\u00e9 au coeur du vignoble alsacien, au pied des montagnes vosgiennes, l\u2019atelier de papier ananas est un espace d\u00e9di\u00e9 \u00e0 la <strong>libre expression<\/strong> de l\u2019<strong>imagination<\/strong>.\u00a0<\/div><div class=\"\">\u00a0<\/div><div class=\"\">Nous avons eu l\u2019honneur d\u2019interviewer Chlo\u00e9 Ler\u00e8de, la fondatrice de la marque :\u00a0<\/div>\t\t\t\t\t\t\t\t<\/div>\n\t\t\t\t<\/div>\n\t\t\t\t\t<\/div>\n\t\t<\/div>\n\t\t\t\t\t<\/div>\n\t\t<\/section>\n\t\t\t\t<section class=\"elementor-section elementor-top-section elementor-element elementor-element-8b01205 elementor-section-boxed elementor-section-height-default elementor-section-height-default\" data-id=\"8b01205\" data-element_type=\"section\" data-e-type=\"section\">\n\t\t\t\t\t\t<div class=\"elementor-container elementor-column-gap-default\">\n\t\t\t\t\t<div class=\"elementor-column elementor-col-100 elementor-top-column elementor-element elementor-element-0dc5bc1\" data-id=\"0dc5bc1\" data-element_type=\"column\" data-e-type=\"column\">\n\t\t\t<div class=\"elementor-widget-wrap elementor-element-populated\">\n\t\t\t\t\t\t<div class=\"elementor-element elementor-element-dcb85e9 elementor-widget elementor-widget-spacer\" data-id=\"dcb85e9\" data-element_type=\"widget\" data-e-type=\"widget\" data-widget_type=\"spacer.default\">\n\t\t\t\t<div class=\"elementor-widget-container\">\n\t\t\t\t\t\t\t<div class=\"elementor-spacer\">\n\t\t\t<div class=\"elementor-spacer-inner\"><\/div>\n\t\t<\/div>\n\t\t\t\t\t\t<\/div>\n\t\t\t\t<\/div>\n\t\t\t\t<div class=\"elementor-element elementor-element-614a19b elementor-widget elementor-widget-heading\" data-id=\"614a19b\" data-element_type=\"widget\" data-e-type=\"widget\" data-widget_type=\"heading.default\">\n\t\t\t\t<div class=\"elementor-widget-container\">\n\t\t\t\t\t<h2 class=\"elementor-heading-title elementor-size-default\">\u00ab Pouvez-vous nous raconter votre parcours et l\u2019histoire de papier ananas ?<\/h2>\t\t\t\t<\/div>\n\t\t\t\t<\/div>\n\t\t\t\t<div class=\"elementor-element elementor-element-cec7866 elementor-widget elementor-widget-text-editor\" data-id=\"cec7866\" data-element_type=\"widget\" data-e-type=\"widget\" data-widget_type=\"text-editor.default\">\n\t\t\t\t<div class=\"elementor-widget-container\">\n\t\t\t\t\t\t\t\t\t<p>Titulaire d\u2019un BTS en communication visuelle et d\u2019une licence professionnelle en multim\u00e9dia, j\u2019ai exerc\u00e9 en tant que graphiste pendant plus de 10 ans au sein de diverses entreprises et agences explorant ainsi diff\u00e9rents domaines. Illustratrice <strong>passionn\u00e9e par le dessin et le papier<\/strong>, j\u2019ai cr\u00e9\u00e9 les ateliers de papier ananas en 2015. En 2019, les ateliers ont \u00e9volu\u00e9 pour devenir la soci\u00e9t\u00e9 papier ananas. En 2022, l\u2019\u00e9quipe se compl\u00e8te avec Adeline qui a rejoint les ateliers pour apporter ses id\u00e9es cr\u00e9atives. Les ateliers r\u00e9pondent \u00e0 toutes les demandes d\u2019<strong>illustrations align\u00e9es sur les valeurs de la marque<\/strong>, en mettant en oeuvre des r\u00e9alisations sur mesure ou en proposant une <strong>gamme vari\u00e9e de collections d\u2019objets de papeterie, de supports illustr\u00e9s ou d\u2019exp\u00e9rimentations originales<\/strong>.\u00a0<\/p>\t\t\t\t\t\t\t\t<\/div>\n\t\t\t\t<\/div>\n\t\t\t\t\t<\/div>\n\t\t<\/div>\n\t\t\t\t\t<\/div>\n\t\t<\/section>\n\t\t\t\t<section class=\"elementor-section elementor-top-section elementor-element elementor-element-fbf057b elementor-section-boxed elementor-section-height-default elementor-section-height-default\" data-id=\"fbf057b\" data-element_type=\"section\" data-e-type=\"section\">\n\t\t\t\t\t\t<div class=\"elementor-container elementor-column-gap-default\">\n\t\t\t\t\t<div class=\"elementor-column elementor-col-100 elementor-top-column elementor-element elementor-element-0707442\" data-id=\"0707442\" data-element_type=\"column\" data-e-type=\"column\">\n\t\t\t<div class=\"elementor-widget-wrap elementor-element-populated\">\n\t\t\t\t\t\t<div class=\"elementor-element elementor-element-1cdaa7c elementor-widget elementor-widget-spacer\" data-id=\"1cdaa7c\" data-element_type=\"widget\" data-e-type=\"widget\" data-widget_type=\"spacer.default\">\n\t\t\t\t<div class=\"elementor-widget-container\">\n\t\t\t\t\t\t\t<div class=\"elementor-spacer\">\n\t\t\t<div class=\"elementor-spacer-inner\"><\/div>\n\t\t<\/div>\n\t\t\t\t\t\t<\/div>\n\t\t\t\t<\/div>\n\t\t\t\t<div class=\"elementor-element elementor-element-9a684f0 elementor-widget elementor-widget-heading\" data-id=\"9a684f0\" data-element_type=\"widget\" data-e-type=\"widget\" data-widget_type=\"heading.default\">\n\t\t\t\t<div class=\"elementor-widget-container\">\n\t\t\t\t\t<h2 class=\"elementor-heading-title elementor-size-default\">Quels produits proposez-vous ?<\/h2>\t\t\t\t<\/div>\n\t\t\t\t<\/div>\n\t\t\t\t<div class=\"elementor-element elementor-element-a3ede64 elementor-widget elementor-widget-text-editor\" data-id=\"a3ede64\" data-element_type=\"widget\" data-e-type=\"widget\" data-widget_type=\"text-editor.default\">\n\t\t\t\t<div class=\"elementor-widget-container\">\n\t\t\t\t\t\t\t\t\t<div class=\"\">En service, nous proposons donc la cr\u00e9ation d\u2019<strong>illustration sur mesure<\/strong> pour tous les moments importants de la vie ou juste pour le plaisir.\u00a0<\/div><div class=\"\">Ensuite, je cr\u00e9e des <strong>illustrations en fonction des saisons que nous d\u00e9clinons sur diff\u00e9rents supports<\/strong> : <strong>papeterie<\/strong>, <strong>carterie<\/strong>, <strong>textile<\/strong>, <strong>sceaux<\/strong>, <strong>tampons<\/strong>, \u2026 Allez d\u00e9couvrir toutes nos cr\u00e9ations sur notre site internet.\u00a0<\/div>\t\t\t\t\t\t\t\t<\/div>\n\t\t\t\t<\/div>\n\t\t\t\t\t<\/div>\n\t\t<\/div>\n\t\t\t\t\t<\/div>\n\t\t<\/section>\n\t\t\t\t<section class=\"elementor-section elementor-top-section elementor-element elementor-element-58ce245 elementor-section-boxed elementor-section-height-default elementor-section-height-default\" data-id=\"58ce245\" data-element_type=\"section\" data-e-type=\"section\">\n\t\t\t\t\t\t<div class=\"elementor-container elementor-column-gap-default\">\n\t\t\t\t\t<div class=\"elementor-column elementor-col-33 elementor-top-column elementor-element elementor-element-0e83c0a\" data-id=\"0e83c0a\" data-element_type=\"column\" data-e-type=\"column\">\n\t\t\t<div class=\"elementor-widget-wrap elementor-element-populated\">\n\t\t\t\t\t\t<div class=\"elementor-element elementor-element-450c862 elementor-hidden-mobile e-transform e-transform elementor-widget elementor-widget-image\" data-id=\"450c862\" data-element_type=\"widget\" data-e-type=\"widget\" data-settings=\"{&quot;_transform_translateX_effect&quot;:{&quot;unit&quot;:&quot;%&quot;,&quot;size&quot;:70,&quot;sizes&quot;:[]},&quot;_transform_translateX_effect_tablet&quot;:{&quot;unit&quot;:&quot;%&quot;,&quot;size&quot;:&quot;&quot;,&quot;sizes&quot;:[]},&quot;_transform_translateX_effect_mobile&quot;:{&quot;unit&quot;:&quot;%&quot;,&quot;size&quot;:&quot;&quot;,&quot;sizes&quot;:[]},&quot;_transform_rotateZ_effect&quot;:{&quot;unit&quot;:&quot;px&quot;,&quot;size&quot;:&quot;&quot;,&quot;sizes&quot;:[]},&quot;_transform_rotateZ_effect_tablet&quot;:{&quot;unit&quot;:&quot;deg&quot;,&quot;size&quot;:&quot;&quot;,&quot;sizes&quot;:[]},&quot;_transform_rotateZ_effect_mobile&quot;:{&quot;unit&quot;:&quot;deg&quot;,&quot;size&quot;:&quot;&quot;,&quot;sizes&quot;:[]},&quot;_transform_translateY_effect&quot;:{&quot;unit&quot;:&quot;px&quot;,&quot;size&quot;:&quot;&quot;,&quot;sizes&quot;:[]},&quot;_transform_translateY_effect_tablet&quot;:{&quot;unit&quot;:&quot;px&quot;,&quot;size&quot;:&quot;&quot;,&quot;sizes&quot;:[]},&quot;_transform_translateY_effect_mobile&quot;:{&quot;unit&quot;:&quot;px&quot;,&quot;size&quot;:&quot;&quot;,&quot;sizes&quot;:[]}}\" data-widget_type=\"image.default\">\n\t\t\t\t<div class=\"elementor-widget-container\">\n\t\t\t\t\t\t\t\t\t\t\t\t\t\t\t<img decoding=\"async\" width=\"127\" height=\"262\" src=\"https:\/\/www.uptextile.fr\/wp-content\/uploads\/2022\/02\/Fichier-3UP.png\" class=\"attachment-large size-large wp-image-1163\" alt=\"UP\" srcset=\"https:\/\/www.uptextile.fr\/wp-content\/uploads\/2022\/02\/Fichier-3UP.png 127w, https:\/\/www.uptextile.fr\/wp-content\/uploads\/2022\/02\/Fichier-3UP-6x12.png 6w\" sizes=\"(max-width: 127px) 100vw, 127px\" \/>\t\t\t\t\t\t\t\t\t\t\t\t\t\t\t<\/div>\n\t\t\t\t<\/div>\n\t\t\t\t\t<\/div>\n\t\t<\/div>\n\t\t\t\t<div class=\"elementor-column elementor-col-33 elementor-top-column elementor-element elementor-element-0c6cfa8\" data-id=\"0c6cfa8\" data-element_type=\"column\" data-e-type=\"column\">\n\t\t\t<div class=\"elementor-widget-wrap elementor-element-populated\">\n\t\t\t\t\t\t<div class=\"elementor-element elementor-element-b5c551f elementor-widget elementor-widget-image\" data-id=\"b5c551f\" data-element_type=\"widget\" data-e-type=\"widget\" data-widget_type=\"image.default\">\n\t\t\t\t<div class=\"elementor-widget-container\">\n\t\t\t\t\t\t\t\t\t\t\t\t\t\t\t<img decoding=\"async\" src=\"https:\/\/www.uptextile.fr\/wp-content\/uploads\/2023\/11\/IMG_6526-scaled.jpg\" title=\"IMG_6526\" alt=\"Coussin papier ananas\" loading=\"lazy\" \/>\t\t\t\t\t\t\t\t\t\t\t\t\t\t\t<\/div>\n\t\t\t\t<\/div>\n\t\t\t\t\t<\/div>\n\t\t<\/div>\n\t\t\t\t<div class=\"elementor-column elementor-col-33 elementor-top-column elementor-element elementor-element-9f702e4\" data-id=\"9f702e4\" data-element_type=\"column\" data-e-type=\"column\">\n\t\t\t<div class=\"elementor-widget-wrap elementor-element-populated\">\n\t\t\t\t\t\t<div class=\"elementor-element elementor-element-adf3985 elementor-widget elementor-widget-image\" data-id=\"adf3985\" data-element_type=\"widget\" data-e-type=\"widget\" data-widget_type=\"image.default\">\n\t\t\t\t<div class=\"elementor-widget-container\">\n\t\t\t\t\t\t\t\t\t\t\t\t\t\t\t<img decoding=\"async\" width=\"768\" height=\"1024\" src=\"https:\/\/www.uptextile.fr\/wp-content\/uploads\/2023\/11\/IMG_6512-768x1024.jpg\" class=\"attachment-large size-large wp-image-3261\" alt=\"Art de la table papier ananas\" srcset=\"https:\/\/www.uptextile.fr\/wp-content\/uploads\/2023\/11\/IMG_6512-768x1024.jpg 768w, https:\/\/www.uptextile.fr\/wp-content\/uploads\/2023\/11\/IMG_6512-225x300.jpg 225w, https:\/\/www.uptextile.fr\/wp-content\/uploads\/2023\/11\/IMG_6512-1152x1536.jpg 1152w, https:\/\/www.uptextile.fr\/wp-content\/uploads\/2023\/11\/IMG_6512-1536x2048.jpg 1536w, https:\/\/www.uptextile.fr\/wp-content\/uploads\/2023\/11\/IMG_6512-9x12.jpg 9w, https:\/\/www.uptextile.fr\/wp-content\/uploads\/2023\/11\/IMG_6512-600x800.jpg 600w, https:\/\/www.uptextile.fr\/wp-content\/uploads\/2023\/11\/IMG_6512-scaled.jpg 1920w\" sizes=\"(max-width: 768px) 100vw, 768px\" \/>\t\t\t\t\t\t\t\t\t\t\t\t\t\t\t<\/div>\n\t\t\t\t<\/div>\n\t\t\t\t<div class=\"elementor-element elementor-element-6f778cf elementor-align-center elementor-mobile-align-left elementor-widget elementor-widget-button\" data-id=\"6f778cf\" data-element_type=\"widget\" data-e-type=\"widget\" data-widget_type=\"button.default\">\n\t\t\t\t<div class=\"elementor-widget-container\">\n\t\t\t\t\t\t\t\t\t<div class=\"elementor-button-wrapper\">\n\t\t\t\t\t<a class=\"elementor-button elementor-button-link elementor-size-sm elementor-animation-grow\" href=\"https:\/\/www.papierananas.fr\">\n\t\t\t\t\t\t<span class=\"elementor-button-content-wrapper\">\n\t\t\t\t\t\t\t\t\t<span class=\"elementor-button-text\">d\u00e9couvrir<\/span>\n\t\t\t\t\t<\/span>\n\t\t\t\t\t<\/a>\n\t\t\t\t<\/div>\n\t\t\t\t\t\t\t\t<\/div>\n\t\t\t\t<\/div>\n\t\t\t\t\t<\/div>\n\t\t<\/div>\n\t\t\t\t\t<\/div>\n\t\t<\/section>\n\t\t\t\t<section class=\"elementor-section elementor-top-section elementor-element elementor-element-7b03e43 elementor-section-boxed elementor-section-height-default elementor-section-height-default\" data-id=\"7b03e43\" data-element_type=\"section\" data-e-type=\"section\">\n\t\t\t\t\t\t<div class=\"elementor-container elementor-column-gap-default\">\n\t\t\t\t\t<div class=\"elementor-column elementor-col-100 elementor-top-column elementor-element elementor-element-23414b9\" data-id=\"23414b9\" data-element_type=\"column\" data-e-type=\"column\">\n\t\t\t<div class=\"elementor-widget-wrap elementor-element-populated\">\n\t\t\t\t\t\t<div class=\"elementor-element elementor-element-371fd41 elementor-widget elementor-widget-spacer\" data-id=\"371fd41\" data-element_type=\"widget\" data-e-type=\"widget\" data-widget_type=\"spacer.default\">\n\t\t\t\t<div class=\"elementor-widget-container\">\n\t\t\t\t\t\t\t<div class=\"elementor-spacer\">\n\t\t\t<div class=\"elementor-spacer-inner\"><\/div>\n\t\t<\/div>\n\t\t\t\t\t\t<\/div>\n\t\t\t\t<\/div>\n\t\t\t\t\t<\/div>\n\t\t<\/div>\n\t\t\t\t\t<\/div>\n\t\t<\/section>\n\t\t\t\t<section class=\"elementor-section elementor-top-section elementor-element elementor-element-33c5eed elementor-section-boxed elementor-section-height-default elementor-section-height-default\" data-id=\"33c5eed\" data-element_type=\"section\" data-e-type=\"section\">\n\t\t\t\t\t\t<div class=\"elementor-container elementor-column-gap-default\">\n\t\t\t\t\t<div class=\"elementor-column elementor-col-50 elementor-top-column elementor-element elementor-element-0aa7852\" data-id=\"0aa7852\" data-element_type=\"column\" data-e-type=\"column\">\n\t\t\t<div class=\"elementor-widget-wrap elementor-element-populated\">\n\t\t\t\t\t\t<div class=\"elementor-element elementor-element-55bc3ad elementor-widget elementor-widget-heading\" data-id=\"55bc3ad\" data-element_type=\"widget\" data-e-type=\"widget\" data-widget_type=\"heading.default\">\n\t\t\t\t<div class=\"elementor-widget-container\">\n\t\t\t\t\t<h2 class=\"elementor-heading-title elementor-size-default\">O\u00f9 vendez-vous vos produits ?<\/h2>\t\t\t\t<\/div>\n\t\t\t\t<\/div>\n\t\t\t\t<div class=\"elementor-element elementor-element-81973a0 elementor-widget elementor-widget-text-editor\" data-id=\"81973a0\" data-element_type=\"widget\" data-e-type=\"widget\" data-widget_type=\"text-editor.default\">\n\t\t\t\t<div class=\"elementor-widget-container\">\n\t\t\t\t\t\t\t\t\t<p>Nous vendons nos produits dans notre <strong>\u00e9choppe \u00e0 Kaysersberg<\/strong> et sur notre <strong>site internet<\/strong>. Nous avons \u00e9galement quelques revendeurs et sommes actuellement \u00e0 la recherche de revendeurs compl\u00e9mentaires.\u00a0<\/p>\t\t\t\t\t\t\t\t<\/div>\n\t\t\t\t<\/div>\n\t\t\t\t\t<\/div>\n\t\t<\/div>\n\t\t\t\t<div class=\"elementor-column elementor-col-50 elementor-top-column elementor-element elementor-element-0efb57a\" data-id=\"0efb57a\" data-element_type=\"column\" data-e-type=\"column\">\n\t\t\t<div class=\"elementor-widget-wrap elementor-element-populated\">\n\t\t\t\t\t\t<div class=\"elementor-element elementor-element-0ed9d41 elementor-widget elementor-widget-image\" data-id=\"0ed9d41\" data-element_type=\"widget\" data-e-type=\"widget\" data-widget_type=\"image.default\">\n\t\t\t\t<div class=\"elementor-widget-container\">\n\t\t\t\t\t\t\t\t\t\t\t\t\t\t\t<img loading=\"lazy\" decoding=\"async\" width=\"800\" height=\"752\" src=\"https:\/\/www.uptextile.fr\/wp-content\/uploads\/2023\/11\/IMG_6509-1024x963.jpg\" class=\"attachment-large size-large wp-image-3262\" alt=\"\" srcset=\"https:\/\/www.uptextile.fr\/wp-content\/uploads\/2023\/11\/IMG_6509-1024x963.jpg 1024w, https:\/\/www.uptextile.fr\/wp-content\/uploads\/2023\/11\/IMG_6509-300x282.jpg 300w, https:\/\/www.uptextile.fr\/wp-content\/uploads\/2023\/11\/IMG_6509-768x722.jpg 768w, https:\/\/www.uptextile.fr\/wp-content\/uploads\/2023\/11\/IMG_6509-1536x1444.jpg 1536w, https:\/\/www.uptextile.fr\/wp-content\/uploads\/2023\/11\/IMG_6509-2048x1926.jpg 2048w, https:\/\/www.uptextile.fr\/wp-content\/uploads\/2023\/11\/IMG_6509-13x12.jpg 13w, https:\/\/www.uptextile.fr\/wp-content\/uploads\/2023\/11\/IMG_6509-600x564.jpg 600w\" sizes=\"(max-width: 800px) 100vw, 800px\" \/>\t\t\t\t\t\t\t\t\t\t\t\t\t\t\t<\/div>\n\t\t\t\t<\/div>\n\t\t\t\t\t<\/div>\n\t\t<\/div>\n\t\t\t\t\t<\/div>\n\t\t<\/section>\n\t\t\t\t<section class=\"elementor-section elementor-top-section elementor-element elementor-element-9e9553d elementor-section-boxed elementor-section-height-default elementor-section-height-default\" data-id=\"9e9553d\" data-element_type=\"section\" data-e-type=\"section\">\n\t\t\t\t\t\t<div class=\"elementor-container elementor-column-gap-default\">\n\t\t\t\t\t<div class=\"elementor-column elementor-col-100 elementor-top-column elementor-element elementor-element-5b767aa\" data-id=\"5b767aa\" data-element_type=\"column\" data-e-type=\"column\">\n\t\t\t<div class=\"elementor-widget-wrap elementor-element-populated\">\n\t\t\t\t\t\t<div class=\"elementor-element elementor-element-9f38df4 elementor-widget elementor-widget-heading\" data-id=\"9f38df4\" data-element_type=\"widget\" data-e-type=\"widget\" data-widget_type=\"heading.default\">\n\t\t\t\t<div class=\"elementor-widget-container\">\n\t\t\t\t\t<h2 class=\"elementor-heading-title elementor-size-default\">Pouvez-vous nous en dire plus sur les valeurs de votre marque ?<\/h2>\t\t\t\t<\/div>\n\t\t\t\t<\/div>\n\t\t\t\t<div class=\"elementor-element elementor-element-e47787c elementor-widget elementor-widget-text-editor\" data-id=\"e47787c\" data-element_type=\"widget\" data-e-type=\"widget\" data-widget_type=\"text-editor.default\">\n\t\t\t\t<div class=\"elementor-widget-container\">\n\t\t\t\t\t\t\t\t\t<div class=\"\"><strong>papier ananas<\/strong> incarne un univers guid\u00e9 par quatre valeurs fondamentales, formant l\u2019essence m\u00eame de notre <strong>approche cr\u00e9ative<\/strong> :\u00a0<\/div><ul class=\"\"><li class=\"\"><strong>L\u00e9g\u00e8ret\u00e9 po\u00e9tique<\/strong> : au coeur de notre d\u00e9marche, la l\u00e9g\u00e8ret\u00e9 po\u00e9tique est une plume qui danse \u00e0 travers nos cr\u00e9ations. Chaque feuille de papier devient une page o\u00f9 l\u2019imagination s\u2019envole. Nous croyons en la magie qui r\u00e9side dans la simplicit\u00e9, o\u00f9 chaque trait, chaque couleur, et chaque mot racontent une histoire empreinte de l\u00e9g\u00e8ret\u00e9 et d\u2019\u00e9merveillement.\u00a0<\/li><li class=\"\"><strong>Caract\u00e8re \u00e0 apprivoiser<\/strong> : nos cr\u00e9ations portent en elles un caract\u00e8re \u00e0 apprivoiser, une force qui \u00e9mane de la fusion entre la douceur et la r\u00e9silience. Comme un ananas, \u00e0 la texture singuli\u00e8re, nos oeuvres invitent \u00e0 la d\u00e9couverte. Nous c\u00e9l\u00e9brons les contrastes et les nuances, encourageant chacun \u00e0 explorer la richesse qui r\u00e9side dans la diversit\u00e9 des formes, des id\u00e9es et des \u00e9motions.\u00a0<\/li><li class=\"\"><strong>Cr\u00e9ations engag\u00e9es<\/strong> : chez papier ananas, l\u2019engagement est une force motrice. Nous croyons en l\u2019art pour inspirer et \u00e9duquer le changement. Nos cr\u00e9ations sont imprim\u00e9es en France et principalement dans le Grand Est. De plus, le choix de nos supports pour l\u2019impression a \u00e9galement toute son importance, le papier que nous utilisons est un papier r\u00e9alis\u00e9 avec des r\u00e9sidus de l\u2019industrie agroalimentaire, par exemple.<\/li><li class=\"\"><strong>Passion impertinente<\/strong> : notre passion est teint\u00e9e d\u2019une impertinence cr\u00e9ative, une \u00e9nergie audacieuse qui d\u00e9fie les normes et explore l\u2019inattendu. Nous osons m\u00e9langer les styles, d\u00e9fier les conventions et provoquer des \u00e9motions in\u00e9dites.\u00a0<\/li><\/ul>\t\t\t\t\t\t\t\t<\/div>\n\t\t\t\t<\/div>\n\t\t\t\t\t<\/div>\n\t\t<\/div>\n\t\t\t\t\t<\/div>\n\t\t<\/section>\n\t\t\t\t<section class=\"elementor-section elementor-top-section elementor-element elementor-element-a3b67c6 elementor-reverse-tablet elementor-reverse-mobile elementor-section-boxed elementor-section-height-default elementor-section-height-default\" data-id=\"a3b67c6\" data-element_type=\"section\" data-e-type=\"section\">\n\t\t\t\t\t\t<div class=\"elementor-container elementor-column-gap-default\">\n\t\t\t\t\t<div class=\"elementor-column elementor-col-50 elementor-top-column elementor-element elementor-element-11e1ab6\" data-id=\"11e1ab6\" data-element_type=\"column\" data-e-type=\"column\">\n\t\t\t<div class=\"elementor-widget-wrap elementor-element-populated\">\n\t\t\t\t\t\t<div class=\"elementor-element elementor-element-4b01352 elementor-widget elementor-widget-spacer\" data-id=\"4b01352\" data-element_type=\"widget\" data-e-type=\"widget\" data-widget_type=\"spacer.default\">\n\t\t\t\t<div class=\"elementor-widget-container\">\n\t\t\t\t\t\t\t<div class=\"elementor-spacer\">\n\t\t\t<div class=\"elementor-spacer-inner\"><\/div>\n\t\t<\/div>\n\t\t\t\t\t\t<\/div>\n\t\t\t\t<\/div>\n\t\t\t\t<div class=\"elementor-element elementor-element-0bb8bac elementor-widget elementor-widget-image\" data-id=\"0bb8bac\" data-element_type=\"widget\" data-e-type=\"widget\" data-widget_type=\"image.default\">\n\t\t\t\t<div class=\"elementor-widget-container\">\n\t\t\t\t\t\t\t\t\t\t\t\t\t\t\t<img loading=\"lazy\" decoding=\"async\" width=\"800\" height=\"534\" src=\"https:\/\/www.uptextile.fr\/wp-content\/uploads\/2023\/11\/BR8A9226.jpg\" class=\"attachment-large size-large wp-image-3264\" alt=\"Illustration papier ananas\" srcset=\"https:\/\/www.uptextile.fr\/wp-content\/uploads\/2023\/11\/BR8A9226.jpg 1024w, https:\/\/www.uptextile.fr\/wp-content\/uploads\/2023\/11\/BR8A9226-300x200.jpg 300w, https:\/\/www.uptextile.fr\/wp-content\/uploads\/2023\/11\/BR8A9226-768x512.jpg 768w, https:\/\/www.uptextile.fr\/wp-content\/uploads\/2023\/11\/BR8A9226-18x12.jpg 18w, https:\/\/www.uptextile.fr\/wp-content\/uploads\/2023\/11\/BR8A9226-600x400.jpg 600w\" sizes=\"(max-width: 800px) 100vw, 800px\" \/>\t\t\t\t\t\t\t\t\t\t\t\t\t\t\t<\/div>\n\t\t\t\t<\/div>\n\t\t\t\t\t<\/div>\n\t\t<\/div>\n\t\t\t\t<div class=\"elementor-column elementor-col-50 elementor-top-column elementor-element elementor-element-553a455\" data-id=\"553a455\" data-element_type=\"column\" data-e-type=\"column\">\n\t\t\t<div class=\"elementor-widget-wrap elementor-element-populated\">\n\t\t\t\t\t\t<div class=\"elementor-element elementor-element-db2c9a5 elementor-widget elementor-widget-heading\" data-id=\"db2c9a5\" data-element_type=\"widget\" data-e-type=\"widget\" data-widget_type=\"heading.default\">\n\t\t\t\t<div class=\"elementor-widget-container\">\n\t\t\t\t\t<h2 class=\"elementor-heading-title elementor-size-default\">Comment voyez-vous l\u2019avenir de votre marque ?<\/h2>\t\t\t\t<\/div>\n\t\t\t\t<\/div>\n\t\t\t\t<div class=\"elementor-element elementor-element-d694195 elementor-widget elementor-widget-text-editor\" data-id=\"d694195\" data-element_type=\"widget\" data-e-type=\"widget\" data-widget_type=\"text-editor.default\">\n\t\t\t\t<div class=\"elementor-widget-container\">\n\t\t\t\t\t\t\t\t\t<p>L\u2019avenir de notre marque se profile comme la <strong>continuation de notre voyage artistique<\/strong>. Nous envisageons de poursuivre la cr\u00e9ation de <strong>nouvelles illustrations<\/strong> avec une <strong>passion d\u00e9bordante<\/strong>, tout en explorant de nouveaux supports, tels que la c\u00e9ramique et le bois. Nous continuons \u00e9galement notre d\u00e9marche pour diminuer les d\u00e9chets et avoir un impact positif via le recyclage par exemple.\u00a0<\/p>\t\t\t\t\t\t\t\t<\/div>\n\t\t\t\t<\/div>\n\t\t\t\t\t<\/div>\n\t\t<\/div>\n\t\t\t\t\t<\/div>\n\t\t<\/section>\n\t\t\t\t<section class=\"elementor-section elementor-top-section elementor-element elementor-element-a277653 elementor-section-boxed elementor-section-height-default elementor-section-height-default\" data-id=\"a277653\" data-element_type=\"section\" data-e-type=\"section\">\n\t\t\t\t\t\t<div class=\"elementor-container elementor-column-gap-default\">\n\t\t\t\t\t<div class=\"elementor-column elementor-col-100 elementor-top-column elementor-element elementor-element-4678fb8\" data-id=\"4678fb8\" data-element_type=\"column\" data-e-type=\"column\">\n\t\t\t<div class=\"elementor-widget-wrap elementor-element-populated\">\n\t\t\t\t\t\t<div class=\"elementor-element elementor-element-184467a elementor-widget elementor-widget-heading\" data-id=\"184467a\" data-element_type=\"widget\" data-e-type=\"widget\" data-widget_type=\"heading.default\">\n\t\t\t\t<div class=\"elementor-widget-container\">\n\t\t\t\t\t<h2 class=\"elementor-heading-title elementor-size-default\">D\u2019o\u00f9 vous vient votre inspiration\u00a0? <\/h2>\t\t\t\t<\/div>\n\t\t\t\t<\/div>\n\t\t\t\t<div class=\"elementor-element elementor-element-02e90e5 elementor-widget elementor-widget-text-editor\" data-id=\"02e90e5\" data-element_type=\"widget\" data-e-type=\"widget\" data-widget_type=\"text-editor.default\">\n\t\t\t\t<div class=\"elementor-widget-container\">\n\t\t\t\t\t\t\t\t\t<div class=\"\">The <strong>cr\u00e9ation d\u2019illustrations<\/strong> se r\u00e9v\u00e8le \u00eatre bien plus qu\u2019un simple acte artistique pour nous. C\u2019est une immersion dans nos \u00e9motions, une <strong>exploration d\u00e9licate<\/strong> qui donne vie \u00e0 notre douceur cach\u00e9e. Chaque coup de pinceau est une tentative de capturer la <strong>douce m\u00e9lodie<\/strong> et <strong>po\u00e9sie<\/strong> de nos sentiments qui \u00e9manent de notre \u00eatre.\u00a0<\/div><div class=\"\">Cr\u00e9er des illustrations devient ainsi une qu\u00eate pour exprimer l\u2019inexprimable, pour transcrire les <strong>\u00e9motions indicibles<\/strong> en un <strong>langage visuel<\/strong>. C\u2019est une d\u00e9marche artistique qui transcende les mots, offrant un acc\u00e8s direct \u00e0 la <strong>palette infinie des sentiments<\/strong>. Chaque image devient une fen\u00eatre ouverte sur notre monde int\u00e9rieur, une porte d\u00e9verrouill\u00e9e permettant aux \u00e9motions de s\u2019\u00e9chapper et de se d\u00e9ployer librement. L\u2019<strong>inspiration<\/strong>, pour nous, r\u00e9side dans la <strong>beaut\u00e9 des contradictions<\/strong>, la <strong>richesse des exp\u00e9riences humaines<\/strong>, et la mani\u00e8re dont la vie se tisse en une toile complexe d\u2019<strong>instants pr\u00e9cieux<\/strong>.\u00a0<\/div>\t\t\t\t\t\t\t\t<\/div>\n\t\t\t\t<\/div>\n\t\t\t\t<div class=\"elementor-element elementor-element-1b40a75 elementor-widget elementor-widget-heading\" data-id=\"1b40a75\" data-element_type=\"widget\" data-e-type=\"widget\" data-widget_type=\"heading.default\">\n\t\t\t\t<div class=\"elementor-widget-container\">\n\t\t\t\t\t<h2 class=\"elementor-heading-title elementor-size-default\">Comment avez-vous connu Up\u2019Textile ? <\/h2>\t\t\t\t<\/div>\n\t\t\t\t<\/div>\n\t\t\t\t<div class=\"elementor-element elementor-element-c32484e elementor-widget elementor-widget-text-editor\" data-id=\"c32484e\" data-element_type=\"widget\" data-e-type=\"widget\" data-widget_type=\"text-editor.default\">\n\t\t\t\t<div class=\"elementor-widget-container\">\n\t\t\t\t\t\t\t\t\t<p>Up\u2019Textile a fait appel \u00e0 nous pour notre partie agence de communication pour la refonte de son logo. C\u2019est donc tout naturellement que nous avons fait appel \u00e0 eux pour l\u2019<strong>impression et la confection de nos articles textiles<\/strong>.\u00a0<\/p>\t\t\t\t\t\t\t\t<\/div>\n\t\t\t\t<\/div>\n\t\t\t\t<div class=\"elementor-element elementor-element-b90739a elementor-widget elementor-widget-heading\" data-id=\"b90739a\" data-element_type=\"widget\" data-e-type=\"widget\" data-widget_type=\"heading.default\">\n\t\t\t\t<div class=\"elementor-widget-container\">\n\t\t\t\t\t<h2 class=\"elementor-heading-title elementor-size-default\">Pourquoi choisir vos produits ?<\/h2>\t\t\t\t<\/div>\n\t\t\t\t<\/div>\n\t\t\t\t<div class=\"elementor-element elementor-element-d53dd3b elementor-widget elementor-widget-text-editor\" data-id=\"d53dd3b\" data-element_type=\"widget\" data-e-type=\"widget\" data-widget_type=\"text-editor.default\">\n\t\t\t\t<div class=\"elementor-widget-container\">\n\t\t\t\t\t\t\t\t\t<div class=\"\">Choisir les produits de <strong>papier ananas<\/strong>, c\u2019est opter pour bien plus qu\u2019un simple objet ! Nous invitons nos clients \u00e0 plonger dans notre univers.\u00a0<\/div><div class=\"\">La premi\u00e8re raison de choisir nos produits r\u00e9side dans notre <strong>engagement envers l\u2019originalit\u00e9<\/strong>. Chaque illustration, chaque papeterie est le fruit d\u2019une cr\u00e9ativit\u00e9 d\u00e9bordante con\u00e7ue avec passion.\u00a0<\/div><div class=\"\">Nous mettons un point d\u2019honneur \u00e0 la <strong>qualit\u00e9<\/strong>, s\u00e9lectionnant soigneusement les mat\u00e9riaux pour garantir des produits durables. Nous sommes fi\u00e8res de notre d\u00e9marche \u00e9coresponsable utilisant des <strong>mat\u00e9riaux respectueux de l\u2019environnement<\/strong> et favorisant des <strong>pratiques de production durables<\/strong>.\u00a0<\/div><div class=\"\">Enfin, choisir nos produits signifie s\u2019immerger dans un <strong>univers po\u00e9tique et inspirant<\/strong>. Chacune de nos illustrations raconte une histoire, \u00e9voque des \u00e9motions et stimule l\u2019imagination.\u00a0\u00bb<\/div>\t\t\t\t\t\t\t\t<\/div>\n\t\t\t\t<\/div>\n\t\t\t\t<div class=\"elementor-element elementor-element-f3d925f elementor-widget elementor-widget-spacer\" data-id=\"f3d925f\" data-element_type=\"widget\" data-e-type=\"widget\" data-widget_type=\"spacer.default\">\n\t\t\t\t<div class=\"elementor-widget-container\">\n\t\t\t\t\t\t\t<div class=\"elementor-spacer\">\n\t\t\t<div class=\"elementor-spacer-inner\"><\/div>\n\t\t<\/div>\n\t\t\t\t\t\t<\/div>\n\t\t\t\t<\/div>\n\t\t\t\t<div class=\"elementor-element elementor-element-af24339 elementor-widget elementor-widget-spacer\" data-id=\"af24339\" data-element_type=\"widget\" data-e-type=\"widget\" data-widget_type=\"spacer.default\">\n\t\t\t\t<div class=\"elementor-widget-container\">\n\t\t\t\t\t\t\t<div class=\"elementor-spacer\">\n\t\t\t<div class=\"elementor-spacer-inner\"><\/div>\n\t\t<\/div>\n\t\t\t\t\t\t<\/div>\n\t\t\t\t<\/div>\n\t\t\t\t<div class=\"elementor-element elementor-element-1a6cb0b elementor-widget elementor-widget-text-editor\" data-id=\"1a6cb0b\" data-element_type=\"widget\" data-e-type=\"widget\" data-widget_type=\"text-editor.default\">\n\t\t\t\t<div class=\"elementor-widget-container\">\n\t\t\t\t\t\t\t\t\t<p class=\"p1\">Retrouvez papier ananas sur :<span class=\"Apple-converted-space\">\u00a0<\/span><\/p><p class=\"p1\">Instagram : <a href=\"https:\/\/www.instagram.com\/papier_ananas\/\">@papier_ananas<\/a><\/p><p class=\"p2\">Facebook : <a href=\"https:\/\/www.facebook.com\/papierananas\">@papierananas<\/a><\/p><p class=\"p3\"><span class=\"s1\">Site web : <span class=\"Apple-converted-space\">\u00a0 <\/span><a href=\"https:\/\/www.papierananas.fr\"><span class=\"s2\">www.papierananas.fr<\/span><\/a><\/span><\/p><p class=\"p6\">Merci \u00e0 elle pour ce partage et pour sa confiance.<span class=\"Apple-converted-space\">\u00a0<\/span><\/p>\t\t\t\t\t\t\t\t<\/div>\n\t\t\t\t<\/div>\n\t\t\t\t\t<\/div>\n\t\t<\/div>\n\t\t\t\t\t<\/div>\n\t\t<\/section>\n\t\t\t\t<section class=\"elementor-section elementor-top-section elementor-element elementor-element-0ab8e36 elementor-section-boxed elementor-section-height-default elementor-section-height-default\" data-id=\"0ab8e36\" data-element_type=\"section\" data-e-type=\"section\">\n\t\t\t\t\t\t<div class=\"elementor-container elementor-column-gap-default\">\n\t\t\t\t\t<div class=\"elementor-column elementor-col-100 elementor-top-column elementor-element elementor-element-5b666b2\" data-id=\"5b666b2\" data-element_type=\"column\" data-e-type=\"column\">\n\t\t\t<div class=\"elementor-widget-wrap elementor-element-populated\">\n\t\t\t\t\t\t<div class=\"elementor-element elementor-element-9da2564 elementor-widget elementor-widget-spacer\" data-id=\"9da2564\" data-element_type=\"widget\" data-e-type=\"widget\" data-widget_type=\"spacer.default\">\n\t\t\t\t<div class=\"elementor-widget-container\">\n\t\t\t\t\t\t\t<div class=\"elementor-spacer\">\n\t\t\t<div class=\"elementor-spacer-inner\"><\/div>\n\t\t<\/div>\n\t\t\t\t\t\t<\/div>\n\t\t\t\t<\/div>\n\t\t\t\t\t<\/div>\n\t\t<\/div>\n\t\t\t\t\t<\/div>\n\t\t<\/section>\n\t\t\t\t<\/div>","protected":false},"excerpt":{"rendered":"<p><\/p>","protected":false},"author":1,"featured_media":3258,"comment_status":"closed","ping_status":"open","sticky":false,"template":"elementor_header_footer","format":"standard","meta":{"_monsterinsights_skip_tracking":false,"_monsterinsights_sitenote_active":false,"_monsterinsights_sitenote_note":"","_monsterinsights_sitenote_category":0,"footnotes":""},"categories":[244],"tags":[],"class_list":["post-3257","post","type-post","status-publish","format-standard","has-post-thumbnail","hentry","category-interviews"],"yoast_head":"<!-- This site is optimized with the Yoast SEO plugin v27.4 - https:\/\/yoast.com\/product\/yoast-seo-wordpress\/ -->\n<title>Interview de papier ananas, une marque cr\u00e9ative d&#039;illustrations po\u00e9tiques et uniques - UpTextile<\/title>\n<meta name=\"description\" content=\"D\u00e9couvrez notre interview de la marque papier ananas, marque cr\u00e9ative d&#039;illustrations po\u00e9tiques et uniques.\" \/>\n<meta name=\"robots\" content=\"index, follow, max-snippet:-1, max-image-preview:large, max-video-preview:-1\" \/>\n<link rel=\"canonical\" href=\"https:\/\/www.uptextile.fr\/en\/interview-de-papier-ananas-une-marque-creative-dillustrations-poetiques-et-uniques\/\" \/>\n<meta property=\"og:locale\" content=\"en_GB\" \/>\n<meta property=\"og:type\" content=\"article\" \/>\n<meta property=\"og:title\" content=\"Interview de papier ananas, une marque cr\u00e9ative d&#039;illustrations po\u00e9tiques et uniques - UpTextile\" \/>\n<meta property=\"og:description\" content=\"D\u00e9couvrez notre interview de la marque papier ananas, marque cr\u00e9ative d&#039;illustrations po\u00e9tiques et uniques.\" \/>\n<meta property=\"og:url\" content=\"https:\/\/www.uptextile.fr\/en\/interview-de-papier-ananas-une-marque-creative-dillustrations-poetiques-et-uniques\/\" \/>\n<meta property=\"og:site_name\" content=\"UpTextile\" \/>\n<meta property=\"article:published_time\" content=\"2023-11-28T10:10:14+00:00\" \/>\n<meta property=\"article:modified_time\" content=\"2024-09-30T12:08:17+00:00\" \/>\n<meta property=\"og:image\" content=\"https:\/\/www.uptextile.fr\/wp-content\/uploads\/2023\/11\/IMG_6513-scaled.jpg\" \/>\n\t<meta property=\"og:image:width\" content=\"2061\" \/>\n\t<meta property=\"og:image:height\" content=\"2560\" \/>\n\t<meta property=\"og:image:type\" content=\"image\/jpeg\" \/>\n<meta name=\"author\" content=\"admin\" \/>\n<meta name=\"twitter:card\" content=\"summary_large_image\" \/>\n<meta name=\"twitter:label1\" content=\"Written by\" \/>\n\t<meta name=\"twitter:data1\" content=\"admin\" \/>\n\t<meta name=\"twitter:label2\" content=\"Estimated reading time\" \/>\n\t<meta name=\"twitter:data2\" content=\"7 minutes\" \/>\n<script type=\"application\/ld+json\" class=\"yoast-schema-graph\">{\"@context\":\"https:\\\/\\\/schema.org\",\"@graph\":[{\"@type\":\"Article\",\"@id\":\"https:\\\/\\\/www.uptextile.fr\\\/interview-de-papier-ananas-une-marque-creative-dillustrations-poetiques-et-uniques\\\/#article\",\"isPartOf\":{\"@id\":\"https:\\\/\\\/www.uptextile.fr\\\/interview-de-papier-ananas-une-marque-creative-dillustrations-poetiques-et-uniques\\\/\"},\"author\":{\"name\":\"admin\",\"@id\":\"https:\\\/\\\/www.uptextile.fr\\\/#\\\/schema\\\/person\\\/ddd7afbcab186b7fb4ccfcc324dc6ade\"},\"headline\":\"Interview de papier ananas, une marque cr\u00e9ative d&rsquo;illustrations po\u00e9tiques et uniques\",\"datePublished\":\"2023-11-28T10:10:14+00:00\",\"dateModified\":\"2024-09-30T12:08:17+00:00\",\"mainEntityOfPage\":{\"@id\":\"https:\\\/\\\/www.uptextile.fr\\\/interview-de-papier-ananas-une-marque-creative-dillustrations-poetiques-et-uniques\\\/\"},\"wordCount\":1075,\"image\":{\"@id\":\"https:\\\/\\\/www.uptextile.fr\\\/interview-de-papier-ananas-une-marque-creative-dillustrations-poetiques-et-uniques\\\/#primaryimage\"},\"thumbnailUrl\":\"https:\\\/\\\/www.uptextile.fr\\\/wp-content\\\/uploads\\\/2023\\\/11\\\/IMG_6513-scaled.jpg\",\"articleSection\":[\"Interviews\"],\"inLanguage\":\"en-GB\"},{\"@type\":\"WebPage\",\"@id\":\"https:\\\/\\\/www.uptextile.fr\\\/interview-de-papier-ananas-une-marque-creative-dillustrations-poetiques-et-uniques\\\/\",\"url\":\"https:\\\/\\\/www.uptextile.fr\\\/interview-de-papier-ananas-une-marque-creative-dillustrations-poetiques-et-uniques\\\/\",\"name\":\"Interview de papier ananas, une marque cr\u00e9ative d'illustrations po\u00e9tiques et uniques - UpTextile\",\"isPartOf\":{\"@id\":\"https:\\\/\\\/www.uptextile.fr\\\/#website\"},\"primaryImageOfPage\":{\"@id\":\"https:\\\/\\\/www.uptextile.fr\\\/interview-de-papier-ananas-une-marque-creative-dillustrations-poetiques-et-uniques\\\/#primaryimage\"},\"image\":{\"@id\":\"https:\\\/\\\/www.uptextile.fr\\\/interview-de-papier-ananas-une-marque-creative-dillustrations-poetiques-et-uniques\\\/#primaryimage\"},\"thumbnailUrl\":\"https:\\\/\\\/www.uptextile.fr\\\/wp-content\\\/uploads\\\/2023\\\/11\\\/IMG_6513-scaled.jpg\",\"datePublished\":\"2023-11-28T10:10:14+00:00\",\"dateModified\":\"2024-09-30T12:08:17+00:00\",\"author\":{\"@id\":\"https:\\\/\\\/www.uptextile.fr\\\/#\\\/schema\\\/person\\\/ddd7afbcab186b7fb4ccfcc324dc6ade\"},\"description\":\"D\u00e9couvrez notre interview de la marque papier ananas, marque cr\u00e9ative d'illustrations po\u00e9tiques et uniques.\",\"breadcrumb\":{\"@id\":\"https:\\\/\\\/www.uptextile.fr\\\/interview-de-papier-ananas-une-marque-creative-dillustrations-poetiques-et-uniques\\\/#breadcrumb\"},\"inLanguage\":\"en-GB\",\"potentialAction\":[{\"@type\":\"ReadAction\",\"target\":[\"https:\\\/\\\/www.uptextile.fr\\\/interview-de-papier-ananas-une-marque-creative-dillustrations-poetiques-et-uniques\\\/\"]}]},{\"@type\":\"ImageObject\",\"inLanguage\":\"en-GB\",\"@id\":\"https:\\\/\\\/www.uptextile.fr\\\/interview-de-papier-ananas-une-marque-creative-dillustrations-poetiques-et-uniques\\\/#primaryimage\",\"url\":\"https:\\\/\\\/www.uptextile.fr\\\/wp-content\\\/uploads\\\/2023\\\/11\\\/IMG_6513-scaled.jpg\",\"contentUrl\":\"https:\\\/\\\/www.uptextile.fr\\\/wp-content\\\/uploads\\\/2023\\\/11\\\/IMG_6513-scaled.jpg\",\"width\":2061,\"height\":2560,\"caption\":\"papier ananas\"},{\"@type\":\"BreadcrumbList\",\"@id\":\"https:\\\/\\\/www.uptextile.fr\\\/interview-de-papier-ananas-une-marque-creative-dillustrations-poetiques-et-uniques\\\/#breadcrumb\",\"itemListElement\":[{\"@type\":\"ListItem\",\"position\":1,\"name\":\"Accueil\",\"item\":\"https:\\\/\\\/www.uptextile.fr\\\/\"},{\"@type\":\"ListItem\",\"position\":2,\"name\":\"Interview de papier ananas, une marque cr\u00e9ative d&rsquo;illustrations po\u00e9tiques et uniques\"}]},{\"@type\":\"WebSite\",\"@id\":\"https:\\\/\\\/www.uptextile.fr\\\/#website\",\"url\":\"https:\\\/\\\/www.uptextile.fr\\\/\",\"name\":\"UpTextile\",\"description\":\"L&#039;impression num\u00e9rique \u00e0 votre service\",\"potentialAction\":[{\"@type\":\"SearchAction\",\"target\":{\"@type\":\"EntryPoint\",\"urlTemplate\":\"https:\\\/\\\/www.uptextile.fr\\\/?s={search_term_string}\"},\"query-input\":{\"@type\":\"PropertyValueSpecification\",\"valueRequired\":true,\"valueName\":\"search_term_string\"}}],\"inLanguage\":\"en-GB\"},{\"@type\":\"Person\",\"@id\":\"https:\\\/\\\/www.uptextile.fr\\\/#\\\/schema\\\/person\\\/ddd7afbcab186b7fb4ccfcc324dc6ade\",\"name\":\"admin\",\"image\":{\"@type\":\"ImageObject\",\"inLanguage\":\"en-GB\",\"@id\":\"https:\\\/\\\/secure.gravatar.com\\\/avatar\\\/6670ee2da31d04324ab60d2c276c81c91f6f128389d0cd7f2efb1030b28554de?s=96&d=mm&r=g\",\"url\":\"https:\\\/\\\/secure.gravatar.com\\\/avatar\\\/6670ee2da31d04324ab60d2c276c81c91f6f128389d0cd7f2efb1030b28554de?s=96&d=mm&r=g\",\"contentUrl\":\"https:\\\/\\\/secure.gravatar.com\\\/avatar\\\/6670ee2da31d04324ab60d2c276c81c91f6f128389d0cd7f2efb1030b28554de?s=96&d=mm&r=g\",\"caption\":\"admin\"},\"url\":\"https:\\\/\\\/www.uptextile.fr\\\/en\\\/author\\\/admin\\\/\"}]}<\/script>\n<!-- \/ Yoast SEO plugin. -->","yoast_head_json":{"title":"Interview de papier ananas, une marque cr\u00e9ative d'illustrations po\u00e9tiques et uniques - UpTextile","description":"D\u00e9couvrez notre interview de la marque papier ananas, marque cr\u00e9ative d'illustrations po\u00e9tiques et uniques.","robots":{"index":"index","follow":"follow","max-snippet":"max-snippet:-1","max-image-preview":"max-image-preview:large","max-video-preview":"max-video-preview:-1"},"canonical":"https:\/\/www.uptextile.fr\/en\/interview-de-papier-ananas-une-marque-creative-dillustrations-poetiques-et-uniques\/","og_locale":"en_GB","og_type":"article","og_title":"Interview de papier ananas, une marque cr\u00e9ative d'illustrations po\u00e9tiques et uniques - UpTextile","og_description":"D\u00e9couvrez notre interview de la marque papier ananas, marque cr\u00e9ative d'illustrations po\u00e9tiques et uniques.","og_url":"https:\/\/www.uptextile.fr\/en\/interview-de-papier-ananas-une-marque-creative-dillustrations-poetiques-et-uniques\/","og_site_name":"UpTextile","article_published_time":"2023-11-28T10:10:14+00:00","article_modified_time":"2024-09-30T12:08:17+00:00","og_image":[{"width":2061,"height":2560,"url":"https:\/\/www.uptextile.fr\/wp-content\/uploads\/2023\/11\/IMG_6513-scaled.jpg","type":"image\/jpeg"}],"author":"admin","twitter_card":"summary_large_image","twitter_misc":{"Written by":"admin","Estimated reading time":"7 minutes"},"schema":{"@context":"https:\/\/schema.org","@graph":[{"@type":"Article","@id":"https:\/\/www.uptextile.fr\/interview-de-papier-ananas-une-marque-creative-dillustrations-poetiques-et-uniques\/#article","isPartOf":{"@id":"https:\/\/www.uptextile.fr\/interview-de-papier-ananas-une-marque-creative-dillustrations-poetiques-et-uniques\/"},"author":{"name":"admin","@id":"https:\/\/www.uptextile.fr\/#\/schema\/person\/ddd7afbcab186b7fb4ccfcc324dc6ade"},"headline":"Interview de papier ananas, une marque cr\u00e9ative d&rsquo;illustrations po\u00e9tiques et uniques","datePublished":"2023-11-28T10:10:14+00:00","dateModified":"2024-09-30T12:08:17+00:00","mainEntityOfPage":{"@id":"https:\/\/www.uptextile.fr\/interview-de-papier-ananas-une-marque-creative-dillustrations-poetiques-et-uniques\/"},"wordCount":1075,"image":{"@id":"https:\/\/www.uptextile.fr\/interview-de-papier-ananas-une-marque-creative-dillustrations-poetiques-et-uniques\/#primaryimage"},"thumbnailUrl":"https:\/\/www.uptextile.fr\/wp-content\/uploads\/2023\/11\/IMG_6513-scaled.jpg","articleSection":["Interviews"],"inLanguage":"en-GB"},{"@type":"WebPage","@id":"https:\/\/www.uptextile.fr\/interview-de-papier-ananas-une-marque-creative-dillustrations-poetiques-et-uniques\/","url":"https:\/\/www.uptextile.fr\/interview-de-papier-ananas-une-marque-creative-dillustrations-poetiques-et-uniques\/","name":"Interview de papier ananas, une marque cr\u00e9ative d'illustrations po\u00e9tiques et uniques - UpTextile","isPartOf":{"@id":"https:\/\/www.uptextile.fr\/#website"},"primaryImageOfPage":{"@id":"https:\/\/www.uptextile.fr\/interview-de-papier-ananas-une-marque-creative-dillustrations-poetiques-et-uniques\/#primaryimage"},"image":{"@id":"https:\/\/www.uptextile.fr\/interview-de-papier-ananas-une-marque-creative-dillustrations-poetiques-et-uniques\/#primaryimage"},"thumbnailUrl":"https:\/\/www.uptextile.fr\/wp-content\/uploads\/2023\/11\/IMG_6513-scaled.jpg","datePublished":"2023-11-28T10:10:14+00:00","dateModified":"2024-09-30T12:08:17+00:00","author":{"@id":"https:\/\/www.uptextile.fr\/#\/schema\/person\/ddd7afbcab186b7fb4ccfcc324dc6ade"},"description":"D\u00e9couvrez notre interview de la marque papier ananas, marque cr\u00e9ative d'illustrations po\u00e9tiques et uniques.","breadcrumb":{"@id":"https:\/\/www.uptextile.fr\/interview-de-papier-ananas-une-marque-creative-dillustrations-poetiques-et-uniques\/#breadcrumb"},"inLanguage":"en-GB","potentialAction":[{"@type":"ReadAction","target":["https:\/\/www.uptextile.fr\/interview-de-papier-ananas-une-marque-creative-dillustrations-poetiques-et-uniques\/"]}]},{"@type":"ImageObject","inLanguage":"en-GB","@id":"https:\/\/www.uptextile.fr\/interview-de-papier-ananas-une-marque-creative-dillustrations-poetiques-et-uniques\/#primaryimage","url":"https:\/\/www.uptextile.fr\/wp-content\/uploads\/2023\/11\/IMG_6513-scaled.jpg","contentUrl":"https:\/\/www.uptextile.fr\/wp-content\/uploads\/2023\/11\/IMG_6513-scaled.jpg","width":2061,"height":2560,"caption":"papier ananas"},{"@type":"BreadcrumbList","@id":"https:\/\/www.uptextile.fr\/interview-de-papier-ananas-une-marque-creative-dillustrations-poetiques-et-uniques\/#breadcrumb","itemListElement":[{"@type":"ListItem","position":1,"name":"Accueil","item":"https:\/\/www.uptextile.fr\/"},{"@type":"ListItem","position":2,"name":"Interview de papier ananas, une marque cr\u00e9ative d&rsquo;illustrations po\u00e9tiques et uniques"}]},{"@type":"WebSite","@id":"https:\/\/www.uptextile.fr\/#website","url":"https:\/\/www.uptextile.fr\/","name":"UpTextile","description":"L&#039;impression num\u00e9rique \u00e0 votre service","potentialAction":[{"@type":"SearchAction","target":{"@type":"EntryPoint","urlTemplate":"https:\/\/www.uptextile.fr\/?s={search_term_string}"},"query-input":{"@type":"PropertyValueSpecification","valueRequired":true,"valueName":"search_term_string"}}],"inLanguage":"en-GB"},{"@type":"Person","@id":"https:\/\/www.uptextile.fr\/#\/schema\/person\/ddd7afbcab186b7fb4ccfcc324dc6ade","name":"admin","image":{"@type":"ImageObject","inLanguage":"en-GB","@id":"https:\/\/secure.gravatar.com\/avatar\/6670ee2da31d04324ab60d2c276c81c91f6f128389d0cd7f2efb1030b28554de?s=96&d=mm&r=g","url":"https:\/\/secure.gravatar.com\/avatar\/6670ee2da31d04324ab60d2c276c81c91f6f128389d0cd7f2efb1030b28554de?s=96&d=mm&r=g","contentUrl":"https:\/\/secure.gravatar.com\/avatar\/6670ee2da31d04324ab60d2c276c81c91f6f128389d0cd7f2efb1030b28554de?s=96&d=mm&r=g","caption":"admin"},"url":"https:\/\/www.uptextile.fr\/en\/author\/admin\/"}]}},"_links":{"self":[{"href":"https:\/\/www.uptextile.fr\/en\/wp-json\/wp\/v2\/posts\/3257","targetHints":{"allow":["GET"]}}],"collection":[{"href":"https:\/\/www.uptextile.fr\/en\/wp-json\/wp\/v2\/posts"}],"about":[{"href":"https:\/\/www.uptextile.fr\/en\/wp-json\/wp\/v2\/types\/post"}],"author":[{"embeddable":true,"href":"https:\/\/www.uptextile.fr\/en\/wp-json\/wp\/v2\/users\/1"}],"replies":[{"embeddable":true,"href":"https:\/\/www.uptextile.fr\/en\/wp-json\/wp\/v2\/comments?post=3257"}],"version-history":[{"count":11,"href":"https:\/\/www.uptextile.fr\/en\/wp-json\/wp\/v2\/posts\/3257\/revisions"}],"predecessor-version":[{"id":3604,"href":"https:\/\/www.uptextile.fr\/en\/wp-json\/wp\/v2\/posts\/3257\/revisions\/3604"}],"wp:featuredmedia":[{"embeddable":true,"href":"https:\/\/www.uptextile.fr\/en\/wp-json\/wp\/v2\/media\/3258"}],"wp:attachment":[{"href":"https:\/\/www.uptextile.fr\/en\/wp-json\/wp\/v2\/media?parent=3257"}],"wp:term":[{"taxonomy":"category","embeddable":true,"href":"https:\/\/www.uptextile.fr\/en\/wp-json\/wp\/v2\/categories?post=3257"},{"taxonomy":"post_tag","embeddable":true,"href":"https:\/\/www.uptextile.fr\/en\/wp-json\/wp\/v2\/tags?post=3257"}],"curies":[{"name":"wp","href":"https:\/\/api.w.org\/{rel}","templated":true}]}}