{"id":3325,"date":"2024-03-11T11:38:25","date_gmt":"2024-03-11T10:38:25","guid":{"rendered":"https:\/\/www.uptextile.fr\/?p=3325"},"modified":"2024-09-30T14:06:12","modified_gmt":"2024-09-30T12:06:12","slug":"interview-de-label-histoire","status":"publish","type":"post","link":"https:\/\/www.uptextile.fr\/en\/interview-de-label-histoire\/","title":{"rendered":"Interview de Label Histoire, une marque qui met \u00e0 l&rsquo;honneur les artistes et artisans d&rsquo;hier et d&rsquo;aujourd&rsquo;hui"},"content":{"rendered":"<div data-elementor-type=\"wp-post\" data-elementor-id=\"3325\" class=\"elementor elementor-3325\" data-elementor-post-type=\"post\">\n\t\t\t\t\t\t<section class=\"elementor-section elementor-top-section elementor-element elementor-element-6204785 elementor-section-boxed elementor-section-height-default elementor-section-height-default\" data-id=\"6204785\" data-element_type=\"section\" data-e-type=\"section\">\n\t\t\t\t\t\t<div class=\"elementor-container elementor-column-gap-default\">\n\t\t\t\t\t<div class=\"elementor-column elementor-col-100 elementor-top-column elementor-element elementor-element-335ce89\" data-id=\"335ce89\" data-element_type=\"column\" data-e-type=\"column\">\n\t\t\t<div class=\"elementor-widget-wrap elementor-element-populated\">\n\t\t\t\t\t\t<div class=\"elementor-element elementor-element-8731012 elementor-widget elementor-widget-spacer\" data-id=\"8731012\" data-element_type=\"widget\" data-e-type=\"widget\" data-widget_type=\"spacer.default\">\n\t\t\t\t<div class=\"elementor-widget-container\">\n\t\t\t\t\t\t\t<div class=\"elementor-spacer\">\n\t\t\t<div class=\"elementor-spacer-inner\"><\/div>\n\t\t<\/div>\n\t\t\t\t\t\t<\/div>\n\t\t\t\t<\/div>\n\t\t\t\t<div class=\"elementor-element elementor-element-a539f5e elementor-widget elementor-widget-heading\" data-id=\"a539f5e\" data-element_type=\"widget\" data-e-type=\"widget\" data-widget_type=\"heading.default\">\n\t\t\t\t<div class=\"elementor-widget-container\">\n\t\t\t\t\t<h1 class=\"elementor-heading-title elementor-size-default\"><span style=\"color:white\"> interview <br> de <\/span> Label Histoire<\/h1>\t\t\t\t<\/div>\n\t\t\t\t<\/div>\n\t\t\t\t<div class=\"elementor-element elementor-element-690fcb6 elementor-widget elementor-widget-spacer\" data-id=\"690fcb6\" data-element_type=\"widget\" data-e-type=\"widget\" data-widget_type=\"spacer.default\">\n\t\t\t\t<div class=\"elementor-widget-container\">\n\t\t\t\t\t\t\t<div class=\"elementor-spacer\">\n\t\t\t<div class=\"elementor-spacer-inner\"><\/div>\n\t\t<\/div>\n\t\t\t\t\t\t<\/div>\n\t\t\t\t<\/div>\n\t\t\t\t\t<\/div>\n\t\t<\/div>\n\t\t\t\t\t<\/div>\n\t\t<\/section>\n\t\t\t\t<section class=\"elementor-section elementor-top-section elementor-element elementor-element-4055702 elementor-reverse-tablet elementor-reverse-mobile elementor-section-boxed elementor-section-height-default elementor-section-height-default\" data-id=\"4055702\" data-element_type=\"section\" data-e-type=\"section\">\n\t\t\t\t\t\t<div class=\"elementor-container elementor-column-gap-default\">\n\t\t\t\t\t<div class=\"elementor-column elementor-col-50 elementor-top-column elementor-element elementor-element-3d25821\" data-id=\"3d25821\" data-element_type=\"column\" data-e-type=\"column\">\n\t\t\t<div class=\"elementor-widget-wrap elementor-element-populated\">\n\t\t\t\t\t\t<div class=\"elementor-element elementor-element-8f7d5d2 elementor-widget elementor-widget-image\" data-id=\"8f7d5d2\" data-element_type=\"widget\" data-e-type=\"widget\" data-widget_type=\"image.default\">\n\t\t\t\t<div class=\"elementor-widget-container\">\n\t\t\t\t\t\t\t\t\t\t\t\t\t\t\t<img fetchpriority=\"high\" decoding=\"async\" width=\"800\" height=\"800\" src=\"https:\/\/www.uptextile.fr\/wp-content\/uploads\/2024\/03\/143-1024x1024.png\" class=\"attachment-large size-large wp-image-3331\" alt=\"Marie-Jo Gebel\" srcset=\"https:\/\/www.uptextile.fr\/wp-content\/uploads\/2024\/03\/143-1024x1024.png 1024w, https:\/\/www.uptextile.fr\/wp-content\/uploads\/2024\/03\/143-300x300.png 300w, https:\/\/www.uptextile.fr\/wp-content\/uploads\/2024\/03\/143-150x150.png 150w, https:\/\/www.uptextile.fr\/wp-content\/uploads\/2024\/03\/143-768x768.png 768w, https:\/\/www.uptextile.fr\/wp-content\/uploads\/2024\/03\/143-12x12.png 12w, https:\/\/www.uptextile.fr\/wp-content\/uploads\/2024\/03\/143-600x600.png 600w, https:\/\/www.uptextile.fr\/wp-content\/uploads\/2024\/03\/143-100x100.png 100w, https:\/\/www.uptextile.fr\/wp-content\/uploads\/2024\/03\/143.png 1080w\" sizes=\"(max-width: 800px) 100vw, 800px\" \/>\t\t\t\t\t\t\t\t\t\t\t\t\t\t\t<\/div>\n\t\t\t\t<\/div>\n\t\t\t\t<div class=\"elementor-element elementor-element-cbfdd14 elementor-widget elementor-widget-image\" data-id=\"cbfdd14\" data-element_type=\"widget\" data-e-type=\"widget\" data-widget_type=\"image.default\">\n\t\t\t\t<div class=\"elementor-widget-container\">\n\t\t\t\t\t\t\t\t\t\t\t\t\t\t\t<img decoding=\"async\" width=\"800\" height=\"800\" src=\"https:\/\/www.uptextile.fr\/wp-content\/uploads\/2024\/03\/142-1024x1024.png\" class=\"attachment-large size-large wp-image-3330\" alt=\"Linge de maison Label Histoire\" srcset=\"https:\/\/www.uptextile.fr\/wp-content\/uploads\/2024\/03\/142-1024x1024.png 1024w, https:\/\/www.uptextile.fr\/wp-content\/uploads\/2024\/03\/142-300x300.png 300w, https:\/\/www.uptextile.fr\/wp-content\/uploads\/2024\/03\/142-150x150.png 150w, https:\/\/www.uptextile.fr\/wp-content\/uploads\/2024\/03\/142-768x768.png 768w, https:\/\/www.uptextile.fr\/wp-content\/uploads\/2024\/03\/142-12x12.png 12w, https:\/\/www.uptextile.fr\/wp-content\/uploads\/2024\/03\/142-600x600.png 600w, https:\/\/www.uptextile.fr\/wp-content\/uploads\/2024\/03\/142-100x100.png 100w, https:\/\/www.uptextile.fr\/wp-content\/uploads\/2024\/03\/142.png 1080w\" sizes=\"(max-width: 800px) 100vw, 800px\" \/>\t\t\t\t\t\t\t\t\t\t\t\t\t\t\t<\/div>\n\t\t\t\t<\/div>\n\t\t\t\t\t<\/div>\n\t\t<\/div>\n\t\t\t\t<div class=\"elementor-column elementor-col-50 elementor-top-column elementor-element elementor-element-8404247\" data-id=\"8404247\" data-element_type=\"column\" data-e-type=\"column\">\n\t\t\t<div class=\"elementor-widget-wrap elementor-element-populated\">\n\t\t\t\t\t\t<div class=\"elementor-element elementor-element-1b58620 elementor-widget elementor-widget-heading\" data-id=\"1b58620\" data-element_type=\"widget\" data-e-type=\"widget\" data-widget_type=\"heading.default\">\n\t\t\t\t<div class=\"elementor-widget-container\">\n\t\t\t\t\t<h2 class=\"elementor-heading-title elementor-size-default\">Label Histoire, une marque qui met \u00e0 l'honneur les artistes et artisans d'hier et d'aujourd'hui<\/h2>\t\t\t\t<\/div>\n\t\t\t\t<\/div>\n\t\t\t\t<div class=\"elementor-element elementor-element-ee56382 elementor-widget elementor-widget-text-editor\" data-id=\"ee56382\" data-element_type=\"widget\" data-e-type=\"widget\" data-widget_type=\"text-editor.default\">\n\t\t\t\t<div class=\"elementor-widget-container\">\n\t\t\t\t\t\t\t\t\t<p><strong>Label Histoire<\/strong> est une <strong>marque fran\u00e7aise<\/strong> sp\u00e9cialis\u00e9e dans le <strong>linge de maison<\/strong>, les <strong>accessories<\/strong> et la<strong> d\u00e9coration<\/strong>, cr\u00e9\u00e9e par <strong>Marie-Jo Gebel<\/strong>. Ses collections sont <strong>fabriqu\u00e9es en France et dessin\u00e9es en Alsace<\/strong>. Passionn\u00e9e par l\u2019art et le textile, elle cr\u00e9e des produits textiles mettant en lumi\u00e8re <strong>l\u2019art et les artisans fran\u00e7ais d\u2019hier et d\u2019aujourd\u2019hu<\/strong>i. Elle est connue et reconnue pour ses <strong>\u00e9toffes de No\u00ebl pour la Ville de Mulhouse<\/strong>.<\/p><p>Nous avons eu l\u2019honneur de mener une interview exclusive avec la talentueuse <strong>Marie-Jo Gebel<\/strong>.<\/p>\t\t\t\t\t\t\t\t<\/div>\n\t\t\t\t<\/div>\n\t\t\t\t\t<\/div>\n\t\t<\/div>\n\t\t\t\t\t<\/div>\n\t\t<\/section>\n\t\t\t\t<section class=\"elementor-section elementor-top-section elementor-element elementor-element-8b01205 elementor-section-boxed elementor-section-height-default elementor-section-height-default\" data-id=\"8b01205\" data-element_type=\"section\" data-e-type=\"section\">\n\t\t\t\t\t\t<div class=\"elementor-container elementor-column-gap-default\">\n\t\t\t\t\t<div class=\"elementor-column elementor-col-100 elementor-top-column elementor-element elementor-element-0dc5bc1\" data-id=\"0dc5bc1\" data-element_type=\"column\" data-e-type=\"column\">\n\t\t\t<div class=\"elementor-widget-wrap elementor-element-populated\">\n\t\t\t\t\t\t<div class=\"elementor-element elementor-element-dcb85e9 elementor-widget elementor-widget-spacer\" data-id=\"dcb85e9\" data-element_type=\"widget\" data-e-type=\"widget\" data-widget_type=\"spacer.default\">\n\t\t\t\t<div class=\"elementor-widget-container\">\n\t\t\t\t\t\t\t<div class=\"elementor-spacer\">\n\t\t\t<div class=\"elementor-spacer-inner\"><\/div>\n\t\t<\/div>\n\t\t\t\t\t\t<\/div>\n\t\t\t\t<\/div>\n\t\t\t\t<div class=\"elementor-element elementor-element-614a19b elementor-widget elementor-widget-heading\" data-id=\"614a19b\" data-element_type=\"widget\" data-e-type=\"widget\" data-widget_type=\"heading.default\">\n\t\t\t\t<div class=\"elementor-widget-container\">\n\t\t\t\t\t<h2 class=\"elementor-heading-title elementor-size-default\">\u201cBonjour, pouvez-vous nous pr\u00e9senter votre parcours et l\u2019histoire de votre marque ? <\/h2>\t\t\t\t<\/div>\n\t\t\t\t<\/div>\n\t\t\t\t<div class=\"elementor-element elementor-element-cec7866 elementor-widget elementor-widget-text-editor\" data-id=\"cec7866\" data-element_type=\"widget\" data-e-type=\"widget\" data-widget_type=\"text-editor.default\">\n\t\t\t\t<div class=\"elementor-widget-container\">\n\t\t\t\t\t\t\t\t\t<p>D\u00e8s l\u2019\u00e2ge de 9 ans, la <strong>magie de la couture<\/strong> s\u2019est empar\u00e9e de moi. Guid\u00e9e par mes grands-m\u00e8res et leur savoir-faire, j\u2019ai appris \u00e0 dompter la machine \u00e0 p\u00e9dale et \u00e0 donner vie \u00e0 mes r\u00eaves sur tissu. Cette passion ne m\u2019a jamais quitt\u00e9e, nourrissant mon \u00e2me cr\u00e9ative au fil des ann\u00e9es.<\/p><p>Anim\u00e9e par l\u2019<strong>amour du textile<\/strong> et sa mise en sc\u00e8ne, j\u2019ai explor\u00e9 tous les styles et toutes les \u00e9poques, mariant l\u2019art et les math\u00e9matiques avec une pr\u00e9cision d\u2019orf\u00e8vre. De New York \u00e0 Mykonos, de P\u00e9kin \u00e0 Saint-Tropez, mes exp\u00e9riences m\u2019ont enrichie et ont forg\u00e9 mon identit\u00e9 artistique.<\/p><p>Mais l\u2019Alsace, ma terre natale, est rest\u00e9e ma source d\u2019inspiration principale. C\u2019est sur ses bancs que j\u2019ai appris les secrets des Beaux-Arts et que j\u2019ai fait mes premi\u00e8res armes en cr\u00e9ant les costumes du ballet de l\u2019Op\u00e9ra national du Rhin.<\/p><p>Mulhouse, ma ville natale, a jou\u00e9 un r\u00f4le particulier dans mon parcours. J\u2019ai eu le privil\u00e8ge de conceptualiser les collections de l\u2019<strong>\u00e9toffe de No\u00ebl<\/strong> pendant plus de 20 ans, illuminant la ville de ses <strong>couleurs f\u00e9\u00e9riques et contribuant \u00e0 la magie des f\u00eates de fin d\u2019ann\u00e9e<\/strong>.<\/p><p>The <strong>cr\u00e9ation<\/strong> est mon oxyg\u00e8ne, mon moteur. J\u2019ai jongl\u00e9 entre les projets, comme une acrobate sur un fil \u00e0 380\u00b0. \u00ab\u00a0La For\u00eat enchant\u00e9e\u00a0\u00bb et ses 150 personnages f\u00e9\u00e9riques, l\u2019univers \u00ab\u00a0\u00e0 la verticale de l\u2019horizon\u00a0\u00bb pour D\u00e9co\u2019Folie, ou encore ma carte blanche au <strong>Mus\u00e9e d\u2019Impression sur \u00c9toffes<\/strong>, chaque projet est une nouvelle aventure, une nouvelle histoire \u00e0 raconter.<\/p><p>Je suis une machine \u00e0 coudre, oui, mais une machine \u00e0 coudre le pr\u00e9sent avec le pass\u00e9. J\u2019innove en restant ancr\u00e9e dans l\u2019<strong>h\u00e9ritage de mon patrimoine<\/strong>, cr\u00e9ant des <strong>collections empreintes de douceur, de fra\u00eecheur, de couleurs et de po\u00e9sie<\/strong>.<\/p><p>C\u2019est ainsi que j\u2019ai sign\u00e9 des <strong>collections exclusives<\/strong> pour la Cit\u00e9 du Train et le Mus\u00e9e de l\u2019Automobile, entre \u00ab\u00a0Volutes de vapeur\u00a0\u00bb et \u00ab\u00a0Royale\u00a0\u00bb, un <strong>v\u00e9ritable voyage d\u2019\u00e9motions authentiques<\/strong>.<\/p><p>20 ann\u00e9es de cr\u00e9ation ont donn\u00e9 naissance \u00e0 mon label, <strong>LABEL HISTOIRE<\/strong>. Une griffe qui s\u2019inspire de l\u2019univers des <strong>arts d\u00e9coratifs fran\u00e7ais<\/strong> pour c\u00e9l\u00e9brer la <strong>beaut\u00e9 et le savoir-faire de notre patrimoine<\/strong>.<\/p>\t\t\t\t\t\t\t\t<\/div>\n\t\t\t\t<\/div>\n\t\t\t\t\t<\/div>\n\t\t<\/div>\n\t\t\t\t\t<\/div>\n\t\t<\/section>\n\t\t\t\t<section class=\"elementor-section elementor-top-section elementor-element elementor-element-fbf057b elementor-section-boxed elementor-section-height-default elementor-section-height-default\" data-id=\"fbf057b\" data-element_type=\"section\" data-e-type=\"section\">\n\t\t\t\t\t\t<div class=\"elementor-container elementor-column-gap-default\">\n\t\t\t\t\t<div class=\"elementor-column elementor-col-100 elementor-top-column elementor-element elementor-element-0707442\" data-id=\"0707442\" data-element_type=\"column\" data-e-type=\"column\">\n\t\t\t<div class=\"elementor-widget-wrap elementor-element-populated\">\n\t\t\t\t\t\t<div class=\"elementor-element elementor-element-1cdaa7c elementor-widget elementor-widget-spacer\" data-id=\"1cdaa7c\" data-element_type=\"widget\" data-e-type=\"widget\" data-widget_type=\"spacer.default\">\n\t\t\t\t<div class=\"elementor-widget-container\">\n\t\t\t\t\t\t\t<div class=\"elementor-spacer\">\n\t\t\t<div class=\"elementor-spacer-inner\"><\/div>\n\t\t<\/div>\n\t\t\t\t\t\t<\/div>\n\t\t\t\t<\/div>\n\t\t\t\t<div class=\"elementor-element elementor-element-9a684f0 elementor-widget elementor-widget-heading\" data-id=\"9a684f0\" data-element_type=\"widget\" data-e-type=\"widget\" data-widget_type=\"heading.default\">\n\t\t\t\t<div class=\"elementor-widget-container\">\n\t\t\t\t\t<h2 class=\"elementor-heading-title elementor-size-default\">O\u00f9 peut-on retrouver vos produits ? <\/h2>\t\t\t\t<\/div>\n\t\t\t\t<\/div>\n\t\t\t\t<div class=\"elementor-element elementor-element-a3ede64 elementor-widget elementor-widget-text-editor\" data-id=\"a3ede64\" data-element_type=\"widget\" data-e-type=\"widget\" data-widget_type=\"text-editor.default\">\n\t\t\t\t<div class=\"elementor-widget-container\">\n\t\t\t\t\t\t\t\t\t<p>En 2019, j\u2019ai ouvert ma premi\u00e8re <strong>boutique<\/strong> au c\u0153ur historique de <strong>Mulhouse<\/strong>. Un r\u00eave devenu r\u00e9alit\u00e9.<\/p><p>Aujourd\u2019hui, je continue \u00e0 tisser ma toile \u00e9galement via ma <strong>boutique en ligne<\/strong>. Mes collections peuvent d\u00e9sormais voyager dans toutes les maisons du monde.<\/p><p>Vous pouvez \u00e9galement retrouver mes \u00e9toffes dans des mus\u00e9e comme le <strong>Mus\u00e9e de l\u2019Impression sur \u00c9toffes<\/strong> ou encore dans le <strong>Mus\u00e9e Textile de Wesserling<\/strong> lors de son ouverture fin avril.<\/p>\t\t\t\t\t\t\t\t<\/div>\n\t\t\t\t<\/div>\n\t\t\t\t\t<\/div>\n\t\t<\/div>\n\t\t\t\t\t<\/div>\n\t\t<\/section>\n\t\t\t\t<section class=\"elementor-section elementor-top-section elementor-element elementor-element-58ce245 elementor-section-boxed elementor-section-height-default elementor-section-height-default\" data-id=\"58ce245\" data-element_type=\"section\" data-e-type=\"section\">\n\t\t\t\t\t\t<div class=\"elementor-container elementor-column-gap-default\">\n\t\t\t\t\t<div class=\"elementor-column elementor-col-33 elementor-top-column elementor-element elementor-element-0e83c0a\" data-id=\"0e83c0a\" data-element_type=\"column\" data-e-type=\"column\">\n\t\t\t<div class=\"elementor-widget-wrap elementor-element-populated\">\n\t\t\t\t\t\t<div class=\"elementor-element elementor-element-450c862 elementor-hidden-mobile e-transform e-transform elementor-widget elementor-widget-image\" data-id=\"450c862\" data-element_type=\"widget\" data-e-type=\"widget\" data-settings=\"{&quot;_transform_translateX_effect&quot;:{&quot;unit&quot;:&quot;%&quot;,&quot;size&quot;:70,&quot;sizes&quot;:[]},&quot;_transform_translateX_effect_tablet&quot;:{&quot;unit&quot;:&quot;%&quot;,&quot;size&quot;:&quot;&quot;,&quot;sizes&quot;:[]},&quot;_transform_translateX_effect_mobile&quot;:{&quot;unit&quot;:&quot;%&quot;,&quot;size&quot;:&quot;&quot;,&quot;sizes&quot;:[]},&quot;_transform_rotateZ_effect&quot;:{&quot;unit&quot;:&quot;px&quot;,&quot;size&quot;:&quot;&quot;,&quot;sizes&quot;:[]},&quot;_transform_rotateZ_effect_tablet&quot;:{&quot;unit&quot;:&quot;deg&quot;,&quot;size&quot;:&quot;&quot;,&quot;sizes&quot;:[]},&quot;_transform_rotateZ_effect_mobile&quot;:{&quot;unit&quot;:&quot;deg&quot;,&quot;size&quot;:&quot;&quot;,&quot;sizes&quot;:[]},&quot;_transform_translateY_effect&quot;:{&quot;unit&quot;:&quot;px&quot;,&quot;size&quot;:&quot;&quot;,&quot;sizes&quot;:[]},&quot;_transform_translateY_effect_tablet&quot;:{&quot;unit&quot;:&quot;px&quot;,&quot;size&quot;:&quot;&quot;,&quot;sizes&quot;:[]},&quot;_transform_translateY_effect_mobile&quot;:{&quot;unit&quot;:&quot;px&quot;,&quot;size&quot;:&quot;&quot;,&quot;sizes&quot;:[]}}\" data-widget_type=\"image.default\">\n\t\t\t\t<div class=\"elementor-widget-container\">\n\t\t\t\t\t\t\t\t\t\t\t\t\t\t\t<img decoding=\"async\" width=\"127\" height=\"262\" src=\"https:\/\/www.uptextile.fr\/wp-content\/uploads\/2022\/02\/Fichier-3UP.png\" class=\"attachment-large size-large wp-image-1163\" alt=\"UP\" srcset=\"https:\/\/www.uptextile.fr\/wp-content\/uploads\/2022\/02\/Fichier-3UP.png 127w, https:\/\/www.uptextile.fr\/wp-content\/uploads\/2022\/02\/Fichier-3UP-6x12.png 6w\" sizes=\"(max-width: 127px) 100vw, 127px\" \/>\t\t\t\t\t\t\t\t\t\t\t\t\t\t\t<\/div>\n\t\t\t\t<\/div>\n\t\t\t\t\t<\/div>\n\t\t<\/div>\n\t\t\t\t<div class=\"elementor-column elementor-col-33 elementor-top-column elementor-element elementor-element-0c6cfa8\" data-id=\"0c6cfa8\" data-element_type=\"column\" data-e-type=\"column\">\n\t\t\t<div class=\"elementor-widget-wrap elementor-element-populated\">\n\t\t\t\t\t\t<div class=\"elementor-element elementor-element-b5c551f elementor-widget elementor-widget-image\" data-id=\"b5c551f\" data-element_type=\"widget\" data-e-type=\"widget\" data-widget_type=\"image.default\">\n\t\t\t\t<div class=\"elementor-widget-container\">\n\t\t\t\t\t\t\t\t\t\t\t\t\t\t\t<img decoding=\"async\" src=\"https:\/\/www.uptextile.fr\/wp-content\/uploads\/2024\/03\/146.png\" title=\"146\" alt=\"Serviette Label Histoire\" loading=\"lazy\" \/>\t\t\t\t\t\t\t\t\t\t\t\t\t\t\t<\/div>\n\t\t\t\t<\/div>\n\t\t\t\t\t<\/div>\n\t\t<\/div>\n\t\t\t\t<div class=\"elementor-column elementor-col-33 elementor-top-column elementor-element elementor-element-9f702e4\" data-id=\"9f702e4\" data-element_type=\"column\" data-e-type=\"column\">\n\t\t\t<div class=\"elementor-widget-wrap elementor-element-populated\">\n\t\t\t\t\t\t<div class=\"elementor-element elementor-element-adf3985 elementor-widget elementor-widget-image\" data-id=\"adf3985\" data-element_type=\"widget\" data-e-type=\"widget\" data-widget_type=\"image.default\">\n\t\t\t\t<div class=\"elementor-widget-container\">\n\t\t\t\t\t\t\t\t\t\t\t\t\t\t\t<img loading=\"lazy\" decoding=\"async\" width=\"800\" height=\"800\" src=\"https:\/\/www.uptextile.fr\/wp-content\/uploads\/2024\/03\/144-1-1024x1024.png\" class=\"attachment-large size-large wp-image-3333\" alt=\"Linge de table Marie-Jo Gebel\" srcset=\"https:\/\/www.uptextile.fr\/wp-content\/uploads\/2024\/03\/144-1-1024x1024.png 1024w, https:\/\/www.uptextile.fr\/wp-content\/uploads\/2024\/03\/144-1-300x300.png 300w, https:\/\/www.uptextile.fr\/wp-content\/uploads\/2024\/03\/144-1-150x150.png 150w, https:\/\/www.uptextile.fr\/wp-content\/uploads\/2024\/03\/144-1-768x768.png 768w, https:\/\/www.uptextile.fr\/wp-content\/uploads\/2024\/03\/144-1-12x12.png 12w, https:\/\/www.uptextile.fr\/wp-content\/uploads\/2024\/03\/144-1-600x600.png 600w, https:\/\/www.uptextile.fr\/wp-content\/uploads\/2024\/03\/144-1-100x100.png 100w, https:\/\/www.uptextile.fr\/wp-content\/uploads\/2024\/03\/144-1.png 1080w\" sizes=\"(max-width: 800px) 100vw, 800px\" \/>\t\t\t\t\t\t\t\t\t\t\t\t\t\t\t<\/div>\n\t\t\t\t<\/div>\n\t\t\t\t<div class=\"elementor-element elementor-element-6f778cf elementor-align-center elementor-mobile-align-left elementor-widget elementor-widget-button\" data-id=\"6f778cf\" data-element_type=\"widget\" data-e-type=\"widget\" data-widget_type=\"button.default\">\n\t\t\t\t<div class=\"elementor-widget-container\">\n\t\t\t\t\t\t\t\t\t<div class=\"elementor-button-wrapper\">\n\t\t\t\t\t<a class=\"elementor-button elementor-button-link elementor-size-sm elementor-animation-grow\" href=\"https:\/\/labelhistoire.fr\/\">\n\t\t\t\t\t\t<span class=\"elementor-button-content-wrapper\">\n\t\t\t\t\t\t\t\t\t<span class=\"elementor-button-text\">d\u00e9couvrir<\/span>\n\t\t\t\t\t<\/span>\n\t\t\t\t\t<\/a>\n\t\t\t\t<\/div>\n\t\t\t\t\t\t\t\t<\/div>\n\t\t\t\t<\/div>\n\t\t\t\t\t<\/div>\n\t\t<\/div>\n\t\t\t\t\t<\/div>\n\t\t<\/section>\n\t\t\t\t<section class=\"elementor-section elementor-top-section elementor-element elementor-element-7b03e43 elementor-section-boxed elementor-section-height-default elementor-section-height-default\" data-id=\"7b03e43\" data-element_type=\"section\" data-e-type=\"section\">\n\t\t\t\t\t\t<div class=\"elementor-container elementor-column-gap-default\">\n\t\t\t\t\t<div class=\"elementor-column elementor-col-100 elementor-top-column elementor-element elementor-element-23414b9\" data-id=\"23414b9\" data-element_type=\"column\" data-e-type=\"column\">\n\t\t\t<div class=\"elementor-widget-wrap elementor-element-populated\">\n\t\t\t\t\t\t<div class=\"elementor-element elementor-element-371fd41 elementor-widget elementor-widget-spacer\" data-id=\"371fd41\" data-element_type=\"widget\" data-e-type=\"widget\" data-widget_type=\"spacer.default\">\n\t\t\t\t<div class=\"elementor-widget-container\">\n\t\t\t\t\t\t\t<div class=\"elementor-spacer\">\n\t\t\t<div class=\"elementor-spacer-inner\"><\/div>\n\t\t<\/div>\n\t\t\t\t\t\t<\/div>\n\t\t\t\t<\/div>\n\t\t\t\t\t<\/div>\n\t\t<\/div>\n\t\t\t\t\t<\/div>\n\t\t<\/section>\n\t\t\t\t<section class=\"elementor-section elementor-top-section elementor-element elementor-element-33c5eed elementor-section-boxed elementor-section-height-default elementor-section-height-default\" data-id=\"33c5eed\" data-element_type=\"section\" data-e-type=\"section\">\n\t\t\t\t\t\t<div class=\"elementor-container elementor-column-gap-default\">\n\t\t\t\t\t<div class=\"elementor-column elementor-col-50 elementor-top-column elementor-element elementor-element-0aa7852\" data-id=\"0aa7852\" data-element_type=\"column\" data-e-type=\"column\">\n\t\t\t<div class=\"elementor-widget-wrap elementor-element-populated\">\n\t\t\t\t\t\t<div class=\"elementor-element elementor-element-55bc3ad elementor-widget elementor-widget-heading\" data-id=\"55bc3ad\" data-element_type=\"widget\" data-e-type=\"widget\" data-widget_type=\"heading.default\">\n\t\t\t\t<div class=\"elementor-widget-container\">\n\t\t\t\t\t<h2 class=\"elementor-heading-title elementor-size-default\">Quelle est votre philosophie ? <\/h2>\t\t\t\t<\/div>\n\t\t\t\t<\/div>\n\t\t\t\t<div class=\"elementor-element elementor-element-81973a0 elementor-widget elementor-widget-text-editor\" data-id=\"81973a0\" data-element_type=\"widget\" data-e-type=\"widget\" data-widget_type=\"text-editor.default\">\n\t\t\t\t<div class=\"elementor-widget-container\">\n\t\t\t\t\t\t\t\t\t<p>Alors que l\u2019\u00e9conomie actuelle pr\u00f4ne la consommation effr\u00e9n\u00e9e, je fais le choix de l\u2019artisanat et de la mise en avant de l\u2019art ancien et actuel. Up\u2019Textile est devenu mon pr\u00e9cieux alli\u00e9 pour d\u00e9nicher des <strong>tissus de qualit\u00e9<\/strong>, r\u00e9pondant parfaitement \u00e0 mes <strong>exigences de tailles et de mati\u00e8res<\/strong>. Plus qu\u2019un simple fournisseur, Up\u2019Textile ce sont deux femmes formidables, p\u00e9tillantes et locales, avec qui je partage une v\u00e9ritable <strong>passion<\/strong>.<\/p><p>Le<strong> local<\/strong> et la<strong> proximit\u00e9<\/strong> sont des valeurs qui me tiennent \u00e0 c\u0153ur, et Up\u2019Textile les incarne parfaitement.<\/p><p>Le public est de plus en plus sensible aux questions d\u2019<strong>\u00e9thique<\/strong> et d\u2019<strong>environnement<\/strong>, et je suis convaincue que l\u2019<strong>art<\/strong> et l\u2019<strong>artisanat<\/strong> a un bel avenir devant lui.<\/p>\t\t\t\t\t\t\t\t<\/div>\n\t\t\t\t<\/div>\n\t\t\t\t\t<\/div>\n\t\t<\/div>\n\t\t\t\t<div class=\"elementor-column elementor-col-50 elementor-top-column elementor-element elementor-element-0efb57a\" data-id=\"0efb57a\" data-element_type=\"column\" data-e-type=\"column\">\n\t\t\t<div class=\"elementor-widget-wrap elementor-element-populated\">\n\t\t\t\t\t\t<div class=\"elementor-element elementor-element-0ed9d41 elementor-widget elementor-widget-image\" data-id=\"0ed9d41\" data-element_type=\"widget\" data-e-type=\"widget\" data-widget_type=\"image.default\">\n\t\t\t\t<div class=\"elementor-widget-container\">\n\t\t\t\t\t\t\t\t\t\t\t\t\t\t\t<img loading=\"lazy\" decoding=\"async\" width=\"800\" height=\"800\" src=\"https:\/\/www.uptextile.fr\/wp-content\/uploads\/2024\/03\/140-1024x1024.png\" class=\"attachment-large size-large wp-image-3328\" alt=\"Linge de table Label Histoire\" srcset=\"https:\/\/www.uptextile.fr\/wp-content\/uploads\/2024\/03\/140-1024x1024.png 1024w, https:\/\/www.uptextile.fr\/wp-content\/uploads\/2024\/03\/140-300x300.png 300w, https:\/\/www.uptextile.fr\/wp-content\/uploads\/2024\/03\/140-150x150.png 150w, https:\/\/www.uptextile.fr\/wp-content\/uploads\/2024\/03\/140-768x768.png 768w, https:\/\/www.uptextile.fr\/wp-content\/uploads\/2024\/03\/140-12x12.png 12w, https:\/\/www.uptextile.fr\/wp-content\/uploads\/2024\/03\/140-600x600.png 600w, https:\/\/www.uptextile.fr\/wp-content\/uploads\/2024\/03\/140-100x100.png 100w, https:\/\/www.uptextile.fr\/wp-content\/uploads\/2024\/03\/140.png 1080w\" sizes=\"(max-width: 800px) 100vw, 800px\" \/>\t\t\t\t\t\t\t\t\t\t\t\t\t\t\t<\/div>\n\t\t\t\t<\/div>\n\t\t\t\t\t<\/div>\n\t\t<\/div>\n\t\t\t\t\t<\/div>\n\t\t<\/section>\n\t\t\t\t<section class=\"elementor-section elementor-top-section elementor-element elementor-element-9e9553d elementor-section-boxed elementor-section-height-default elementor-section-height-default\" data-id=\"9e9553d\" data-element_type=\"section\" data-e-type=\"section\">\n\t\t\t\t\t\t<div class=\"elementor-container elementor-column-gap-default\">\n\t\t\t\t\t<div class=\"elementor-column elementor-col-100 elementor-top-column elementor-element elementor-element-5b767aa\" data-id=\"5b767aa\" data-element_type=\"column\" data-e-type=\"column\">\n\t\t\t<div class=\"elementor-widget-wrap elementor-element-populated\">\n\t\t\t\t\t\t<div class=\"elementor-element elementor-element-9f38df4 elementor-widget elementor-widget-heading\" data-id=\"9f38df4\" data-element_type=\"widget\" data-e-type=\"widget\" data-widget_type=\"heading.default\">\n\t\t\t\t<div class=\"elementor-widget-container\">\n\t\t\t\t\t<h2 class=\"elementor-heading-title elementor-size-default\">Comment avez-vous connu Up'Textile ? <\/h2>\t\t\t\t<\/div>\n\t\t\t\t<\/div>\n\t\t\t\t<div class=\"elementor-element elementor-element-e47787c elementor-widget elementor-widget-text-editor\" data-id=\"e47787c\" data-element_type=\"widget\" data-e-type=\"widget\" data-widget_type=\"text-editor.default\">\n\t\t\t\t<div class=\"elementor-widget-container\">\n\t\t\t\t\t\t\t\t\t<p>Mon aventure avec <strong>Up\u2019Textile<\/strong> a d\u00e9but\u00e9 lors de la cr\u00e9ation de mon tout premier tissu de No\u00ebl pour la ville de Mulhouse. C\u2019est gr\u00e2ce \u00e0 Isabelle Laurent, une autre designeuse textile, que j\u2019ai d\u00e9couvert votre existence. \u00c0 l\u2019\u00e9poque, je r\u00e9alisais mes motifs \u00e0 la main, n\u2019ayant pas encore int\u00e9gr\u00e9 les outils informatiques \u00e0 mon processus de cr\u00e9ation, Isabelle Laurent m\u2019a accompagn\u00e9 de passer de la main \u00e0 l\u2019informatique.<\/p><p>D\u00e8s le premier contact avec Up\u2019Textile, l\u2019entente fut cordiale et productive. Le plaisir \u00e9tait partag\u00e9, car lorsque les dessins se pr\u00eatent bien \u00e0 l\u2019<strong>impression<\/strong>, la satisfaction est g\u00e9n\u00e9rale. Depuis notre collaboration se poursuit sans accroc et je suis combl\u00e9e par la <strong>qualit\u00e9 du travail r\u00e9alis\u00e9 par Up\u2019Textile<\/strong>. Au-del\u00e0 de la simple collaboration, Up\u2019Textile s\u2019est r\u00e9v\u00e9l\u00e9 \u00eatre un v\u00e9ritable <strong>partenaire<\/strong> pour moi.<\/p>\t\t\t\t\t\t\t\t<\/div>\n\t\t\t\t<\/div>\n\t\t\t\t\t<\/div>\n\t\t<\/div>\n\t\t\t\t\t<\/div>\n\t\t<\/section>\n\t\t\t\t<section class=\"elementor-section elementor-top-section elementor-element elementor-element-a3b67c6 elementor-reverse-tablet elementor-reverse-mobile elementor-section-boxed elementor-section-height-default elementor-section-height-default\" data-id=\"a3b67c6\" data-element_type=\"section\" data-e-type=\"section\">\n\t\t\t\t\t\t<div class=\"elementor-container elementor-column-gap-default\">\n\t\t\t\t\t<div class=\"elementor-column elementor-col-50 elementor-top-column elementor-element elementor-element-11e1ab6\" data-id=\"11e1ab6\" data-element_type=\"column\" data-e-type=\"column\">\n\t\t\t<div class=\"elementor-widget-wrap elementor-element-populated\">\n\t\t\t\t\t\t<div class=\"elementor-element elementor-element-4b01352 elementor-widget elementor-widget-spacer\" data-id=\"4b01352\" data-element_type=\"widget\" data-e-type=\"widget\" data-widget_type=\"spacer.default\">\n\t\t\t\t<div class=\"elementor-widget-container\">\n\t\t\t\t\t\t\t<div class=\"elementor-spacer\">\n\t\t\t<div class=\"elementor-spacer-inner\"><\/div>\n\t\t<\/div>\n\t\t\t\t\t\t<\/div>\n\t\t\t\t<\/div>\n\t\t\t\t<div class=\"elementor-element elementor-element-0bb8bac elementor-widget elementor-widget-image\" data-id=\"0bb8bac\" data-element_type=\"widget\" data-e-type=\"widget\" data-widget_type=\"image.default\">\n\t\t\t\t<div class=\"elementor-widget-container\">\n\t\t\t\t\t\t\t\t\t\t\t\t\t\t\t<img loading=\"lazy\" decoding=\"async\" width=\"800\" height=\"800\" src=\"https:\/\/www.uptextile.fr\/wp-content\/uploads\/2024\/03\/141-1024x1024.png\" class=\"attachment-large size-large wp-image-3329\" alt=\"Impression Label Histoire\" srcset=\"https:\/\/www.uptextile.fr\/wp-content\/uploads\/2024\/03\/141-1024x1024.png 1024w, https:\/\/www.uptextile.fr\/wp-content\/uploads\/2024\/03\/141-300x300.png 300w, https:\/\/www.uptextile.fr\/wp-content\/uploads\/2024\/03\/141-150x150.png 150w, https:\/\/www.uptextile.fr\/wp-content\/uploads\/2024\/03\/141-768x768.png 768w, https:\/\/www.uptextile.fr\/wp-content\/uploads\/2024\/03\/141-12x12.png 12w, https:\/\/www.uptextile.fr\/wp-content\/uploads\/2024\/03\/141-600x600.png 600w, https:\/\/www.uptextile.fr\/wp-content\/uploads\/2024\/03\/141-100x100.png 100w, https:\/\/www.uptextile.fr\/wp-content\/uploads\/2024\/03\/141.png 1080w\" sizes=\"(max-width: 800px) 100vw, 800px\" \/>\t\t\t\t\t\t\t\t\t\t\t\t\t\t\t<\/div>\n\t\t\t\t<\/div>\n\t\t\t\t<div class=\"elementor-element elementor-element-67f463b elementor-widget elementor-widget-image\" data-id=\"67f463b\" data-element_type=\"widget\" data-e-type=\"widget\" data-widget_type=\"image.default\">\n\t\t\t\t<div class=\"elementor-widget-container\">\n\t\t\t\t\t\t\t\t\t\t\t\t\t\t\t<img loading=\"lazy\" decoding=\"async\" width=\"800\" height=\"800\" src=\"https:\/\/www.uptextile.fr\/wp-content\/uploads\/2024\/03\/139-1024x1024.png\" class=\"attachment-large size-large wp-image-3327\" alt=\"Foulard Label Histoire\" srcset=\"https:\/\/www.uptextile.fr\/wp-content\/uploads\/2024\/03\/139-1024x1024.png 1024w, https:\/\/www.uptextile.fr\/wp-content\/uploads\/2024\/03\/139-300x300.png 300w, https:\/\/www.uptextile.fr\/wp-content\/uploads\/2024\/03\/139-150x150.png 150w, https:\/\/www.uptextile.fr\/wp-content\/uploads\/2024\/03\/139-768x768.png 768w, https:\/\/www.uptextile.fr\/wp-content\/uploads\/2024\/03\/139-12x12.png 12w, https:\/\/www.uptextile.fr\/wp-content\/uploads\/2024\/03\/139-600x600.png 600w, https:\/\/www.uptextile.fr\/wp-content\/uploads\/2024\/03\/139-100x100.png 100w, https:\/\/www.uptextile.fr\/wp-content\/uploads\/2024\/03\/139.png 1080w\" sizes=\"(max-width: 800px) 100vw, 800px\" \/>\t\t\t\t\t\t\t\t\t\t\t\t\t\t\t<\/div>\n\t\t\t\t<\/div>\n\t\t\t\t<div class=\"elementor-element elementor-element-af24339 elementor-widget elementor-widget-spacer\" data-id=\"af24339\" data-element_type=\"widget\" data-e-type=\"widget\" data-widget_type=\"spacer.default\">\n\t\t\t\t<div class=\"elementor-widget-container\">\n\t\t\t\t\t\t\t<div class=\"elementor-spacer\">\n\t\t\t<div class=\"elementor-spacer-inner\"><\/div>\n\t\t<\/div>\n\t\t\t\t\t\t<\/div>\n\t\t\t\t<\/div>\n\t\t\t\t\t<\/div>\n\t\t<\/div>\n\t\t\t\t<div class=\"elementor-column elementor-col-50 elementor-top-column elementor-element elementor-element-553a455\" data-id=\"553a455\" data-element_type=\"column\" data-e-type=\"column\">\n\t\t\t<div class=\"elementor-widget-wrap elementor-element-populated\">\n\t\t\t\t\t\t<div class=\"elementor-element elementor-element-db2c9a5 elementor-widget elementor-widget-heading\" data-id=\"db2c9a5\" data-element_type=\"widget\" data-e-type=\"widget\" data-widget_type=\"heading.default\">\n\t\t\t\t<div class=\"elementor-widget-container\">\n\t\t\t\t\t<h2 class=\"elementor-heading-title elementor-size-default\">D'o\u00f9 vous vient votre inspiration ? <\/h2>\t\t\t\t<\/div>\n\t\t\t\t<\/div>\n\t\t\t\t<div class=\"elementor-element elementor-element-d694195 elementor-widget elementor-widget-text-editor\" data-id=\"d694195\" data-element_type=\"widget\" data-e-type=\"widget\" data-widget_type=\"text-editor.default\">\n\t\t\t\t<div class=\"elementor-widget-container\">\n\t\t\t\t\t\t\t\t\t<p>Du c\u00f4t\u00e9 de mes grands-parents instituteurs et de mon p\u00e8re, leur sensibilit\u00e9 artistique \u00e9tait subtile, presque dissimul\u00e9e. Mais d\u00e8s mon plus jeune \u00e2ge, j\u2019ai su la d\u00e9celer au fil de mes <strong>explorations dans les recoins secrets du grenier familial<\/strong>. C\u2019est l\u00e0, au milieu de <strong>souvenirs oubli\u00e9s<\/strong> et de <strong>tr\u00e9sors enfouis<\/strong>, que j\u2019ai d\u00e9couvert les traces d\u2019une cr\u00e9ativit\u00e9 qui coulait dans mes veines, attendant d\u2019\u00eatre r\u00e9v\u00e9l\u00e9e. D\u00e8s l\u2019\u00e2ge de 8 ans, je passais des heures \u00e0 recopier les <strong>illustrations<\/strong> que je trouvais dans les livres, admirant la finesse des traits et la richesse des couleurs.<\/p><p>En 1998, j\u2019ai eu la chance de travailler pour la <strong>mairie de Mulhouse<\/strong> et de m\u2019inspirer des collections du <strong>Mus\u00e9e d\u2019Impression sur \u00c9toffes<\/strong>. Ma nouvelle collection est un hommage \u00e0 Pierre-Joseph Redout\u00e9, aquarelliste renomm\u00e9 du 18<sup>\u00e8me<\/sup> si\u00e8cle, surnomm\u00e9 le \u00ab\u00a0Rapha\u00ebl des fleurs\u00a0\u00bb. En reprenant ses planches botaniques et en les retravaillant de mani\u00e8re plus graphique, avec des couleurs denses et un style moderne, je souhaite rendre hommage \u00e0 son talent tout en apportant une touche de fra\u00eecheur et de modernit\u00e9 \u00e0 ses \u0153uvres.<\/p><p>J\u2019aime <strong>revisiter le patrimoine<\/strong>, <strong>donner une nouvelle vie \u00e0 des motifs anciens en les int\u00e9grant dans un univers contemporain<\/strong>. C\u2019est un d\u00e9fi que j\u2019affectionne particuli\u00e8rement, et qui me permet de cr\u00e9er des liens entre les \u00e9poques et les styles.<\/p><p>Travailler avec des <strong>artistes contemporains<\/strong> est \u00e9galement une source d\u2019inspiration pour moi. Cette ann\u00e9e, je suis en contact avec un aquarelliste colmarien dont je souhaite adapter les \u0153uvres pour le linge de table et l\u2019ameublement.<\/p><p>Mon objectif est de cr\u00e9er des <strong>objets uniques et raffin\u00e9s<\/strong>, qui racontent une histoire. Je ne me contente pas de copier les motifs existants, mais je les r\u00e9interpr\u00e8te \u00e0 ma mani\u00e8re, en <strong>ajoutant ma touche personnelle<\/strong>. C\u2019est \u00e0 travers ce dialogue entre tradition et modernit\u00e9 que je trouve mon <strong>inspiration<\/strong> et que je <strong>donne vie \u00e0 mes cr\u00e9ations<\/strong>.<\/p>\t\t\t\t\t\t\t\t<\/div>\n\t\t\t\t<\/div>\n\t\t\t\t<div class=\"elementor-element elementor-element-184467a elementor-widget elementor-widget-heading\" data-id=\"184467a\" data-element_type=\"widget\" data-e-type=\"widget\" data-widget_type=\"heading.default\">\n\t\t\t\t<div class=\"elementor-widget-container\">\n\t\t\t\t\t<h2 class=\"elementor-heading-title elementor-size-default\">Si vous deviez dire pourquoi choisir vos cr\u00e9ations en une phrase, quelle serait-elle ? <\/h2>\t\t\t\t<\/div>\n\t\t\t\t<\/div>\n\t\t\t\t<div class=\"elementor-element elementor-element-02e90e5 elementor-widget elementor-widget-text-editor\" data-id=\"02e90e5\" data-element_type=\"widget\" data-e-type=\"widget\" data-widget_type=\"text-editor.default\">\n\t\t\t\t<div class=\"elementor-widget-container\">\n\t\t\t\t\t\t\t\t\t<p>Parce qu\u2019elles sont <strong>uniques<\/strong>, <strong>originales<\/strong> et <strong>r\u00e9alis\u00e9es avec passion<\/strong>. Chaque cr\u00e9ation est une <strong>Story<\/strong>, une <strong>rencontre<\/strong>, une <strong>\u00e9motion<\/strong>. C\u00e9l\u00e9brons le <strong>talent<\/strong> et le <strong>savoir-faire de nos artistes et artisans<\/strong>\u00a0! Je mets tout mon c\u0153ur et mon savoir-faire pour vous proposer des <strong>produits de qualit\u00e9<\/strong>. Choisir mes cr\u00e9ations, c\u2019est <strong>soutenir l\u2019artisanat local et contribuer \u00e0 pr\u00e9server un savoir-faire pr\u00e9cieux<\/strong>. C\u2019est aussi faire le choix d\u2019un <strong>produit durable et responsable<\/strong>, qui vous accompagnera longtemps.\u00a0<\/p>\t\t\t\t\t\t\t\t<\/div>\n\t\t\t\t<\/div>\n\t\t\t\t\t<\/div>\n\t\t<\/div>\n\t\t\t\t\t<\/div>\n\t\t<\/section>\n\t\t\t\t<section class=\"elementor-section elementor-top-section elementor-element elementor-element-a277653 elementor-section-boxed elementor-section-height-default elementor-section-height-default\" data-id=\"a277653\" data-element_type=\"section\" data-e-type=\"section\">\n\t\t\t\t\t\t<div class=\"elementor-container elementor-column-gap-default\">\n\t\t\t\t\t<div class=\"elementor-column elementor-col-100 elementor-top-column elementor-element elementor-element-4678fb8\" data-id=\"4678fb8\" data-element_type=\"column\" data-e-type=\"column\">\n\t\t\t<div class=\"elementor-widget-wrap elementor-element-populated\">\n\t\t\t\t\t\t<div class=\"elementor-element elementor-element-1a6cb0b elementor-widget elementor-widget-text-editor\" data-id=\"1a6cb0b\" data-element_type=\"widget\" data-e-type=\"widget\" data-widget_type=\"text-editor.default\">\n\t\t\t\t<div class=\"elementor-widget-container\">\n\t\t\t\t\t\t\t\t\t<p>Retrouvez Label Histoire sur le site internet <a href=\"https:\/\/labelhistoire.fr\/\">labelhistoire.fr<\/a> ainsi que sur sa <a href=\"https:\/\/www.facebook.com\/mjgebel\/\">page Facebook<\/a> et son <a href=\"https:\/\/www.instagram.com\/label_histoire_mulhouse\/\">compte Instagram<\/a>.<\/p><p>Merci \u00e0 Marie-Jo Gebel pour ce partage et sa confiance pour l\u2019impression de ses produits textiles.<\/p>\t\t\t\t\t\t\t\t<\/div>\n\t\t\t\t<\/div>\n\t\t\t\t\t<\/div>\n\t\t<\/div>\n\t\t\t\t\t<\/div>\n\t\t<\/section>\n\t\t\t\t<\/div>","protected":false},"excerpt":{"rendered":"<p><\/p>","protected":false},"author":1,"featured_media":3328,"comment_status":"closed","ping_status":"open","sticky":false,"template":"elementor_header_footer","format":"standard","meta":{"_monsterinsights_skip_tracking":false,"_monsterinsights_sitenote_active":false,"_monsterinsights_sitenote_note":"","_monsterinsights_sitenote_category":0,"footnotes":""},"categories":[244],"tags":[],"class_list":["post-3325","post","type-post","status-publish","format-standard","has-post-thumbnail","hentry","category-interviews"],"yoast_head":"<!-- This site is optimized with the Yoast SEO plugin v27.4 - https:\/\/yoast.com\/product\/yoast-seo-wordpress\/ -->\n<title>Interview de Label Histoire - UpTextile<\/title>\n<meta name=\"description\" content=\"D\u00e9couvrez notre interview de la marque Label Histoire, une marque qui met \u00e0 l&#039;honneur les artistes et artisans d&#039;hier et d&#039;aujourd&#039;hui\" \/>\n<meta name=\"robots\" content=\"index, follow, max-snippet:-1, max-image-preview:large, max-video-preview:-1\" \/>\n<link rel=\"canonical\" href=\"https:\/\/www.uptextile.fr\/en\/interview-de-label-histoire\/\" \/>\n<meta property=\"og:locale\" content=\"en_GB\" \/>\n<meta property=\"og:type\" content=\"article\" \/>\n<meta property=\"og:title\" content=\"Interview de Label Histoire - UpTextile\" \/>\n<meta property=\"og:description\" content=\"D\u00e9couvrez notre interview de la marque Label Histoire, une marque qui met \u00e0 l&#039;honneur les artistes et artisans d&#039;hier et d&#039;aujourd&#039;hui\" \/>\n<meta property=\"og:url\" content=\"https:\/\/www.uptextile.fr\/en\/interview-de-label-histoire\/\" \/>\n<meta property=\"og:site_name\" content=\"UpTextile\" \/>\n<meta property=\"article:published_time\" content=\"2024-03-11T10:38:25+00:00\" \/>\n<meta property=\"article:modified_time\" content=\"2024-09-30T12:06:12+00:00\" \/>\n<meta property=\"og:image\" content=\"https:\/\/www.uptextile.fr\/wp-content\/uploads\/2024\/03\/140.png\" \/>\n\t<meta property=\"og:image:width\" content=\"1080\" \/>\n\t<meta property=\"og:image:height\" content=\"1080\" \/>\n\t<meta property=\"og:image:type\" content=\"image\/png\" \/>\n<meta name=\"author\" content=\"admin\" \/>\n<meta name=\"twitter:card\" content=\"summary_large_image\" \/>\n<meta name=\"twitter:label1\" content=\"Written by\" \/>\n\t<meta name=\"twitter:data1\" content=\"admin\" \/>\n\t<meta name=\"twitter:label2\" content=\"Estimated reading time\" \/>\n\t<meta name=\"twitter:data2\" content=\"8 minutes\" \/>\n<script type=\"application\/ld+json\" class=\"yoast-schema-graph\">{\"@context\":\"https:\\\/\\\/schema.org\",\"@graph\":[{\"@type\":\"Article\",\"@id\":\"https:\\\/\\\/www.uptextile.fr\\\/interview-de-label-histoire\\\/#article\",\"isPartOf\":{\"@id\":\"https:\\\/\\\/www.uptextile.fr\\\/interview-de-label-histoire\\\/\"},\"author\":{\"name\":\"admin\",\"@id\":\"https:\\\/\\\/www.uptextile.fr\\\/#\\\/schema\\\/person\\\/ddd7afbcab186b7fb4ccfcc324dc6ade\"},\"headline\":\"Interview de Label Histoire, une marque qui met \u00e0 l&rsquo;honneur les artistes et artisans d&rsquo;hier et d&rsquo;aujourd&rsquo;hui\",\"datePublished\":\"2024-03-11T10:38:25+00:00\",\"dateModified\":\"2024-09-30T12:06:12+00:00\",\"mainEntityOfPage\":{\"@id\":\"https:\\\/\\\/www.uptextile.fr\\\/interview-de-label-histoire\\\/\"},\"wordCount\":1419,\"image\":{\"@id\":\"https:\\\/\\\/www.uptextile.fr\\\/interview-de-label-histoire\\\/#primaryimage\"},\"thumbnailUrl\":\"https:\\\/\\\/www.uptextile.fr\\\/wp-content\\\/uploads\\\/2024\\\/03\\\/140.png\",\"articleSection\":[\"Interviews\"],\"inLanguage\":\"en-GB\"},{\"@type\":\"WebPage\",\"@id\":\"https:\\\/\\\/www.uptextile.fr\\\/interview-de-label-histoire\\\/\",\"url\":\"https:\\\/\\\/www.uptextile.fr\\\/interview-de-label-histoire\\\/\",\"name\":\"Interview de Label Histoire - UpTextile\",\"isPartOf\":{\"@id\":\"https:\\\/\\\/www.uptextile.fr\\\/#website\"},\"primaryImageOfPage\":{\"@id\":\"https:\\\/\\\/www.uptextile.fr\\\/interview-de-label-histoire\\\/#primaryimage\"},\"image\":{\"@id\":\"https:\\\/\\\/www.uptextile.fr\\\/interview-de-label-histoire\\\/#primaryimage\"},\"thumbnailUrl\":\"https:\\\/\\\/www.uptextile.fr\\\/wp-content\\\/uploads\\\/2024\\\/03\\\/140.png\",\"datePublished\":\"2024-03-11T10:38:25+00:00\",\"dateModified\":\"2024-09-30T12:06:12+00:00\",\"author\":{\"@id\":\"https:\\\/\\\/www.uptextile.fr\\\/#\\\/schema\\\/person\\\/ddd7afbcab186b7fb4ccfcc324dc6ade\"},\"description\":\"D\u00e9couvrez notre interview de la marque Label Histoire, une marque qui met \u00e0 l'honneur les artistes et artisans d'hier et d'aujourd'hui\",\"breadcrumb\":{\"@id\":\"https:\\\/\\\/www.uptextile.fr\\\/interview-de-label-histoire\\\/#breadcrumb\"},\"inLanguage\":\"en-GB\",\"potentialAction\":[{\"@type\":\"ReadAction\",\"target\":[\"https:\\\/\\\/www.uptextile.fr\\\/interview-de-label-histoire\\\/\"]}]},{\"@type\":\"ImageObject\",\"inLanguage\":\"en-GB\",\"@id\":\"https:\\\/\\\/www.uptextile.fr\\\/interview-de-label-histoire\\\/#primaryimage\",\"url\":\"https:\\\/\\\/www.uptextile.fr\\\/wp-content\\\/uploads\\\/2024\\\/03\\\/140.png\",\"contentUrl\":\"https:\\\/\\\/www.uptextile.fr\\\/wp-content\\\/uploads\\\/2024\\\/03\\\/140.png\",\"width\":1080,\"height\":1080,\"caption\":\"Linge de table Label Histoire\"},{\"@type\":\"BreadcrumbList\",\"@id\":\"https:\\\/\\\/www.uptextile.fr\\\/interview-de-label-histoire\\\/#breadcrumb\",\"itemListElement\":[{\"@type\":\"ListItem\",\"position\":1,\"name\":\"Accueil\",\"item\":\"https:\\\/\\\/www.uptextile.fr\\\/\"},{\"@type\":\"ListItem\",\"position\":2,\"name\":\"Interview de Label Histoire, une marque qui met \u00e0 l&rsquo;honneur les artistes et artisans d&rsquo;hier et d&rsquo;aujourd&rsquo;hui\"}]},{\"@type\":\"WebSite\",\"@id\":\"https:\\\/\\\/www.uptextile.fr\\\/#website\",\"url\":\"https:\\\/\\\/www.uptextile.fr\\\/\",\"name\":\"UpTextile\",\"description\":\"L&#039;impression num\u00e9rique \u00e0 votre service\",\"potentialAction\":[{\"@type\":\"SearchAction\",\"target\":{\"@type\":\"EntryPoint\",\"urlTemplate\":\"https:\\\/\\\/www.uptextile.fr\\\/?s={search_term_string}\"},\"query-input\":{\"@type\":\"PropertyValueSpecification\",\"valueRequired\":true,\"valueName\":\"search_term_string\"}}],\"inLanguage\":\"en-GB\"},{\"@type\":\"Person\",\"@id\":\"https:\\\/\\\/www.uptextile.fr\\\/#\\\/schema\\\/person\\\/ddd7afbcab186b7fb4ccfcc324dc6ade\",\"name\":\"admin\",\"image\":{\"@type\":\"ImageObject\",\"inLanguage\":\"en-GB\",\"@id\":\"https:\\\/\\\/secure.gravatar.com\\\/avatar\\\/6670ee2da31d04324ab60d2c276c81c91f6f128389d0cd7f2efb1030b28554de?s=96&d=mm&r=g\",\"url\":\"https:\\\/\\\/secure.gravatar.com\\\/avatar\\\/6670ee2da31d04324ab60d2c276c81c91f6f128389d0cd7f2efb1030b28554de?s=96&d=mm&r=g\",\"contentUrl\":\"https:\\\/\\\/secure.gravatar.com\\\/avatar\\\/6670ee2da31d04324ab60d2c276c81c91f6f128389d0cd7f2efb1030b28554de?s=96&d=mm&r=g\",\"caption\":\"admin\"},\"url\":\"https:\\\/\\\/www.uptextile.fr\\\/en\\\/author\\\/admin\\\/\"}]}<\/script>\n<!-- \/ Yoast SEO plugin. -->","yoast_head_json":{"title":"Interview de Label Histoire - UpTextile","description":"D\u00e9couvrez notre interview de la marque Label Histoire, une marque qui met \u00e0 l'honneur les artistes et artisans d'hier et d'aujourd'hui","robots":{"index":"index","follow":"follow","max-snippet":"max-snippet:-1","max-image-preview":"max-image-preview:large","max-video-preview":"max-video-preview:-1"},"canonical":"https:\/\/www.uptextile.fr\/en\/interview-de-label-histoire\/","og_locale":"en_GB","og_type":"article","og_title":"Interview de Label Histoire - UpTextile","og_description":"D\u00e9couvrez notre interview de la marque Label Histoire, une marque qui met \u00e0 l'honneur les artistes et artisans d'hier et d'aujourd'hui","og_url":"https:\/\/www.uptextile.fr\/en\/interview-de-label-histoire\/","og_site_name":"UpTextile","article_published_time":"2024-03-11T10:38:25+00:00","article_modified_time":"2024-09-30T12:06:12+00:00","og_image":[{"width":1080,"height":1080,"url":"https:\/\/www.uptextile.fr\/wp-content\/uploads\/2024\/03\/140.png","type":"image\/png"}],"author":"admin","twitter_card":"summary_large_image","twitter_misc":{"Written by":"admin","Estimated reading time":"8 minutes"},"schema":{"@context":"https:\/\/schema.org","@graph":[{"@type":"Article","@id":"https:\/\/www.uptextile.fr\/interview-de-label-histoire\/#article","isPartOf":{"@id":"https:\/\/www.uptextile.fr\/interview-de-label-histoire\/"},"author":{"name":"admin","@id":"https:\/\/www.uptextile.fr\/#\/schema\/person\/ddd7afbcab186b7fb4ccfcc324dc6ade"},"headline":"Interview de Label Histoire, une marque qui met \u00e0 l&rsquo;honneur les artistes et artisans d&rsquo;hier et d&rsquo;aujourd&rsquo;hui","datePublished":"2024-03-11T10:38:25+00:00","dateModified":"2024-09-30T12:06:12+00:00","mainEntityOfPage":{"@id":"https:\/\/www.uptextile.fr\/interview-de-label-histoire\/"},"wordCount":1419,"image":{"@id":"https:\/\/www.uptextile.fr\/interview-de-label-histoire\/#primaryimage"},"thumbnailUrl":"https:\/\/www.uptextile.fr\/wp-content\/uploads\/2024\/03\/140.png","articleSection":["Interviews"],"inLanguage":"en-GB"},{"@type":"WebPage","@id":"https:\/\/www.uptextile.fr\/interview-de-label-histoire\/","url":"https:\/\/www.uptextile.fr\/interview-de-label-histoire\/","name":"Interview de Label Histoire - UpTextile","isPartOf":{"@id":"https:\/\/www.uptextile.fr\/#website"},"primaryImageOfPage":{"@id":"https:\/\/www.uptextile.fr\/interview-de-label-histoire\/#primaryimage"},"image":{"@id":"https:\/\/www.uptextile.fr\/interview-de-label-histoire\/#primaryimage"},"thumbnailUrl":"https:\/\/www.uptextile.fr\/wp-content\/uploads\/2024\/03\/140.png","datePublished":"2024-03-11T10:38:25+00:00","dateModified":"2024-09-30T12:06:12+00:00","author":{"@id":"https:\/\/www.uptextile.fr\/#\/schema\/person\/ddd7afbcab186b7fb4ccfcc324dc6ade"},"description":"D\u00e9couvrez notre interview de la marque Label Histoire, une marque qui met \u00e0 l'honneur les artistes et artisans d'hier et d'aujourd'hui","breadcrumb":{"@id":"https:\/\/www.uptextile.fr\/interview-de-label-histoire\/#breadcrumb"},"inLanguage":"en-GB","potentialAction":[{"@type":"ReadAction","target":["https:\/\/www.uptextile.fr\/interview-de-label-histoire\/"]}]},{"@type":"ImageObject","inLanguage":"en-GB","@id":"https:\/\/www.uptextile.fr\/interview-de-label-histoire\/#primaryimage","url":"https:\/\/www.uptextile.fr\/wp-content\/uploads\/2024\/03\/140.png","contentUrl":"https:\/\/www.uptextile.fr\/wp-content\/uploads\/2024\/03\/140.png","width":1080,"height":1080,"caption":"Linge de table Label Histoire"},{"@type":"BreadcrumbList","@id":"https:\/\/www.uptextile.fr\/interview-de-label-histoire\/#breadcrumb","itemListElement":[{"@type":"ListItem","position":1,"name":"Accueil","item":"https:\/\/www.uptextile.fr\/"},{"@type":"ListItem","position":2,"name":"Interview de Label Histoire, une marque qui met \u00e0 l&rsquo;honneur les artistes et artisans d&rsquo;hier et d&rsquo;aujourd&rsquo;hui"}]},{"@type":"WebSite","@id":"https:\/\/www.uptextile.fr\/#website","url":"https:\/\/www.uptextile.fr\/","name":"UpTextile","description":"L&#039;impression num\u00e9rique \u00e0 votre service","potentialAction":[{"@type":"SearchAction","target":{"@type":"EntryPoint","urlTemplate":"https:\/\/www.uptextile.fr\/?s={search_term_string}"},"query-input":{"@type":"PropertyValueSpecification","valueRequired":true,"valueName":"search_term_string"}}],"inLanguage":"en-GB"},{"@type":"Person","@id":"https:\/\/www.uptextile.fr\/#\/schema\/person\/ddd7afbcab186b7fb4ccfcc324dc6ade","name":"admin","image":{"@type":"ImageObject","inLanguage":"en-GB","@id":"https:\/\/secure.gravatar.com\/avatar\/6670ee2da31d04324ab60d2c276c81c91f6f128389d0cd7f2efb1030b28554de?s=96&d=mm&r=g","url":"https:\/\/secure.gravatar.com\/avatar\/6670ee2da31d04324ab60d2c276c81c91f6f128389d0cd7f2efb1030b28554de?s=96&d=mm&r=g","contentUrl":"https:\/\/secure.gravatar.com\/avatar\/6670ee2da31d04324ab60d2c276c81c91f6f128389d0cd7f2efb1030b28554de?s=96&d=mm&r=g","caption":"admin"},"url":"https:\/\/www.uptextile.fr\/en\/author\/admin\/"}]}},"_links":{"self":[{"href":"https:\/\/www.uptextile.fr\/en\/wp-json\/wp\/v2\/posts\/3325","targetHints":{"allow":["GET"]}}],"collection":[{"href":"https:\/\/www.uptextile.fr\/en\/wp-json\/wp\/v2\/posts"}],"about":[{"href":"https:\/\/www.uptextile.fr\/en\/wp-json\/wp\/v2\/types\/post"}],"author":[{"embeddable":true,"href":"https:\/\/www.uptextile.fr\/en\/wp-json\/wp\/v2\/users\/1"}],"replies":[{"embeddable":true,"href":"https:\/\/www.uptextile.fr\/en\/wp-json\/wp\/v2\/comments?post=3325"}],"version-history":[{"count":7,"href":"https:\/\/www.uptextile.fr\/en\/wp-json\/wp\/v2\/posts\/3325\/revisions"}],"predecessor-version":[{"id":3595,"href":"https:\/\/www.uptextile.fr\/en\/wp-json\/wp\/v2\/posts\/3325\/revisions\/3595"}],"wp:featuredmedia":[{"embeddable":true,"href":"https:\/\/www.uptextile.fr\/en\/wp-json\/wp\/v2\/media\/3328"}],"wp:attachment":[{"href":"https:\/\/www.uptextile.fr\/en\/wp-json\/wp\/v2\/media?parent=3325"}],"wp:term":[{"taxonomy":"category","embeddable":true,"href":"https:\/\/www.uptextile.fr\/en\/wp-json\/wp\/v2\/categories?post=3325"},{"taxonomy":"post_tag","embeddable":true,"href":"https:\/\/www.uptextile.fr\/en\/wp-json\/wp\/v2\/tags?post=3325"}],"curies":[{"name":"wp","href":"https:\/\/api.w.org\/{rel}","templated":true}]}}