{"id":3458,"date":"2024-08-12T12:14:32","date_gmt":"2024-08-12T10:14:32","guid":{"rendered":"https:\/\/www.uptextile.fr\/?p=3458"},"modified":"2024-09-30T13:56:12","modified_gmt":"2024-09-30T11:56:12","slug":"interview-de-vois-la-une-marque-pour-une-decoration-ludique-et-engagee","status":"publish","type":"post","link":"https:\/\/www.uptextile.fr\/en\/interview-de-vois-la-une-marque-pour-une-decoration-ludique-et-engagee\/","title":{"rendered":"Interview de Vois l\u00e0, une marque pour une d\u00e9coration ludique et engag\u00e9e"},"content":{"rendered":"<div data-elementor-type=\"wp-post\" data-elementor-id=\"3458\" class=\"elementor elementor-3458\" data-elementor-post-type=\"post\">\n\t\t\t\t\t\t<section class=\"elementor-section elementor-top-section elementor-element elementor-element-6204785 elementor-section-boxed elementor-section-height-default elementor-section-height-default\" data-id=\"6204785\" data-element_type=\"section\" data-e-type=\"section\">\n\t\t\t\t\t\t<div class=\"elementor-container elementor-column-gap-default\">\n\t\t\t\t\t<div class=\"elementor-column elementor-col-100 elementor-top-column elementor-element elementor-element-335ce89\" data-id=\"335ce89\" data-element_type=\"column\" data-e-type=\"column\">\n\t\t\t<div class=\"elementor-widget-wrap elementor-element-populated\">\n\t\t\t\t\t\t<div class=\"elementor-element elementor-element-8731012 elementor-widget elementor-widget-spacer\" data-id=\"8731012\" data-element_type=\"widget\" data-e-type=\"widget\" data-widget_type=\"spacer.default\">\n\t\t\t\t<div class=\"elementor-widget-container\">\n\t\t\t\t\t\t\t<div class=\"elementor-spacer\">\n\t\t\t<div class=\"elementor-spacer-inner\"><\/div>\n\t\t<\/div>\n\t\t\t\t\t\t<\/div>\n\t\t\t\t<\/div>\n\t\t\t\t<div class=\"elementor-element elementor-element-a539f5e elementor-widget elementor-widget-heading\" data-id=\"a539f5e\" data-element_type=\"widget\" data-e-type=\"widget\" data-widget_type=\"heading.default\">\n\t\t\t\t<div class=\"elementor-widget-container\">\n\t\t\t\t\t<h1 class=\"elementor-heading-title elementor-size-default\"><span style=\"color:white\"> interview <br> de <\/span> Vois l\u00e0<\/h1>\t\t\t\t<\/div>\n\t\t\t\t<\/div>\n\t\t\t\t<div class=\"elementor-element elementor-element-690fcb6 elementor-widget elementor-widget-spacer\" data-id=\"690fcb6\" data-element_type=\"widget\" data-e-type=\"widget\" data-widget_type=\"spacer.default\">\n\t\t\t\t<div class=\"elementor-widget-container\">\n\t\t\t\t\t\t\t<div class=\"elementor-spacer\">\n\t\t\t<div class=\"elementor-spacer-inner\"><\/div>\n\t\t<\/div>\n\t\t\t\t\t\t<\/div>\n\t\t\t\t<\/div>\n\t\t\t\t\t<\/div>\n\t\t<\/div>\n\t\t\t\t\t<\/div>\n\t\t<\/section>\n\t\t\t\t<section class=\"elementor-section elementor-top-section elementor-element elementor-element-4055702 elementor-reverse-tablet elementor-reverse-mobile elementor-section-boxed elementor-section-height-default elementor-section-height-default\" data-id=\"4055702\" data-element_type=\"section\" data-e-type=\"section\">\n\t\t\t\t\t\t<div class=\"elementor-container elementor-column-gap-default\">\n\t\t\t\t\t<div class=\"elementor-column elementor-col-50 elementor-top-column elementor-element elementor-element-3d25821\" data-id=\"3d25821\" data-element_type=\"column\" data-e-type=\"column\">\n\t\t\t<div class=\"elementor-widget-wrap elementor-element-populated\">\n\t\t\t\t\t\t<div class=\"elementor-element elementor-element-8f7d5d2 elementor-widget elementor-widget-image\" data-id=\"8f7d5d2\" data-element_type=\"widget\" data-e-type=\"widget\" data-widget_type=\"image.default\">\n\t\t\t\t<div class=\"elementor-widget-container\">\n\t\t\t\t\t\t\t\t\t\t\t\t\t\t\t<img fetchpriority=\"high\" decoding=\"async\" width=\"800\" height=\"800\" src=\"https:\/\/www.uptextile.fr\/wp-content\/uploads\/2024\/08\/441871488_919258726877665_5579321527218228830_n-1024x1024.jpg\" class=\"attachment-large size-large wp-image-3467\" alt=\"Vois l\u00e0\" srcset=\"https:\/\/www.uptextile.fr\/wp-content\/uploads\/2024\/08\/441871488_919258726877665_5579321527218228830_n-1024x1024.jpg 1024w, https:\/\/www.uptextile.fr\/wp-content\/uploads\/2024\/08\/441871488_919258726877665_5579321527218228830_n-300x300.jpg 300w, https:\/\/www.uptextile.fr\/wp-content\/uploads\/2024\/08\/441871488_919258726877665_5579321527218228830_n-150x150.jpg 150w, https:\/\/www.uptextile.fr\/wp-content\/uploads\/2024\/08\/441871488_919258726877665_5579321527218228830_n-768x768.jpg 768w, https:\/\/www.uptextile.fr\/wp-content\/uploads\/2024\/08\/441871488_919258726877665_5579321527218228830_n-12x12.jpg 12w, https:\/\/www.uptextile.fr\/wp-content\/uploads\/2024\/08\/441871488_919258726877665_5579321527218228830_n-600x600.jpg 600w, https:\/\/www.uptextile.fr\/wp-content\/uploads\/2024\/08\/441871488_919258726877665_5579321527218228830_n-100x100.jpg 100w, https:\/\/www.uptextile.fr\/wp-content\/uploads\/2024\/08\/441871488_919258726877665_5579321527218228830_n.jpg 1440w\" sizes=\"(max-width: 800px) 100vw, 800px\" \/>\t\t\t\t\t\t\t\t\t\t\t\t\t\t\t<\/div>\n\t\t\t\t<\/div>\n\t\t\t\t<div class=\"elementor-element elementor-element-cbfdd14 elementor-widget elementor-widget-image\" data-id=\"cbfdd14\" data-element_type=\"widget\" data-e-type=\"widget\" data-widget_type=\"image.default\">\n\t\t\t\t<div class=\"elementor-widget-container\">\n\t\t\t\t\t\t\t\t\t\t\t\t\t\t\t<img decoding=\"async\" width=\"800\" height=\"655\" src=\"https:\/\/www.uptextile.fr\/wp-content\/uploads\/2024\/08\/359468091_720140783456128_7247732922020134681_n-1024x839.jpg\" class=\"attachment-large size-large wp-image-3461\" alt=\"Fondatrices Vois l\u00e0\" srcset=\"https:\/\/www.uptextile.fr\/wp-content\/uploads\/2024\/08\/359468091_720140783456128_7247732922020134681_n-1024x839.jpg 1024w, https:\/\/www.uptextile.fr\/wp-content\/uploads\/2024\/08\/359468091_720140783456128_7247732922020134681_n-300x246.jpg 300w, https:\/\/www.uptextile.fr\/wp-content\/uploads\/2024\/08\/359468091_720140783456128_7247732922020134681_n-768x629.jpg 768w, https:\/\/www.uptextile.fr\/wp-content\/uploads\/2024\/08\/359468091_720140783456128_7247732922020134681_n-15x12.jpg 15w, https:\/\/www.uptextile.fr\/wp-content\/uploads\/2024\/08\/359468091_720140783456128_7247732922020134681_n-600x492.jpg 600w, https:\/\/www.uptextile.fr\/wp-content\/uploads\/2024\/08\/359468091_720140783456128_7247732922020134681_n.jpg 1080w\" sizes=\"(max-width: 800px) 100vw, 800px\" \/>\t\t\t\t\t\t\t\t\t\t\t\t\t\t\t<\/div>\n\t\t\t\t<\/div>\n\t\t\t\t<div class=\"elementor-element elementor-element-9886886 elementor-widget elementor-widget-image\" data-id=\"9886886\" data-element_type=\"widget\" data-e-type=\"widget\" data-widget_type=\"image.default\">\n\t\t\t\t<div class=\"elementor-widget-container\">\n\t\t\t\t\t\t\t\t\t\t\t\t\t\t\t<img decoding=\"async\" width=\"800\" height=\"746\" src=\"https:\/\/www.uptextile.fr\/wp-content\/uploads\/2024\/08\/363856577_730804519056421_2036068424071708083_n-1024x955.jpg\" class=\"attachment-large size-large wp-image-3462\" alt=\"Julie et Manon Vois l\u00e0\" srcset=\"https:\/\/www.uptextile.fr\/wp-content\/uploads\/2024\/08\/363856577_730804519056421_2036068424071708083_n-1024x955.jpg 1024w, https:\/\/www.uptextile.fr\/wp-content\/uploads\/2024\/08\/363856577_730804519056421_2036068424071708083_n-300x280.jpg 300w, https:\/\/www.uptextile.fr\/wp-content\/uploads\/2024\/08\/363856577_730804519056421_2036068424071708083_n-768x716.jpg 768w, https:\/\/www.uptextile.fr\/wp-content\/uploads\/2024\/08\/363856577_730804519056421_2036068424071708083_n-13x12.jpg 13w, https:\/\/www.uptextile.fr\/wp-content\/uploads\/2024\/08\/363856577_730804519056421_2036068424071708083_n-600x559.jpg 600w, https:\/\/www.uptextile.fr\/wp-content\/uploads\/2024\/08\/363856577_730804519056421_2036068424071708083_n.jpg 1080w\" sizes=\"(max-width: 800px) 100vw, 800px\" \/>\t\t\t\t\t\t\t\t\t\t\t\t\t\t\t<\/div>\n\t\t\t\t<\/div>\n\t\t\t\t<div class=\"elementor-element elementor-element-f6c1866 elementor-widget elementor-widget-image\" data-id=\"f6c1866\" data-element_type=\"widget\" data-e-type=\"widget\" data-widget_type=\"image.default\">\n\t\t\t\t<div class=\"elementor-widget-container\">\n\t\t\t\t\t\t\t\t\t\t\t\t\t\t\t<img loading=\"lazy\" decoding=\"async\" width=\"800\" height=\"800\" src=\"https:\/\/www.uptextile.fr\/wp-content\/uploads\/2024\/08\/311421764_520668946736647_3661405256094805926_n-1024x1024.jpg\" class=\"attachment-large size-large wp-image-3459\" alt=\"Art de la table Vois l\u00e0\" srcset=\"https:\/\/www.uptextile.fr\/wp-content\/uploads\/2024\/08\/311421764_520668946736647_3661405256094805926_n-1024x1024.jpg 1024w, https:\/\/www.uptextile.fr\/wp-content\/uploads\/2024\/08\/311421764_520668946736647_3661405256094805926_n-300x300.jpg 300w, https:\/\/www.uptextile.fr\/wp-content\/uploads\/2024\/08\/311421764_520668946736647_3661405256094805926_n-150x150.jpg 150w, https:\/\/www.uptextile.fr\/wp-content\/uploads\/2024\/08\/311421764_520668946736647_3661405256094805926_n-768x768.jpg 768w, https:\/\/www.uptextile.fr\/wp-content\/uploads\/2024\/08\/311421764_520668946736647_3661405256094805926_n-12x12.jpg 12w, https:\/\/www.uptextile.fr\/wp-content\/uploads\/2024\/08\/311421764_520668946736647_3661405256094805926_n-600x600.jpg 600w, https:\/\/www.uptextile.fr\/wp-content\/uploads\/2024\/08\/311421764_520668946736647_3661405256094805926_n-100x100.jpg 100w, https:\/\/www.uptextile.fr\/wp-content\/uploads\/2024\/08\/311421764_520668946736647_3661405256094805926_n.jpg 1080w\" sizes=\"(max-width: 800px) 100vw, 800px\" \/>\t\t\t\t\t\t\t\t\t\t\t\t\t\t\t<\/div>\n\t\t\t\t<\/div>\n\t\t\t\t\t<\/div>\n\t\t<\/div>\n\t\t\t\t<div class=\"elementor-column elementor-col-50 elementor-top-column elementor-element elementor-element-8404247\" data-id=\"8404247\" data-element_type=\"column\" data-e-type=\"column\">\n\t\t\t<div class=\"elementor-widget-wrap elementor-element-populated\">\n\t\t\t\t\t\t<div class=\"elementor-element elementor-element-1b58620 elementor-widget elementor-widget-heading\" data-id=\"1b58620\" data-element_type=\"widget\" data-e-type=\"widget\" data-widget_type=\"heading.default\">\n\t\t\t\t<div class=\"elementor-widget-container\">\n\t\t\t\t\t<h2 class=\"elementor-heading-title elementor-size-default\">Vois l\u00e0, une marque pour une d\u00e9coration ludique et engag\u00e9e<\/h2>\t\t\t\t<\/div>\n\t\t\t\t<\/div>\n\t\t\t\t<div class=\"elementor-element elementor-element-ee56382 elementor-widget elementor-widget-text-editor\" data-id=\"ee56382\" data-element_type=\"widget\" data-e-type=\"widget\" data-widget_type=\"text-editor.default\">\n\t\t\t\t<div class=\"elementor-widget-container\">\n\t\t\t\t\t\t\t\t\t<p>Aujourd\u2019hui, nous avons le plaisir de rencontrer Julie la co-fondatrice de la marque <strong>Vois-l\u00e0<\/strong> avec Manon.<\/p><p>Vois l\u00e0 est n\u00e9e d\u2019une <strong>passion commune pour la d\u00e9coration<\/strong>, o\u00f9 l\u2019esth\u00e9tique rencontre l\u2019engagement. Cette marque est le fruit de l\u2019association entre la premi\u00e8re exp\u00e9rience entrepreneuriale de Manon, \u201cLes Imprim\u00e9s de Manon\u201d, et les convictions profondes de Julie. Ensemble, elles ont cr\u00e9\u00e9 une <strong>marque de d\u00e9coration qui apporte du sens \u00e0 nos int\u00e9rieurs<\/strong>.<\/p><p>Elles proposent des <strong>motifs modernes<\/strong> qui mettent en avant des <strong>causes importantes<\/strong>, offrant \u00e0 chacun la <strong>possibilit\u00e9 de se cr\u00e9er un cocon unique et graphique mais \u00e9galement \u00e9thique<\/strong>.<\/p><p>Dans cet interview avec Julie, nous d\u00e9couvrirons l\u2019histoire de la marque, ce qu\u2019elle propose et ses valeurs.<\/p>\t\t\t\t\t\t\t\t<\/div>\n\t\t\t\t<\/div>\n\t\t\t\t<div class=\"elementor-element elementor-element-614a19b elementor-widget elementor-widget-heading\" data-id=\"614a19b\" data-element_type=\"widget\" data-e-type=\"widget\" data-widget_type=\"heading.default\">\n\t\t\t\t<div class=\"elementor-widget-container\">\n\t\t\t\t\t<h2 class=\"elementor-heading-title elementor-size-default\">\u201cBonjour, pouvez-vous nous pr\u00e9senter l\u2019histoire de Vois l\u00e0 ? Nous aimerions en savoir plus sur votre parcours et comment vous en \u00eates venues \u00e0 cr\u00e9er cette marque. <\/h2>\t\t\t\t<\/div>\n\t\t\t\t<\/div>\n\t\t\t\t<div class=\"elementor-element elementor-element-cec7866 elementor-widget elementor-widget-text-editor\" data-id=\"cec7866\" data-element_type=\"widget\" data-e-type=\"widget\" data-widget_type=\"text-editor.default\">\n\t\t\t\t<div class=\"elementor-widget-container\">\n\t\t\t\t\t\t\t\t\t<p>Bien s\u00fbr ! L\u2019histoire de <strong>Vois l\u00e0<\/strong> commence bien avant sa cr\u00e9ation officielle, avec Manon et moi. Nous sommes amies depuis plus de 15 ans et avons toutes les deux \u00e9tudi\u00e9 le textile et la mode. Pendant nos \u00e9tudes, nous avions mont\u00e9 une <strong>petite marque de v\u00eatements<\/strong>, un peu comme un passe-temps. On fabriquait nos propres cr\u00e9ations, on organisait des d\u00e9fil\u00e9s, et on les vendait. C\u2019\u00e9tait amusant, et cela nous a permis de nous plonger tr\u00e8s t\u00f4t dans l\u2019<strong>univers de la mode<\/strong>.<\/p><p>Apr\u00e8s nos \u00e9tudes, nos chemins professionnels ont pris des directions diff\u00e9rentes, mais toujours dans le <strong>domaine textile<\/strong>. La vie a fait que, \u00e0 un moment donn\u00e9, nous avons ressenti, toutes les deux, le besoin de changement dans nos carri\u00e8res. Manon a pass\u00e9 quelques ann\u00e9es \u00e0 Paris avant de revenir vivre \u00e0 Strasbourg en 2020, en plein c\u0153ur de la pand\u00e9mie. Avec le confinement, il \u00e9tait compliqu\u00e9, voire impossible, de trouver un travail \u00e0 ce moment-l\u00e0. Elle venait de s\u2019installer dans un nouvel appartement et, comme beaucoup, elle avait envie de d\u00e9corer son espace pour le rendre plus chaleureux.<\/p><p>C\u2019est l\u00e0 que l\u2019id\u00e9e de Vois l\u00e0 a germ\u00e9. Manon s\u2019est dit : \u201cPourquoi ne pas cr\u00e9er moi-m\u00eame la d\u00e9coration que je veux voir chez moi ?\u201d. De mon c\u00f4t\u00e9, je travaillais dans l\u2019industrie textile en Alsace depuis quelques ann\u00e9es, mais le confinement avait mis tout \u00e0 l\u2019arr\u00eat. Quand Manon m\u2019a parl\u00e9 de ses id\u00e9es, j\u2019ai tout de suite voulu l\u2019aider. J\u2019ai mis \u00e0 disposition mon r\u00e9seau et mes connaissances pour l\u2019aider \u00e0 concr\u00e9tiser les <strong>objets d\u00e9co<\/strong> qu\u2019elle avait en t\u00eate.<\/p><p>Au fur et \u00e0 mesure, on s\u2019est rendu compte que \u00e7a marchait vraiment bien, et que les cr\u00e9ations plaisaient. C\u2019est alors qu\u2019on a d\u00e9cid\u00e9 de franchir le pas. J\u2019ai quitt\u00e9 mon travail, et nous avons transform\u00e9 cela en une v\u00e9ritable entreprise. <strong>Vois l\u00e0<\/strong> est ainsi devenu le r<strong>eflet de notre passion commune pour la d\u00e9coration et notre envie de donner du sens \u00e0 nos cr\u00e9ations<\/strong>.<\/p>\t\t\t\t\t\t\t\t<\/div>\n\t\t\t\t<\/div>\n\t\t\t\t<div class=\"elementor-element elementor-element-9a684f0 elementor-widget elementor-widget-heading\" data-id=\"9a684f0\" data-element_type=\"widget\" data-e-type=\"widget\" data-widget_type=\"heading.default\">\n\t\t\t\t<div class=\"elementor-widget-container\">\n\t\t\t\t\t<h2 class=\"elementor-heading-title elementor-size-default\">D\u2019o\u00f9 vient le nom \u201cVois l\u00e0\u201d ? <\/h2>\t\t\t\t<\/div>\n\t\t\t\t<\/div>\n\t\t\t\t<div class=\"elementor-element elementor-element-a3ede64 elementor-widget elementor-widget-text-editor\" data-id=\"a3ede64\" data-element_type=\"widget\" data-e-type=\"widget\" data-widget_type=\"text-editor.default\">\n\t\t\t\t<div class=\"elementor-widget-container\">\n\t\t\t\t\t\t\t\t\t<p>Le nom \u201cVois l\u00e0\u201d a \u00e9t\u00e9 le fruit de nombreuses r\u00e9flexions ! On voulait un nom qui soit \u00e0 la fois fran\u00e7ais, court, et qui fasse r\u00e9f\u00e9rence au sens visuel, puisque notre marque est centr\u00e9e sur le <strong>textile<\/strong> et la <strong>d\u00e9coration<\/strong>. On a donc pass\u00e9 pas mal de temps \u00e0 chercher le nom parfait.<\/p><p>Un soir, alors qu\u2019on discutait au t\u00e9l\u00e9phone, c\u2019est le copain de Manon qui a lanc\u00e9 l\u2019id\u00e9e. Il nous a dit : \u201cPourquoi pas Vois l\u00e0 ?\u201d. Ce qui nous a tout de suite plus, c\u2019est le fait que le mot \u201cvoil\u00e0\u201d est d\u00e9j\u00e0 utilis\u00e9 par les Am\u00e9ricains, ce qui correspondait bien \u00e0 notre envie de choisir un nom fran\u00e7ais mais facile \u00e0 prononcer \u00e0 l\u2019international.<\/p><p>Le jeu de mots s\u2019est impos\u00e9 naturellement. Nous avons d\u00e9cid\u00e9 d\u2019\u00e9crire \u201cvoil\u00e0\u201d en deux mots : \u201cVois l\u00e0\u201d, pour mettre en avant le verbe \u201cvoir\u201d. Cela refl\u00e8te parfaitement notre approche, centr\u00e9e sur l\u2019esth\u00e9tique et le sens visuel. En plus, ce nom nous permet d\u2019introduire un ton l\u00e9ger et parfois m\u00eame dr\u00f4le dans notre communication, ce qui correspond bien \u00e0 notre personnalit\u00e9 et \u00e0 l\u2019esprit de la marque.<\/p>\t\t\t\t\t\t\t\t<\/div>\n\t\t\t\t<\/div>\n\t\t\t\t\t<\/div>\n\t\t<\/div>\n\t\t\t\t\t<\/div>\n\t\t<\/section>\n\t\t\t\t<section class=\"elementor-section elementor-top-section elementor-element elementor-element-8b01205 elementor-section-boxed elementor-section-height-default elementor-section-height-default\" data-id=\"8b01205\" data-element_type=\"section\" data-e-type=\"section\">\n\t\t\t\t\t\t<div class=\"elementor-container elementor-column-gap-default\">\n\t\t\t\t\t<div class=\"elementor-column elementor-col-100 elementor-top-column elementor-element elementor-element-0dc5bc1\" data-id=\"0dc5bc1\" data-element_type=\"column\" data-e-type=\"column\">\n\t\t\t<div class=\"elementor-widget-wrap elementor-element-populated\">\n\t\t\t\t\t\t<div class=\"elementor-element elementor-element-dcb85e9 elementor-widget elementor-widget-spacer\" data-id=\"dcb85e9\" data-element_type=\"widget\" data-e-type=\"widget\" data-widget_type=\"spacer.default\">\n\t\t\t\t<div class=\"elementor-widget-container\">\n\t\t\t\t\t\t\t<div class=\"elementor-spacer\">\n\t\t\t<div class=\"elementor-spacer-inner\"><\/div>\n\t\t<\/div>\n\t\t\t\t\t\t<\/div>\n\t\t\t\t<\/div>\n\t\t\t\t\t<\/div>\n\t\t<\/div>\n\t\t\t\t\t<\/div>\n\t\t<\/section>\n\t\t\t\t<section class=\"elementor-section elementor-top-section elementor-element elementor-element-fbf057b elementor-section-boxed elementor-section-height-default elementor-section-height-default\" data-id=\"fbf057b\" data-element_type=\"section\" data-e-type=\"section\">\n\t\t\t\t\t\t<div class=\"elementor-container elementor-column-gap-default\">\n\t\t\t\t\t<div class=\"elementor-column elementor-col-100 elementor-top-column elementor-element elementor-element-0707442\" data-id=\"0707442\" data-element_type=\"column\" data-e-type=\"column\">\n\t\t\t<div class=\"elementor-widget-wrap elementor-element-populated\">\n\t\t\t\t\t\t<div class=\"elementor-element elementor-element-1cdaa7c elementor-widget elementor-widget-spacer\" data-id=\"1cdaa7c\" data-element_type=\"widget\" data-e-type=\"widget\" data-widget_type=\"spacer.default\">\n\t\t\t\t<div class=\"elementor-widget-container\">\n\t\t\t\t\t\t\t<div class=\"elementor-spacer\">\n\t\t\t<div class=\"elementor-spacer-inner\"><\/div>\n\t\t<\/div>\n\t\t\t\t\t\t<\/div>\n\t\t\t\t<\/div>\n\t\t\t\t\t<\/div>\n\t\t<\/div>\n\t\t\t\t\t<\/div>\n\t\t<\/section>\n\t\t\t\t<section class=\"elementor-section elementor-top-section elementor-element elementor-element-58ce245 elementor-section-boxed elementor-section-height-default elementor-section-height-default\" data-id=\"58ce245\" data-element_type=\"section\" data-e-type=\"section\">\n\t\t\t\t\t\t<div class=\"elementor-container elementor-column-gap-default\">\n\t\t\t\t\t<div class=\"elementor-column elementor-col-33 elementor-top-column elementor-element elementor-element-0e83c0a\" data-id=\"0e83c0a\" data-element_type=\"column\" data-e-type=\"column\">\n\t\t\t<div class=\"elementor-widget-wrap elementor-element-populated\">\n\t\t\t\t\t\t<div class=\"elementor-element elementor-element-450c862 elementor-hidden-mobile e-transform e-transform elementor-widget elementor-widget-image\" data-id=\"450c862\" data-element_type=\"widget\" data-e-type=\"widget\" data-settings=\"{&quot;_transform_translateX_effect&quot;:{&quot;unit&quot;:&quot;%&quot;,&quot;size&quot;:70,&quot;sizes&quot;:[]},&quot;_transform_translateX_effect_tablet&quot;:{&quot;unit&quot;:&quot;%&quot;,&quot;size&quot;:&quot;&quot;,&quot;sizes&quot;:[]},&quot;_transform_translateX_effect_mobile&quot;:{&quot;unit&quot;:&quot;%&quot;,&quot;size&quot;:&quot;&quot;,&quot;sizes&quot;:[]},&quot;_transform_rotateZ_effect&quot;:{&quot;unit&quot;:&quot;px&quot;,&quot;size&quot;:&quot;&quot;,&quot;sizes&quot;:[]},&quot;_transform_rotateZ_effect_tablet&quot;:{&quot;unit&quot;:&quot;deg&quot;,&quot;size&quot;:&quot;&quot;,&quot;sizes&quot;:[]},&quot;_transform_rotateZ_effect_mobile&quot;:{&quot;unit&quot;:&quot;deg&quot;,&quot;size&quot;:&quot;&quot;,&quot;sizes&quot;:[]},&quot;_transform_translateY_effect&quot;:{&quot;unit&quot;:&quot;px&quot;,&quot;size&quot;:&quot;&quot;,&quot;sizes&quot;:[]},&quot;_transform_translateY_effect_tablet&quot;:{&quot;unit&quot;:&quot;px&quot;,&quot;size&quot;:&quot;&quot;,&quot;sizes&quot;:[]},&quot;_transform_translateY_effect_mobile&quot;:{&quot;unit&quot;:&quot;px&quot;,&quot;size&quot;:&quot;&quot;,&quot;sizes&quot;:[]}}\" data-widget_type=\"image.default\">\n\t\t\t\t<div class=\"elementor-widget-container\">\n\t\t\t\t\t\t\t\t\t\t\t\t\t\t\t<img loading=\"lazy\" decoding=\"async\" width=\"127\" height=\"262\" src=\"https:\/\/www.uptextile.fr\/wp-content\/uploads\/2022\/02\/Fichier-3UP.png\" class=\"attachment-large size-large wp-image-1163\" alt=\"UP\" srcset=\"https:\/\/www.uptextile.fr\/wp-content\/uploads\/2022\/02\/Fichier-3UP.png 127w, https:\/\/www.uptextile.fr\/wp-content\/uploads\/2022\/02\/Fichier-3UP-6x12.png 6w\" sizes=\"(max-width: 127px) 100vw, 127px\" \/>\t\t\t\t\t\t\t\t\t\t\t\t\t\t\t<\/div>\n\t\t\t\t<\/div>\n\t\t\t\t\t<\/div>\n\t\t<\/div>\n\t\t\t\t<div class=\"elementor-column elementor-col-33 elementor-top-column elementor-element elementor-element-0c6cfa8\" data-id=\"0c6cfa8\" data-element_type=\"column\" data-e-type=\"column\">\n\t\t\t<div class=\"elementor-widget-wrap elementor-element-populated\">\n\t\t\t\t\t\t<div class=\"elementor-element elementor-element-b5c551f elementor-widget elementor-widget-image\" data-id=\"b5c551f\" data-element_type=\"widget\" data-e-type=\"widget\" data-widget_type=\"image.default\">\n\t\t\t\t<div class=\"elementor-widget-container\">\n\t\t\t\t\t\t\t\t\t\t\t\t\t\t\t<img decoding=\"async\" src=\"https:\/\/www.uptextile.fr\/wp-content\/uploads\/2024\/08\/437961504_901252505344954_7663229011968567220_n.jpg\" title=\"437961504_901252505344954_7663229011968567220_n\" alt=\"Torchons Vois l\u00e0\" loading=\"lazy\" \/>\t\t\t\t\t\t\t\t\t\t\t\t\t\t\t<\/div>\n\t\t\t\t<\/div>\n\t\t\t\t\t<\/div>\n\t\t<\/div>\n\t\t\t\t<div class=\"elementor-column elementor-col-33 elementor-top-column elementor-element elementor-element-9f702e4\" data-id=\"9f702e4\" data-element_type=\"column\" data-e-type=\"column\">\n\t\t\t<div class=\"elementor-widget-wrap elementor-element-populated\">\n\t\t\t\t\t\t<div class=\"elementor-element elementor-element-adf3985 elementor-widget elementor-widget-image\" data-id=\"adf3985\" data-element_type=\"widget\" data-e-type=\"widget\" data-widget_type=\"image.default\">\n\t\t\t\t<div class=\"elementor-widget-container\">\n\t\t\t\t\t\t\t\t\t\t\t\t\t\t\t<img loading=\"lazy\" decoding=\"async\" width=\"800\" height=\"800\" src=\"https:\/\/www.uptextile.fr\/wp-content\/uploads\/2024\/08\/343032433_9682601705144429_1494734892254716627_n-1024x1024.jpg\" class=\"attachment-large size-large wp-image-3460\" alt=\"Nappe Vois l\u00e0\" srcset=\"https:\/\/www.uptextile.fr\/wp-content\/uploads\/2024\/08\/343032433_9682601705144429_1494734892254716627_n-1024x1024.jpg 1024w, https:\/\/www.uptextile.fr\/wp-content\/uploads\/2024\/08\/343032433_9682601705144429_1494734892254716627_n-300x300.jpg 300w, https:\/\/www.uptextile.fr\/wp-content\/uploads\/2024\/08\/343032433_9682601705144429_1494734892254716627_n-150x150.jpg 150w, https:\/\/www.uptextile.fr\/wp-content\/uploads\/2024\/08\/343032433_9682601705144429_1494734892254716627_n-768x768.jpg 768w, https:\/\/www.uptextile.fr\/wp-content\/uploads\/2024\/08\/343032433_9682601705144429_1494734892254716627_n-12x12.jpg 12w, https:\/\/www.uptextile.fr\/wp-content\/uploads\/2024\/08\/343032433_9682601705144429_1494734892254716627_n-600x600.jpg 600w, https:\/\/www.uptextile.fr\/wp-content\/uploads\/2024\/08\/343032433_9682601705144429_1494734892254716627_n-100x100.jpg 100w, https:\/\/www.uptextile.fr\/wp-content\/uploads\/2024\/08\/343032433_9682601705144429_1494734892254716627_n.jpg 1062w\" sizes=\"(max-width: 800px) 100vw, 800px\" \/>\t\t\t\t\t\t\t\t\t\t\t\t\t\t\t<\/div>\n\t\t\t\t<\/div>\n\t\t\t\t<div class=\"elementor-element elementor-element-6f778cf elementor-align-center elementor-mobile-align-left elementor-widget elementor-widget-button\" data-id=\"6f778cf\" data-element_type=\"widget\" data-e-type=\"widget\" data-widget_type=\"button.default\">\n\t\t\t\t<div class=\"elementor-widget-container\">\n\t\t\t\t\t\t\t\t\t<div class=\"elementor-button-wrapper\">\n\t\t\t\t\t<a class=\"elementor-button elementor-button-link elementor-size-sm elementor-animation-grow\" href=\"https:\/\/voisla.fr\/fr\/\">\n\t\t\t\t\t\t<span class=\"elementor-button-content-wrapper\">\n\t\t\t\t\t\t\t\t\t<span class=\"elementor-button-text\">d\u00e9couvrir<\/span>\n\t\t\t\t\t<\/span>\n\t\t\t\t\t<\/a>\n\t\t\t\t<\/div>\n\t\t\t\t\t\t\t\t<\/div>\n\t\t\t\t<\/div>\n\t\t\t\t\t<\/div>\n\t\t<\/div>\n\t\t\t\t\t<\/div>\n\t\t<\/section>\n\t\t\t\t<section class=\"elementor-section elementor-top-section elementor-element elementor-element-7b03e43 elementor-section-boxed elementor-section-height-default elementor-section-height-default\" data-id=\"7b03e43\" data-element_type=\"section\" data-e-type=\"section\">\n\t\t\t\t\t\t<div class=\"elementor-container elementor-column-gap-default\">\n\t\t\t\t\t<div class=\"elementor-column elementor-col-100 elementor-top-column elementor-element elementor-element-23414b9\" data-id=\"23414b9\" data-element_type=\"column\" data-e-type=\"column\">\n\t\t\t<div class=\"elementor-widget-wrap elementor-element-populated\">\n\t\t\t\t\t\t<div class=\"elementor-element elementor-element-371fd41 elementor-widget elementor-widget-spacer\" data-id=\"371fd41\" data-element_type=\"widget\" data-e-type=\"widget\" data-widget_type=\"spacer.default\">\n\t\t\t\t<div class=\"elementor-widget-container\">\n\t\t\t\t\t\t\t<div class=\"elementor-spacer\">\n\t\t\t<div class=\"elementor-spacer-inner\"><\/div>\n\t\t<\/div>\n\t\t\t\t\t\t<\/div>\n\t\t\t\t<\/div>\n\t\t\t\t\t<\/div>\n\t\t<\/div>\n\t\t\t\t\t<\/div>\n\t\t<\/section>\n\t\t\t\t<section class=\"elementor-section elementor-top-section elementor-element elementor-element-33c5eed elementor-section-boxed elementor-section-height-default elementor-section-height-default\" data-id=\"33c5eed\" data-element_type=\"section\" data-e-type=\"section\">\n\t\t\t\t\t\t<div class=\"elementor-container elementor-column-gap-default\">\n\t\t\t\t\t<div class=\"elementor-column elementor-col-50 elementor-top-column elementor-element elementor-element-0aa7852\" data-id=\"0aa7852\" data-element_type=\"column\" data-e-type=\"column\">\n\t\t\t<div class=\"elementor-widget-wrap elementor-element-populated\">\n\t\t\t\t\t\t<div class=\"elementor-element elementor-element-55bc3ad elementor-widget elementor-widget-heading\" data-id=\"55bc3ad\" data-element_type=\"widget\" data-e-type=\"widget\" data-widget_type=\"heading.default\">\n\t\t\t\t<div class=\"elementor-widget-container\">\n\t\t\t\t\t<h2 class=\"elementor-heading-title elementor-size-default\">Quelles sont les valeurs de la marque Vois l\u00e0 ?  <\/h2>\t\t\t\t<\/div>\n\t\t\t\t<\/div>\n\t\t\t\t<div class=\"elementor-element elementor-element-81973a0 elementor-widget elementor-widget-text-editor\" data-id=\"81973a0\" data-element_type=\"widget\" data-e-type=\"widget\" data-widget_type=\"text-editor.default\">\n\t\t\t\t<div class=\"elementor-widget-container\">\n\t\t\t\t\t\t\t\t\t<p>Les <strong>valeurs de Vois l\u00e0<\/strong> sont au c\u0153ur de tout ce que nous faisons. Notre particularit\u00e9 r\u00e9side dans la mani\u00e8re dont nous concevons nos produits. Nous dessinons des motifs que nous faisons ensuite imprimer et transformer en <strong>linge de maison et objets de d\u00e9coration<\/strong>, principalement <strong>textiles<\/strong>. Mais ce qui rend nos <strong>collections uniques<\/strong>, c\u2019est le fait qu\u2019elles sont toutes cr\u00e9\u00e9es <strong>autour d\u2019une th\u00e9matique sociale ou environnementale<\/strong>.<\/p><p>Pour chaque collection, nous <strong>collaborons avec une association engag\u00e9e sur le th\u00e8me choisi<\/strong>. Cette association nous accompagne tout au long du processus cr\u00e9atif, en nous guidant pour que le motif refl\u00e8te leur parcours et le message que nous souhaitons transmettre ensemble. L\u2019id\u00e9e est de proposer du <strong>linge de maison<\/strong> qui soit non seulement esth\u00e9tique, mais aussi <strong>porteur de sens et engag\u00e9<\/strong>.<\/p><p>Nos valeurs sont tr\u00e8s pr\u00e9sentes \u00e0 travers notre d\u00e9marche. Nous sommes profond\u00e9ment attach\u00e9es aux <strong>questions \u00e9cologiques et sociales<\/strong>, et cela se refl\u00e8te dans notre choix de f<strong>abrication locale et responsable<\/strong>. Pour nous, Vois l\u00e0 est une mani\u00e8re d&rsquo;\u0153uvrer, \u00e0 notre \u00e9chelle, pour <strong>un monde plus humaniste et altruiste<\/strong>. C\u2019est ce que nous essayons de v\u00e9hiculer \u00e0 travers chacun de nos produits et l\u2019ensemble de notre entreprise.<\/p>\t\t\t\t\t\t\t\t<\/div>\n\t\t\t\t<\/div>\n\t\t\t\t<div class=\"elementor-element elementor-element-9f38df4 elementor-widget elementor-widget-heading\" data-id=\"9f38df4\" data-element_type=\"widget\" data-e-type=\"widget\" data-widget_type=\"heading.default\">\n\t\t\t\t<div class=\"elementor-widget-container\">\n\t\t\t\t\t<h2 class=\"elementor-heading-title elementor-size-default\">Quels produits proposez-vous ? <\/h2>\t\t\t\t<\/div>\n\t\t\t\t<\/div>\n\t\t\t\t<div class=\"elementor-element elementor-element-e47787c elementor-widget elementor-widget-text-editor\" data-id=\"e47787c\" data-element_type=\"widget\" data-e-type=\"widget\" data-widget_type=\"text-editor.default\">\n\t\t\t\t<div class=\"elementor-widget-container\">\n\t\t\t\t\t\t\t\t\t<p>Chez <strong>Vois l\u00e0<\/strong>, nous proposons une gamme vari\u00e9e de produits principalement ax\u00e9s sur la <strong>d\u00e9coration textile<\/strong>. Pour l\u2019art de la table, vous trouverez des <strong>serviettes<\/strong> et des <strong>torchons de cuisine<\/strong>. Dans l\u2019univers du salon, nous avons une <strong>belle s\u00e9lection de coussins<\/strong>, ou juste les <strong>housses de coussin<\/strong> si vous pr\u00e9f\u00e9rez. Nous avons \u00e9galement r\u00e9cemment \u00e9tendu notre offre \u00e0 l\u2019univers de la chambre avec du <strong>linge de lit<\/strong>, une premi\u00e8re exp\u00e9rience qui a \u00e9t\u00e9 tr\u00e8s bien accueillie. Pour cette gamme, nous avons collabor\u00e9 avec des experts du textile pour garantir une qualit\u00e9 optimale.<\/p><p>En plus de cela, nous proposons une petite s\u00e9lection de <strong>papeterie<\/strong> et de <strong>carterie<\/strong>. Enfin, notre derni\u00e8re gamme concerne les <strong>accessories<\/strong>. Nous sommes tr\u00e8s attach\u00e9es \u00e0 l\u2019id\u00e9e de ne rien gaspiller, c\u2019est pourquoi nous utilisons nos chutes de tissu pour cr\u00e9er des <strong>chouchous<\/strong>, des <strong>petits pochons<\/strong>, des <strong>pochettes<\/strong>, et plus r\u00e9cemment, des <strong>marque-pages en textile<\/strong>. Cette approche nous permet de minimiser les d\u00e9chets tout en offrant des <strong>produits uniques et pratiques<\/strong>.<\/p>\t\t\t\t\t\t\t\t<\/div>\n\t\t\t\t<\/div>\n\t\t\t\t\t<\/div>\n\t\t<\/div>\n\t\t\t\t<div class=\"elementor-column elementor-col-50 elementor-top-column elementor-element elementor-element-0efb57a\" data-id=\"0efb57a\" data-element_type=\"column\" data-e-type=\"column\">\n\t\t\t<div class=\"elementor-widget-wrap elementor-element-populated\">\n\t\t\t\t\t\t<div class=\"elementor-element elementor-element-0ed9d41 elementor-widget elementor-widget-image\" data-id=\"0ed9d41\" data-element_type=\"widget\" data-e-type=\"widget\" data-widget_type=\"image.default\">\n\t\t\t\t<div class=\"elementor-widget-container\">\n\t\t\t\t\t\t\t\t\t\t\t\t\t\t\t<img loading=\"lazy\" decoding=\"async\" width=\"800\" height=\"800\" src=\"https:\/\/www.uptextile.fr\/wp-content\/uploads\/2024\/08\/437892401_901252502011621_2679205644509705515_n-1024x1024.jpg\" class=\"attachment-large size-large wp-image-3465\" alt=\"Vois l\u00e0 marque engag\u00e9e\" srcset=\"https:\/\/www.uptextile.fr\/wp-content\/uploads\/2024\/08\/437892401_901252502011621_2679205644509705515_n-1024x1024.jpg 1024w, https:\/\/www.uptextile.fr\/wp-content\/uploads\/2024\/08\/437892401_901252502011621_2679205644509705515_n-300x300.jpg 300w, https:\/\/www.uptextile.fr\/wp-content\/uploads\/2024\/08\/437892401_901252502011621_2679205644509705515_n-150x150.jpg 150w, https:\/\/www.uptextile.fr\/wp-content\/uploads\/2024\/08\/437892401_901252502011621_2679205644509705515_n-768x768.jpg 768w, https:\/\/www.uptextile.fr\/wp-content\/uploads\/2024\/08\/437892401_901252502011621_2679205644509705515_n-12x12.jpg 12w, https:\/\/www.uptextile.fr\/wp-content\/uploads\/2024\/08\/437892401_901252502011621_2679205644509705515_n-600x600.jpg 600w, https:\/\/www.uptextile.fr\/wp-content\/uploads\/2024\/08\/437892401_901252502011621_2679205644509705515_n-100x100.jpg 100w, https:\/\/www.uptextile.fr\/wp-content\/uploads\/2024\/08\/437892401_901252502011621_2679205644509705515_n.jpg 1440w\" sizes=\"(max-width: 800px) 100vw, 800px\" \/>\t\t\t\t\t\t\t\t\t\t\t\t\t\t\t<\/div>\n\t\t\t\t<\/div>\n\t\t\t\t<div class=\"elementor-element elementor-element-344ce78 elementor-widget elementor-widget-image\" data-id=\"344ce78\" data-element_type=\"widget\" data-e-type=\"widget\" data-widget_type=\"image.default\">\n\t\t\t\t<div class=\"elementor-widget-container\">\n\t\t\t\t\t\t\t\t\t\t\t\t\t\t\t<img loading=\"lazy\" decoding=\"async\" width=\"800\" height=\"800\" src=\"https:\/\/www.uptextile.fr\/wp-content\/uploads\/2024\/08\/401860297_800383595431846_2180806748108826742_n-1024x1024.jpg\" class=\"attachment-large size-large wp-image-3464\" alt=\"Vois l\u00e0 marque alsacienne\" srcset=\"https:\/\/www.uptextile.fr\/wp-content\/uploads\/2024\/08\/401860297_800383595431846_2180806748108826742_n-1024x1024.jpg 1024w, https:\/\/www.uptextile.fr\/wp-content\/uploads\/2024\/08\/401860297_800383595431846_2180806748108826742_n-300x300.jpg 300w, https:\/\/www.uptextile.fr\/wp-content\/uploads\/2024\/08\/401860297_800383595431846_2180806748108826742_n-150x150.jpg 150w, https:\/\/www.uptextile.fr\/wp-content\/uploads\/2024\/08\/401860297_800383595431846_2180806748108826742_n-768x768.jpg 768w, https:\/\/www.uptextile.fr\/wp-content\/uploads\/2024\/08\/401860297_800383595431846_2180806748108826742_n-12x12.jpg 12w, https:\/\/www.uptextile.fr\/wp-content\/uploads\/2024\/08\/401860297_800383595431846_2180806748108826742_n-600x600.jpg 600w, https:\/\/www.uptextile.fr\/wp-content\/uploads\/2024\/08\/401860297_800383595431846_2180806748108826742_n-100x100.jpg 100w, https:\/\/www.uptextile.fr\/wp-content\/uploads\/2024\/08\/401860297_800383595431846_2180806748108826742_n.jpg 1440w\" sizes=\"(max-width: 800px) 100vw, 800px\" \/>\t\t\t\t\t\t\t\t\t\t\t\t\t\t\t<\/div>\n\t\t\t\t<\/div>\n\t\t\t\t\t<\/div>\n\t\t<\/div>\n\t\t\t\t\t<\/div>\n\t\t<\/section>\n\t\t\t\t<section class=\"elementor-section elementor-top-section elementor-element elementor-element-a3b67c6 elementor-reverse-tablet elementor-reverse-mobile elementor-section-boxed elementor-section-height-default elementor-section-height-default\" data-id=\"a3b67c6\" data-element_type=\"section\" data-e-type=\"section\">\n\t\t\t\t\t\t<div class=\"elementor-container elementor-column-gap-default\">\n\t\t\t\t\t<div class=\"elementor-column elementor-col-50 elementor-top-column elementor-element elementor-element-11e1ab6\" data-id=\"11e1ab6\" data-element_type=\"column\" data-e-type=\"column\">\n\t\t\t<div class=\"elementor-widget-wrap elementor-element-populated\">\n\t\t\t\t\t\t<div class=\"elementor-element elementor-element-4b01352 elementor-widget elementor-widget-spacer\" data-id=\"4b01352\" data-element_type=\"widget\" data-e-type=\"widget\" data-widget_type=\"spacer.default\">\n\t\t\t\t<div class=\"elementor-widget-container\">\n\t\t\t\t\t\t\t<div class=\"elementor-spacer\">\n\t\t\t<div class=\"elementor-spacer-inner\"><\/div>\n\t\t<\/div>\n\t\t\t\t\t\t<\/div>\n\t\t\t\t<\/div>\n\t\t\t\t<div class=\"elementor-element elementor-element-0bb8bac elementor-widget elementor-widget-image\" data-id=\"0bb8bac\" data-element_type=\"widget\" data-e-type=\"widget\" data-widget_type=\"image.default\">\n\t\t\t\t<div class=\"elementor-widget-container\">\n\t\t\t\t\t\t\t\t\t\t\t\t\t\t\t<img loading=\"lazy\" decoding=\"async\" width=\"800\" height=\"800\" src=\"https:\/\/www.uptextile.fr\/wp-content\/uploads\/2024\/08\/385068431_773428178127388_13822493226013845_n-1024x1024.jpg\" class=\"attachment-large size-large wp-image-3463\" alt=\"Set de table Vois l\u00e0\" srcset=\"https:\/\/www.uptextile.fr\/wp-content\/uploads\/2024\/08\/385068431_773428178127388_13822493226013845_n-1024x1024.jpg 1024w, https:\/\/www.uptextile.fr\/wp-content\/uploads\/2024\/08\/385068431_773428178127388_13822493226013845_n-300x300.jpg 300w, https:\/\/www.uptextile.fr\/wp-content\/uploads\/2024\/08\/385068431_773428178127388_13822493226013845_n-150x150.jpg 150w, https:\/\/www.uptextile.fr\/wp-content\/uploads\/2024\/08\/385068431_773428178127388_13822493226013845_n-768x768.jpg 768w, https:\/\/www.uptextile.fr\/wp-content\/uploads\/2024\/08\/385068431_773428178127388_13822493226013845_n-12x12.jpg 12w, https:\/\/www.uptextile.fr\/wp-content\/uploads\/2024\/08\/385068431_773428178127388_13822493226013845_n-600x600.jpg 600w, https:\/\/www.uptextile.fr\/wp-content\/uploads\/2024\/08\/385068431_773428178127388_13822493226013845_n-100x100.jpg 100w, https:\/\/www.uptextile.fr\/wp-content\/uploads\/2024\/08\/385068431_773428178127388_13822493226013845_n.jpg 1440w\" sizes=\"(max-width: 800px) 100vw, 800px\" \/>\t\t\t\t\t\t\t\t\t\t\t\t\t\t\t<\/div>\n\t\t\t\t<\/div>\n\t\t\t\t<div class=\"elementor-element elementor-element-682765c elementor-widget elementor-widget-image\" data-id=\"682765c\" data-element_type=\"widget\" data-e-type=\"widget\" data-widget_type=\"image.default\">\n\t\t\t\t<div class=\"elementor-widget-container\">\n\t\t\t\t\t\t\t\t\t\t\t\t\t\t\t<img loading=\"lazy\" decoding=\"async\" width=\"800\" height=\"800\" src=\"https:\/\/www.uptextile.fr\/wp-content\/uploads\/2024\/08\/441896763_919258723544332_3217143514935638880_n-1024x1024.jpg\" class=\"attachment-large size-large wp-image-3469\" alt=\"Linge de lit Vois l\u00e0\" srcset=\"https:\/\/www.uptextile.fr\/wp-content\/uploads\/2024\/08\/441896763_919258723544332_3217143514935638880_n-1024x1024.jpg 1024w, https:\/\/www.uptextile.fr\/wp-content\/uploads\/2024\/08\/441896763_919258723544332_3217143514935638880_n-300x300.jpg 300w, https:\/\/www.uptextile.fr\/wp-content\/uploads\/2024\/08\/441896763_919258723544332_3217143514935638880_n-150x150.jpg 150w, https:\/\/www.uptextile.fr\/wp-content\/uploads\/2024\/08\/441896763_919258723544332_3217143514935638880_n-768x768.jpg 768w, https:\/\/www.uptextile.fr\/wp-content\/uploads\/2024\/08\/441896763_919258723544332_3217143514935638880_n-12x12.jpg 12w, https:\/\/www.uptextile.fr\/wp-content\/uploads\/2024\/08\/441896763_919258723544332_3217143514935638880_n-600x600.jpg 600w, https:\/\/www.uptextile.fr\/wp-content\/uploads\/2024\/08\/441896763_919258723544332_3217143514935638880_n-100x100.jpg 100w, https:\/\/www.uptextile.fr\/wp-content\/uploads\/2024\/08\/441896763_919258723544332_3217143514935638880_n.jpg 1440w\" sizes=\"(max-width: 800px) 100vw, 800px\" \/>\t\t\t\t\t\t\t\t\t\t\t\t\t\t\t<\/div>\n\t\t\t\t<\/div>\n\t\t\t\t<div class=\"elementor-element elementor-element-af24339 elementor-widget elementor-widget-spacer\" data-id=\"af24339\" data-element_type=\"widget\" data-e-type=\"widget\" data-widget_type=\"spacer.default\">\n\t\t\t\t<div class=\"elementor-widget-container\">\n\t\t\t\t\t\t\t<div class=\"elementor-spacer\">\n\t\t\t<div class=\"elementor-spacer-inner\"><\/div>\n\t\t<\/div>\n\t\t\t\t\t\t<\/div>\n\t\t\t\t<\/div>\n\t\t\t\t\t<\/div>\n\t\t<\/div>\n\t\t\t\t<div class=\"elementor-column elementor-col-50 elementor-top-column elementor-element elementor-element-553a455\" data-id=\"553a455\" data-element_type=\"column\" data-e-type=\"column\">\n\t\t\t<div class=\"elementor-widget-wrap elementor-element-populated\">\n\t\t\t\t\t\t<div class=\"elementor-element elementor-element-db2c9a5 elementor-widget elementor-widget-heading\" data-id=\"db2c9a5\" data-element_type=\"widget\" data-e-type=\"widget\" data-widget_type=\"heading.default\">\n\t\t\t\t<div class=\"elementor-widget-container\">\n\t\t\t\t\t<h2 class=\"elementor-heading-title elementor-size-default\">O\u00f9 pouvons-nous retrouver vos produits ? <\/h2>\t\t\t\t<\/div>\n\t\t\t\t<\/div>\n\t\t\t\t<div class=\"elementor-element elementor-element-d694195 elementor-widget elementor-widget-text-editor\" data-id=\"d694195\" data-element_type=\"widget\" data-e-type=\"widget\" data-widget_type=\"text-editor.default\">\n\t\t\t\t<div class=\"elementor-widget-container\">\n\t\t\t\t\t\t\t\t\t<p>Vous pouvez retrouver nos produits sur plusieurs canaux. Tout d\u2019abord, nous avons notre <strong>site internet<\/strong> o\u00f9 nous proposons la <strong>vente en ligne<\/strong>. C\u2019est un moyen pratique de d\u00e9couvrir toute notre gamme, o\u00f9 que vous soyez. En plus de cela, nous participons \u00e0 de <strong>nombreux \u00e9v\u00e9nements en Alsace<\/strong>, principalement autour de Strasbourg, ce qui permet de rencontrer notre communaut\u00e9 locale.<\/p><p>Nos produits sont \u00e9galement disponibles dans plusieurs <strong>boutiques d\u2019artisanat et de cr\u00e9ation locale<\/strong> \u00e0 Strasbourg et Mulhouse. Par exemple, \u00e0 Strasbourg, vous pouvez les trouver \u00e0 la boutique Le G\u00e9n\u00e9rateur, et du c\u00f4t\u00e9 de Mulhouse, dans la boutique l\u2019Artichaut. Nous sommes aussi pr\u00e9sentes dans des <strong>offices de tourisme<\/strong> et des <strong>boutiques \u00e9ph\u00e9m\u00e8res dans la r\u00e9gion<\/strong>, ce qui permet de toucher un public vari\u00e9. Enfin, nos produits sont disponibles dans des <strong>boutiques de mus\u00e9es<\/strong>, notamment dans le sud de l\u2019Alsace et m\u00eame dans le sud de la France.<\/p><p>Nous avons donc un r\u00e9seau de distribution assez diversifi\u00e9, vous permettant de d\u00e9couvrir et d\u2019acheter nos cr\u00e9ations dans plusieurs lieux, selon ce qui vous convient le mieux.<\/p>\t\t\t\t\t\t\t\t<\/div>\n\t\t\t\t<\/div>\n\t\t\t\t<div class=\"elementor-element elementor-element-184467a elementor-widget elementor-widget-heading\" data-id=\"184467a\" data-element_type=\"widget\" data-e-type=\"widget\" data-widget_type=\"heading.default\">\n\t\t\t\t<div class=\"elementor-widget-container\">\n\t\t\t\t\t<h2 class=\"elementor-heading-title elementor-size-default\">Comment se passe la cr\u00e9ation de motifs avec les associations ? <\/h2>\t\t\t\t<\/div>\n\t\t\t\t<\/div>\n\t\t\t\t<div class=\"elementor-element elementor-element-02e90e5 elementor-widget elementor-widget-text-editor\" data-id=\"02e90e5\" data-element_type=\"widget\" data-e-type=\"widget\" data-widget_type=\"text-editor.default\">\n\t\t\t\t<div class=\"elementor-widget-container\">\n\t\t\t\t\t\t\t\t\t<p>Nous d\u00e9coupons l\u2019ann\u00e9e en 3 ou 4 collections, que nous essayons de lier aux saisons. Chaque saison influence les th\u00e8mes que nous abordons. Par exemple, pour une collection estivale, nous avons travaill\u00e9 autour des fonds marins, avec des motifs de c\u00e9tac\u00e9s, de dauphins et de coraux. L\u2019id\u00e9e est de faire correspondre les saisons avec des th\u00e9matiques qui leur sont naturellement li\u00e9es.<\/p><p>Nous nous inspirons \u00e9galement de l\u2019<strong>actualit\u00e9<\/strong>. Par exemple, lorsque la l\u00e9gislation sur la chasse des oiseaux a chang\u00e9, nous avons ressenti le besoin de cr\u00e9er une collection sur la protection des oiseaux pour sensibiliser \u00e0 cette cause. Parfois, nos th\u00e9matiques sont plus personnelles : Manon et moi avons grandi en ayant un lien particulier avec la for\u00eat, et cela nous a inspir\u00e9es \u00e0 cr\u00e9er une collection centr\u00e9e sur cet univers. Nous avons \u00e9galement voulu aborder des <strong>sujets qui nous tiennent \u00e0 c\u0153ur<\/strong>, comme les femmes et la sororit\u00e9, ce qui a donn\u00e9 naissance \u00e0 une collection f\u00e9ministe et engag\u00e9e.<\/p><p>Une fois le th\u00e8me choisi, c\u2019est \u00e0 moi de trouver une <strong>association<\/strong> qui correspond \u00e0 notre vision, que ce soit par son message, ses actions, ou sa localisation. Nous travaillons principalement avec des associations locales, car il est important pour nous que l\u2019<strong>impact de notre travail soit aussi local que possible<\/strong>. C\u2019est ainsi que nous collaborons avec ces associations pour cr\u00e9er des motifs qui r<strong>\u00e9sonnent avec leurs causes<\/strong>, et qui v<strong>\u00e9hiculent un message fort \u00e0 travers nos collections textiles<\/strong>.<\/p>\t\t\t\t\t\t\t\t<\/div>\n\t\t\t\t<\/div>\n\t\t\t\t\t<\/div>\n\t\t<\/div>\n\t\t\t\t\t<\/div>\n\t\t<\/section>\n\t\t\t\t<section class=\"elementor-section elementor-top-section elementor-element elementor-element-a277653 elementor-section-boxed elementor-section-height-default elementor-section-height-default\" data-id=\"a277653\" data-element_type=\"section\" data-e-type=\"section\">\n\t\t\t\t\t\t<div class=\"elementor-container elementor-column-gap-default\">\n\t\t\t\t\t<div class=\"elementor-column elementor-col-100 elementor-top-column elementor-element elementor-element-4678fb8\" data-id=\"4678fb8\" data-element_type=\"column\" data-e-type=\"column\">\n\t\t\t<div class=\"elementor-widget-wrap elementor-element-populated\">\n\t\t\t\t\t\t<div class=\"elementor-element elementor-element-0df8bea elementor-widget elementor-widget-heading\" data-id=\"0df8bea\" data-element_type=\"widget\" data-e-type=\"widget\" data-widget_type=\"heading.default\">\n\t\t\t\t<div class=\"elementor-widget-container\">\n\t\t\t\t\t<h2 class=\"elementor-heading-title elementor-size-default\">Comment avez-vous connu Up\u2019Textile ? <\/h2>\t\t\t\t<\/div>\n\t\t\t\t<\/div>\n\t\t\t\t<div class=\"elementor-element elementor-element-b59a3e0 elementor-widget elementor-widget-text-editor\" data-id=\"b59a3e0\" data-element_type=\"widget\" data-e-type=\"widget\" data-widget_type=\"text-editor.default\">\n\t\t\t\t<div class=\"elementor-widget-container\">\n\t\t\t\t\t\t\t\t\t<p>J\u2019ai d\u00e9couvert Up\u2019Textile il y a quelques ann\u00e9es, lorsque je travaillais encore comme salari\u00e9e dans l\u2019<strong>industrie textile<\/strong>. \u00c0 l\u2019\u00e9poque, je faisais partie d\u2019une entreprise sp\u00e9cialis\u00e9e dans la <strong>production textile<\/strong>, notamment de <strong>tissus destin\u00e9s \u00e0 l\u2019impression num\u00e9rique<\/strong>. Up\u2019Textile \u00e9tait l\u2019un de nos clients, et je me souviens que nous venions r\u00e9guli\u00e8rement chez vous pour effectuer des tests avec les \u00e9quipes R&amp;D et d\u00e9velopper de <strong>nouveaux produits<\/strong>.<\/p><p>J\u2019ai gard\u00e9 un excellent souvenir de cette p\u00e9riode, que ce soit au niveau des <strong>\u00e9changes humains<\/strong> ou de la <strong>qualit\u00e9 du travail r\u00e9alis\u00e9<\/strong>. Alors, quand nous avons commenc\u00e9 \u00e0 <strong>chercher des fournisseurs et partenaires<\/strong> pour notre projet Vois l\u00e0, il m\u2019a sembl\u00e9 naturel de <strong>reprendre contact avec Up\u2019Textile<\/strong>.<\/p>\t\t\t\t\t\t\t\t<\/div>\n\t\t\t\t<\/div>\n\t\t\t\t<div class=\"elementor-element elementor-element-af17b94 elementor-widget__width-initial elementor-widget elementor-widget-heading\" data-id=\"af17b94\" data-element_type=\"widget\" data-e-type=\"widget\" data-widget_type=\"heading.default\">\n\t\t\t\t<div class=\"elementor-widget-container\">\n\t\t\t\t\t<h2 class=\"elementor-heading-title elementor-size-default\">Comment voyez-vous l\u2019avenir de Vois l\u00e0 dans 5 \u00e0 10 ans ? <\/h2>\t\t\t\t<\/div>\n\t\t\t\t<\/div>\n\t\t\t\t<div class=\"elementor-element elementor-element-2359941 elementor-widget elementor-widget-text-editor\" data-id=\"2359941\" data-element_type=\"widget\" data-e-type=\"widget\" data-widget_type=\"text-editor.default\">\n\t\t\t\t<div class=\"elementor-widget-container\">\n\t\t\t\t\t\t\t\t\t<p>C\u2019est une r\u00e9ponse qui \u00e9volue souvent, mais nous avons quelques aspirations claires pour l\u2019avenir de Vois l\u00e0. Tout d\u2019abord, notre principal objectif est de p\u00e9renniser notre activit\u00e9. Nous venons de f\u00eater notre troisi\u00e8me anniversaire, et dans un contexte aussi complexe, notre priorit\u00e9 est de continuer \u00e0 exister et \u00e0 prosp\u00e9rer dans les ann\u00e9es \u00e0 venir.<\/p><p>Dans 5 ans, nous aimerions avoir notre <strong>propre boutique \u00e9ph\u00e9m\u00e8re<\/strong>. Ce serait un projet qui nous tient \u00e0 c\u0153ur, un espace o\u00f9 nous pourrions <strong>pr\u00e9senter nos collections de mani\u00e8re unique<\/strong>. Nous n\u2019avons pas l\u2019ambition de devenir une grande entreprise cot\u00e9e en bourse avec une \u00e9quipe de 100 personnes, mais nous r\u00eavons de continuer \u00e0 \u00e9toffer notre gamme, \u00e0 introduire de <strong>nouveaux produits<\/strong>, et \u00e0 <strong>r\u00e9aliser des collaborations enrichissantes en m\u00ealant nos savoir-faire avec d\u2019autres artistes et m\u00e9tiers<\/strong>. Par exemple, nous aimerions <strong>p\u00e9renniser et diversifier notre offre de linge de lit, en l\u2019\u00e9tendant \u00e0 de nouvelles cr\u00e9ations<\/strong>.<\/p><p>Un autre objectif est de proposer nos articles au-del\u00e0 de notre r\u00e9gion, de toucher un public plus large, en France et pourquoi pas \u00e0 l\u2019international. Nous souhaitons \u00e9galement d\u00e9velopper un autre volet de notre activit\u00e9 : la <strong>cr\u00e9ation de motifs sur mesure<\/strong>. Nous avons d\u00e9j\u00e0 \u00e9t\u00e9 sollicit\u00e9s pour cela, notamment par des associations comme le Secours Populaire, des mus\u00e9es ou encore des entreprises et h\u00f4tels. L\u2019id\u00e9e serait de continuer \u00e0 <strong>raconter des histoires \u00e0 travers nos dessins<\/strong>, en offrant des <strong>propositions d\u00e9coratives qui ont du sens<\/strong>, pour des projets divers et vari\u00e9s.<\/p><p>En somme, notre vision pour Vois l\u00e0 dans les 5 \u00e0 10 ans \u00e0 venir est de rester fid\u00e8le \u00e0 nos valeurs tout en explorant de nouvelles opportunit\u00e9s, pour continuer \u00e0 <strong>cr\u00e9er des produits uniques qui allient esth\u00e9tique et engagement<\/strong>.<\/p>\t\t\t\t\t\t\t\t<\/div>\n\t\t\t\t<\/div>\n\t\t\t\t<div class=\"elementor-element elementor-element-e6bf110 elementor-widget__width-initial elementor-widget elementor-widget-heading\" data-id=\"e6bf110\" data-element_type=\"widget\" data-e-type=\"widget\" data-widget_type=\"heading.default\">\n\t\t\t\t<div class=\"elementor-widget-container\">\n\t\t\t\t\t<h2 class=\"elementor-heading-title elementor-size-default\">Pourquoi choisir les produits de la marque Vois l\u00e0 ? <\/h2>\t\t\t\t<\/div>\n\t\t\t\t<\/div>\n\t\t\t\t<div class=\"elementor-element elementor-element-2f38e3e elementor-widget elementor-widget-text-editor\" data-id=\"2f38e3e\" data-element_type=\"widget\" data-e-type=\"widget\" data-widget_type=\"text-editor.default\">\n\t\t\t\t<div class=\"elementor-widget-container\">\n\t\t\t\t\t\t\t\t\t<p>Choisir Vois l\u00e0, c\u2019est avant tout opter pour une <strong>esth\u00e9tique unique et color\u00e9e<\/strong>, mais aussi pour des <strong>valeurs qui r\u00e9sonnent<\/strong> profond\u00e9ment avec notre \u00e9poque. Nos produits sont con\u00e7us dans une <strong>d\u00e9marche engag\u00e9e<\/strong>, alliant <strong>pr\u00e9occupations \u00e9cologiques, sociales, et solidaires<\/strong>. Nous croyons que ces valeurs doivent se refl\u00e9ter dans chaque objet que nous cr\u00e9ons.<\/p><p>Un autre aspect important pour nous est de proposer des <strong>produits de qualit\u00e9 \u00e0 des prix accessibles<\/strong>. Par exemple, un coussin Vois l\u00e0 en grande taille co\u00fbte environ 40 euros. Nous savons que cela repr\u00e9sente un budget, mais il \u00e9tait essentiel pour nous de rester abordables tout en maintenant une <strong>fabrication locale et responsable<\/strong>. C\u2019est aussi pour cette raison que nous avons opt\u00e9 pour un syst\u00e8me de pr\u00e9commandes sur notre collection de linge de lit. Cela nous a permis de proposer une parure de lit \u00e0 moins de 200 euros, enti\u00e8rement fabriqu\u00e9e localement dans le Grand Est, <strong>du tissage du tissu \u00e0 l\u2019illustration, jusqu\u2019\u00e0 la confection finale<\/strong>.<\/p><p>Aujourd\u2019hui, on trouve de tout sur le march\u00e9, mais pour nous, il est crucial de maintenir cette accessibilit\u00e9 tout en restant <strong>fid\u00e8les \u00e0 notre engagement pour une production locale et \u00e9thique<\/strong>. En choisissant Vois l\u00e0, <strong>vous soutenez non seulement des produits qui ont du sens, mais aussi une d\u00e9marche qui cherche \u00e0 faire la diff\u00e9rence \u00e0 chaque \u00e9tape de la cr\u00e9ation<\/strong>.\u201d<\/p>\t\t\t\t\t\t\t\t<\/div>\n\t\t\t\t<\/div>\n\t\t\t\t<div class=\"elementor-element elementor-element-1a6cb0b elementor-widget elementor-widget-text-editor\" data-id=\"1a6cb0b\" data-element_type=\"widget\" data-e-type=\"widget\" data-widget_type=\"text-editor.default\">\n\t\t\t\t<div class=\"elementor-widget-container\">\n\t\t\t\t\t\t\t\t\t<p>Retrouvez les produits de la marque Vois l\u00e0 sur leur <a href=\"https:\/\/voisla.fr\/fr\/\">site internet<\/a> ou sur leur <a href=\"https:\/\/www.instagram.com\/voisladeco\/\">compte Instagram<\/a> ou leur <a href=\"https:\/\/www.facebook.com\/voisladeco\">page Facebook<\/a>.<\/p><p>Merci \u00e0 Julie pour son partage et \u00e0 Manon et elle pour leur confiance envers Up\u2019Textile.<\/p>\t\t\t\t\t\t\t\t<\/div>\n\t\t\t\t<\/div>\n\t\t\t\t\t<\/div>\n\t\t<\/div>\n\t\t\t\t\t<\/div>\n\t\t<\/section>\n\t\t\t\t<\/div>","protected":false},"excerpt":{"rendered":"<p><\/p>","protected":false},"author":1,"featured_media":3467,"comment_status":"closed","ping_status":"open","sticky":false,"template":"elementor_header_footer","format":"standard","meta":{"_monsterinsights_skip_tracking":false,"_monsterinsights_sitenote_active":false,"_monsterinsights_sitenote_note":"","_monsterinsights_sitenote_category":0,"footnotes":""},"categories":[244],"tags":[],"class_list":["post-3458","post","type-post","status-publish","format-standard","has-post-thumbnail","hentry","category-interviews"],"yoast_head":"<!-- This site is optimized with the Yoast SEO plugin v27.4 - https:\/\/yoast.com\/product\/yoast-seo-wordpress\/ -->\n<title>Interview de Vois l\u00e0 - UpTextile<\/title>\n<meta name=\"description\" content=\"D\u00e9couvrez notre interview de Vois l\u00e0, une marque pour une d\u00e9coration ludique et engag\u00e9e Made In France . Son histoire, ses valeurs ...\" \/>\n<meta name=\"robots\" content=\"index, follow, max-snippet:-1, max-image-preview:large, max-video-preview:-1\" \/>\n<link rel=\"canonical\" href=\"https:\/\/www.uptextile.fr\/en\/interview-de-vois-la-une-marque-pour-une-decoration-ludique-et-engagee\/\" \/>\n<meta property=\"og:locale\" content=\"en_GB\" \/>\n<meta property=\"og:type\" content=\"article\" \/>\n<meta property=\"og:title\" content=\"Interview de Vois l\u00e0 - UpTextile\" \/>\n<meta property=\"og:description\" content=\"D\u00e9couvrez notre interview de Vois l\u00e0, une marque pour une d\u00e9coration ludique et engag\u00e9e Made In France . Son histoire, ses valeurs ...\" \/>\n<meta property=\"og:url\" content=\"https:\/\/www.uptextile.fr\/en\/interview-de-vois-la-une-marque-pour-une-decoration-ludique-et-engagee\/\" \/>\n<meta property=\"og:site_name\" content=\"UpTextile\" \/>\n<meta property=\"article:published_time\" content=\"2024-08-12T10:14:32+00:00\" \/>\n<meta property=\"article:modified_time\" content=\"2024-09-30T11:56:12+00:00\" \/>\n<meta property=\"og:image\" content=\"https:\/\/www.uptextile.fr\/wp-content\/uploads\/2024\/08\/441871488_919258726877665_5579321527218228830_n.jpg\" \/>\n\t<meta property=\"og:image:width\" content=\"1440\" \/>\n\t<meta property=\"og:image:height\" content=\"1440\" \/>\n\t<meta property=\"og:image:type\" content=\"image\/jpeg\" \/>\n<meta name=\"author\" content=\"admin\" \/>\n<meta name=\"twitter:card\" content=\"summary_large_image\" \/>\n<meta name=\"twitter:label1\" content=\"Written by\" \/>\n\t<meta name=\"twitter:data1\" content=\"admin\" \/>\n\t<meta name=\"twitter:label2\" content=\"Estimated reading time\" \/>\n\t<meta name=\"twitter:data2\" content=\"14 minutes\" \/>\n<script type=\"application\/ld+json\" class=\"yoast-schema-graph\">{\"@context\":\"https:\\\/\\\/schema.org\",\"@graph\":[{\"@type\":\"Article\",\"@id\":\"https:\\\/\\\/www.uptextile.fr\\\/interview-de-vois-la-une-marque-pour-une-decoration-ludique-et-engagee\\\/#article\",\"isPartOf\":{\"@id\":\"https:\\\/\\\/www.uptextile.fr\\\/interview-de-vois-la-une-marque-pour-une-decoration-ludique-et-engagee\\\/\"},\"author\":{\"name\":\"admin\",\"@id\":\"https:\\\/\\\/www.uptextile.fr\\\/#\\\/schema\\\/person\\\/ddd7afbcab186b7fb4ccfcc324dc6ade\"},\"headline\":\"Interview de Vois l\u00e0, une marque pour une d\u00e9coration ludique et engag\u00e9e\",\"datePublished\":\"2024-08-12T10:14:32+00:00\",\"dateModified\":\"2024-09-30T11:56:12+00:00\",\"mainEntityOfPage\":{\"@id\":\"https:\\\/\\\/www.uptextile.fr\\\/interview-de-vois-la-une-marque-pour-une-decoration-ludique-et-engagee\\\/\"},\"wordCount\":2373,\"image\":{\"@id\":\"https:\\\/\\\/www.uptextile.fr\\\/interview-de-vois-la-une-marque-pour-une-decoration-ludique-et-engagee\\\/#primaryimage\"},\"thumbnailUrl\":\"https:\\\/\\\/www.uptextile.fr\\\/wp-content\\\/uploads\\\/2024\\\/08\\\/441871488_919258726877665_5579321527218228830_n.jpg\",\"articleSection\":[\"Interviews\"],\"inLanguage\":\"en-GB\"},{\"@type\":\"WebPage\",\"@id\":\"https:\\\/\\\/www.uptextile.fr\\\/interview-de-vois-la-une-marque-pour-une-decoration-ludique-et-engagee\\\/\",\"url\":\"https:\\\/\\\/www.uptextile.fr\\\/interview-de-vois-la-une-marque-pour-une-decoration-ludique-et-engagee\\\/\",\"name\":\"Interview de Vois l\u00e0 - UpTextile\",\"isPartOf\":{\"@id\":\"https:\\\/\\\/www.uptextile.fr\\\/#website\"},\"primaryImageOfPage\":{\"@id\":\"https:\\\/\\\/www.uptextile.fr\\\/interview-de-vois-la-une-marque-pour-une-decoration-ludique-et-engagee\\\/#primaryimage\"},\"image\":{\"@id\":\"https:\\\/\\\/www.uptextile.fr\\\/interview-de-vois-la-une-marque-pour-une-decoration-ludique-et-engagee\\\/#primaryimage\"},\"thumbnailUrl\":\"https:\\\/\\\/www.uptextile.fr\\\/wp-content\\\/uploads\\\/2024\\\/08\\\/441871488_919258726877665_5579321527218228830_n.jpg\",\"datePublished\":\"2024-08-12T10:14:32+00:00\",\"dateModified\":\"2024-09-30T11:56:12+00:00\",\"author\":{\"@id\":\"https:\\\/\\\/www.uptextile.fr\\\/#\\\/schema\\\/person\\\/ddd7afbcab186b7fb4ccfcc324dc6ade\"},\"description\":\"D\u00e9couvrez notre interview de Vois l\u00e0, une marque pour une d\u00e9coration ludique et engag\u00e9e Made In France . Son histoire, ses valeurs ...\",\"breadcrumb\":{\"@id\":\"https:\\\/\\\/www.uptextile.fr\\\/interview-de-vois-la-une-marque-pour-une-decoration-ludique-et-engagee\\\/#breadcrumb\"},\"inLanguage\":\"en-GB\",\"potentialAction\":[{\"@type\":\"ReadAction\",\"target\":[\"https:\\\/\\\/www.uptextile.fr\\\/interview-de-vois-la-une-marque-pour-une-decoration-ludique-et-engagee\\\/\"]}]},{\"@type\":\"ImageObject\",\"inLanguage\":\"en-GB\",\"@id\":\"https:\\\/\\\/www.uptextile.fr\\\/interview-de-vois-la-une-marque-pour-une-decoration-ludique-et-engagee\\\/#primaryimage\",\"url\":\"https:\\\/\\\/www.uptextile.fr\\\/wp-content\\\/uploads\\\/2024\\\/08\\\/441871488_919258726877665_5579321527218228830_n.jpg\",\"contentUrl\":\"https:\\\/\\\/www.uptextile.fr\\\/wp-content\\\/uploads\\\/2024\\\/08\\\/441871488_919258726877665_5579321527218228830_n.jpg\",\"width\":1440,\"height\":1440,\"caption\":\"Vois l\u00e0\"},{\"@type\":\"BreadcrumbList\",\"@id\":\"https:\\\/\\\/www.uptextile.fr\\\/interview-de-vois-la-une-marque-pour-une-decoration-ludique-et-engagee\\\/#breadcrumb\",\"itemListElement\":[{\"@type\":\"ListItem\",\"position\":1,\"name\":\"Accueil\",\"item\":\"https:\\\/\\\/www.uptextile.fr\\\/\"},{\"@type\":\"ListItem\",\"position\":2,\"name\":\"Interview de Vois l\u00e0, une marque pour une d\u00e9coration ludique et engag\u00e9e\"}]},{\"@type\":\"WebSite\",\"@id\":\"https:\\\/\\\/www.uptextile.fr\\\/#website\",\"url\":\"https:\\\/\\\/www.uptextile.fr\\\/\",\"name\":\"UpTextile\",\"description\":\"L&#039;impression num\u00e9rique \u00e0 votre service\",\"potentialAction\":[{\"@type\":\"SearchAction\",\"target\":{\"@type\":\"EntryPoint\",\"urlTemplate\":\"https:\\\/\\\/www.uptextile.fr\\\/?s={search_term_string}\"},\"query-input\":{\"@type\":\"PropertyValueSpecification\",\"valueRequired\":true,\"valueName\":\"search_term_string\"}}],\"inLanguage\":\"en-GB\"},{\"@type\":\"Person\",\"@id\":\"https:\\\/\\\/www.uptextile.fr\\\/#\\\/schema\\\/person\\\/ddd7afbcab186b7fb4ccfcc324dc6ade\",\"name\":\"admin\",\"image\":{\"@type\":\"ImageObject\",\"inLanguage\":\"en-GB\",\"@id\":\"https:\\\/\\\/secure.gravatar.com\\\/avatar\\\/6670ee2da31d04324ab60d2c276c81c91f6f128389d0cd7f2efb1030b28554de?s=96&d=mm&r=g\",\"url\":\"https:\\\/\\\/secure.gravatar.com\\\/avatar\\\/6670ee2da31d04324ab60d2c276c81c91f6f128389d0cd7f2efb1030b28554de?s=96&d=mm&r=g\",\"contentUrl\":\"https:\\\/\\\/secure.gravatar.com\\\/avatar\\\/6670ee2da31d04324ab60d2c276c81c91f6f128389d0cd7f2efb1030b28554de?s=96&d=mm&r=g\",\"caption\":\"admin\"},\"url\":\"https:\\\/\\\/www.uptextile.fr\\\/en\\\/author\\\/admin\\\/\"}]}<\/script>\n<!-- \/ Yoast SEO plugin. -->","yoast_head_json":{"title":"Interview de Vois l\u00e0 - UpTextile","description":"D\u00e9couvrez notre interview de Vois l\u00e0, une marque pour une d\u00e9coration ludique et engag\u00e9e Made In France . Son histoire, ses valeurs ...","robots":{"index":"index","follow":"follow","max-snippet":"max-snippet:-1","max-image-preview":"max-image-preview:large","max-video-preview":"max-video-preview:-1"},"canonical":"https:\/\/www.uptextile.fr\/en\/interview-de-vois-la-une-marque-pour-une-decoration-ludique-et-engagee\/","og_locale":"en_GB","og_type":"article","og_title":"Interview de Vois l\u00e0 - UpTextile","og_description":"D\u00e9couvrez notre interview de Vois l\u00e0, une marque pour une d\u00e9coration ludique et engag\u00e9e Made In France . Son histoire, ses valeurs ...","og_url":"https:\/\/www.uptextile.fr\/en\/interview-de-vois-la-une-marque-pour-une-decoration-ludique-et-engagee\/","og_site_name":"UpTextile","article_published_time":"2024-08-12T10:14:32+00:00","article_modified_time":"2024-09-30T11:56:12+00:00","og_image":[{"width":1440,"height":1440,"url":"https:\/\/www.uptextile.fr\/wp-content\/uploads\/2024\/08\/441871488_919258726877665_5579321527218228830_n.jpg","type":"image\/jpeg"}],"author":"admin","twitter_card":"summary_large_image","twitter_misc":{"Written by":"admin","Estimated reading time":"14 minutes"},"schema":{"@context":"https:\/\/schema.org","@graph":[{"@type":"Article","@id":"https:\/\/www.uptextile.fr\/interview-de-vois-la-une-marque-pour-une-decoration-ludique-et-engagee\/#article","isPartOf":{"@id":"https:\/\/www.uptextile.fr\/interview-de-vois-la-une-marque-pour-une-decoration-ludique-et-engagee\/"},"author":{"name":"admin","@id":"https:\/\/www.uptextile.fr\/#\/schema\/person\/ddd7afbcab186b7fb4ccfcc324dc6ade"},"headline":"Interview de Vois l\u00e0, une marque pour une d\u00e9coration ludique et engag\u00e9e","datePublished":"2024-08-12T10:14:32+00:00","dateModified":"2024-09-30T11:56:12+00:00","mainEntityOfPage":{"@id":"https:\/\/www.uptextile.fr\/interview-de-vois-la-une-marque-pour-une-decoration-ludique-et-engagee\/"},"wordCount":2373,"image":{"@id":"https:\/\/www.uptextile.fr\/interview-de-vois-la-une-marque-pour-une-decoration-ludique-et-engagee\/#primaryimage"},"thumbnailUrl":"https:\/\/www.uptextile.fr\/wp-content\/uploads\/2024\/08\/441871488_919258726877665_5579321527218228830_n.jpg","articleSection":["Interviews"],"inLanguage":"en-GB"},{"@type":"WebPage","@id":"https:\/\/www.uptextile.fr\/interview-de-vois-la-une-marque-pour-une-decoration-ludique-et-engagee\/","url":"https:\/\/www.uptextile.fr\/interview-de-vois-la-une-marque-pour-une-decoration-ludique-et-engagee\/","name":"Interview de Vois l\u00e0 - UpTextile","isPartOf":{"@id":"https:\/\/www.uptextile.fr\/#website"},"primaryImageOfPage":{"@id":"https:\/\/www.uptextile.fr\/interview-de-vois-la-une-marque-pour-une-decoration-ludique-et-engagee\/#primaryimage"},"image":{"@id":"https:\/\/www.uptextile.fr\/interview-de-vois-la-une-marque-pour-une-decoration-ludique-et-engagee\/#primaryimage"},"thumbnailUrl":"https:\/\/www.uptextile.fr\/wp-content\/uploads\/2024\/08\/441871488_919258726877665_5579321527218228830_n.jpg","datePublished":"2024-08-12T10:14:32+00:00","dateModified":"2024-09-30T11:56:12+00:00","author":{"@id":"https:\/\/www.uptextile.fr\/#\/schema\/person\/ddd7afbcab186b7fb4ccfcc324dc6ade"},"description":"D\u00e9couvrez notre interview de Vois l\u00e0, une marque pour une d\u00e9coration ludique et engag\u00e9e Made In France . Son histoire, ses valeurs ...","breadcrumb":{"@id":"https:\/\/www.uptextile.fr\/interview-de-vois-la-une-marque-pour-une-decoration-ludique-et-engagee\/#breadcrumb"},"inLanguage":"en-GB","potentialAction":[{"@type":"ReadAction","target":["https:\/\/www.uptextile.fr\/interview-de-vois-la-une-marque-pour-une-decoration-ludique-et-engagee\/"]}]},{"@type":"ImageObject","inLanguage":"en-GB","@id":"https:\/\/www.uptextile.fr\/interview-de-vois-la-une-marque-pour-une-decoration-ludique-et-engagee\/#primaryimage","url":"https:\/\/www.uptextile.fr\/wp-content\/uploads\/2024\/08\/441871488_919258726877665_5579321527218228830_n.jpg","contentUrl":"https:\/\/www.uptextile.fr\/wp-content\/uploads\/2024\/08\/441871488_919258726877665_5579321527218228830_n.jpg","width":1440,"height":1440,"caption":"Vois l\u00e0"},{"@type":"BreadcrumbList","@id":"https:\/\/www.uptextile.fr\/interview-de-vois-la-une-marque-pour-une-decoration-ludique-et-engagee\/#breadcrumb","itemListElement":[{"@type":"ListItem","position":1,"name":"Accueil","item":"https:\/\/www.uptextile.fr\/"},{"@type":"ListItem","position":2,"name":"Interview de Vois l\u00e0, une marque pour une d\u00e9coration ludique et engag\u00e9e"}]},{"@type":"WebSite","@id":"https:\/\/www.uptextile.fr\/#website","url":"https:\/\/www.uptextile.fr\/","name":"UpTextile","description":"L&#039;impression num\u00e9rique \u00e0 votre service","potentialAction":[{"@type":"SearchAction","target":{"@type":"EntryPoint","urlTemplate":"https:\/\/www.uptextile.fr\/?s={search_term_string}"},"query-input":{"@type":"PropertyValueSpecification","valueRequired":true,"valueName":"search_term_string"}}],"inLanguage":"en-GB"},{"@type":"Person","@id":"https:\/\/www.uptextile.fr\/#\/schema\/person\/ddd7afbcab186b7fb4ccfcc324dc6ade","name":"admin","image":{"@type":"ImageObject","inLanguage":"en-GB","@id":"https:\/\/secure.gravatar.com\/avatar\/6670ee2da31d04324ab60d2c276c81c91f6f128389d0cd7f2efb1030b28554de?s=96&d=mm&r=g","url":"https:\/\/secure.gravatar.com\/avatar\/6670ee2da31d04324ab60d2c276c81c91f6f128389d0cd7f2efb1030b28554de?s=96&d=mm&r=g","contentUrl":"https:\/\/secure.gravatar.com\/avatar\/6670ee2da31d04324ab60d2c276c81c91f6f128389d0cd7f2efb1030b28554de?s=96&d=mm&r=g","caption":"admin"},"url":"https:\/\/www.uptextile.fr\/en\/author\/admin\/"}]}},"_links":{"self":[{"href":"https:\/\/www.uptextile.fr\/en\/wp-json\/wp\/v2\/posts\/3458","targetHints":{"allow":["GET"]}}],"collection":[{"href":"https:\/\/www.uptextile.fr\/en\/wp-json\/wp\/v2\/posts"}],"about":[{"href":"https:\/\/www.uptextile.fr\/en\/wp-json\/wp\/v2\/types\/post"}],"author":[{"embeddable":true,"href":"https:\/\/www.uptextile.fr\/en\/wp-json\/wp\/v2\/users\/1"}],"replies":[{"embeddable":true,"href":"https:\/\/www.uptextile.fr\/en\/wp-json\/wp\/v2\/comments?post=3458"}],"version-history":[{"count":8,"href":"https:\/\/www.uptextile.fr\/en\/wp-json\/wp\/v2\/posts\/3458\/revisions"}],"predecessor-version":[{"id":3568,"href":"https:\/\/www.uptextile.fr\/en\/wp-json\/wp\/v2\/posts\/3458\/revisions\/3568"}],"wp:featuredmedia":[{"embeddable":true,"href":"https:\/\/www.uptextile.fr\/en\/wp-json\/wp\/v2\/media\/3467"}],"wp:attachment":[{"href":"https:\/\/www.uptextile.fr\/en\/wp-json\/wp\/v2\/media?parent=3458"}],"wp:term":[{"taxonomy":"category","embeddable":true,"href":"https:\/\/www.uptextile.fr\/en\/wp-json\/wp\/v2\/categories?post=3458"},{"taxonomy":"post_tag","embeddable":true,"href":"https:\/\/www.uptextile.fr\/en\/wp-json\/wp\/v2\/tags?post=3458"}],"curies":[{"name":"wp","href":"https:\/\/api.w.org\/{rel}","templated":true}]}}