{"id":3874,"date":"2025-01-13T16:24:18","date_gmt":"2025-01-13T15:24:18","guid":{"rendered":"https:\/\/www.uptextile.fr\/?p=3874"},"modified":"2025-03-25T21:05:08","modified_gmt":"2025-03-25T20:05:08","slug":"interview-de-le-bon-motif-creation-textile-matiere","status":"publish","type":"post","link":"https:\/\/www.uptextile.fr\/en\/interview-de-le-bon-motif-creation-textile-matiere\/","title":{"rendered":"Interview de Le Bon Motif, la cr\u00e9ation textile qui fait r\u00e9sonner la mati\u00e8re"},"content":{"rendered":"<div data-elementor-type=\"wp-post\" data-elementor-id=\"3874\" class=\"elementor elementor-3874\" data-elementor-post-type=\"post\">\n\t\t\t\t\t\t<section class=\"elementor-section elementor-top-section elementor-element elementor-element-6204785 elementor-section-boxed elementor-section-height-default elementor-section-height-default\" data-id=\"6204785\" data-element_type=\"section\" data-e-type=\"section\">\n\t\t\t\t\t\t<div class=\"elementor-container elementor-column-gap-default\">\n\t\t\t\t\t<div class=\"elementor-column elementor-col-100 elementor-top-column elementor-element elementor-element-335ce89\" data-id=\"335ce89\" data-element_type=\"column\" data-e-type=\"column\">\n\t\t\t<div class=\"elementor-widget-wrap elementor-element-populated\">\n\t\t\t\t\t\t<div class=\"elementor-element elementor-element-8731012 elementor-widget elementor-widget-spacer\" data-id=\"8731012\" data-element_type=\"widget\" data-e-type=\"widget\" data-widget_type=\"spacer.default\">\n\t\t\t\t<div class=\"elementor-widget-container\">\n\t\t\t\t\t\t\t<div class=\"elementor-spacer\">\n\t\t\t<div class=\"elementor-spacer-inner\"><\/div>\n\t\t<\/div>\n\t\t\t\t\t\t<\/div>\n\t\t\t\t<\/div>\n\t\t\t\t<div class=\"elementor-element elementor-element-a539f5e elementor-widget elementor-widget-heading\" data-id=\"a539f5e\" data-element_type=\"widget\" data-e-type=\"widget\" data-widget_type=\"heading.default\">\n\t\t\t\t<div class=\"elementor-widget-container\">\n\t\t\t\t\t<h1 class=\"elementor-heading-title elementor-size-default\"><span style=\"color:white\"> interview <br> de <\/span> Le Bon Motif<\/h1>\t\t\t\t<\/div>\n\t\t\t\t<\/div>\n\t\t\t\t<div class=\"elementor-element elementor-element-690fcb6 elementor-widget elementor-widget-spacer\" data-id=\"690fcb6\" data-element_type=\"widget\" data-e-type=\"widget\" data-widget_type=\"spacer.default\">\n\t\t\t\t<div class=\"elementor-widget-container\">\n\t\t\t\t\t\t\t<div class=\"elementor-spacer\">\n\t\t\t<div class=\"elementor-spacer-inner\"><\/div>\n\t\t<\/div>\n\t\t\t\t\t\t<\/div>\n\t\t\t\t<\/div>\n\t\t\t\t\t<\/div>\n\t\t<\/div>\n\t\t\t\t\t<\/div>\n\t\t<\/section>\n\t\t\t\t<section class=\"elementor-section elementor-top-section elementor-element elementor-element-4055702 elementor-reverse-tablet elementor-reverse-mobile elementor-section-boxed elementor-section-height-default elementor-section-height-default\" data-id=\"4055702\" data-element_type=\"section\" data-e-type=\"section\">\n\t\t\t\t\t\t<div class=\"elementor-container elementor-column-gap-default\">\n\t\t\t\t\t<div class=\"elementor-column elementor-col-50 elementor-top-column elementor-element elementor-element-3d25821\" data-id=\"3d25821\" data-element_type=\"column\" data-e-type=\"column\">\n\t\t\t<div class=\"elementor-widget-wrap elementor-element-populated\">\n\t\t\t\t\t\t<div class=\"elementor-element elementor-element-8f7d5d2 elementor-widget elementor-widget-image\" data-id=\"8f7d5d2\" data-element_type=\"widget\" data-e-type=\"widget\" data-widget_type=\"image.default\">\n\t\t\t\t<div class=\"elementor-widget-container\">\n\t\t\t\t\t\t\t\t\t\t\t\t\t\t\t<img fetchpriority=\"high\" decoding=\"async\" width=\"800\" height=\"800\" src=\"https:\/\/www.uptextile.fr\/wp-content\/uploads\/2025\/01\/portrait-\u00a9photographe-yvestrotzier-1892-1024x1024.jpg\" class=\"attachment-large size-large wp-image-3870\" alt=\"Marie-Claire Z. Erny Le Bon Motif\" srcset=\"https:\/\/www.uptextile.fr\/wp-content\/uploads\/2025\/01\/portrait-\u00a9photographe-yvestrotzier-1892-1024x1024.jpg 1024w, https:\/\/www.uptextile.fr\/wp-content\/uploads\/2025\/01\/portrait-\u00a9photographe-yvestrotzier-1892-300x300.jpg 300w, https:\/\/www.uptextile.fr\/wp-content\/uploads\/2025\/01\/portrait-\u00a9photographe-yvestrotzier-1892-150x150.jpg 150w, https:\/\/www.uptextile.fr\/wp-content\/uploads\/2025\/01\/portrait-\u00a9photographe-yvestrotzier-1892-768x768.jpg 768w, https:\/\/www.uptextile.fr\/wp-content\/uploads\/2025\/01\/portrait-\u00a9photographe-yvestrotzier-1892-1536x1536.jpg 1536w, https:\/\/www.uptextile.fr\/wp-content\/uploads\/2025\/01\/portrait-\u00a9photographe-yvestrotzier-1892-2048x2048.jpg 2048w, https:\/\/www.uptextile.fr\/wp-content\/uploads\/2025\/01\/portrait-\u00a9photographe-yvestrotzier-1892-12x12.jpg 12w, https:\/\/www.uptextile.fr\/wp-content\/uploads\/2025\/01\/portrait-\u00a9photographe-yvestrotzier-1892-600x600.jpg 600w, https:\/\/www.uptextile.fr\/wp-content\/uploads\/2025\/01\/portrait-\u00a9photographe-yvestrotzier-1892-100x100.jpg 100w\" sizes=\"(max-width: 800px) 100vw, 800px\" \/>\t\t\t\t\t\t\t\t\t\t\t\t\t\t\t<\/div>\n\t\t\t\t<\/div>\n\t\t\t\t<div class=\"elementor-element elementor-element-d2dc7c1 elementor-widget elementor-widget-text-editor\" data-id=\"d2dc7c1\" data-element_type=\"widget\" data-e-type=\"widget\" data-widget_type=\"text-editor.default\">\n\t\t\t\t<div class=\"elementor-widget-container\">\n\t\t\t\t\t\t\t\t\t<p>\u00a9photographe yvestrotzier<\/p>\t\t\t\t\t\t\t\t<\/div>\n\t\t\t\t<\/div>\n\t\t\t\t<div class=\"elementor-element elementor-element-cbfdd14 elementor-widget elementor-widget-image\" data-id=\"cbfdd14\" data-element_type=\"widget\" data-e-type=\"widget\" data-widget_type=\"image.default\">\n\t\t\t\t<div class=\"elementor-widget-container\">\n\t\t\t\t\t\t\t\t\t\t\t\t\t\t\t<img decoding=\"async\" width=\"800\" height=\"627\" src=\"https:\/\/www.uptextile.fr\/wp-content\/uploads\/2025\/01\/atelier-1MCZE-1024x803.jpg\" class=\"attachment-large size-large wp-image-3859\" alt=\"Marie-Claire Erny\" srcset=\"https:\/\/www.uptextile.fr\/wp-content\/uploads\/2025\/01\/atelier-1MCZE-1024x803.jpg 1024w, https:\/\/www.uptextile.fr\/wp-content\/uploads\/2025\/01\/atelier-1MCZE-300x235.jpg 300w, https:\/\/www.uptextile.fr\/wp-content\/uploads\/2025\/01\/atelier-1MCZE-768x602.jpg 768w, https:\/\/www.uptextile.fr\/wp-content\/uploads\/2025\/01\/atelier-1MCZE-1536x1204.jpg 1536w, https:\/\/www.uptextile.fr\/wp-content\/uploads\/2025\/01\/atelier-1MCZE-2048x1605.jpg 2048w, https:\/\/www.uptextile.fr\/wp-content\/uploads\/2025\/01\/atelier-1MCZE-15x12.jpg 15w, https:\/\/www.uptextile.fr\/wp-content\/uploads\/2025\/01\/atelier-1MCZE-600x470.jpg 600w\" sizes=\"(max-width: 800px) 100vw, 800px\" \/>\t\t\t\t\t\t\t\t\t\t\t\t\t\t\t<\/div>\n\t\t\t\t<\/div>\n\t\t\t\t\t<\/div>\n\t\t<\/div>\n\t\t\t\t<div class=\"elementor-column elementor-col-50 elementor-top-column elementor-element elementor-element-8404247\" data-id=\"8404247\" data-element_type=\"column\" data-e-type=\"column\">\n\t\t\t<div class=\"elementor-widget-wrap elementor-element-populated\">\n\t\t\t\t\t\t<div class=\"elementor-element elementor-element-1b58620 elementor-widget elementor-widget-heading\" data-id=\"1b58620\" data-element_type=\"widget\" data-e-type=\"widget\" data-widget_type=\"heading.default\">\n\t\t\t\t<div class=\"elementor-widget-container\">\n\t\t\t\t\t<h2 class=\"elementor-heading-title elementor-size-default\">Le Bon Motif, la cr\u00e9ation textile qui fait r\u00e9sonner la mati\u00e8re<\/h2>\t\t\t\t<\/div>\n\t\t\t\t<\/div>\n\t\t\t\t<div class=\"elementor-element elementor-element-ee56382 elementor-widget elementor-widget-text-editor\" data-id=\"ee56382\" data-element_type=\"widget\" data-e-type=\"widget\" data-widget_type=\"text-editor.default\">\n\t\t\t\t<div class=\"elementor-widget-container\">\n\t\t\t\t\t\t\t\t\t<p><strong>Le Bon Motif<\/strong>, atelier d\u2019artisanat textile fond\u00e9 par <strong>Marie-Claire Erny<\/strong>, propose une vision unique o\u00f9 le <strong>textile devient une toile d\u2019expression artistique<\/strong>. Entre <strong>tradition<\/strong>, <strong>modernit\u00e9<\/strong> et <strong>engagement local<\/strong>, chaque cr\u00e9ation raconte une <strong>Story<\/strong> et refl\u00e8te la <strong>passion<\/strong> d\u2019une artiste r\u00e9solument tourn\u00e9e vers la singularit\u00e9. Plongeons dans l\u2019univers de cette cr\u00e9atrice talentueuse.<\/p><p>Dans cette interview, elle nous d\u00e9voile son parcours, ses inspirations, et les valeurs qui guident son travail au quotidien.<\/p>\t\t\t\t\t\t\t\t<\/div>\n\t\t\t\t<\/div>\n\t\t\t\t<div class=\"elementor-element elementor-element-614a19b elementor-widget elementor-widget-heading\" data-id=\"614a19b\" data-element_type=\"widget\" data-e-type=\"widget\" data-widget_type=\"heading.default\">\n\t\t\t\t<div class=\"elementor-widget-container\">\n\t\t\t\t\t<h2 class=\"elementor-heading-title elementor-size-default\">\u201cBonjour Marie-Claire, pouvez-vous nous raconter l\u2019histoire de votre entreprise et votre parcours ? <\/h2>\t\t\t\t<\/div>\n\t\t\t\t<\/div>\n\t\t\t\t<div class=\"elementor-element elementor-element-cec7866 elementor-widget elementor-widget-text-editor\" data-id=\"cec7866\" data-element_type=\"widget\" data-e-type=\"widget\" data-widget_type=\"text-editor.default\">\n\t\t\t\t<div class=\"elementor-widget-container\">\n\t\t\t\t\t\t\t\t\t<p>Bien s\u00fbr ! Je suis <strong>Marie-Claire Erny<\/strong>, passionn\u00e9e par le <strong>dessin<\/strong> et la <strong>cr\u00e9ation<\/strong> depuis toujours. Apr\u00e8s avoir suivi une <strong>formation aux Beaux-Art<\/strong> et travaill\u00e9 dans divers domaines artistiques, j\u2019ai commenc\u00e9 \u00e0 <strong>me sp\u00e9cialiser dans le textile<\/strong> il y a 6 ans. C\u2019est un support qui me permet d\u2019<strong>exprimer pleinement ma cr\u00e9ativit\u00e9<\/strong> tout en cr\u00e9ant des objets concrets qui <strong>embellissent les int\u00e9rieurs<\/strong>. Ce support m\u2019a s\u00e9duite par sa versatilit\u00e9 et sa capacit\u00e9 \u00e0 transformer un simple <strong>motif<\/strong> en un <strong>\u00e9l\u00e9ment vivant d\u2019un espace<\/strong>.<\/p><p>L\u2019id\u00e9e derri\u00e8re <strong>Le Bon Motif<\/strong> \u00e9tait de <strong>conjuguer mon amour du dessin avec une production artisanale et locale<\/strong>. J\u2019ai toujours eu envie de proposer des <strong>pi\u00e8ces uniques<\/strong> qui incarnent mes <strong>valeurs<\/strong> : <strong>cr\u00e9ativit\u00e9<\/strong>, <strong>durabilit\u00e9<\/strong>, et <strong>respect du savoir-faire<\/strong>.<\/p>\t\t\t\t\t\t\t\t<\/div>\n\t\t\t\t<\/div>\n\t\t\t\t<div class=\"elementor-element elementor-element-9a684f0 elementor-widget elementor-widget-heading\" data-id=\"9a684f0\" data-element_type=\"widget\" data-e-type=\"widget\" data-widget_type=\"heading.default\">\n\t\t\t\t<div class=\"elementor-widget-container\">\n\t\t\t\t\t<h2 class=\"elementor-heading-title elementor-size-default\">Quels types de cr\u00e9ations proposez-vous chez Le Bon Motif ? <\/h2>\t\t\t\t<\/div>\n\t\t\t\t<\/div>\n\t\t\t\t<div class=\"elementor-element elementor-element-a3ede64 elementor-widget elementor-widget-text-editor\" data-id=\"a3ede64\" data-element_type=\"widget\" data-e-type=\"widget\" data-widget_type=\"text-editor.default\">\n\t\t\t\t<div class=\"elementor-widget-container\">\n\t\t\t\t\t\t\t\t\t<p>Je propose des <strong>motifs peints \u00e0 la main<\/strong> qui se d\u00e9clinent de deux mani\u00e8res\u00a0:<\/p><ul><li><strong>Pi\u00e8ces uniques sur commande<\/strong>\u00a0: peintes \u00e0 la main, ces cr\u00e9ations sont r\u00e9alis\u00e9es <strong>sur mesure<\/strong> en suivant le cahier des charges du client. Elles peuvent inclure des <strong>paravents<\/strong>, des <strong>kimonos<\/strong>, des <strong>tentures murales<\/strong> ou encore des <strong>coussins<\/strong>.<\/li><li><strong>Pi\u00e8ces imprim\u00e9es<\/strong>\u00a0: con\u00e7ues \u00e0 partir de <strong>motifs originaux peints sur tissu<\/strong>. Les motifs sont ensuite num\u00e9ris\u00e9s et <strong>imprim\u00e9s localement sur divers supports<\/strong> comme des <strong>textiles<\/strong> ou des <strong>accessories<\/strong>.<\/li><\/ul><p>Mes \u0153uvres s\u2019adressent aussi bien \u00e0 la <strong>d\u00e9coration d\u2019int\u00e9rieur<\/strong> qu\u2019\u00e0 des <strong>usages professionnels<\/strong>. Chaque projet est con\u00e7u pour r\u00e9pondre aux besoins et aux envies sp\u00e9cifiques de mes clients. Mon objectif est de <strong>cr\u00e9er des pi\u00e8ces \u00e0 la fois esth\u00e9tiques et fonctionnelles<\/strong>, en valorisant le <strong>savoir-faire artisanal et local<\/strong>.<\/p>\t\t\t\t\t\t\t\t<\/div>\n\t\t\t\t<\/div>\n\t\t\t\t\t<\/div>\n\t\t<\/div>\n\t\t\t\t\t<\/div>\n\t\t<\/section>\n\t\t\t\t<section class=\"elementor-section elementor-top-section elementor-element elementor-element-8b01205 elementor-section-boxed elementor-section-height-default elementor-section-height-default\" data-id=\"8b01205\" data-element_type=\"section\" data-e-type=\"section\">\n\t\t\t\t\t\t<div class=\"elementor-container elementor-column-gap-default\">\n\t\t\t\t\t<div class=\"elementor-column elementor-col-100 elementor-top-column elementor-element elementor-element-0dc5bc1\" data-id=\"0dc5bc1\" data-element_type=\"column\" data-e-type=\"column\">\n\t\t\t<div class=\"elementor-widget-wrap elementor-element-populated\">\n\t\t\t\t\t\t<div class=\"elementor-element elementor-element-dcb85e9 elementor-widget elementor-widget-spacer\" data-id=\"dcb85e9\" data-element_type=\"widget\" data-e-type=\"widget\" data-widget_type=\"spacer.default\">\n\t\t\t\t<div class=\"elementor-widget-container\">\n\t\t\t\t\t\t\t<div class=\"elementor-spacer\">\n\t\t\t<div class=\"elementor-spacer-inner\"><\/div>\n\t\t<\/div>\n\t\t\t\t\t\t<\/div>\n\t\t\t\t<\/div>\n\t\t\t\t\t<\/div>\n\t\t<\/div>\n\t\t\t\t\t<\/div>\n\t\t<\/section>\n\t\t\t\t<section class=\"elementor-section elementor-top-section elementor-element elementor-element-fbf057b elementor-section-boxed elementor-section-height-default elementor-section-height-default\" data-id=\"fbf057b\" data-element_type=\"section\" data-e-type=\"section\">\n\t\t\t\t\t\t<div class=\"elementor-container elementor-column-gap-default\">\n\t\t\t\t\t<div class=\"elementor-column elementor-col-100 elementor-top-column elementor-element elementor-element-0707442\" data-id=\"0707442\" data-element_type=\"column\" data-e-type=\"column\">\n\t\t\t<div class=\"elementor-widget-wrap elementor-element-populated\">\n\t\t\t\t\t\t<div class=\"elementor-element elementor-element-1cdaa7c elementor-widget elementor-widget-spacer\" data-id=\"1cdaa7c\" data-element_type=\"widget\" data-e-type=\"widget\" data-widget_type=\"spacer.default\">\n\t\t\t\t<div class=\"elementor-widget-container\">\n\t\t\t\t\t\t\t<div class=\"elementor-spacer\">\n\t\t\t<div class=\"elementor-spacer-inner\"><\/div>\n\t\t<\/div>\n\t\t\t\t\t\t<\/div>\n\t\t\t\t<\/div>\n\t\t\t\t\t<\/div>\n\t\t<\/div>\n\t\t\t\t\t<\/div>\n\t\t<\/section>\n\t\t\t\t<section class=\"elementor-section elementor-top-section elementor-element elementor-element-58ce245 elementor-section-boxed elementor-section-height-default elementor-section-height-default\" data-id=\"58ce245\" data-element_type=\"section\" data-e-type=\"section\">\n\t\t\t\t\t\t<div class=\"elementor-container elementor-column-gap-default\">\n\t\t\t\t\t<div class=\"elementor-column elementor-col-33 elementor-top-column elementor-element elementor-element-0e83c0a\" data-id=\"0e83c0a\" data-element_type=\"column\" data-e-type=\"column\">\n\t\t\t<div class=\"elementor-widget-wrap elementor-element-populated\">\n\t\t\t\t\t\t<div class=\"elementor-element elementor-element-450c862 elementor-hidden-mobile e-transform e-transform elementor-widget elementor-widget-image\" data-id=\"450c862\" data-element_type=\"widget\" data-e-type=\"widget\" data-settings=\"{&quot;_transform_translateX_effect&quot;:{&quot;unit&quot;:&quot;%&quot;,&quot;size&quot;:70,&quot;sizes&quot;:[]},&quot;_transform_translateX_effect_tablet&quot;:{&quot;unit&quot;:&quot;%&quot;,&quot;size&quot;:&quot;&quot;,&quot;sizes&quot;:[]},&quot;_transform_translateX_effect_mobile&quot;:{&quot;unit&quot;:&quot;%&quot;,&quot;size&quot;:&quot;&quot;,&quot;sizes&quot;:[]},&quot;_transform_rotateZ_effect&quot;:{&quot;unit&quot;:&quot;px&quot;,&quot;size&quot;:&quot;&quot;,&quot;sizes&quot;:[]},&quot;_transform_rotateZ_effect_tablet&quot;:{&quot;unit&quot;:&quot;deg&quot;,&quot;size&quot;:&quot;&quot;,&quot;sizes&quot;:[]},&quot;_transform_rotateZ_effect_mobile&quot;:{&quot;unit&quot;:&quot;deg&quot;,&quot;size&quot;:&quot;&quot;,&quot;sizes&quot;:[]},&quot;_transform_translateY_effect&quot;:{&quot;unit&quot;:&quot;px&quot;,&quot;size&quot;:&quot;&quot;,&quot;sizes&quot;:[]},&quot;_transform_translateY_effect_tablet&quot;:{&quot;unit&quot;:&quot;px&quot;,&quot;size&quot;:&quot;&quot;,&quot;sizes&quot;:[]},&quot;_transform_translateY_effect_mobile&quot;:{&quot;unit&quot;:&quot;px&quot;,&quot;size&quot;:&quot;&quot;,&quot;sizes&quot;:[]}}\" data-widget_type=\"image.default\">\n\t\t\t\t<div class=\"elementor-widget-container\">\n\t\t\t\t\t\t\t\t\t\t\t\t\t\t\t<img decoding=\"async\" width=\"127\" height=\"262\" src=\"https:\/\/www.uptextile.fr\/wp-content\/uploads\/2022\/02\/Fichier-3UP.png\" class=\"attachment-large size-large wp-image-1163\" alt=\"UP\" srcset=\"https:\/\/www.uptextile.fr\/wp-content\/uploads\/2022\/02\/Fichier-3UP.png 127w, https:\/\/www.uptextile.fr\/wp-content\/uploads\/2022\/02\/Fichier-3UP-6x12.png 6w\" sizes=\"(max-width: 127px) 100vw, 127px\" \/>\t\t\t\t\t\t\t\t\t\t\t\t\t\t\t<\/div>\n\t\t\t\t<\/div>\n\t\t\t\t\t<\/div>\n\t\t<\/div>\n\t\t\t\t<div class=\"elementor-column elementor-col-33 elementor-top-column elementor-element elementor-element-0c6cfa8\" data-id=\"0c6cfa8\" data-element_type=\"column\" data-e-type=\"column\">\n\t\t\t<div class=\"elementor-widget-wrap elementor-element-populated\">\n\t\t\t\t\t\t<div class=\"elementor-element elementor-element-b5c551f elementor-widget elementor-widget-image\" data-id=\"b5c551f\" data-element_type=\"widget\" data-e-type=\"widget\" data-widget_type=\"image.default\">\n\t\t\t\t<div class=\"elementor-widget-container\">\n\t\t\t\t\t\t\t\t\t\t\t\t\t\t\t<img decoding=\"async\" src=\"https:\/\/www.uptextile.fr\/wp-content\/uploads\/2025\/01\/atelier2.jpg\" title=\"atelier2\" alt=\"Marie-Claire Z Erny\" loading=\"lazy\" \/>\t\t\t\t\t\t\t\t\t\t\t\t\t\t\t<\/div>\n\t\t\t\t<\/div>\n\t\t\t\t\t<\/div>\n\t\t<\/div>\n\t\t\t\t<div class=\"elementor-column elementor-col-33 elementor-top-column elementor-element elementor-element-9f702e4\" data-id=\"9f702e4\" data-element_type=\"column\" data-e-type=\"column\">\n\t\t\t<div class=\"elementor-widget-wrap elementor-element-populated\">\n\t\t\t\t\t\t<div class=\"elementor-element elementor-element-d9011b1 elementor-widget elementor-widget-text-editor\" data-id=\"d9011b1\" data-element_type=\"widget\" data-e-type=\"widget\" data-widget_type=\"text-editor.default\">\n\t\t\t\t<div class=\"elementor-widget-container\">\n\t\t\t\t\t\t\t\t\t<p>Photo de situation prise au restaurant Il Cortile, \u00e9toil\u00e9 mulhousien.<\/p>\t\t\t\t\t\t\t\t<\/div>\n\t\t\t\t<\/div>\n\t\t\t\t<div class=\"elementor-element elementor-element-adf3985 elementor-widget elementor-widget-image\" data-id=\"adf3985\" data-element_type=\"widget\" data-e-type=\"widget\" data-widget_type=\"image.default\">\n\t\t\t\t<div class=\"elementor-widget-container\">\n\t\t\t\t\t\t\t\t\t\t\t\t\t\t\t<img loading=\"lazy\" decoding=\"async\" width=\"768\" height=\"1024\" src=\"https:\/\/www.uptextile.fr\/wp-content\/uploads\/2025\/01\/IMG_1664-768x1024.jpg\" class=\"attachment-large size-large wp-image-3914\" alt=\"Restaurant Il Cortile\" srcset=\"https:\/\/www.uptextile.fr\/wp-content\/uploads\/2025\/01\/IMG_1664-768x1024.jpg 768w, https:\/\/www.uptextile.fr\/wp-content\/uploads\/2025\/01\/IMG_1664-225x300.jpg 225w, https:\/\/www.uptextile.fr\/wp-content\/uploads\/2025\/01\/IMG_1664-1152x1536.jpg 1152w, https:\/\/www.uptextile.fr\/wp-content\/uploads\/2025\/01\/IMG_1664-1536x2048.jpg 1536w, https:\/\/www.uptextile.fr\/wp-content\/uploads\/2025\/01\/IMG_1664-9x12.jpg 9w, https:\/\/www.uptextile.fr\/wp-content\/uploads\/2025\/01\/IMG_1664-600x800.jpg 600w, https:\/\/www.uptextile.fr\/wp-content\/uploads\/2025\/01\/IMG_1664-scaled.jpg 1920w\" sizes=\"(max-width: 768px) 100vw, 768px\" \/>\t\t\t\t\t\t\t\t\t\t\t\t\t\t\t<\/div>\n\t\t\t\t<\/div>\n\t\t\t\t<div class=\"elementor-element elementor-element-6f778cf elementor-align-center elementor-mobile-align-left elementor-widget elementor-widget-button\" data-id=\"6f778cf\" data-element_type=\"widget\" data-e-type=\"widget\" data-widget_type=\"button.default\">\n\t\t\t\t<div class=\"elementor-widget-container\">\n\t\t\t\t\t\t\t\t\t<div class=\"elementor-button-wrapper\">\n\t\t\t\t\t<a class=\"elementor-button elementor-button-link elementor-size-sm elementor-animation-grow\" href=\"https:\/\/www.lebonmotif.fr\/\">\n\t\t\t\t\t\t<span class=\"elementor-button-content-wrapper\">\n\t\t\t\t\t\t\t\t\t<span class=\"elementor-button-text\">d\u00e9couvrir<\/span>\n\t\t\t\t\t<\/span>\n\t\t\t\t\t<\/a>\n\t\t\t\t<\/div>\n\t\t\t\t\t\t\t\t<\/div>\n\t\t\t\t<\/div>\n\t\t\t\t\t<\/div>\n\t\t<\/div>\n\t\t\t\t\t<\/div>\n\t\t<\/section>\n\t\t\t\t<section class=\"elementor-section elementor-top-section elementor-element elementor-element-7b03e43 elementor-section-boxed elementor-section-height-default elementor-section-height-default\" data-id=\"7b03e43\" data-element_type=\"section\" data-e-type=\"section\">\n\t\t\t\t\t\t<div class=\"elementor-container elementor-column-gap-default\">\n\t\t\t\t\t<div class=\"elementor-column elementor-col-100 elementor-top-column elementor-element elementor-element-23414b9\" data-id=\"23414b9\" data-element_type=\"column\" data-e-type=\"column\">\n\t\t\t<div class=\"elementor-widget-wrap elementor-element-populated\">\n\t\t\t\t\t\t<div class=\"elementor-element elementor-element-371fd41 elementor-widget elementor-widget-spacer\" data-id=\"371fd41\" data-element_type=\"widget\" data-e-type=\"widget\" data-widget_type=\"spacer.default\">\n\t\t\t\t<div class=\"elementor-widget-container\">\n\t\t\t\t\t\t\t<div class=\"elementor-spacer\">\n\t\t\t<div class=\"elementor-spacer-inner\"><\/div>\n\t\t<\/div>\n\t\t\t\t\t\t<\/div>\n\t\t\t\t<\/div>\n\t\t\t\t\t<\/div>\n\t\t<\/div>\n\t\t\t\t\t<\/div>\n\t\t<\/section>\n\t\t\t\t<section class=\"elementor-section elementor-top-section elementor-element elementor-element-33c5eed elementor-section-boxed elementor-section-height-default elementor-section-height-default\" data-id=\"33c5eed\" data-element_type=\"section\" data-e-type=\"section\">\n\t\t\t\t\t\t<div class=\"elementor-container elementor-column-gap-default\">\n\t\t\t\t\t<div class=\"elementor-column elementor-col-50 elementor-top-column elementor-element elementor-element-0aa7852\" data-id=\"0aa7852\" data-element_type=\"column\" data-e-type=\"column\">\n\t\t\t<div class=\"elementor-widget-wrap elementor-element-populated\">\n\t\t\t\t\t\t<div class=\"elementor-element elementor-element-55bc3ad elementor-widget elementor-widget-heading\" data-id=\"55bc3ad\" data-element_type=\"widget\" data-e-type=\"widget\" data-widget_type=\"heading.default\">\n\t\t\t\t<div class=\"elementor-widget-container\">\n\t\t\t\t\t<h2 class=\"elementor-heading-title elementor-size-default\">Quels sont les principes qui guident votre travail ? <\/h2>\t\t\t\t<\/div>\n\t\t\t\t<\/div>\n\t\t\t\t<div class=\"elementor-element elementor-element-81973a0 elementor-widget elementor-widget-text-editor\" data-id=\"81973a0\" data-element_type=\"widget\" data-e-type=\"widget\" data-widget_type=\"text-editor.default\">\n\t\t\t\t<div class=\"elementor-widget-container\">\n\t\t\t\t\t\t\t\t\t<p>Je suis tr\u00e8s attach\u00e9e \u00e0 l\u2019<strong>artisanat<\/strong> et au<strong> local<\/strong>. Toutes mes impressions sont r\u00e9alis\u00e9es r\u00e9gionalement, et je travaille activement \u00e0 inclure des tissus tiss\u00e9s dans les Vosges. L\u2019id\u00e9e est de promouvoir un <strong>savoir-faire authentique<\/strong> tout en <strong>r\u00e9duisant l\u2019empreinte \u00e9cologique<\/strong> de mes cr\u00e9ations.<\/p>\t\t\t\t\t\t\t\t<\/div>\n\t\t\t\t<\/div>\n\t\t\t\t<div class=\"elementor-element elementor-element-9f38df4 elementor-widget elementor-widget-heading\" data-id=\"9f38df4\" data-element_type=\"widget\" data-e-type=\"widget\" data-widget_type=\"heading.default\">\n\t\t\t\t<div class=\"elementor-widget-container\">\n\t\t\t\t\t<h2 class=\"elementor-heading-title elementor-size-default\">D\u2019o\u00f9 vous vient votre inspiration ? <\/h2>\t\t\t\t<\/div>\n\t\t\t\t<\/div>\n\t\t\t\t<div class=\"elementor-element elementor-element-e47787c elementor-widget elementor-widget-text-editor\" data-id=\"e47787c\" data-element_type=\"widget\" data-e-type=\"widget\" data-widget_type=\"text-editor.default\">\n\t\t\t\t<div class=\"elementor-widget-container\">\n\t\t\t\t\t\t\t\t\t<p>Mon <strong>inspiration<\/strong> na\u00eet de la vie elle-m\u00eame\u00a0: la <strong>nature<\/strong>, l\u2019<strong>art<\/strong>, les <strong>rencontres<\/strong> et les <strong>diff\u00e9rences culturelles<\/strong> (comme la culture japonaise) qui enrichissent ma vision. J\u2019aime explorer des univers vari\u00e9s, m\u00ealant influences locales et plus lointaines, par exemple, ma r\u00e9cente collection a c\u00e9l\u00e9br\u00e9 les 800 ans de Mulhouse.<\/p><p>Chaque cr\u00e9ation est une fusion de ces multiples inspirations, pens\u00e9e pour offrir <strong>quelque chose d\u2019unique et authentique<\/strong>.<\/p>\t\t\t\t\t\t\t\t<\/div>\n\t\t\t\t<\/div>\n\t\t\t\t<div class=\"elementor-element elementor-element-db2c9a5 elementor-widget elementor-widget-heading\" data-id=\"db2c9a5\" data-element_type=\"widget\" data-e-type=\"widget\" data-widget_type=\"heading.default\">\n\t\t\t\t<div class=\"elementor-widget-container\">\n\t\t\t\t\t<h2 class=\"elementor-heading-title elementor-size-default\">Qui sont vos principaux clients et o\u00f9 peut-on vous retrouver ? <\/h2>\t\t\t\t<\/div>\n\t\t\t\t<\/div>\n\t\t\t\t<div class=\"elementor-element elementor-element-d694195 elementor-widget elementor-widget-text-editor\" data-id=\"d694195\" data-element_type=\"widget\" data-e-type=\"widget\" data-widget_type=\"text-editor.default\">\n\t\t\t\t<div class=\"elementor-widget-container\">\n\t\t\t\t\t\t\t\t\t<p>Je travaille autant avec des <strong>particuliers<\/strong> qu\u2019avec des <strong>professionnels<\/strong>.<\/p><p>Les particuliers viennent souvent chercher une <strong>pi\u00e8ce personnalis\u00e9e pour leur int\u00e9rieur<\/strong> ou un <strong>cadeau unique<\/strong>.<\/p><p>C\u00f4t\u00e9 <strong>professionnel<\/strong>, je collabore avec des <strong>d\u00e9corateurs<\/strong>, des <strong>restaurateurs<\/strong> et d&rsquo;autres professionnels qui souhaitent <strong>personnaliser leurs espaces<\/strong>.<\/p><p>Mes cr\u00e9ations sont disponibles dans <strong>plusieurs points de vente<\/strong>, comme le <strong>Mus\u00e9e de l\u2019Impression sur \u00c9toffes<\/strong> \u00e0 Mulhouse, la <strong>boutique Osmoz<\/strong> \u00e0 Mulhouse, le <strong>Bruit qui court<\/strong> \u00e0 Kaysersberg, la <strong>Galerie le Pantographe<\/strong> au Tholy, au <strong>Parc de Wesserling<\/strong> et \u00e0 <strong>l\u2019Atelier de R\u00e9gine<\/strong> \u00e0 Fessenheim le Bas. Ces collaborations m\u2019aident \u00e0 atteindre un public plus large, tout en <strong>mettant en valeur l\u2019aspect artistique de mon travail<\/strong>.<\/p><p>Je participe \u00e9galement \u00e0 des <strong>salons<\/strong> et <strong>expositions<\/strong>, comme le <strong>salon R\u00e9sonances<\/strong> et je fais partie de la <strong>F\u00e9d\u00e9ration des M\u00e9tiers d\u2019art d\u2019Alsace<\/strong>.<\/p>\t\t\t\t\t\t\t\t<\/div>\n\t\t\t\t<\/div>\n\t\t\t\t\t<\/div>\n\t\t<\/div>\n\t\t\t\t<div class=\"elementor-column elementor-col-50 elementor-top-column elementor-element elementor-element-0efb57a\" data-id=\"0efb57a\" data-element_type=\"column\" data-e-type=\"column\">\n\t\t\t<div class=\"elementor-widget-wrap elementor-element-populated\">\n\t\t\t\t\t\t<div class=\"elementor-element elementor-element-57740fc elementor-widget elementor-widget-text-editor\" data-id=\"57740fc\" data-element_type=\"widget\" data-e-type=\"widget\" data-widget_type=\"text-editor.default\">\n\t\t\t\t<div class=\"elementor-widget-container\">\n\t\t\t\t\t\t\t\t\t<p>\u00ab\u00a0Jardin d&rsquo;hiver\u00a0\u00bb &#8211; collection personnelle d\u00e9clin\u00e9e \u00e0 partir de la cr\u00e9ation de l&rsquo;\u00e9toffe de No\u00ebl de la Ville de Mulhouse 2023<\/p>\t\t\t\t\t\t\t\t<\/div>\n\t\t\t\t<\/div>\n\t\t\t\t<div class=\"elementor-element elementor-element-344ce78 elementor-widget elementor-widget-image\" data-id=\"344ce78\" data-element_type=\"widget\" data-e-type=\"widget\" data-widget_type=\"image.default\">\n\t\t\t\t<div class=\"elementor-widget-container\">\n\t\t\t\t\t\t\t\t\t\t\t\t\t\t\t<img loading=\"lazy\" decoding=\"async\" width=\"264\" height=\"1024\" src=\"https:\/\/www.uptextile.fr\/wp-content\/uploads\/2025\/01\/chemin-de-table-200bd-264x1024.jpg\" class=\"attachment-large size-large wp-image-3913\" alt=\"Chemin de table motifs Le bon motif\" srcset=\"https:\/\/www.uptextile.fr\/wp-content\/uploads\/2025\/01\/chemin-de-table-200bd-264x1024.jpg 264w, https:\/\/www.uptextile.fr\/wp-content\/uploads\/2025\/01\/chemin-de-table-200bd-77x300.jpg 77w, https:\/\/www.uptextile.fr\/wp-content\/uploads\/2025\/01\/chemin-de-table-200bd-768x2983.jpg 768w, https:\/\/www.uptextile.fr\/wp-content\/uploads\/2025\/01\/chemin-de-table-200bd-3x12.jpg 3w\" sizes=\"(max-width: 264px) 100vw, 264px\" \/>\t\t\t\t\t\t\t\t\t\t\t\t\t\t\t<\/div>\n\t\t\t\t<\/div>\n\t\t\t\t\t<\/div>\n\t\t<\/div>\n\t\t\t\t\t<\/div>\n\t\t<\/section>\n\t\t\t\t<section class=\"elementor-section elementor-top-section elementor-element elementor-element-a3b67c6 elementor-reverse-tablet elementor-reverse-mobile elementor-section-boxed elementor-section-height-default elementor-section-height-default\" data-id=\"a3b67c6\" data-element_type=\"section\" data-e-type=\"section\">\n\t\t\t\t\t\t<div class=\"elementor-container elementor-column-gap-default\">\n\t\t\t\t\t<div class=\"elementor-column elementor-col-50 elementor-top-column elementor-element elementor-element-11e1ab6\" data-id=\"11e1ab6\" data-element_type=\"column\" data-e-type=\"column\">\n\t\t\t<div class=\"elementor-widget-wrap elementor-element-populated\">\n\t\t\t\t\t\t<div class=\"elementor-element elementor-element-4b01352 elementor-widget elementor-widget-spacer\" data-id=\"4b01352\" data-element_type=\"widget\" data-e-type=\"widget\" data-widget_type=\"spacer.default\">\n\t\t\t\t<div class=\"elementor-widget-container\">\n\t\t\t\t\t\t\t<div class=\"elementor-spacer\">\n\t\t\t<div class=\"elementor-spacer-inner\"><\/div>\n\t\t<\/div>\n\t\t\t\t\t\t<\/div>\n\t\t\t\t<\/div>\n\t\t\t\t<div class=\"elementor-element elementor-element-0557b0c elementor-widget elementor-widget-text-editor\" data-id=\"0557b0c\" data-element_type=\"widget\" data-e-type=\"widget\" data-widget_type=\"text-editor.default\">\n\t\t\t\t<div class=\"elementor-widget-container\">\n\t\t\t\t\t\t\t\t\t<p>\u00ab\u00a0Histoires de Mulhouse\u00a0\u00bb esprit toile de Jouy illustrant 5 moments marquants de la Ville de Mulhouse<\/p>\t\t\t\t\t\t\t\t<\/div>\n\t\t\t\t<\/div>\n\t\t\t\t<div class=\"elementor-element elementor-element-72caf13 elementor-widget elementor-widget-image\" data-id=\"72caf13\" data-element_type=\"widget\" data-e-type=\"widget\" data-widget_type=\"image.default\">\n\t\t\t\t<div class=\"elementor-widget-container\">\n\t\t\t\t\t\t\t\t\t\t\t\t\t\t\t<img loading=\"lazy\" decoding=\"async\" width=\"278\" height=\"1024\" src=\"https:\/\/www.uptextile.fr\/wp-content\/uploads\/2025\/01\/CHEMIN-50x200-SIMPL-VERT-ROSE-POIS-278x1024.jpg\" class=\"attachment-large size-large wp-image-3912\" alt=\"Cr\u00e9ation chemin de table\" srcset=\"https:\/\/www.uptextile.fr\/wp-content\/uploads\/2025\/01\/CHEMIN-50x200-SIMPL-VERT-ROSE-POIS-278x1024.jpg 278w, https:\/\/www.uptextile.fr\/wp-content\/uploads\/2025\/01\/CHEMIN-50x200-SIMPL-VERT-ROSE-POIS-768x2826.jpg 768w, https:\/\/www.uptextile.fr\/wp-content\/uploads\/2025\/01\/CHEMIN-50x200-SIMPL-VERT-ROSE-POIS-417x1536.jpg 417w, https:\/\/www.uptextile.fr\/wp-content\/uploads\/2025\/01\/CHEMIN-50x200-SIMPL-VERT-ROSE-POIS-3x12.jpg 3w, https:\/\/www.uptextile.fr\/wp-content\/uploads\/2025\/01\/CHEMIN-50x200-SIMPL-VERT-ROSE-POIS-600x2207.jpg 600w, https:\/\/www.uptextile.fr\/wp-content\/uploads\/2025\/01\/CHEMIN-50x200-SIMPL-VERT-ROSE-POIS-scaled.jpg 696w\" sizes=\"(max-width: 278px) 100vw, 278px\" \/>\t\t\t\t\t\t\t\t\t\t\t\t\t\t\t<\/div>\n\t\t\t\t<\/div>\n\t\t\t\t<div class=\"elementor-element elementor-element-af24339 elementor-widget elementor-widget-spacer\" data-id=\"af24339\" data-element_type=\"widget\" data-e-type=\"widget\" data-widget_type=\"spacer.default\">\n\t\t\t\t<div class=\"elementor-widget-container\">\n\t\t\t\t\t\t\t<div class=\"elementor-spacer\">\n\t\t\t<div class=\"elementor-spacer-inner\"><\/div>\n\t\t<\/div>\n\t\t\t\t\t\t<\/div>\n\t\t\t\t<\/div>\n\t\t\t\t\t<\/div>\n\t\t<\/div>\n\t\t\t\t<div class=\"elementor-column elementor-col-50 elementor-top-column elementor-element elementor-element-553a455\" data-id=\"553a455\" data-element_type=\"column\" data-e-type=\"column\">\n\t\t\t<div class=\"elementor-widget-wrap elementor-element-populated\">\n\t\t\t\t\t\t<div class=\"elementor-element elementor-element-184467a elementor-widget elementor-widget-heading\" data-id=\"184467a\" data-element_type=\"widget\" data-e-type=\"widget\" data-widget_type=\"heading.default\">\n\t\t\t\t<div class=\"elementor-widget-container\">\n\t\t\t\t\t<h2 class=\"elementor-heading-title elementor-size-default\">Comment se d\u00e9roule votre processus de cr\u00e9ation ? <\/h2>\t\t\t\t<\/div>\n\t\t\t\t<\/div>\n\t\t\t\t<div class=\"elementor-element elementor-element-02e90e5 elementor-widget elementor-widget-text-editor\" data-id=\"02e90e5\" data-element_type=\"widget\" data-e-type=\"widget\" data-widget_type=\"text-editor.default\">\n\t\t\t\t<div class=\"elementor-widget-container\">\n\t\t\t\t\t\t\t\t\t<p>Je commence toujours par <strong>peindre chaque motif \u00e0 la main<\/strong>. Une fois satisfaite du r\u00e9sultat, je photographie l&rsquo;\u0153uvre en haute d\u00e9finition, puis je retravaille les motifs num\u00e9riquement. Cela permet d\u2019adapter les designs aux diff\u00e9rents supports tout en pr\u00e9servant leur caract\u00e8re artisanal. Chaque projet est une nouvelle aventure. \u00a0<\/p>\t\t\t\t\t\t\t\t<\/div>\n\t\t\t\t<\/div>\n\t\t\t\t<div class=\"elementor-element elementor-element-0df8bea elementor-widget elementor-widget-heading\" data-id=\"0df8bea\" data-element_type=\"widget\" data-e-type=\"widget\" data-widget_type=\"heading.default\">\n\t\t\t\t<div class=\"elementor-widget-container\">\n\t\t\t\t\t<h2 class=\"elementor-heading-title elementor-size-default\">Quels sont vos projets pour l\u2019avenir de Le Bon Motif ? <\/h2>\t\t\t\t<\/div>\n\t\t\t\t<\/div>\n\t\t\t\t<div class=\"elementor-element elementor-element-de1e8fd elementor-widget elementor-widget-text-editor\" data-id=\"de1e8fd\" data-element_type=\"widget\" data-e-type=\"widget\" data-widget_type=\"text-editor.default\">\n\t\t\t\t<div class=\"elementor-widget-container\">\n\t\t\t\t\t\t\t\t\t<p>Avec une <strong>demande croissante pour du tissu au m\u00e8tre<\/strong>, je pr\u00e9vois d\u2019\u00e9tendre mon activit\u00e9 dans ce domaine, notamment pour les <strong>tapissiers<\/strong> et <strong>couturiers<\/strong>. Je souhaite aussi explorer davantage le <strong>tissage<\/strong> et le <strong>feutrage<\/strong>, deux techniques qui permettent d\u2019int\u00e9grer une part d\u2019al\u00e9atoire et de <strong>texture<\/strong> dans mes cr\u00e9ations. Mon ambition est de continuer \u00e0 <strong>cr\u00e9er des pi\u00e8ces unique<\/strong>s qui mettent en valeur la richesse de l&rsquo;artisanat local.<\/p>\t\t\t\t\t\t\t\t<\/div>\n\t\t\t\t<\/div>\n\t\t\t\t<div class=\"elementor-element elementor-element-1144ca5 elementor-widget elementor-widget-heading\" data-id=\"1144ca5\" data-element_type=\"widget\" data-e-type=\"widget\" data-widget_type=\"heading.default\">\n\t\t\t\t<div class=\"elementor-widget-container\">\n\t\t\t\t\t<h2 class=\"elementor-heading-title elementor-size-default\">Comment avez-vous connu Up\u2019Textile ? <\/h2>\t\t\t\t<\/div>\n\t\t\t\t<\/div>\n\t\t\t\t<div class=\"elementor-element elementor-element-b59a3e0 elementor-widget elementor-widget-text-editor\" data-id=\"b59a3e0\" data-element_type=\"widget\" data-e-type=\"widget\" data-widget_type=\"text-editor.default\">\n\t\t\t\t<div class=\"elementor-widget-container\">\n\t\t\t\t\t\t\t\t\t<p>Eh bien, dans ma <strong>d\u00e9marche d\u2019imprimer localement<\/strong>, j\u2019ai recherch\u00e9 des entreprises pr\u00e8s de Mulhouse, o\u00f9 je suis bas\u00e9e. Je voulais une structure capable de travailler avec des <strong>mati\u00e8res naturelles<\/strong> et proposant des <strong>impressions adapt\u00e9es \u00e0 mes besoins<\/strong>, notamment pour de <strong>petits tirages<\/strong>. Je ne produis jamais des milliers de m\u00e8tres, donc par la force des choses, je travaille en <strong>printing<\/strong>.<\/p><p>En explorant les options locales, il \u00e9tait naturel de tomber sur <strong>Up\u2019Textile<\/strong>. Leur expertise dans l\u2019<strong>printing<\/strong> about <strong>coton<\/strong> et <strong>autres mati\u00e8res naturelles<\/strong> correspondait parfaitement \u00e0 mes attentes. Cette <strong>proximit\u00e9<\/strong> et leur <strong>capacit\u00e9 \u00e0 s\u2019adapter<\/strong> \u00e0 des projets de petite envergure ont rendu notre collaboration \u00e9vidente.<\/p>\t\t\t\t\t\t\t\t<\/div>\n\t\t\t\t<\/div>\n\t\t\t\t<div class=\"elementor-element elementor-element-d157444 elementor-widget elementor-widget-heading\" data-id=\"d157444\" data-element_type=\"widget\" data-e-type=\"widget\" data-widget_type=\"heading.default\">\n\t\t\t\t<div class=\"elementor-widget-container\">\n\t\t\t\t\t<h2 class=\"elementor-heading-title elementor-size-default\">Pourquoi les clients devraient-ils choisir Le Bon Motif ? <\/h2>\t\t\t\t<\/div>\n\t\t\t\t<\/div>\n\t\t\t\t<div class=\"elementor-element elementor-element-1e2a113 elementor-widget elementor-widget-text-editor\" data-id=\"1e2a113\" data-element_type=\"widget\" data-e-type=\"widget\" data-widget_type=\"text-editor.default\">\n\t\t\t\t<div class=\"elementor-widget-container\">\n\t\t\t\t\t\t\t\t\t<p>Parce que choisir <strong>Le Bon Motif<\/strong>, c\u2019est opter pour des cr\u00e9ations <strong>uniques<\/strong>, \u00e0 la fois <strong>artistiques<\/strong> et <strong>durables<\/strong>, qui r\u00e9pondent \u00e0 des <strong>standards \u00e9lev\u00e9s de qualit\u00e9<\/strong>. Mes cr\u00e9ations sont con\u00e7ues pour apporter quelque chose <strong>qui r\u00e9sonne en nous<\/strong>.\u00a0\u00bb<\/p>\t\t\t\t\t\t\t\t<\/div>\n\t\t\t\t<\/div>\n\t\t\t\t\t<\/div>\n\t\t<\/div>\n\t\t\t\t\t<\/div>\n\t\t<\/section>\n\t\t\t\t<section class=\"elementor-section elementor-top-section elementor-element elementor-element-a277653 elementor-section-boxed elementor-section-height-default elementor-section-height-default\" data-id=\"a277653\" data-element_type=\"section\" data-e-type=\"section\">\n\t\t\t\t\t\t<div class=\"elementor-container elementor-column-gap-default\">\n\t\t\t\t\t<div class=\"elementor-column elementor-col-100 elementor-top-column elementor-element elementor-element-4678fb8\" data-id=\"4678fb8\" data-element_type=\"column\" data-e-type=\"column\">\n\t\t\t<div class=\"elementor-widget-wrap elementor-element-populated\">\n\t\t\t\t\t\t<div class=\"elementor-element elementor-element-1a6cb0b elementor-widget elementor-widget-text-editor\" data-id=\"1a6cb0b\" data-element_type=\"widget\" data-e-type=\"widget\" data-widget_type=\"text-editor.default\">\n\t\t\t\t<div class=\"elementor-widget-container\">\n\t\t\t\t\t\t\t\t\t<p><strong>Le Bon Motif<\/strong> incarne l\u2019alliance parfaite entre tradition et innovation. En choisissant les <strong>cr\u00e9ations de Marie-Claire Erny<\/strong>, vous soutenez un <strong>savoir-faire authentique<\/strong> et une <strong>d\u00e9marche locale et responsable<\/strong>. Retrouvez ses motifs sur <a href=\"https:\/\/www.lebonmotif.fr\/\">son site<\/a>, ses comptes Instagram <a href=\"https:\/\/www.instagram.com\/lebon.motif\/\">Le Bon Motif<\/a> et <a href=\"https:\/\/www.instagram.com\/marieclairez.erny\/\">Marie-Claire Erny<\/a> et dans ses points de vente partenaires.<\/p><p>Merci \u00e0 elle pour cet \u00e9change inspirant et sa confiance.<\/p>\t\t\t\t\t\t\t\t<\/div>\n\t\t\t\t<\/div>\n\t\t\t\t\t<\/div>\n\t\t<\/div>\n\t\t\t\t\t<\/div>\n\t\t<\/section>\n\t\t\t\t<section class=\"elementor-section elementor-top-section elementor-element elementor-element-10f97eb elementor-section-boxed elementor-section-height-default elementor-section-height-default\" data-id=\"10f97eb\" data-element_type=\"section\" data-e-type=\"section\">\n\t\t\t\t\t\t<div class=\"elementor-container elementor-column-gap-default\">\n\t\t\t\t\t<div class=\"elementor-column elementor-col-100 elementor-top-column elementor-element elementor-element-5731bba\" data-id=\"5731bba\" data-element_type=\"column\" data-e-type=\"column\">\n\t\t\t<div class=\"elementor-widget-wrap elementor-element-populated\">\n\t\t\t\t\t\t<div class=\"elementor-element elementor-element-2529d2f elementor-widget elementor-widget-gallery\" data-id=\"2529d2f\" data-element_type=\"widget\" data-e-type=\"widget\" data-settings=\"{&quot;gallery_layout&quot;:&quot;masonry&quot;,&quot;columns&quot;:3,&quot;lazyload&quot;:&quot;yes&quot;,&quot;columns_tablet&quot;:2,&quot;columns_mobile&quot;:1,&quot;gap&quot;:{&quot;unit&quot;:&quot;px&quot;,&quot;size&quot;:10,&quot;sizes&quot;:[]},&quot;gap_tablet&quot;:{&quot;unit&quot;:&quot;px&quot;,&quot;size&quot;:10,&quot;sizes&quot;:[]},&quot;gap_mobile&quot;:{&quot;unit&quot;:&quot;px&quot;,&quot;size&quot;:10,&quot;sizes&quot;:[]},&quot;overlay_background&quot;:&quot;yes&quot;,&quot;content_hover_animation&quot;:&quot;fade-in&quot;}\" data-widget_type=\"gallery.default\">\n\t\t\t\t<div class=\"elementor-widget-container\">\n\t\t\t\t\t\t\t<div class=\"elementor-gallery__container\">\n\t\t\t\t\t\t\t<div class=\"e-gallery-item elementor-gallery-item elementor-animated-content\">\n\t\t\t\t\t<div class=\"e-gallery-image elementor-gallery-item__image\" data-thumbnail=\"https:\/\/www.uptextile.fr\/wp-content\/uploads\/2025\/01\/kimono-HDrvb-scaled.jpg\" data-width=\"2036\" data-height=\"2560\" aria-label=\"Kimono le bon motif\" role=\"img\" ><\/div>\n\t\t\t\t\t\t\t\t\t\t\t<div class=\"elementor-gallery-item__overlay\"><\/div>\n\t\t\t\t\t\t\t\t\t\t\t\t\t\t<\/div>\n\t\t\t\t\t\t\t<div class=\"e-gallery-item elementor-gallery-item elementor-animated-content\">\n\t\t\t\t\t<div class=\"e-gallery-image elementor-gallery-item__image\" data-thumbnail=\"https:\/\/www.uptextile.fr\/wp-content\/uploads\/2025\/01\/stand.jpg\" data-width=\"1575\" data-height=\"1181\" aria-label=\"Exposition Le Bon Motif\" role=\"img\" ><\/div>\n\t\t\t\t\t\t\t\t\t\t\t<div class=\"elementor-gallery-item__overlay\"><\/div>\n\t\t\t\t\t\t\t\t\t\t\t\t\t\t<\/div>\n\t\t\t\t\t\t\t<div class=\"e-gallery-item elementor-gallery-item elementor-animated-content\">\n\t\t\t\t\t<div class=\"e-gallery-image elementor-gallery-item__image\" data-thumbnail=\"https:\/\/www.uptextile.fr\/wp-content\/uploads\/2025\/01\/paravent-lemurien-piece-unique.jpg\" data-width=\"1097\" data-height=\"1416\" aria-label=\"Paravent Marie-Claire Erny\" role=\"img\" ><\/div>\n\t\t\t\t\t\t\t\t\t\t\t<div class=\"elementor-gallery-item__overlay\"><\/div>\n\t\t\t\t\t\t\t\t\t\t\t\t\t\t<\/div>\n\t\t\t\t\t\t\t<div class=\"e-gallery-item elementor-gallery-item elementor-animated-content\">\n\t\t\t\t\t<div class=\"e-gallery-image elementor-gallery-item__image\" data-thumbnail=\"https:\/\/www.uptextile.fr\/wp-content\/uploads\/2025\/01\/kakemono-fougere-petit.jpg\" data-width=\"655\" data-height=\"1903\" aria-label=\"Kakemono foug\u00e8re Le Bon Motif\" role=\"img\" ><\/div>\n\t\t\t\t\t\t\t\t\t\t\t<div class=\"elementor-gallery-item__overlay\"><\/div>\n\t\t\t\t\t\t\t\t\t\t\t\t\t\t<\/div>\n\t\t\t\t\t\t\t<div class=\"e-gallery-item elementor-gallery-item elementor-animated-content\">\n\t\t\t\t\t<div class=\"e-gallery-image elementor-gallery-item__image\" data-thumbnail=\"https:\/\/www.uptextile.fr\/wp-content\/uploads\/2025\/01\/kakemono-passiflore-petit.jpg\" data-width=\"654\" data-height=\"1891\" aria-label=\"Kakemono passiflore Le bon Motif\" role=\"img\" ><\/div>\n\t\t\t\t\t\t\t\t\t\t\t<div class=\"elementor-gallery-item__overlay\"><\/div>\n\t\t\t\t\t\t\t\t\t\t\t\t\t\t<\/div>\n\t\t\t\t\t<\/div>\n\t\t\t\t\t<\/div>\n\t\t\t\t<\/div>\n\t\t\t\t\t<\/div>\n\t\t<\/div>\n\t\t\t\t\t<\/div>\n\t\t<\/section>\n\t\t\t\t<\/div>","protected":false},"excerpt":{"rendered":"<p><\/p>","protected":false},"author":1,"featured_media":3913,"comment_status":"closed","ping_status":"open","sticky":false,"template":"","format":"standard","meta":{"_monsterinsights_skip_tracking":false,"_monsterinsights_sitenote_active":false,"_monsterinsights_sitenote_note":"","_monsterinsights_sitenote_category":0,"footnotes":""},"categories":[244],"tags":[],"class_list":["post-3874","post","type-post","status-publish","format-standard","has-post-thumbnail","hentry","category-interviews"],"yoast_head":"<!-- This site is optimized with the Yoast SEO plugin v27.4 - https:\/\/yoast.com\/product\/yoast-seo-wordpress\/ -->\n<title>Interview de Le Bon Motif - UpTextile<\/title>\n<meta name=\"description\" content=\"D\u00e9couvrez notre interview de Le Bon Motif, une marque textile qui fait r\u00e9sonner la mati\u00e8re. Son histoire, ses valeurs ...\" \/>\n<meta name=\"robots\" content=\"index, follow, max-snippet:-1, max-image-preview:large, max-video-preview:-1\" \/>\n<link rel=\"canonical\" href=\"https:\/\/www.uptextile.fr\/en\/interview-de-le-bon-motif-creation-textile-matiere\/\" \/>\n<meta property=\"og:locale\" content=\"en_GB\" \/>\n<meta property=\"og:type\" content=\"article\" \/>\n<meta property=\"og:title\" content=\"Interview de Le Bon Motif - UpTextile\" \/>\n<meta property=\"og:description\" content=\"D\u00e9couvrez notre interview de Le Bon Motif, une marque textile qui fait r\u00e9sonner la mati\u00e8re. Son histoire, ses valeurs ...\" \/>\n<meta property=\"og:url\" content=\"https:\/\/www.uptextile.fr\/en\/interview-de-le-bon-motif-creation-textile-matiere\/\" \/>\n<meta property=\"og:site_name\" content=\"UpTextile\" \/>\n<meta property=\"article:published_time\" content=\"2025-01-13T15:24:18+00:00\" \/>\n<meta property=\"article:modified_time\" content=\"2025-03-25T20:05:08+00:00\" \/>\n<meta property=\"og:image\" content=\"https:\/\/www.uptextile.fr\/wp-content\/uploads\/2025\/01\/chemin-de-table-200bd-scaled.jpg\" \/>\n\t<meta property=\"og:image:width\" content=\"659\" \/>\n\t<meta property=\"og:image:height\" content=\"2560\" \/>\n\t<meta property=\"og:image:type\" content=\"image\/jpeg\" \/>\n<meta name=\"author\" content=\"admin\" \/>\n<meta name=\"twitter:card\" content=\"summary_large_image\" \/>\n<meta name=\"twitter:label1\" content=\"Written by\" \/>\n\t<meta name=\"twitter:data1\" content=\"admin\" \/>\n\t<meta name=\"twitter:label2\" content=\"Estimated reading time\" \/>\n\t<meta name=\"twitter:data2\" content=\"7 minutes\" \/>\n<script type=\"application\/ld+json\" class=\"yoast-schema-graph\">{\"@context\":\"https:\\\/\\\/schema.org\",\"@graph\":[{\"@type\":\"Article\",\"@id\":\"https:\\\/\\\/www.uptextile.fr\\\/interview-de-le-bon-motif-creation-textile-matiere\\\/#article\",\"isPartOf\":{\"@id\":\"https:\\\/\\\/www.uptextile.fr\\\/interview-de-le-bon-motif-creation-textile-matiere\\\/\"},\"author\":{\"name\":\"admin\",\"@id\":\"https:\\\/\\\/www.uptextile.fr\\\/#\\\/schema\\\/person\\\/ddd7afbcab186b7fb4ccfcc324dc6ade\"},\"headline\":\"Interview de Le Bon Motif, la cr\u00e9ation textile qui fait r\u00e9sonner la mati\u00e8re\",\"datePublished\":\"2025-01-13T15:24:18+00:00\",\"dateModified\":\"2025-03-25T20:05:08+00:00\",\"mainEntityOfPage\":{\"@id\":\"https:\\\/\\\/www.uptextile.fr\\\/interview-de-le-bon-motif-creation-textile-matiere\\\/\"},\"wordCount\":1153,\"image\":{\"@id\":\"https:\\\/\\\/www.uptextile.fr\\\/interview-de-le-bon-motif-creation-textile-matiere\\\/#primaryimage\"},\"thumbnailUrl\":\"https:\\\/\\\/www.uptextile.fr\\\/wp-content\\\/uploads\\\/2025\\\/01\\\/chemin-de-table-200bd-scaled.jpg\",\"articleSection\":[\"Interviews\"],\"inLanguage\":\"en-GB\"},{\"@type\":\"WebPage\",\"@id\":\"https:\\\/\\\/www.uptextile.fr\\\/interview-de-le-bon-motif-creation-textile-matiere\\\/\",\"url\":\"https:\\\/\\\/www.uptextile.fr\\\/interview-de-le-bon-motif-creation-textile-matiere\\\/\",\"name\":\"Interview de Le Bon Motif - UpTextile\",\"isPartOf\":{\"@id\":\"https:\\\/\\\/www.uptextile.fr\\\/#website\"},\"primaryImageOfPage\":{\"@id\":\"https:\\\/\\\/www.uptextile.fr\\\/interview-de-le-bon-motif-creation-textile-matiere\\\/#primaryimage\"},\"image\":{\"@id\":\"https:\\\/\\\/www.uptextile.fr\\\/interview-de-le-bon-motif-creation-textile-matiere\\\/#primaryimage\"},\"thumbnailUrl\":\"https:\\\/\\\/www.uptextile.fr\\\/wp-content\\\/uploads\\\/2025\\\/01\\\/chemin-de-table-200bd-scaled.jpg\",\"datePublished\":\"2025-01-13T15:24:18+00:00\",\"dateModified\":\"2025-03-25T20:05:08+00:00\",\"author\":{\"@id\":\"https:\\\/\\\/www.uptextile.fr\\\/#\\\/schema\\\/person\\\/ddd7afbcab186b7fb4ccfcc324dc6ade\"},\"description\":\"D\u00e9couvrez notre interview de Le Bon Motif, une marque textile qui fait r\u00e9sonner la mati\u00e8re. Son histoire, ses valeurs ...\",\"breadcrumb\":{\"@id\":\"https:\\\/\\\/www.uptextile.fr\\\/interview-de-le-bon-motif-creation-textile-matiere\\\/#breadcrumb\"},\"inLanguage\":\"en-GB\",\"potentialAction\":[{\"@type\":\"ReadAction\",\"target\":[\"https:\\\/\\\/www.uptextile.fr\\\/interview-de-le-bon-motif-creation-textile-matiere\\\/\"]}]},{\"@type\":\"ImageObject\",\"inLanguage\":\"en-GB\",\"@id\":\"https:\\\/\\\/www.uptextile.fr\\\/interview-de-le-bon-motif-creation-textile-matiere\\\/#primaryimage\",\"url\":\"https:\\\/\\\/www.uptextile.fr\\\/wp-content\\\/uploads\\\/2025\\\/01\\\/chemin-de-table-200bd-scaled.jpg\",\"contentUrl\":\"https:\\\/\\\/www.uptextile.fr\\\/wp-content\\\/uploads\\\/2025\\\/01\\\/chemin-de-table-200bd-scaled.jpg\",\"width\":659,\"height\":2560,\"caption\":\"Chemin de table motifs Le bon motif\"},{\"@type\":\"BreadcrumbList\",\"@id\":\"https:\\\/\\\/www.uptextile.fr\\\/interview-de-le-bon-motif-creation-textile-matiere\\\/#breadcrumb\",\"itemListElement\":[{\"@type\":\"ListItem\",\"position\":1,\"name\":\"Accueil\",\"item\":\"https:\\\/\\\/www.uptextile.fr\\\/\"},{\"@type\":\"ListItem\",\"position\":2,\"name\":\"Interview de Le Bon Motif, la cr\u00e9ation textile qui fait r\u00e9sonner la mati\u00e8re\"}]},{\"@type\":\"WebSite\",\"@id\":\"https:\\\/\\\/www.uptextile.fr\\\/#website\",\"url\":\"https:\\\/\\\/www.uptextile.fr\\\/\",\"name\":\"UpTextile\",\"description\":\"L&#039;impression num\u00e9rique \u00e0 votre service\",\"potentialAction\":[{\"@type\":\"SearchAction\",\"target\":{\"@type\":\"EntryPoint\",\"urlTemplate\":\"https:\\\/\\\/www.uptextile.fr\\\/?s={search_term_string}\"},\"query-input\":{\"@type\":\"PropertyValueSpecification\",\"valueRequired\":true,\"valueName\":\"search_term_string\"}}],\"inLanguage\":\"en-GB\"},{\"@type\":\"Person\",\"@id\":\"https:\\\/\\\/www.uptextile.fr\\\/#\\\/schema\\\/person\\\/ddd7afbcab186b7fb4ccfcc324dc6ade\",\"name\":\"admin\",\"image\":{\"@type\":\"ImageObject\",\"inLanguage\":\"en-GB\",\"@id\":\"https:\\\/\\\/secure.gravatar.com\\\/avatar\\\/6670ee2da31d04324ab60d2c276c81c91f6f128389d0cd7f2efb1030b28554de?s=96&d=mm&r=g\",\"url\":\"https:\\\/\\\/secure.gravatar.com\\\/avatar\\\/6670ee2da31d04324ab60d2c276c81c91f6f128389d0cd7f2efb1030b28554de?s=96&d=mm&r=g\",\"contentUrl\":\"https:\\\/\\\/secure.gravatar.com\\\/avatar\\\/6670ee2da31d04324ab60d2c276c81c91f6f128389d0cd7f2efb1030b28554de?s=96&d=mm&r=g\",\"caption\":\"admin\"},\"url\":\"https:\\\/\\\/www.uptextile.fr\\\/en\\\/author\\\/admin\\\/\"}]}<\/script>\n<!-- \/ Yoast SEO plugin. -->","yoast_head_json":{"title":"Interview de Le Bon Motif - UpTextile","description":"D\u00e9couvrez notre interview de Le Bon Motif, une marque textile qui fait r\u00e9sonner la mati\u00e8re. Son histoire, ses valeurs ...","robots":{"index":"index","follow":"follow","max-snippet":"max-snippet:-1","max-image-preview":"max-image-preview:large","max-video-preview":"max-video-preview:-1"},"canonical":"https:\/\/www.uptextile.fr\/en\/interview-de-le-bon-motif-creation-textile-matiere\/","og_locale":"en_GB","og_type":"article","og_title":"Interview de Le Bon Motif - UpTextile","og_description":"D\u00e9couvrez notre interview de Le Bon Motif, une marque textile qui fait r\u00e9sonner la mati\u00e8re. Son histoire, ses valeurs ...","og_url":"https:\/\/www.uptextile.fr\/en\/interview-de-le-bon-motif-creation-textile-matiere\/","og_site_name":"UpTextile","article_published_time":"2025-01-13T15:24:18+00:00","article_modified_time":"2025-03-25T20:05:08+00:00","og_image":[{"width":659,"height":2560,"url":"https:\/\/www.uptextile.fr\/wp-content\/uploads\/2025\/01\/chemin-de-table-200bd-scaled.jpg","type":"image\/jpeg"}],"author":"admin","twitter_card":"summary_large_image","twitter_misc":{"Written by":"admin","Estimated reading time":"7 minutes"},"schema":{"@context":"https:\/\/schema.org","@graph":[{"@type":"Article","@id":"https:\/\/www.uptextile.fr\/interview-de-le-bon-motif-creation-textile-matiere\/#article","isPartOf":{"@id":"https:\/\/www.uptextile.fr\/interview-de-le-bon-motif-creation-textile-matiere\/"},"author":{"name":"admin","@id":"https:\/\/www.uptextile.fr\/#\/schema\/person\/ddd7afbcab186b7fb4ccfcc324dc6ade"},"headline":"Interview de Le Bon Motif, la cr\u00e9ation textile qui fait r\u00e9sonner la mati\u00e8re","datePublished":"2025-01-13T15:24:18+00:00","dateModified":"2025-03-25T20:05:08+00:00","mainEntityOfPage":{"@id":"https:\/\/www.uptextile.fr\/interview-de-le-bon-motif-creation-textile-matiere\/"},"wordCount":1153,"image":{"@id":"https:\/\/www.uptextile.fr\/interview-de-le-bon-motif-creation-textile-matiere\/#primaryimage"},"thumbnailUrl":"https:\/\/www.uptextile.fr\/wp-content\/uploads\/2025\/01\/chemin-de-table-200bd-scaled.jpg","articleSection":["Interviews"],"inLanguage":"en-GB"},{"@type":"WebPage","@id":"https:\/\/www.uptextile.fr\/interview-de-le-bon-motif-creation-textile-matiere\/","url":"https:\/\/www.uptextile.fr\/interview-de-le-bon-motif-creation-textile-matiere\/","name":"Interview de Le Bon Motif - UpTextile","isPartOf":{"@id":"https:\/\/www.uptextile.fr\/#website"},"primaryImageOfPage":{"@id":"https:\/\/www.uptextile.fr\/interview-de-le-bon-motif-creation-textile-matiere\/#primaryimage"},"image":{"@id":"https:\/\/www.uptextile.fr\/interview-de-le-bon-motif-creation-textile-matiere\/#primaryimage"},"thumbnailUrl":"https:\/\/www.uptextile.fr\/wp-content\/uploads\/2025\/01\/chemin-de-table-200bd-scaled.jpg","datePublished":"2025-01-13T15:24:18+00:00","dateModified":"2025-03-25T20:05:08+00:00","author":{"@id":"https:\/\/www.uptextile.fr\/#\/schema\/person\/ddd7afbcab186b7fb4ccfcc324dc6ade"},"description":"D\u00e9couvrez notre interview de Le Bon Motif, une marque textile qui fait r\u00e9sonner la mati\u00e8re. Son histoire, ses valeurs ...","breadcrumb":{"@id":"https:\/\/www.uptextile.fr\/interview-de-le-bon-motif-creation-textile-matiere\/#breadcrumb"},"inLanguage":"en-GB","potentialAction":[{"@type":"ReadAction","target":["https:\/\/www.uptextile.fr\/interview-de-le-bon-motif-creation-textile-matiere\/"]}]},{"@type":"ImageObject","inLanguage":"en-GB","@id":"https:\/\/www.uptextile.fr\/interview-de-le-bon-motif-creation-textile-matiere\/#primaryimage","url":"https:\/\/www.uptextile.fr\/wp-content\/uploads\/2025\/01\/chemin-de-table-200bd-scaled.jpg","contentUrl":"https:\/\/www.uptextile.fr\/wp-content\/uploads\/2025\/01\/chemin-de-table-200bd-scaled.jpg","width":659,"height":2560,"caption":"Chemin de table motifs Le bon motif"},{"@type":"BreadcrumbList","@id":"https:\/\/www.uptextile.fr\/interview-de-le-bon-motif-creation-textile-matiere\/#breadcrumb","itemListElement":[{"@type":"ListItem","position":1,"name":"Accueil","item":"https:\/\/www.uptextile.fr\/"},{"@type":"ListItem","position":2,"name":"Interview de Le Bon Motif, la cr\u00e9ation textile qui fait r\u00e9sonner la mati\u00e8re"}]},{"@type":"WebSite","@id":"https:\/\/www.uptextile.fr\/#website","url":"https:\/\/www.uptextile.fr\/","name":"UpTextile","description":"L&#039;impression num\u00e9rique \u00e0 votre service","potentialAction":[{"@type":"SearchAction","target":{"@type":"EntryPoint","urlTemplate":"https:\/\/www.uptextile.fr\/?s={search_term_string}"},"query-input":{"@type":"PropertyValueSpecification","valueRequired":true,"valueName":"search_term_string"}}],"inLanguage":"en-GB"},{"@type":"Person","@id":"https:\/\/www.uptextile.fr\/#\/schema\/person\/ddd7afbcab186b7fb4ccfcc324dc6ade","name":"admin","image":{"@type":"ImageObject","inLanguage":"en-GB","@id":"https:\/\/secure.gravatar.com\/avatar\/6670ee2da31d04324ab60d2c276c81c91f6f128389d0cd7f2efb1030b28554de?s=96&d=mm&r=g","url":"https:\/\/secure.gravatar.com\/avatar\/6670ee2da31d04324ab60d2c276c81c91f6f128389d0cd7f2efb1030b28554de?s=96&d=mm&r=g","contentUrl":"https:\/\/secure.gravatar.com\/avatar\/6670ee2da31d04324ab60d2c276c81c91f6f128389d0cd7f2efb1030b28554de?s=96&d=mm&r=g","caption":"admin"},"url":"https:\/\/www.uptextile.fr\/en\/author\/admin\/"}]}},"_links":{"self":[{"href":"https:\/\/www.uptextile.fr\/en\/wp-json\/wp\/v2\/posts\/3874","targetHints":{"allow":["GET"]}}],"collection":[{"href":"https:\/\/www.uptextile.fr\/en\/wp-json\/wp\/v2\/posts"}],"about":[{"href":"https:\/\/www.uptextile.fr\/en\/wp-json\/wp\/v2\/types\/post"}],"author":[{"embeddable":true,"href":"https:\/\/www.uptextile.fr\/en\/wp-json\/wp\/v2\/users\/1"}],"replies":[{"embeddable":true,"href":"https:\/\/www.uptextile.fr\/en\/wp-json\/wp\/v2\/comments?post=3874"}],"version-history":[{"count":19,"href":"https:\/\/www.uptextile.fr\/en\/wp-json\/wp\/v2\/posts\/3874\/revisions"}],"predecessor-version":[{"id":3930,"href":"https:\/\/www.uptextile.fr\/en\/wp-json\/wp\/v2\/posts\/3874\/revisions\/3930"}],"wp:featuredmedia":[{"embeddable":true,"href":"https:\/\/www.uptextile.fr\/en\/wp-json\/wp\/v2\/media\/3913"}],"wp:attachment":[{"href":"https:\/\/www.uptextile.fr\/en\/wp-json\/wp\/v2\/media?parent=3874"}],"wp:term":[{"taxonomy":"category","embeddable":true,"href":"https:\/\/www.uptextile.fr\/en\/wp-json\/wp\/v2\/categories?post=3874"},{"taxonomy":"post_tag","embeddable":true,"href":"https:\/\/www.uptextile.fr\/en\/wp-json\/wp\/v2\/tags?post=3874"}],"curies":[{"name":"wp","href":"https:\/\/api.w.org\/{rel}","templated":true}]}}