{"id":3880,"date":"2025-02-19T16:04:25","date_gmt":"2025-02-19T15:04:25","guid":{"rendered":"https:\/\/www.uptextile.fr\/?p=3880"},"modified":"2025-02-19T16:14:09","modified_gmt":"2025-02-19T15:14:09","slug":"de-l-esquisse-a-la-collection-imprimer-vos-designs-sur-textile","status":"publish","type":"post","link":"https:\/\/www.uptextile.fr\/en\/de-l-esquisse-a-la-collection-imprimer-vos-designs-sur-textile\/","title":{"rendered":"De l\u2019esquisse \u00e0 la collection : comment imprimer vos designs sur textile en 2025 ?"},"content":{"rendered":"<div data-elementor-type=\"wp-post\" data-elementor-id=\"3880\" class=\"elementor elementor-3880\" data-elementor-post-type=\"post\">\n\t\t\t\t\t\t<section class=\"elementor-section elementor-top-section elementor-element elementor-element-6204785 elementor-section-boxed elementor-section-height-default elementor-section-height-default\" data-id=\"6204785\" data-element_type=\"section\" data-e-type=\"section\">\n\t\t\t\t\t\t<div class=\"elementor-container elementor-column-gap-default\">\n\t\t\t\t\t<div class=\"elementor-column elementor-col-100 elementor-top-column elementor-element elementor-element-335ce89\" data-id=\"335ce89\" data-element_type=\"column\" data-e-type=\"column\">\n\t\t\t<div class=\"elementor-widget-wrap elementor-element-populated\">\n\t\t\t\t\t\t<div class=\"elementor-element elementor-element-8731012 elementor-widget elementor-widget-spacer\" data-id=\"8731012\" data-element_type=\"widget\" data-e-type=\"widget\" data-widget_type=\"spacer.default\">\n\t\t\t\t<div class=\"elementor-widget-container\">\n\t\t\t\t\t\t\t<div class=\"elementor-spacer\">\n\t\t\t<div class=\"elementor-spacer-inner\"><\/div>\n\t\t<\/div>\n\t\t\t\t\t\t<\/div>\n\t\t\t\t<\/div>\n\t\t\t\t<div class=\"elementor-element elementor-element-a539f5e elementor-widget elementor-widget-heading\" data-id=\"a539f5e\" data-element_type=\"widget\" data-e-type=\"widget\" data-widget_type=\"heading.default\">\n\t\t\t\t<div class=\"elementor-widget-container\">\n\t\t\t\t\t<h1 class=\"elementor-heading-title elementor-size-default\"><span style=\"color:white\"> De l\u2019esquisse \u00e0 la collection : <br>  <\/span> comment imprimer vos designs sur textile en 2025 ?\n<\/h1>\t\t\t\t<\/div>\n\t\t\t\t<\/div>\n\t\t\t\t<div class=\"elementor-element elementor-element-690fcb6 elementor-widget elementor-widget-spacer\" data-id=\"690fcb6\" data-element_type=\"widget\" data-e-type=\"widget\" data-widget_type=\"spacer.default\">\n\t\t\t\t<div class=\"elementor-widget-container\">\n\t\t\t\t\t\t\t<div class=\"elementor-spacer\">\n\t\t\t<div class=\"elementor-spacer-inner\"><\/div>\n\t\t<\/div>\n\t\t\t\t\t\t<\/div>\n\t\t\t\t<\/div>\n\t\t\t\t\t<\/div>\n\t\t<\/div>\n\t\t\t\t\t<\/div>\n\t\t<\/section>\n\t\t\t\t<section class=\"elementor-section elementor-top-section elementor-element elementor-element-4055702 elementor-reverse-tablet elementor-reverse-mobile elementor-section-boxed elementor-section-height-default elementor-section-height-default\" data-id=\"4055702\" data-element_type=\"section\" data-e-type=\"section\">\n\t\t\t\t\t\t<div class=\"elementor-container elementor-column-gap-default\">\n\t\t\t\t\t<div class=\"elementor-column elementor-col-50 elementor-top-column elementor-element elementor-element-3d25821\" data-id=\"3d25821\" data-element_type=\"column\" data-e-type=\"column\">\n\t\t\t<div class=\"elementor-widget-wrap elementor-element-populated\">\n\t\t\t\t\t\t<div class=\"elementor-element elementor-element-cbfdd14 elementor-widget elementor-widget-image\" data-id=\"cbfdd14\" data-element_type=\"widget\" data-e-type=\"widget\" data-widget_type=\"image.default\">\n\t\t\t\t<div class=\"elementor-widget-container\">\n\t\t\t\t\t\t\t\t\t\t\t\t\t\t\t<img fetchpriority=\"high\" decoding=\"async\" width=\"800\" height=\"600\" src=\"https:\/\/www.uptextile.fr\/wp-content\/uploads\/2025\/02\/image.jpg\" class=\"attachment-large size-large wp-image-3881\" alt=\"de l&#039;esquisse \u00e0 la collection imprimer vos designs sur textile\" srcset=\"https:\/\/www.uptextile.fr\/wp-content\/uploads\/2025\/02\/image.jpg 1024w, https:\/\/www.uptextile.fr\/wp-content\/uploads\/2025\/02\/image-300x225.jpg 300w, https:\/\/www.uptextile.fr\/wp-content\/uploads\/2025\/02\/image-768x576.jpg 768w, https:\/\/www.uptextile.fr\/wp-content\/uploads\/2025\/02\/image-16x12.jpg 16w, https:\/\/www.uptextile.fr\/wp-content\/uploads\/2025\/02\/image-600x450.jpg 600w\" sizes=\"(max-width: 800px) 100vw, 800px\" \/>\t\t\t\t\t\t\t\t\t\t\t\t\t\t\t<\/div>\n\t\t\t\t<\/div>\n\t\t\t\t\t<\/div>\n\t\t<\/div>\n\t\t\t\t<div class=\"elementor-column elementor-col-50 elementor-top-column elementor-element elementor-element-8404247\" data-id=\"8404247\" data-element_type=\"column\" data-e-type=\"column\">\n\t\t\t<div class=\"elementor-widget-wrap elementor-element-populated\">\n\t\t\t\t\t\t<div class=\"elementor-element elementor-element-651f5bc elementor-widget elementor-widget-text-editor\" data-id=\"651f5bc\" data-element_type=\"widget\" data-e-type=\"widget\" data-widget_type=\"text-editor.default\">\n\t\t\t\t<div class=\"elementor-widget-container\">\n\t\t\t\t\t\t\t\t\t<p><span style=\"font-weight: 400;\">L\u2019ann\u00e9e 2025 marque un tournant dans la cr\u00e9ation textile, o\u00f9 l\u2019alliance entre <strong>cr\u00e9ativit\u00e9<\/strong> et <strong>expertise technique<\/strong> devient plus cruciale que jamais. Chez Up\u2019Textile, nous avons d\u00e9velopp\u00e9 une approche qui transforme le parcours de cr\u00e9ation en une exp\u00e9rience fluide et ma\u00eetris\u00e9e, de la premi\u00e8re esquisse jusqu\u2019\u00e0 la collection finale. <\/span><\/p>\t\t\t\t\t\t\t\t<\/div>\n\t\t\t\t<\/div>\n\t\t\t\t\t<\/div>\n\t\t<\/div>\n\t\t\t\t\t<\/div>\n\t\t<\/section>\n\t\t\t\t<section class=\"elementor-section elementor-top-section elementor-element elementor-element-8b01205 elementor-section-boxed elementor-section-height-default elementor-section-height-default\" data-id=\"8b01205\" data-element_type=\"section\" data-e-type=\"section\">\n\t\t\t\t\t\t<div class=\"elementor-container elementor-column-gap-default\">\n\t\t\t\t\t<div class=\"elementor-column elementor-col-100 elementor-top-column elementor-element elementor-element-0dc5bc1\" data-id=\"0dc5bc1\" data-element_type=\"column\" data-e-type=\"column\">\n\t\t\t<div class=\"elementor-widget-wrap elementor-element-populated\">\n\t\t\t\t\t\t<div class=\"elementor-element elementor-element-1b58620 elementor-widget elementor-widget-heading\" data-id=\"1b58620\" data-element_type=\"widget\" data-e-type=\"widget\" data-widget_type=\"heading.default\">\n\t\t\t\t<div class=\"elementor-widget-container\">\n\t\t\t\t\t<h2 class=\"elementor-heading-title elementor-size-default\">De la magie du processus cr\u00e9atif au fichiers num\u00e9riques<\/h2>\t\t\t\t<\/div>\n\t\t\t\t<\/div>\n\t\t\t\t<div class=\"elementor-element elementor-element-ee56382 elementor-widget elementor-widget-text-editor\" data-id=\"ee56382\" data-element_type=\"widget\" data-e-type=\"widget\" data-widget_type=\"text-editor.default\">\n\t\t\t\t<div class=\"elementor-widget-container\">\n\t\t\t\t\t\t\t\t\t<p><span style=\"font-weight: 400;\">Le voyage commence avec votre vision cr\u00e9ative. Dans notre atelier vosgien, nous accompagnons quotidiennement des cr\u00e9ateurs qui cherchent \u00e0 donner vie \u00e0 leurs inspirations. La premi\u00e8re \u00e9tape consiste \u00e0 <strong>transformer vos esquisses en fichiers num\u00e9riques<\/strong>. La qualit\u00e9 de votre collection commence par la pr\u00e9paration minutieuse de vos fichiers. Bien que vous soyez responsable de la cr\u00e9ation et de la fourniture de vos designs, notre \u00e9quipe est l\u00e0 pour vous <strong>conseiller sur les meilleures pratiques<\/strong>. Nous vous guidons sur les sp\u00e9cifications techniques essentielles : la r\u00e9solution optimale, le format de fichier adapt\u00e9 et les param\u00e8tres recommand\u00e9s. Cette \u00e9tape cruciale garantit une reproduction fid\u00e8le de vos cr\u00e9ations sur textile. <\/span><\/p>\t\t\t\t\t\t\t\t<\/div>\n\t\t\t\t<\/div>\n\t\t\t\t<div class=\"elementor-element elementor-element-dcb85e9 elementor-widget elementor-widget-spacer\" data-id=\"dcb85e9\" data-element_type=\"widget\" data-e-type=\"widget\" data-widget_type=\"spacer.default\">\n\t\t\t\t<div class=\"elementor-widget-container\">\n\t\t\t\t\t\t\t<div class=\"elementor-spacer\">\n\t\t\t<div class=\"elementor-spacer-inner\"><\/div>\n\t\t<\/div>\n\t\t\t\t\t\t<\/div>\n\t\t\t\t<\/div>\n\t\t\t\t<div class=\"elementor-element elementor-element-614a19b elementor-widget elementor-widget-heading\" data-id=\"614a19b\" data-element_type=\"widget\" data-e-type=\"widget\" data-widget_type=\"heading.default\">\n\t\t\t\t<div class=\"elementor-widget-container\">\n\t\t\t\t\t<h2 class=\"elementor-heading-title elementor-size-default\">Nos conseils pour des fichiers optimaux<\/h2>\t\t\t\t<\/div>\n\t\t\t\t<\/div>\n\t\t\t\t<div class=\"elementor-element elementor-element-cec7866 elementor-widget elementor-widget-text-editor\" data-id=\"cec7866\" data-element_type=\"widget\" data-e-type=\"widget\" data-widget_type=\"text-editor.default\">\n\t\t\t\t<div class=\"elementor-widget-container\">\n\t\t\t\t\t\t\t\t\t<p><span style=\"font-weight: 400;\">Pour vous accompagner dans la pr\u00e9paration de vos designs, nous partageons notre <strong>expertise technique<\/strong>. Nous vous recommandons de travailler en CMJN pour une meilleure fid\u00e9lit\u00e9 des couleurs et de porter une attention particuli\u00e8re \u00e0 la <strong>r\u00e9solution de vos fichiers<\/strong>. Notre \u00e9quipe peut vous conseiller sur les dimensions id\u00e9ales et les formats, vous permettant ainsi d&rsquo;<strong>optimiser vos cr\u00e9ations avant l\u2019impression<\/strong>.<\/span><\/p>\t\t\t\t\t\t\t\t<\/div>\n\t\t\t\t<\/div>\n\t\t\t\t\t<\/div>\n\t\t<\/div>\n\t\t\t\t\t<\/div>\n\t\t<\/section>\n\t\t\t\t<section class=\"elementor-section elementor-top-section elementor-element elementor-element-fbf057b elementor-section-boxed elementor-section-height-default elementor-section-height-default\" data-id=\"fbf057b\" data-element_type=\"section\" data-e-type=\"section\">\n\t\t\t\t\t\t<div class=\"elementor-container elementor-column-gap-default\">\n\t\t\t\t\t<div class=\"elementor-column elementor-col-100 elementor-top-column elementor-element elementor-element-0707442\" data-id=\"0707442\" data-element_type=\"column\" data-e-type=\"column\">\n\t\t\t<div class=\"elementor-widget-wrap elementor-element-populated\">\n\t\t\t\t\t\t<div class=\"elementor-element elementor-element-1cdaa7c elementor-widget elementor-widget-spacer\" data-id=\"1cdaa7c\" data-element_type=\"widget\" data-e-type=\"widget\" data-widget_type=\"spacer.default\">\n\t\t\t\t<div class=\"elementor-widget-container\">\n\t\t\t\t\t\t\t<div class=\"elementor-spacer\">\n\t\t\t<div class=\"elementor-spacer-inner\"><\/div>\n\t\t<\/div>\n\t\t\t\t\t\t<\/div>\n\t\t\t\t<\/div>\n\t\t\t\t<div class=\"elementor-element elementor-element-9a684f0 elementor-widget elementor-widget-heading\" data-id=\"9a684f0\" data-element_type=\"widget\" data-e-type=\"widget\" data-widget_type=\"heading.default\">\n\t\t\t\t<div class=\"elementor-widget-container\">\n\t\t\t\t\t<h2 class=\"elementor-heading-title elementor-size-default\">Le choix des mati\u00e8res, notre expertise \u00e0 votre service<\/h2>\t\t\t\t<\/div>\n\t\t\t\t<\/div>\n\t\t\t\t<div class=\"elementor-element elementor-element-a3ede64 elementor-widget elementor-widget-text-editor\" data-id=\"a3ede64\" data-element_type=\"widget\" data-e-type=\"widget\" data-widget_type=\"text-editor.default\">\n\t\t\t\t<div class=\"elementor-widget-container\">\n\t\t\t\t\t\t\t\t\t<p><span style=\"font-weight: 400;\">Une fois vos fichiers pr\u00eats, la <strong>s\u00e9lection du support textile<\/strong> repr\u00e9sente une \u00e9tape d\u00e9terminante. Notre \u00e9quipe met \u00e0 profit son expertise pour vous guider vers les <strong>mati\u00e8res les plus adapt\u00e9es \u00e0 vos projets<\/strong>. Que vous recherchiez la noblesse du velours, la praticit\u00e9 de la microfibre ou la douceur du coton, nous vous conseillons en fonction de vos besoins sp\u00e9cifiques et de l\u2019utilisation finale de vos produits. <\/span><\/p>\t\t\t\t\t\t\t\t<\/div>\n\t\t\t\t<\/div>\n\t\t\t\t<div class=\"elementor-element elementor-element-7fdc2e5 elementor-widget elementor-widget-heading\" data-id=\"7fdc2e5\" data-element_type=\"widget\" data-e-type=\"widget\" data-widget_type=\"heading.default\">\n\t\t\t\t<div class=\"elementor-widget-container\">\n\t\t\t\t\t<h2 class=\"elementor-heading-title elementor-size-default\">La qualit\u00e9 de l\u2019impression Made in France pour votre collection<\/h2>\t\t\t\t<\/div>\n\t\t\t\t<\/div>\n\t\t\t\t<div class=\"elementor-element elementor-element-e7df131 elementor-widget elementor-widget-text-editor\" data-id=\"e7df131\" data-element_type=\"widget\" data-e-type=\"widget\" data-widget_type=\"text-editor.default\">\n\t\t\t\t<div class=\"elementor-widget-container\">\n\t\t\t\t\t\t\t\t\t<p><span style=\"font-weight: 400;\">Dans notre atelier de G\u00e9rardmer, nous sublimons vos cr\u00e9ations gr\u00e2ce \u00e0 des <strong>technologies de pointe<\/strong> permettant de reproduire plus de <strong>16 millions de couleurs<\/strong>. Notre <strong>savoir-faire local<\/strong>, combin\u00e9 \u00e0 notre engagement pour une production responsable, se traduit par une r\u00e9duction significative de notre consommation d\u2019eau. Chaque projet b\u00e9n\u00e9ficie de notre expertise Made in France et textile notamment gr\u00e2ce \u00e0 Crouvezier D\u00e9veloppement et ses 165 ans de savoir-faire textile fran\u00e7ais ainsi que de notre engagement environnemental. <\/span><\/p>\t\t\t\t\t\t\t\t<\/div>\n\t\t\t\t<\/div>\n\t\t\t\t<div class=\"elementor-element elementor-element-a272d3a elementor-widget elementor-widget-heading\" data-id=\"a272d3a\" data-element_type=\"widget\" data-e-type=\"widget\" data-widget_type=\"heading.default\">\n\t\t\t\t<div class=\"elementor-widget-container\">\n\t\t\t\t\t<h2 class=\"elementor-heading-title elementor-size-default\">Un accompagnement personnalis\u00e9 et technique<\/h2>\t\t\t\t<\/div>\n\t\t\t\t<\/div>\n\t\t\t\t<div class=\"elementor-element elementor-element-7308149 elementor-widget elementor-widget-text-editor\" data-id=\"7308149\" data-element_type=\"widget\" data-e-type=\"widget\" data-widget_type=\"text-editor.default\">\n\t\t\t\t<div class=\"elementor-widget-container\">\n\t\t\t\t\t\t\t\t\t<p><span style=\"font-weight: 400;\">Notre r\u00f4le ne se limite pas \u00e0 l\u2019impression de vos designs. Nous vous <strong>accompagnons \u00e0 chaque \u00e9tape technique du processus<\/strong>, depuis la validation de vos fichiers jusqu\u2019aux finitions. Notre \u00e9quipe reste \u00e0 votre \u00e9coute pour r\u00e9pondre \u00e0 vos questions, proposer des solutions adapt\u00e9es et garantir un r\u00e9sultat \u00e0 la hauteur de vos attentes. Nous pouvons \u00e9galement vous conseiller sur les <strong>ajustements techniques<\/strong> potentiels pour optimiser le rendu final. <\/span><\/p>\t\t\t\t\t\t\t\t<\/div>\n\t\t\t\t<\/div>\n\t\t\t\t<div class=\"elementor-element elementor-element-e513eeb elementor-widget elementor-widget-heading\" data-id=\"e513eeb\" data-element_type=\"widget\" data-e-type=\"widget\" data-widget_type=\"heading.default\">\n\t\t\t\t<div class=\"elementor-widget-container\">\n\t\t\t\t\t<h2 class=\"elementor-heading-title elementor-size-default\">De la production \u00e0 la finition<\/h2>\t\t\t\t<\/div>\n\t\t\t\t<\/div>\n\t\t\t\t<div class=\"elementor-element elementor-element-bb5f333 elementor-widget elementor-widget-text-editor\" data-id=\"bb5f333\" data-element_type=\"widget\" data-e-type=\"widget\" data-widget_type=\"text-editor.default\">\n\t\t\t\t<div class=\"elementor-widget-container\">\n\t\t\t\t\t\t\t\t\t<p><span style=\"font-weight: 400;\">La phase de production repr\u00e9sente l\u2019aboutissement de votre projet. Notre <strong>\u00e9quipe qualifi\u00e9e<\/strong> apporte un soin particulier \u00e0 chaque \u00e9tape : le contr\u00f4le qualit\u00e9 des impressions, la v\u00e9rification des couleurs et les finitions soign\u00e9es. Cette <strong>attention aux d\u00e9tails<\/strong> garantit des produits finis de qualit\u00e9. <\/span><\/p>\t\t\t\t\t\t\t\t<\/div>\n\t\t\t\t<\/div>\n\t\t\t\t<div class=\"elementor-element elementor-element-b1c9f6f elementor-widget elementor-widget-heading\" data-id=\"b1c9f6f\" data-element_type=\"widget\" data-e-type=\"widget\" data-widget_type=\"heading.default\">\n\t\t\t\t<div class=\"elementor-widget-container\">\n\t\t\t\t\t<h2 class=\"elementor-heading-title elementor-size-default\">Une approche durable et responsable pour votre collection textile<\/h2>\t\t\t\t<\/div>\n\t\t\t\t<\/div>\n\t\t\t\t<div class=\"elementor-element elementor-element-9f4fa71 elementor-widget elementor-widget-text-editor\" data-id=\"9f4fa71\" data-element_type=\"widget\" data-e-type=\"widget\" data-widget_type=\"text-editor.default\">\n\t\t\t\t<div class=\"elementor-widget-container\">\n\t\t\t\t\t\t\t\t\t<p><span style=\"font-weight: 400;\">En 2025, la <strong>production textile responsable<\/strong> est au c\u0153ur de nos pr\u00e9occupations. Notre <strong>engagement environnemental<\/strong> se refl\u00e8te dans chaque aspect de notre production : des processus d\u2019impression \u00e9conomes en eau \u00e0 l\u2019utilisation de mat\u00e9riaux certifi\u00e9s, en passant par une production locale qui minimise notre empreinte carbone<\/span><\/p>\t\t\t\t\t\t\t\t<\/div>\n\t\t\t\t<\/div>\n\t\t\t\t<div class=\"elementor-element elementor-element-bff7d44 elementor-widget elementor-widget-text-editor\" data-id=\"bff7d44\" data-element_type=\"widget\" data-e-type=\"widget\" data-widget_type=\"text-editor.default\">\n\t\t\t\t<div class=\"elementor-widget-container\">\n\t\t\t\t\t\t\t\t\t<p><span style=\"font-weight: 400;\">En choisissant Up\u2019Textile comme partenaire, vous b\u00e9n\u00e9ficiez d\u2019une <strong>expertise reconnue dans l\u2019impression textile Made in France<\/strong>. Nous mettons notre savoir-faire technique au service de vos cr\u00e9ations, tout en vous accompagnant avec des conseils personnalis\u00e9s pour optimiser vos fichiers et vos choix de mati\u00e8res. Notre engagement pour l\u2019excellence, combin\u00e9 \u00e0 notre approche durable, fait de nous le partenaire id\u00e9al pour concr\u00e9tiser vos projets textiles en 2025.\u00a0<\/span><\/p><p><span style=\"font-weight: 400;\">Pr\u00eat \u00e0 <strong>donner vie \u00e0 vos cr\u00e9ations<\/strong> ? <a href=\"https:\/\/www.uptextile.fr\/en\/contact\/\">Contactez<\/a> notre \u00e9quipe d\u2019experts pour b\u00e9n\u00e9ficier de <strong>conseils personnalis\u00e9s<\/strong> et <strong>transformer vos designs en une collection textile d\u2019exception<\/strong>.<\/span><\/p>\t\t\t\t\t\t\t\t<\/div>\n\t\t\t\t<\/div>\n\t\t\t\t\t<\/div>\n\t\t<\/div>\n\t\t\t\t\t<\/div>\n\t\t<\/section>\n\t\t\t\t<\/div>","protected":false},"excerpt":{"rendered":"<p><\/p>","protected":false},"author":1,"featured_media":3881,"comment_status":"closed","ping_status":"open","sticky":false,"template":"elementor_header_footer","format":"standard","meta":{"_monsterinsights_skip_tracking":false,"_monsterinsights_sitenote_active":false,"_monsterinsights_sitenote_note":"","_monsterinsights_sitenote_category":0,"footnotes":""},"categories":[244],"tags":[],"class_list":["post-3880","post","type-post","status-publish","format-standard","has-post-thumbnail","hentry","category-interviews"],"yoast_head":"<!-- This site is optimized with the Yoast SEO plugin v27.4 - https:\/\/yoast.com\/product\/yoast-seo-wordpress\/ -->\n<title>De l\u2019esquisse \u00e0 la collection imprimer vos designs sur textile - UpTextile<\/title>\n<meta name=\"description\" content=\"D\u00e9couvrez un guide afin de vous aider \u00e0 passer de l&#039;esquisse \u00e0 la collection et donc \u00e0 imprimer vos designs sur textile.\" \/>\n<meta name=\"robots\" content=\"index, follow, max-snippet:-1, max-image-preview:large, max-video-preview:-1\" \/>\n<link rel=\"canonical\" href=\"https:\/\/www.uptextile.fr\/en\/de-l-esquisse-a-la-collection-imprimer-vos-designs-sur-textile\/\" \/>\n<meta property=\"og:locale\" content=\"en_GB\" \/>\n<meta property=\"og:type\" content=\"article\" \/>\n<meta property=\"og:title\" content=\"De l\u2019esquisse \u00e0 la collection imprimer vos designs sur textile - UpTextile\" \/>\n<meta property=\"og:description\" content=\"D\u00e9couvrez un guide afin de vous aider \u00e0 passer de l&#039;esquisse \u00e0 la collection et donc \u00e0 imprimer vos designs sur textile.\" \/>\n<meta property=\"og:url\" content=\"https:\/\/www.uptextile.fr\/en\/de-l-esquisse-a-la-collection-imprimer-vos-designs-sur-textile\/\" \/>\n<meta property=\"og:site_name\" content=\"UpTextile\" \/>\n<meta property=\"article:published_time\" content=\"2025-02-19T15:04:25+00:00\" \/>\n<meta property=\"article:modified_time\" content=\"2025-02-19T15:14:09+00:00\" \/>\n<meta property=\"og:image\" content=\"https:\/\/www.uptextile.fr\/wp-content\/uploads\/2025\/02\/image.jpg\" \/>\n\t<meta property=\"og:image:width\" content=\"1024\" \/>\n\t<meta property=\"og:image:height\" content=\"768\" \/>\n\t<meta property=\"og:image:type\" content=\"image\/jpeg\" \/>\n<meta name=\"author\" content=\"admin\" \/>\n<meta name=\"twitter:card\" content=\"summary_large_image\" \/>\n<meta name=\"twitter:label1\" content=\"Written by\" \/>\n\t<meta name=\"twitter:data1\" content=\"admin\" \/>\n\t<meta name=\"twitter:label2\" content=\"Estimated reading time\" \/>\n\t<meta name=\"twitter:data2\" content=\"4 minutes\" \/>\n<script type=\"application\/ld+json\" class=\"yoast-schema-graph\">{\"@context\":\"https:\\\/\\\/schema.org\",\"@graph\":[{\"@type\":\"Article\",\"@id\":\"https:\\\/\\\/www.uptextile.fr\\\/de-l-esquisse-a-la-collection-imprimer-vos-designs-sur-textile\\\/#article\",\"isPartOf\":{\"@id\":\"https:\\\/\\\/www.uptextile.fr\\\/de-l-esquisse-a-la-collection-imprimer-vos-designs-sur-textile\\\/\"},\"author\":{\"name\":\"admin\",\"@id\":\"https:\\\/\\\/www.uptextile.fr\\\/#\\\/schema\\\/person\\\/ddd7afbcab186b7fb4ccfcc324dc6ade\"},\"headline\":\"De l\u2019esquisse \u00e0 la collection : comment imprimer vos designs sur textile en 2025 ?\",\"datePublished\":\"2025-02-19T15:04:25+00:00\",\"dateModified\":\"2025-02-19T15:14:09+00:00\",\"mainEntityOfPage\":{\"@id\":\"https:\\\/\\\/www.uptextile.fr\\\/de-l-esquisse-a-la-collection-imprimer-vos-designs-sur-textile\\\/\"},\"wordCount\":743,\"image\":{\"@id\":\"https:\\\/\\\/www.uptextile.fr\\\/de-l-esquisse-a-la-collection-imprimer-vos-designs-sur-textile\\\/#primaryimage\"},\"thumbnailUrl\":\"https:\\\/\\\/www.uptextile.fr\\\/wp-content\\\/uploads\\\/2025\\\/02\\\/image.jpg\",\"articleSection\":[\"Interviews\"],\"inLanguage\":\"en-GB\"},{\"@type\":\"WebPage\",\"@id\":\"https:\\\/\\\/www.uptextile.fr\\\/de-l-esquisse-a-la-collection-imprimer-vos-designs-sur-textile\\\/\",\"url\":\"https:\\\/\\\/www.uptextile.fr\\\/de-l-esquisse-a-la-collection-imprimer-vos-designs-sur-textile\\\/\",\"name\":\"De l\u2019esquisse \u00e0 la collection imprimer vos designs sur textile - UpTextile\",\"isPartOf\":{\"@id\":\"https:\\\/\\\/www.uptextile.fr\\\/#website\"},\"primaryImageOfPage\":{\"@id\":\"https:\\\/\\\/www.uptextile.fr\\\/de-l-esquisse-a-la-collection-imprimer-vos-designs-sur-textile\\\/#primaryimage\"},\"image\":{\"@id\":\"https:\\\/\\\/www.uptextile.fr\\\/de-l-esquisse-a-la-collection-imprimer-vos-designs-sur-textile\\\/#primaryimage\"},\"thumbnailUrl\":\"https:\\\/\\\/www.uptextile.fr\\\/wp-content\\\/uploads\\\/2025\\\/02\\\/image.jpg\",\"datePublished\":\"2025-02-19T15:04:25+00:00\",\"dateModified\":\"2025-02-19T15:14:09+00:00\",\"author\":{\"@id\":\"https:\\\/\\\/www.uptextile.fr\\\/#\\\/schema\\\/person\\\/ddd7afbcab186b7fb4ccfcc324dc6ade\"},\"description\":\"D\u00e9couvrez un guide afin de vous aider \u00e0 passer de l'esquisse \u00e0 la collection et donc \u00e0 imprimer vos designs sur textile.\",\"breadcrumb\":{\"@id\":\"https:\\\/\\\/www.uptextile.fr\\\/de-l-esquisse-a-la-collection-imprimer-vos-designs-sur-textile\\\/#breadcrumb\"},\"inLanguage\":\"en-GB\",\"potentialAction\":[{\"@type\":\"ReadAction\",\"target\":[\"https:\\\/\\\/www.uptextile.fr\\\/de-l-esquisse-a-la-collection-imprimer-vos-designs-sur-textile\\\/\"]}]},{\"@type\":\"ImageObject\",\"inLanguage\":\"en-GB\",\"@id\":\"https:\\\/\\\/www.uptextile.fr\\\/de-l-esquisse-a-la-collection-imprimer-vos-designs-sur-textile\\\/#primaryimage\",\"url\":\"https:\\\/\\\/www.uptextile.fr\\\/wp-content\\\/uploads\\\/2025\\\/02\\\/image.jpg\",\"contentUrl\":\"https:\\\/\\\/www.uptextile.fr\\\/wp-content\\\/uploads\\\/2025\\\/02\\\/image.jpg\",\"width\":1024,\"height\":768,\"caption\":\"de l'esquisse \u00e0 la collection imprimer vos designs sur textile\"},{\"@type\":\"BreadcrumbList\",\"@id\":\"https:\\\/\\\/www.uptextile.fr\\\/de-l-esquisse-a-la-collection-imprimer-vos-designs-sur-textile\\\/#breadcrumb\",\"itemListElement\":[{\"@type\":\"ListItem\",\"position\":1,\"name\":\"Accueil\",\"item\":\"https:\\\/\\\/www.uptextile.fr\\\/\"},{\"@type\":\"ListItem\",\"position\":2,\"name\":\"De l\u2019esquisse \u00e0 la collection : comment imprimer vos designs sur textile en 2025 ?\"}]},{\"@type\":\"WebSite\",\"@id\":\"https:\\\/\\\/www.uptextile.fr\\\/#website\",\"url\":\"https:\\\/\\\/www.uptextile.fr\\\/\",\"name\":\"UpTextile\",\"description\":\"L&#039;impression num\u00e9rique \u00e0 votre service\",\"potentialAction\":[{\"@type\":\"SearchAction\",\"target\":{\"@type\":\"EntryPoint\",\"urlTemplate\":\"https:\\\/\\\/www.uptextile.fr\\\/?s={search_term_string}\"},\"query-input\":{\"@type\":\"PropertyValueSpecification\",\"valueRequired\":true,\"valueName\":\"search_term_string\"}}],\"inLanguage\":\"en-GB\"},{\"@type\":\"Person\",\"@id\":\"https:\\\/\\\/www.uptextile.fr\\\/#\\\/schema\\\/person\\\/ddd7afbcab186b7fb4ccfcc324dc6ade\",\"name\":\"admin\",\"image\":{\"@type\":\"ImageObject\",\"inLanguage\":\"en-GB\",\"@id\":\"https:\\\/\\\/secure.gravatar.com\\\/avatar\\\/6670ee2da31d04324ab60d2c276c81c91f6f128389d0cd7f2efb1030b28554de?s=96&d=mm&r=g\",\"url\":\"https:\\\/\\\/secure.gravatar.com\\\/avatar\\\/6670ee2da31d04324ab60d2c276c81c91f6f128389d0cd7f2efb1030b28554de?s=96&d=mm&r=g\",\"contentUrl\":\"https:\\\/\\\/secure.gravatar.com\\\/avatar\\\/6670ee2da31d04324ab60d2c276c81c91f6f128389d0cd7f2efb1030b28554de?s=96&d=mm&r=g\",\"caption\":\"admin\"},\"url\":\"https:\\\/\\\/www.uptextile.fr\\\/en\\\/author\\\/admin\\\/\"}]}<\/script>\n<!-- \/ Yoast SEO plugin. -->","yoast_head_json":{"title":"De l\u2019esquisse \u00e0 la collection imprimer vos designs sur textile - UpTextile","description":"D\u00e9couvrez un guide afin de vous aider \u00e0 passer de l'esquisse \u00e0 la collection et donc \u00e0 imprimer vos designs sur textile.","robots":{"index":"index","follow":"follow","max-snippet":"max-snippet:-1","max-image-preview":"max-image-preview:large","max-video-preview":"max-video-preview:-1"},"canonical":"https:\/\/www.uptextile.fr\/en\/de-l-esquisse-a-la-collection-imprimer-vos-designs-sur-textile\/","og_locale":"en_GB","og_type":"article","og_title":"De l\u2019esquisse \u00e0 la collection imprimer vos designs sur textile - UpTextile","og_description":"D\u00e9couvrez un guide afin de vous aider \u00e0 passer de l'esquisse \u00e0 la collection et donc \u00e0 imprimer vos designs sur textile.","og_url":"https:\/\/www.uptextile.fr\/en\/de-l-esquisse-a-la-collection-imprimer-vos-designs-sur-textile\/","og_site_name":"UpTextile","article_published_time":"2025-02-19T15:04:25+00:00","article_modified_time":"2025-02-19T15:14:09+00:00","og_image":[{"width":1024,"height":768,"url":"https:\/\/www.uptextile.fr\/wp-content\/uploads\/2025\/02\/image.jpg","type":"image\/jpeg"}],"author":"admin","twitter_card":"summary_large_image","twitter_misc":{"Written by":"admin","Estimated reading time":"4 minutes"},"schema":{"@context":"https:\/\/schema.org","@graph":[{"@type":"Article","@id":"https:\/\/www.uptextile.fr\/de-l-esquisse-a-la-collection-imprimer-vos-designs-sur-textile\/#article","isPartOf":{"@id":"https:\/\/www.uptextile.fr\/de-l-esquisse-a-la-collection-imprimer-vos-designs-sur-textile\/"},"author":{"name":"admin","@id":"https:\/\/www.uptextile.fr\/#\/schema\/person\/ddd7afbcab186b7fb4ccfcc324dc6ade"},"headline":"De l\u2019esquisse \u00e0 la collection : comment imprimer vos designs sur textile en 2025 ?","datePublished":"2025-02-19T15:04:25+00:00","dateModified":"2025-02-19T15:14:09+00:00","mainEntityOfPage":{"@id":"https:\/\/www.uptextile.fr\/de-l-esquisse-a-la-collection-imprimer-vos-designs-sur-textile\/"},"wordCount":743,"image":{"@id":"https:\/\/www.uptextile.fr\/de-l-esquisse-a-la-collection-imprimer-vos-designs-sur-textile\/#primaryimage"},"thumbnailUrl":"https:\/\/www.uptextile.fr\/wp-content\/uploads\/2025\/02\/image.jpg","articleSection":["Interviews"],"inLanguage":"en-GB"},{"@type":"WebPage","@id":"https:\/\/www.uptextile.fr\/de-l-esquisse-a-la-collection-imprimer-vos-designs-sur-textile\/","url":"https:\/\/www.uptextile.fr\/de-l-esquisse-a-la-collection-imprimer-vos-designs-sur-textile\/","name":"De l\u2019esquisse \u00e0 la collection imprimer vos designs sur textile - UpTextile","isPartOf":{"@id":"https:\/\/www.uptextile.fr\/#website"},"primaryImageOfPage":{"@id":"https:\/\/www.uptextile.fr\/de-l-esquisse-a-la-collection-imprimer-vos-designs-sur-textile\/#primaryimage"},"image":{"@id":"https:\/\/www.uptextile.fr\/de-l-esquisse-a-la-collection-imprimer-vos-designs-sur-textile\/#primaryimage"},"thumbnailUrl":"https:\/\/www.uptextile.fr\/wp-content\/uploads\/2025\/02\/image.jpg","datePublished":"2025-02-19T15:04:25+00:00","dateModified":"2025-02-19T15:14:09+00:00","author":{"@id":"https:\/\/www.uptextile.fr\/#\/schema\/person\/ddd7afbcab186b7fb4ccfcc324dc6ade"},"description":"D\u00e9couvrez un guide afin de vous aider \u00e0 passer de l'esquisse \u00e0 la collection et donc \u00e0 imprimer vos designs sur textile.","breadcrumb":{"@id":"https:\/\/www.uptextile.fr\/de-l-esquisse-a-la-collection-imprimer-vos-designs-sur-textile\/#breadcrumb"},"inLanguage":"en-GB","potentialAction":[{"@type":"ReadAction","target":["https:\/\/www.uptextile.fr\/de-l-esquisse-a-la-collection-imprimer-vos-designs-sur-textile\/"]}]},{"@type":"ImageObject","inLanguage":"en-GB","@id":"https:\/\/www.uptextile.fr\/de-l-esquisse-a-la-collection-imprimer-vos-designs-sur-textile\/#primaryimage","url":"https:\/\/www.uptextile.fr\/wp-content\/uploads\/2025\/02\/image.jpg","contentUrl":"https:\/\/www.uptextile.fr\/wp-content\/uploads\/2025\/02\/image.jpg","width":1024,"height":768,"caption":"de l'esquisse \u00e0 la collection imprimer vos designs sur textile"},{"@type":"BreadcrumbList","@id":"https:\/\/www.uptextile.fr\/de-l-esquisse-a-la-collection-imprimer-vos-designs-sur-textile\/#breadcrumb","itemListElement":[{"@type":"ListItem","position":1,"name":"Accueil","item":"https:\/\/www.uptextile.fr\/"},{"@type":"ListItem","position":2,"name":"De l\u2019esquisse \u00e0 la collection : comment imprimer vos designs sur textile en 2025 ?"}]},{"@type":"WebSite","@id":"https:\/\/www.uptextile.fr\/#website","url":"https:\/\/www.uptextile.fr\/","name":"UpTextile","description":"L&#039;impression num\u00e9rique \u00e0 votre service","potentialAction":[{"@type":"SearchAction","target":{"@type":"EntryPoint","urlTemplate":"https:\/\/www.uptextile.fr\/?s={search_term_string}"},"query-input":{"@type":"PropertyValueSpecification","valueRequired":true,"valueName":"search_term_string"}}],"inLanguage":"en-GB"},{"@type":"Person","@id":"https:\/\/www.uptextile.fr\/#\/schema\/person\/ddd7afbcab186b7fb4ccfcc324dc6ade","name":"admin","image":{"@type":"ImageObject","inLanguage":"en-GB","@id":"https:\/\/secure.gravatar.com\/avatar\/6670ee2da31d04324ab60d2c276c81c91f6f128389d0cd7f2efb1030b28554de?s=96&d=mm&r=g","url":"https:\/\/secure.gravatar.com\/avatar\/6670ee2da31d04324ab60d2c276c81c91f6f128389d0cd7f2efb1030b28554de?s=96&d=mm&r=g","contentUrl":"https:\/\/secure.gravatar.com\/avatar\/6670ee2da31d04324ab60d2c276c81c91f6f128389d0cd7f2efb1030b28554de?s=96&d=mm&r=g","caption":"admin"},"url":"https:\/\/www.uptextile.fr\/en\/author\/admin\/"}]}},"_links":{"self":[{"href":"https:\/\/www.uptextile.fr\/en\/wp-json\/wp\/v2\/posts\/3880","targetHints":{"allow":["GET"]}}],"collection":[{"href":"https:\/\/www.uptextile.fr\/en\/wp-json\/wp\/v2\/posts"}],"about":[{"href":"https:\/\/www.uptextile.fr\/en\/wp-json\/wp\/v2\/types\/post"}],"author":[{"embeddable":true,"href":"https:\/\/www.uptextile.fr\/en\/wp-json\/wp\/v2\/users\/1"}],"replies":[{"embeddable":true,"href":"https:\/\/www.uptextile.fr\/en\/wp-json\/wp\/v2\/comments?post=3880"}],"version-history":[{"count":7,"href":"https:\/\/www.uptextile.fr\/en\/wp-json\/wp\/v2\/posts\/3880\/revisions"}],"predecessor-version":[{"id":3888,"href":"https:\/\/www.uptextile.fr\/en\/wp-json\/wp\/v2\/posts\/3880\/revisions\/3888"}],"wp:featuredmedia":[{"embeddable":true,"href":"https:\/\/www.uptextile.fr\/en\/wp-json\/wp\/v2\/media\/3881"}],"wp:attachment":[{"href":"https:\/\/www.uptextile.fr\/en\/wp-json\/wp\/v2\/media?parent=3880"}],"wp:term":[{"taxonomy":"category","embeddable":true,"href":"https:\/\/www.uptextile.fr\/en\/wp-json\/wp\/v2\/categories?post=3880"},{"taxonomy":"post_tag","embeddable":true,"href":"https:\/\/www.uptextile.fr\/en\/wp-json\/wp\/v2\/tags?post=3880"}],"curies":[{"name":"wp","href":"https:\/\/api.w.org\/{rel}","templated":true}]}}