{"id":4111,"date":"2025-06-10T11:12:39","date_gmt":"2025-06-10T09:12:39","guid":{"rendered":"https:\/\/www.uptextile.fr\/?p=4111"},"modified":"2025-06-10T11:32:12","modified_gmt":"2025-06-10T09:32:12","slug":"interview-de-haut-les-coeurs-linnovation-creative-au-service-dobjets-du-quotidien-divinement-inspires","status":"publish","type":"post","link":"https:\/\/www.uptextile.fr\/en\/interview-de-haut-les-coeurs-linnovation-creative-au-service-dobjets-du-quotidien-divinement-inspires\/","title":{"rendered":"Interview de Haut les Coeurs : l\u2019innovation cr\u00e9ative au service d\u2019objets du quotidien divinement inspir\u00e9s"},"content":{"rendered":"<div data-elementor-type=\"wp-post\" data-elementor-id=\"4111\" class=\"elementor elementor-4111\" data-elementor-post-type=\"post\">\n\t\t\t\t\t\t<section class=\"elementor-section elementor-top-section elementor-element elementor-element-6204785 elementor-section-boxed elementor-section-height-default elementor-section-height-default\" data-id=\"6204785\" data-element_type=\"section\" data-e-type=\"section\">\n\t\t\t\t\t\t<div class=\"elementor-container elementor-column-gap-default\">\n\t\t\t\t\t<div class=\"elementor-column elementor-col-100 elementor-top-column elementor-element elementor-element-335ce89\" data-id=\"335ce89\" data-element_type=\"column\" data-e-type=\"column\">\n\t\t\t<div class=\"elementor-widget-wrap elementor-element-populated\">\n\t\t\t\t\t\t<div class=\"elementor-element elementor-element-8731012 elementor-widget elementor-widget-spacer\" data-id=\"8731012\" data-element_type=\"widget\" data-e-type=\"widget\" data-widget_type=\"spacer.default\">\n\t\t\t\t<div class=\"elementor-widget-container\">\n\t\t\t\t\t\t\t<div class=\"elementor-spacer\">\n\t\t\t<div class=\"elementor-spacer-inner\"><\/div>\n\t\t<\/div>\n\t\t\t\t\t\t<\/div>\n\t\t\t\t<\/div>\n\t\t\t\t<div class=\"elementor-element elementor-element-a539f5e elementor-widget elementor-widget-heading\" data-id=\"a539f5e\" data-element_type=\"widget\" data-e-type=\"widget\" data-widget_type=\"heading.default\">\n\t\t\t\t<div class=\"elementor-widget-container\">\n\t\t\t\t\t<h1 class=\"elementor-heading-title elementor-size-default\"><span style=\"color:white\"> \u00c0 la rencontre <br> de <\/span>HAUT LES C\u0153urs<\/h1>\t\t\t\t<\/div>\n\t\t\t\t<\/div>\n\t\t\t\t<div class=\"elementor-element elementor-element-690fcb6 elementor-widget elementor-widget-spacer\" data-id=\"690fcb6\" data-element_type=\"widget\" data-e-type=\"widget\" data-widget_type=\"spacer.default\">\n\t\t\t\t<div class=\"elementor-widget-container\">\n\t\t\t\t\t\t\t<div class=\"elementor-spacer\">\n\t\t\t<div class=\"elementor-spacer-inner\"><\/div>\n\t\t<\/div>\n\t\t\t\t\t\t<\/div>\n\t\t\t\t<\/div>\n\t\t\t\t\t<\/div>\n\t\t<\/div>\n\t\t\t\t\t<\/div>\n\t\t<\/section>\n\t\t\t\t<section class=\"elementor-section elementor-top-section elementor-element elementor-element-4055702 elementor-reverse-tablet elementor-reverse-mobile elementor-section-boxed elementor-section-height-default elementor-section-height-default\" data-id=\"4055702\" data-element_type=\"section\" data-e-type=\"section\">\n\t\t\t\t\t\t<div class=\"elementor-container elementor-column-gap-default\">\n\t\t\t\t\t<div class=\"elementor-column elementor-col-50 elementor-top-column elementor-element elementor-element-3d25821\" data-id=\"3d25821\" data-element_type=\"column\" data-e-type=\"column\">\n\t\t\t<div class=\"elementor-widget-wrap elementor-element-populated\">\n\t\t\t\t\t\t<div class=\"elementor-element elementor-element-8f7d5d2 elementor-widget elementor-widget-image\" data-id=\"8f7d5d2\" data-element_type=\"widget\" data-e-type=\"widget\" data-widget_type=\"image.default\">\n\t\t\t\t<div class=\"elementor-widget-container\">\n\t\t\t\t\t\t\t\t\t\t\t\t\t\t\t<img fetchpriority=\"high\" decoding=\"async\" width=\"682\" height=\"1024\" src=\"https:\/\/www.uptextile.fr\/wp-content\/uploads\/2025\/06\/DSC_2518-682x1024.jpg\" class=\"attachment-large size-large wp-image-4103\" alt=\"Produits Haut les coeurs\" srcset=\"https:\/\/www.uptextile.fr\/wp-content\/uploads\/2025\/06\/DSC_2518-682x1024.jpg 682w, https:\/\/www.uptextile.fr\/wp-content\/uploads\/2025\/06\/DSC_2518-200x300.jpg 200w, https:\/\/www.uptextile.fr\/wp-content\/uploads\/2025\/06\/DSC_2518-768x1154.jpg 768w, https:\/\/www.uptextile.fr\/wp-content\/uploads\/2025\/06\/DSC_2518-1022x1536.jpg 1022w, https:\/\/www.uptextile.fr\/wp-content\/uploads\/2025\/06\/DSC_2518-8x12.jpg 8w, https:\/\/www.uptextile.fr\/wp-content\/uploads\/2025\/06\/DSC_2518-600x901.jpg 600w, https:\/\/www.uptextile.fr\/wp-content\/uploads\/2025\/06\/DSC_2518.jpg 1065w\" sizes=\"(max-width: 682px) 100vw, 682px\" \/>\t\t\t\t\t\t\t\t\t\t\t\t\t\t\t<\/div>\n\t\t\t\t<\/div>\n\t\t\t\t<div class=\"elementor-element elementor-element-cbfdd14 elementor-widget elementor-widget-image\" data-id=\"cbfdd14\" data-element_type=\"widget\" data-e-type=\"widget\" data-widget_type=\"image.default\">\n\t\t\t\t<div class=\"elementor-widget-container\">\n\t\t\t\t\t\t\t\t\t\t\t\t\t\t\t<img decoding=\"async\" width=\"682\" height=\"1024\" src=\"https:\/\/www.uptextile.fr\/wp-content\/uploads\/2025\/06\/DSC_2520-682x1024.jpg\" class=\"attachment-large size-large wp-image-4104\" alt=\"Nappes Haut les coeurs\" srcset=\"https:\/\/www.uptextile.fr\/wp-content\/uploads\/2025\/06\/DSC_2520-682x1024.jpg 682w, https:\/\/www.uptextile.fr\/wp-content\/uploads\/2025\/06\/DSC_2520-200x300.jpg 200w, https:\/\/www.uptextile.fr\/wp-content\/uploads\/2025\/06\/DSC_2520-768x1154.jpg 768w, https:\/\/www.uptextile.fr\/wp-content\/uploads\/2025\/06\/DSC_2520-1022x1536.jpg 1022w, https:\/\/www.uptextile.fr\/wp-content\/uploads\/2025\/06\/DSC_2520-8x12.jpg 8w, https:\/\/www.uptextile.fr\/wp-content\/uploads\/2025\/06\/DSC_2520-600x901.jpg 600w, https:\/\/www.uptextile.fr\/wp-content\/uploads\/2025\/06\/DSC_2520.jpg 1065w\" sizes=\"(max-width: 682px) 100vw, 682px\" \/>\t\t\t\t\t\t\t\t\t\t\t\t\t\t\t<\/div>\n\t\t\t\t<\/div>\n\t\t\t\t\t<\/div>\n\t\t<\/div>\n\t\t\t\t<div class=\"elementor-column elementor-col-50 elementor-top-column elementor-element elementor-element-8404247\" data-id=\"8404247\" data-element_type=\"column\" data-e-type=\"column\">\n\t\t\t<div class=\"elementor-widget-wrap elementor-element-populated\">\n\t\t\t\t\t\t<div class=\"elementor-element elementor-element-1b58620 elementor-widget elementor-widget-heading\" data-id=\"1b58620\" data-element_type=\"widget\" data-e-type=\"widget\" data-widget_type=\"heading.default\">\n\t\t\t\t<div class=\"elementor-widget-container\">\n\t\t\t\t\t<h2 class=\"elementor-heading-title elementor-size-default\">Haut les C\u0153urs : l\u2019innovation cr\u00e9ative au service d\u2019objets du quotidien divinement inspir\u00e9s<\/h2>\t\t\t\t<\/div>\n\t\t\t\t<\/div>\n\t\t\t\t<div class=\"elementor-element elementor-element-ee56382 elementor-widget elementor-widget-text-editor\" data-id=\"ee56382\" data-element_type=\"widget\" data-e-type=\"widget\" data-widget_type=\"text-editor.default\">\n\t\t\t\t<div class=\"elementor-widget-container\">\n\t\t\t\t\t\t\t\t\t<p>Aur\u00e9lie, co-fondatrice de <strong>Haut les C\u0153urs<\/strong>, transforme l\u2019<strong>art de recevoir<\/strong> en cr\u00e9ant des <strong>objets d\u00e9coratifs porteurs de sens<\/strong>. Rencontre avec Aur\u00e9lie qui allie <strong>savoir-faire fran\u00e7ais<\/strong> et <strong>messages spirituels subtils<\/strong>.<\/p>\t\t\t\t\t\t\t\t<\/div>\n\t\t\t\t<\/div>\n\t\t\t\t<div class=\"elementor-element elementor-element-614a19b elementor-widget elementor-widget-heading\" data-id=\"614a19b\" data-element_type=\"widget\" data-e-type=\"widget\" data-widget_type=\"heading.default\">\n\t\t\t\t<div class=\"elementor-widget-container\">\n\t\t\t\t\t<h2 class=\"elementor-heading-title elementor-size-default\">\u201cComment est n\u00e9 Haut les C\u0153urs ? <\/h2>\t\t\t\t<\/div>\n\t\t\t\t<\/div>\n\t\t\t\t<div class=\"elementor-element elementor-element-cec7866 elementor-widget elementor-widget-text-editor\" data-id=\"cec7866\" data-element_type=\"widget\" data-e-type=\"widget\" data-widget_type=\"text-editor.default\">\n\t\t\t\t<div class=\"elementor-widget-container\">\n\t\t\t\t\t\t\t\t\t<p>Nous sommes deux tr\u00e8s bonnes amies, Marie et moi-m\u00eame, qui avions envie de monter un <strong>projet ensemble porteur de sens<\/strong>. Marie a le sens du commerce et j\u2019avais l\u2019exp\u00e9rience du <strong>d\u00e9veloppement de collection<\/strong>. Nous participions toutes les deux \u00e0 l\u2019\u00e9quipe de pr\u00e9paration au mariage de notre paroisse et en recevant des couples de fianc\u00e9s chez moi, je me suis vivement dit que nous avions \u00e0 \u00e9vang\u00e9liser par l\u2019objet. Les <strong>\u00e9l\u00e9ments de d\u00e9co<\/strong> de notre salon par exemple donnaient \u00e0 nos invit\u00e9s un petit quelque chose de Dieu. Aujourd\u2019hui il est courant de voir des <strong>ex-votos<\/strong> <strong>c\u0153urs sacr\u00e9s en m\u00e9tal dans la d\u00e9co de gens<\/strong> qui ne sont pas croyants, ou pas s\u00fbrs de l&rsquo;\u00eatre. Et bien je voulais <strong>donner un vrai sens \u00e0 l\u2019objet<\/strong> et m\u2019en servir pour parler de Dieu. C\u2019est ainsi que Haut les C\u0153urs est n\u00e9 le 15 ao\u00fbt 2021.<\/p>\t\t\t\t\t\t\t\t<\/div>\n\t\t\t\t<\/div>\n\t\t\t\t<div class=\"elementor-element elementor-element-9a684f0 elementor-widget elementor-widget-heading\" data-id=\"9a684f0\" data-element_type=\"widget\" data-e-type=\"widget\" data-widget_type=\"heading.default\">\n\t\t\t\t<div class=\"elementor-widget-container\">\n\t\t\t\t\t<h2 class=\"elementor-heading-title elementor-size-default\">Quel est votre parcours professionnel ? <\/h2>\t\t\t\t<\/div>\n\t\t\t\t<\/div>\n\t\t\t\t<div class=\"elementor-element elementor-element-a3ede64 elementor-widget elementor-widget-text-editor\" data-id=\"a3ede64\" data-element_type=\"widget\" data-e-type=\"widget\" data-widget_type=\"text-editor.default\">\n\t\t\t\t<div class=\"elementor-widget-container\">\n\t\t\t\t\t\t\t\t\t<p>J\u2019ai pass\u00e9 une quinzaine d&rsquo;ann\u00e9es chez <strong>Herm\u00e8s<\/strong>, au <strong>d\u00e9partement Maison<\/strong>, o\u00f9 j\u2019ai fait du <strong>d\u00e9veloppement d\u2019objets de d\u00e9coration<\/strong>. J\u2019avais donc largement eu la chance de <strong>faire na\u00eetre des objets en tous genres<\/strong> : de la <strong>serviette de plage<\/strong>, \u00e0 la <strong>taie d\u2019oreiller<\/strong>, du <strong>vide-poches<\/strong> au<strong> plaid<\/strong> en cachemire. Puis j\u2019ai travaill\u00e9 avec mon mari sur un projet de start up dans l\u2019univers de la photo tout en \u00e9tant m\u00e8re de famille nombreuse !<\/p>\t\t\t\t\t\t\t\t<\/div>\n\t\t\t\t<\/div>\n\t\t\t\t\t<\/div>\n\t\t<\/div>\n\t\t\t\t\t<\/div>\n\t\t<\/section>\n\t\t\t\t<section class=\"elementor-section elementor-top-section elementor-element elementor-element-8b01205 elementor-section-boxed elementor-section-height-default elementor-section-height-default\" data-id=\"8b01205\" data-element_type=\"section\" data-e-type=\"section\">\n\t\t\t\t\t\t<div class=\"elementor-container elementor-column-gap-default\">\n\t\t\t\t\t<div class=\"elementor-column elementor-col-100 elementor-top-column elementor-element elementor-element-0dc5bc1\" data-id=\"0dc5bc1\" data-element_type=\"column\" data-e-type=\"column\">\n\t\t\t<div class=\"elementor-widget-wrap elementor-element-populated\">\n\t\t\t\t\t\t<div class=\"elementor-element elementor-element-dcb85e9 elementor-widget elementor-widget-spacer\" data-id=\"dcb85e9\" data-element_type=\"widget\" data-e-type=\"widget\" data-widget_type=\"spacer.default\">\n\t\t\t\t<div class=\"elementor-widget-container\">\n\t\t\t\t\t\t\t<div class=\"elementor-spacer\">\n\t\t\t<div class=\"elementor-spacer-inner\"><\/div>\n\t\t<\/div>\n\t\t\t\t\t\t<\/div>\n\t\t\t\t<\/div>\n\t\t\t\t\t<\/div>\n\t\t<\/div>\n\t\t\t\t\t<\/div>\n\t\t<\/section>\n\t\t\t\t<section class=\"elementor-section elementor-top-section elementor-element elementor-element-fbf057b elementor-section-boxed elementor-section-height-default elementor-section-height-default\" data-id=\"fbf057b\" data-element_type=\"section\" data-e-type=\"section\">\n\t\t\t\t\t\t<div class=\"elementor-container elementor-column-gap-default\">\n\t\t\t\t\t<div class=\"elementor-column elementor-col-100 elementor-top-column elementor-element elementor-element-0707442\" data-id=\"0707442\" data-element_type=\"column\" data-e-type=\"column\">\n\t\t\t<div class=\"elementor-widget-wrap elementor-element-populated\">\n\t\t\t\t\t\t<div class=\"elementor-element elementor-element-1cdaa7c elementor-widget elementor-widget-spacer\" data-id=\"1cdaa7c\" data-element_type=\"widget\" data-e-type=\"widget\" data-widget_type=\"spacer.default\">\n\t\t\t\t<div class=\"elementor-widget-container\">\n\t\t\t\t\t\t\t<div class=\"elementor-spacer\">\n\t\t\t<div class=\"elementor-spacer-inner\"><\/div>\n\t\t<\/div>\n\t\t\t\t\t\t<\/div>\n\t\t\t\t<\/div>\n\t\t\t\t\t<\/div>\n\t\t<\/div>\n\t\t\t\t\t<\/div>\n\t\t<\/section>\n\t\t\t\t<section class=\"elementor-section elementor-top-section elementor-element elementor-element-58ce245 elementor-section-boxed elementor-section-height-default elementor-section-height-default\" data-id=\"58ce245\" data-element_type=\"section\" data-e-type=\"section\">\n\t\t\t\t\t\t<div class=\"elementor-container elementor-column-gap-default\">\n\t\t\t\t\t<div class=\"elementor-column elementor-col-33 elementor-top-column elementor-element elementor-element-0e83c0a\" data-id=\"0e83c0a\" data-element_type=\"column\" data-e-type=\"column\">\n\t\t\t<div class=\"elementor-widget-wrap elementor-element-populated\">\n\t\t\t\t\t\t<div class=\"elementor-element elementor-element-450c862 elementor-hidden-mobile e-transform e-transform elementor-widget elementor-widget-image\" data-id=\"450c862\" data-element_type=\"widget\" data-e-type=\"widget\" data-settings=\"{&quot;_transform_translateX_effect&quot;:{&quot;unit&quot;:&quot;%&quot;,&quot;size&quot;:70,&quot;sizes&quot;:[]},&quot;_transform_translateX_effect_tablet&quot;:{&quot;unit&quot;:&quot;%&quot;,&quot;size&quot;:&quot;&quot;,&quot;sizes&quot;:[]},&quot;_transform_translateX_effect_mobile&quot;:{&quot;unit&quot;:&quot;%&quot;,&quot;size&quot;:&quot;&quot;,&quot;sizes&quot;:[]},&quot;_transform_rotateZ_effect&quot;:{&quot;unit&quot;:&quot;px&quot;,&quot;size&quot;:&quot;&quot;,&quot;sizes&quot;:[]},&quot;_transform_rotateZ_effect_tablet&quot;:{&quot;unit&quot;:&quot;deg&quot;,&quot;size&quot;:&quot;&quot;,&quot;sizes&quot;:[]},&quot;_transform_rotateZ_effect_mobile&quot;:{&quot;unit&quot;:&quot;deg&quot;,&quot;size&quot;:&quot;&quot;,&quot;sizes&quot;:[]},&quot;_transform_translateY_effect&quot;:{&quot;unit&quot;:&quot;px&quot;,&quot;size&quot;:&quot;&quot;,&quot;sizes&quot;:[]},&quot;_transform_translateY_effect_tablet&quot;:{&quot;unit&quot;:&quot;px&quot;,&quot;size&quot;:&quot;&quot;,&quot;sizes&quot;:[]},&quot;_transform_translateY_effect_mobile&quot;:{&quot;unit&quot;:&quot;px&quot;,&quot;size&quot;:&quot;&quot;,&quot;sizes&quot;:[]}}\" data-widget_type=\"image.default\">\n\t\t\t\t<div class=\"elementor-widget-container\">\n\t\t\t\t\t\t\t\t\t\t\t\t\t\t\t<img decoding=\"async\" width=\"127\" height=\"262\" src=\"https:\/\/www.uptextile.fr\/wp-content\/uploads\/2022\/02\/Fichier-3UP.png\" class=\"attachment-large size-large wp-image-1163\" alt=\"UP\" srcset=\"https:\/\/www.uptextile.fr\/wp-content\/uploads\/2022\/02\/Fichier-3UP.png 127w, https:\/\/www.uptextile.fr\/wp-content\/uploads\/2022\/02\/Fichier-3UP-6x12.png 6w\" sizes=\"(max-width: 127px) 100vw, 127px\" \/>\t\t\t\t\t\t\t\t\t\t\t\t\t\t\t<\/div>\n\t\t\t\t<\/div>\n\t\t\t\t\t<\/div>\n\t\t<\/div>\n\t\t\t\t<div class=\"elementor-column elementor-col-33 elementor-top-column elementor-element elementor-element-0c6cfa8\" data-id=\"0c6cfa8\" data-element_type=\"column\" data-e-type=\"column\">\n\t\t\t<div class=\"elementor-widget-wrap elementor-element-populated\">\n\t\t\t\t\t\t<div class=\"elementor-element elementor-element-b5c551f elementor-widget elementor-widget-image\" data-id=\"b5c551f\" data-element_type=\"widget\" data-e-type=\"widget\" data-widget_type=\"image.default\">\n\t\t\t\t<div class=\"elementor-widget-container\">\n\t\t\t\t\t\t\t\t\t\t\t\t\t\t\t<img decoding=\"async\" src=\"https:\/\/www.uptextile.fr\/wp-content\/uploads\/2025\/06\/DSC_2525.jpg\" title=\"Haut les coeurs\" alt=\"Serviettes Haut les coeurs\" loading=\"lazy\" \/>\t\t\t\t\t\t\t\t\t\t\t\t\t\t\t<\/div>\n\t\t\t\t<\/div>\n\t\t\t\t\t<\/div>\n\t\t<\/div>\n\t\t\t\t<div class=\"elementor-column elementor-col-33 elementor-top-column elementor-element elementor-element-9f702e4\" data-id=\"9f702e4\" data-element_type=\"column\" data-e-type=\"column\">\n\t\t\t<div class=\"elementor-widget-wrap elementor-element-populated\">\n\t\t\t\t\t\t<div class=\"elementor-element elementor-element-adf3985 elementor-widget elementor-widget-image\" data-id=\"adf3985\" data-element_type=\"widget\" data-e-type=\"widget\" data-widget_type=\"image.default\">\n\t\t\t\t<div class=\"elementor-widget-container\">\n\t\t\t\t\t\t\t\t\t\t\t\t\t\t\t<img loading=\"lazy\" decoding=\"async\" width=\"682\" height=\"1024\" src=\"https:\/\/www.uptextile.fr\/wp-content\/uploads\/2025\/06\/DSC_2526-682x1024.jpg\" class=\"attachment-large size-large wp-image-4106\" alt=\"Motifs Haut les coeurs\" srcset=\"https:\/\/www.uptextile.fr\/wp-content\/uploads\/2025\/06\/DSC_2526-682x1024.jpg 682w, https:\/\/www.uptextile.fr\/wp-content\/uploads\/2025\/06\/DSC_2526-200x300.jpg 200w, https:\/\/www.uptextile.fr\/wp-content\/uploads\/2025\/06\/DSC_2526-768x1154.jpg 768w, https:\/\/www.uptextile.fr\/wp-content\/uploads\/2025\/06\/DSC_2526-1022x1536.jpg 1022w, https:\/\/www.uptextile.fr\/wp-content\/uploads\/2025\/06\/DSC_2526-8x12.jpg 8w, https:\/\/www.uptextile.fr\/wp-content\/uploads\/2025\/06\/DSC_2526-600x901.jpg 600w, https:\/\/www.uptextile.fr\/wp-content\/uploads\/2025\/06\/DSC_2526.jpg 1065w\" sizes=\"(max-width: 682px) 100vw, 682px\" \/>\t\t\t\t\t\t\t\t\t\t\t\t\t\t\t<\/div>\n\t\t\t\t<\/div>\n\t\t\t\t<div class=\"elementor-element elementor-element-6f778cf elementor-align-center elementor-mobile-align-left elementor-widget elementor-widget-button\" data-id=\"6f778cf\" data-element_type=\"widget\" data-e-type=\"widget\" data-widget_type=\"button.default\">\n\t\t\t\t<div class=\"elementor-widget-container\">\n\t\t\t\t\t\t\t\t\t<div class=\"elementor-button-wrapper\">\n\t\t\t\t\t<a class=\"elementor-button elementor-button-link elementor-size-sm elementor-animation-grow\" href=\"https:\/\/www.hautlescoeurscollection.com\/\">\n\t\t\t\t\t\t<span class=\"elementor-button-content-wrapper\">\n\t\t\t\t\t\t\t\t\t<span class=\"elementor-button-text\">d\u00e9couvrir<\/span>\n\t\t\t\t\t<\/span>\n\t\t\t\t\t<\/a>\n\t\t\t\t<\/div>\n\t\t\t\t\t\t\t\t<\/div>\n\t\t\t\t<\/div>\n\t\t\t\t\t<\/div>\n\t\t<\/div>\n\t\t\t\t\t<\/div>\n\t\t<\/section>\n\t\t\t\t<section class=\"elementor-section elementor-top-section elementor-element elementor-element-7b03e43 elementor-section-boxed elementor-section-height-default elementor-section-height-default\" data-id=\"7b03e43\" data-element_type=\"section\" data-e-type=\"section\">\n\t\t\t\t\t\t<div class=\"elementor-container elementor-column-gap-default\">\n\t\t\t\t\t<div class=\"elementor-column elementor-col-100 elementor-top-column elementor-element elementor-element-23414b9\" data-id=\"23414b9\" data-element_type=\"column\" data-e-type=\"column\">\n\t\t\t<div class=\"elementor-widget-wrap elementor-element-populated\">\n\t\t\t\t\t\t<div class=\"elementor-element elementor-element-371fd41 elementor-widget elementor-widget-spacer\" data-id=\"371fd41\" data-element_type=\"widget\" data-e-type=\"widget\" data-widget_type=\"spacer.default\">\n\t\t\t\t<div class=\"elementor-widget-container\">\n\t\t\t\t\t\t\t<div class=\"elementor-spacer\">\n\t\t\t<div class=\"elementor-spacer-inner\"><\/div>\n\t\t<\/div>\n\t\t\t\t\t\t<\/div>\n\t\t\t\t<\/div>\n\t\t\t\t\t<\/div>\n\t\t<\/div>\n\t\t\t\t\t<\/div>\n\t\t<\/section>\n\t\t\t\t<section class=\"elementor-section elementor-top-section elementor-element elementor-element-33c5eed elementor-section-boxed elementor-section-height-default elementor-section-height-default\" data-id=\"33c5eed\" data-element_type=\"section\" data-e-type=\"section\">\n\t\t\t\t\t\t<div class=\"elementor-container elementor-column-gap-default\">\n\t\t\t\t\t<div class=\"elementor-column elementor-col-50 elementor-top-column elementor-element elementor-element-0aa7852\" data-id=\"0aa7852\" data-element_type=\"column\" data-e-type=\"column\">\n\t\t\t<div class=\"elementor-widget-wrap elementor-element-populated\">\n\t\t\t\t\t\t<div class=\"elementor-element elementor-element-55bc3ad elementor-widget elementor-widget-heading\" data-id=\"55bc3ad\" data-element_type=\"widget\" data-e-type=\"widget\" data-widget_type=\"heading.default\">\n\t\t\t\t<div class=\"elementor-widget-container\">\n\t\t\t\t\t<h2 class=\"elementor-heading-title elementor-size-default\">Quelle est la philosophie de vos cr\u00e9ations ? <\/h2>\t\t\t\t<\/div>\n\t\t\t\t<\/div>\n\t\t\t\t<div class=\"elementor-element elementor-element-81973a0 elementor-widget elementor-widget-text-editor\" data-id=\"81973a0\" data-element_type=\"widget\" data-e-type=\"widget\" data-widget_type=\"text-editor.default\">\n\t\t\t\t<div class=\"elementor-widget-container\">\n\t\t\t\t\t\t\t\t\t<p>Il y a une vraie envie missionnaire en cr\u00e9ant des <strong>objets du quotidien<\/strong>, \u00e0 la fois <strong>beaux<\/strong>, <strong>utiles<\/strong> et <strong>joyeux<\/strong> pour glisser des clins Dieu dans nos maisons. On dit qu\u2019ils sont <strong>divinement inspir\u00e9s<\/strong> pour marquer leur signature catholique plus ou moins subtile.<\/p>\t\t\t\t\t\t\t\t<\/div>\n\t\t\t\t<\/div>\n\t\t\t\t<div class=\"elementor-element elementor-element-9f38df4 elementor-widget elementor-widget-heading\" data-id=\"9f38df4\" data-element_type=\"widget\" data-e-type=\"widget\" data-widget_type=\"heading.default\">\n\t\t\t\t<div class=\"elementor-widget-container\">\n\t\t\t\t\t<h2 class=\"elementor-heading-title elementor-size-default\">Comment int\u00e9grez-vous cette dimension spirituelle ? <\/h2>\t\t\t\t<\/div>\n\t\t\t\t<\/div>\n\t\t\t\t<div class=\"elementor-element elementor-element-e47787c elementor-widget elementor-widget-text-editor\" data-id=\"e47787c\" data-element_type=\"widget\" data-e-type=\"widget\" data-widget_type=\"text-editor.default\">\n\t\t\t\t<div class=\"elementor-widget-container\">\n\t\t\t\t\t\t\t\t\t<p>Dans tous nos produits, il y a une <strong>petite signature<\/strong>, une petite <strong>touche catholique<\/strong>, mais qu\u2019on veut <strong>discr\u00e8te<\/strong> et <strong>subtile<\/strong>. On veut que le produit puisse plaire au plus grand nombre en ayant un double niveau de lecture. Les gens peuvent juste appr\u00e9cier le produit parce que la couleur leur pla\u00eet, parce que le motif leur pla\u00eet, et puis en rentrant dans une deuxi\u00e8me lecture du <strong>motif<\/strong>, le choix du symbole utilis\u00e9 ou le choix d\u2019une<strong> petite phrase gliss\u00e9e<\/strong> dans le motif, cela donne un <strong>sens suppl\u00e9mentaire \u00e0 cet objet<\/strong>.<\/p>\t\t\t\t\t\t\t\t<\/div>\n\t\t\t\t<\/div>\n\t\t\t\t\t<\/div>\n\t\t<\/div>\n\t\t\t\t<div class=\"elementor-column elementor-col-50 elementor-top-column elementor-element elementor-element-0efb57a\" data-id=\"0efb57a\" data-element_type=\"column\" data-e-type=\"column\">\n\t\t\t<div class=\"elementor-widget-wrap elementor-element-populated\">\n\t\t\t\t\t\t<div class=\"elementor-element elementor-element-344ce78 elementor-widget elementor-widget-image\" data-id=\"344ce78\" data-element_type=\"widget\" data-e-type=\"widget\" data-widget_type=\"image.default\">\n\t\t\t\t<div class=\"elementor-widget-container\">\n\t\t\t\t\t\t\t\t\t\t\t\t\t\t\t<img loading=\"lazy\" decoding=\"async\" width=\"682\" height=\"1024\" src=\"https:\/\/www.uptextile.fr\/wp-content\/uploads\/2025\/06\/DSC_2542-682x1024.jpg\" class=\"attachment-large size-large wp-image-4107\" alt=\"Serviette de plage Haut les coeurs\" srcset=\"https:\/\/www.uptextile.fr\/wp-content\/uploads\/2025\/06\/DSC_2542-682x1024.jpg 682w, https:\/\/www.uptextile.fr\/wp-content\/uploads\/2025\/06\/DSC_2542-200x300.jpg 200w, https:\/\/www.uptextile.fr\/wp-content\/uploads\/2025\/06\/DSC_2542-768x1154.jpg 768w, https:\/\/www.uptextile.fr\/wp-content\/uploads\/2025\/06\/DSC_2542-1022x1536.jpg 1022w, https:\/\/www.uptextile.fr\/wp-content\/uploads\/2025\/06\/DSC_2542-8x12.jpg 8w, https:\/\/www.uptextile.fr\/wp-content\/uploads\/2025\/06\/DSC_2542-600x901.jpg 600w, https:\/\/www.uptextile.fr\/wp-content\/uploads\/2025\/06\/DSC_2542.jpg 1065w\" sizes=\"(max-width: 682px) 100vw, 682px\" \/>\t\t\t\t\t\t\t\t\t\t\t\t\t\t\t<\/div>\n\t\t\t\t<\/div>\n\t\t\t\t\t<\/div>\n\t\t<\/div>\n\t\t\t\t\t<\/div>\n\t\t<\/section>\n\t\t\t\t<section class=\"elementor-section elementor-top-section elementor-element elementor-element-a3b67c6 elementor-reverse-tablet elementor-reverse-mobile elementor-section-boxed elementor-section-height-default elementor-section-height-default\" data-id=\"a3b67c6\" data-element_type=\"section\" data-e-type=\"section\">\n\t\t\t\t\t\t<div class=\"elementor-container elementor-column-gap-default\">\n\t\t\t\t\t<div class=\"elementor-column elementor-col-50 elementor-top-column elementor-element elementor-element-11e1ab6\" data-id=\"11e1ab6\" data-element_type=\"column\" data-e-type=\"column\">\n\t\t\t<div class=\"elementor-widget-wrap elementor-element-populated\">\n\t\t\t\t\t\t<div class=\"elementor-element elementor-element-4b01352 elementor-widget elementor-widget-spacer\" data-id=\"4b01352\" data-element_type=\"widget\" data-e-type=\"widget\" data-widget_type=\"spacer.default\">\n\t\t\t\t<div class=\"elementor-widget-container\">\n\t\t\t\t\t\t\t<div class=\"elementor-spacer\">\n\t\t\t<div class=\"elementor-spacer-inner\"><\/div>\n\t\t<\/div>\n\t\t\t\t\t\t<\/div>\n\t\t\t\t<\/div>\n\t\t\t\t<div class=\"elementor-element elementor-element-72caf13 elementor-widget elementor-widget-image\" data-id=\"72caf13\" data-element_type=\"widget\" data-e-type=\"widget\" data-widget_type=\"image.default\">\n\t\t\t\t<div class=\"elementor-widget-container\">\n\t\t\t\t\t\t\t\t\t\t\t\t\t\t\t<img loading=\"lazy\" decoding=\"async\" width=\"682\" height=\"1024\" src=\"https:\/\/www.uptextile.fr\/wp-content\/uploads\/2025\/06\/DSC_2688-682x1024.jpg\" class=\"attachment-large size-large wp-image-4108\" alt=\"Impression textile Haut les Coeurs\" srcset=\"https:\/\/www.uptextile.fr\/wp-content\/uploads\/2025\/06\/DSC_2688-682x1024.jpg 682w, https:\/\/www.uptextile.fr\/wp-content\/uploads\/2025\/06\/DSC_2688-200x300.jpg 200w, https:\/\/www.uptextile.fr\/wp-content\/uploads\/2025\/06\/DSC_2688-768x1154.jpg 768w, https:\/\/www.uptextile.fr\/wp-content\/uploads\/2025\/06\/DSC_2688-1022x1536.jpg 1022w, https:\/\/www.uptextile.fr\/wp-content\/uploads\/2025\/06\/DSC_2688-8x12.jpg 8w, https:\/\/www.uptextile.fr\/wp-content\/uploads\/2025\/06\/DSC_2688-600x901.jpg 600w, https:\/\/www.uptextile.fr\/wp-content\/uploads\/2025\/06\/DSC_2688.jpg 1065w\" sizes=\"(max-width: 682px) 100vw, 682px\" \/>\t\t\t\t\t\t\t\t\t\t\t\t\t\t\t<\/div>\n\t\t\t\t<\/div>\n\t\t\t\t<div class=\"elementor-element elementor-element-1f7a4e0 elementor-widget elementor-widget-image\" data-id=\"1f7a4e0\" data-element_type=\"widget\" data-e-type=\"widget\" data-widget_type=\"image.default\">\n\t\t\t\t<div class=\"elementor-widget-container\">\n\t\t\t\t\t\t\t\t\t\t\t\t\t\t\t<img loading=\"lazy\" decoding=\"async\" width=\"682\" height=\"1024\" src=\"https:\/\/www.uptextile.fr\/wp-content\/uploads\/2025\/06\/DSC_2739-682x1024.jpg\" class=\"attachment-large size-large wp-image-4109\" alt=\"Imprim\u00e9s Haut les coeurs\" srcset=\"https:\/\/www.uptextile.fr\/wp-content\/uploads\/2025\/06\/DSC_2739-682x1024.jpg 682w, https:\/\/www.uptextile.fr\/wp-content\/uploads\/2025\/06\/DSC_2739-200x300.jpg 200w, https:\/\/www.uptextile.fr\/wp-content\/uploads\/2025\/06\/DSC_2739-768x1154.jpg 768w, https:\/\/www.uptextile.fr\/wp-content\/uploads\/2025\/06\/DSC_2739-1022x1536.jpg 1022w, https:\/\/www.uptextile.fr\/wp-content\/uploads\/2025\/06\/DSC_2739-8x12.jpg 8w, https:\/\/www.uptextile.fr\/wp-content\/uploads\/2025\/06\/DSC_2739-600x901.jpg 600w, https:\/\/www.uptextile.fr\/wp-content\/uploads\/2025\/06\/DSC_2739.jpg 1065w\" sizes=\"(max-width: 682px) 100vw, 682px\" \/>\t\t\t\t\t\t\t\t\t\t\t\t\t\t\t<\/div>\n\t\t\t\t<\/div>\n\t\t\t\t<div class=\"elementor-element elementor-element-af24339 elementor-widget elementor-widget-spacer\" data-id=\"af24339\" data-element_type=\"widget\" data-e-type=\"widget\" data-widget_type=\"spacer.default\">\n\t\t\t\t<div class=\"elementor-widget-container\">\n\t\t\t\t\t\t\t<div class=\"elementor-spacer\">\n\t\t\t<div class=\"elementor-spacer-inner\"><\/div>\n\t\t<\/div>\n\t\t\t\t\t\t<\/div>\n\t\t\t\t<\/div>\n\t\t\t\t\t<\/div>\n\t\t<\/div>\n\t\t\t\t<div class=\"elementor-column elementor-col-50 elementor-top-column elementor-element elementor-element-553a455\" data-id=\"553a455\" data-element_type=\"column\" data-e-type=\"column\">\n\t\t\t<div class=\"elementor-widget-wrap elementor-element-populated\">\n\t\t\t\t\t\t<div class=\"elementor-element elementor-element-db2c9a5 elementor-widget elementor-widget-heading\" data-id=\"db2c9a5\" data-element_type=\"widget\" data-e-type=\"widget\" data-widget_type=\"heading.default\">\n\t\t\t\t<div class=\"elementor-widget-container\">\n\t\t\t\t\t<h2 class=\"elementor-heading-title elementor-size-default\">Quelles sont vos valeurs en mati\u00e8re de production ? <\/h2>\t\t\t\t<\/div>\n\t\t\t\t<\/div>\n\t\t\t\t<div class=\"elementor-element elementor-element-d694195 elementor-widget elementor-widget-text-editor\" data-id=\"d694195\" data-element_type=\"widget\" data-e-type=\"widget\" data-widget_type=\"text-editor.default\">\n\t\t\t\t<div class=\"elementor-widget-container\">\n\t\t\t\t\t\t\t\t\t<p>Nous voulons proposer des <strong>objets durables fabriqu\u00e9s<\/strong> <strong>en France<\/strong> majoritairement ou en Europe. Je travaille avec un <strong>graphiste<\/strong> et une <strong>illustratrice<\/strong> pour les <strong>motifs<\/strong>. Elles sont du sud et nous pouvons ainsi \u00e9changer facilement. Notre <strong>partenaire c\u00e9ramiste<\/strong> est \u00e9galement dans le Var. Vous \u00eates dans les Vosges. On cherche \u00e0 <strong>tisser des liens de partenariat avec nos fournisseurs<\/strong>.<\/p>\t\t\t\t\t\t\t\t<\/div>\n\t\t\t\t<\/div>\n\t\t\t\t<div class=\"elementor-element elementor-element-184467a elementor-widget elementor-widget-heading\" data-id=\"184467a\" data-element_type=\"widget\" data-e-type=\"widget\" data-widget_type=\"heading.default\">\n\t\t\t\t<div class=\"elementor-widget-container\">\n\t\t\t\t\t<h2 class=\"elementor-heading-title elementor-size-default\">D\u2019o\u00f9 vient ce nom si \u00e9vocateur ? <\/h2>\t\t\t\t<\/div>\n\t\t\t\t<\/div>\n\t\t\t\t<div class=\"elementor-element elementor-element-02e90e5 elementor-widget elementor-widget-text-editor\" data-id=\"02e90e5\" data-element_type=\"widget\" data-e-type=\"widget\" data-widget_type=\"text-editor.default\">\n\t\t\t\t<div class=\"elementor-widget-container\">\n\t\t\t\t\t\t\t\t\t<p>Je voulais une <strong>expression fran\u00e7aise<\/strong> qui parle \u00e0 tout le monde, et qui en m\u00eame temps ait un double sens. \u201c<strong>Haut les c\u0153urs<\/strong>\u201d signifie dans la langue fran\u00e7aise, <strong>Avoir du courage<\/strong>, \u201cbon courage\u201d. Il y a donc une notion d\u2019<strong>encouragement<\/strong>, une <strong>expression positive per\u00e7ue de tous<\/strong>. Et en m\u00eame temps, pour les catholiques, c\u2019est une expression du rituel de la messe, au moment o\u00f9 le pr\u00eatre \u00e9l\u00e8ve le pain \u00e0 la cons\u00e9cration. Il y a donc ces deux facettes : avoir une expression qui soit symbolique mais pas trop, et qui soit suffisamment subtile pour avoir cette double lecture comme nos produits.<\/p>\t\t\t\t\t\t\t\t<\/div>\n\t\t\t\t<\/div>\n\t\t\t\t<div class=\"elementor-element elementor-element-c805d40 elementor-widget elementor-widget-heading\" data-id=\"c805d40\" data-element_type=\"widget\" data-e-type=\"widget\" data-widget_type=\"heading.default\">\n\t\t\t\t<div class=\"elementor-widget-container\">\n\t\t\t\t\t<h2 class=\"elementor-heading-title elementor-size-default\">Quels produits proposez-vous ? <\/h2>\t\t\t\t<\/div>\n\t\t\t\t<\/div>\n\t\t\t\t<div class=\"elementor-element elementor-element-feec4ef elementor-widget elementor-widget-text-editor\" data-id=\"feec4ef\" data-element_type=\"widget\" data-e-type=\"widget\" data-widget_type=\"text-editor.default\">\n\t\t\t\t<div class=\"elementor-widget-container\">\n\t\t\t\t\t\t\t\t\t<p>Nous proposons \u00e0 la fois de la mode et de la d\u00e9co. Nous avons commenc\u00e9 par la mode, parce que dans notre univers qui voulait m\u00ealer sens, message et cadeau, \u00e7a paraissait \u00eatre un canal int\u00e9ressant pour \u00eatre visible par le plus grand nombre. Mais nous avons en m\u00eame temps d\u00e9velopp\u00e9 des objets de d\u00e9coration en commen\u00e7ant par la c\u00e9ramique. Aujourd\u2019hui, il y a quatre familles : le <strong>linge de maison<\/strong>, donc les nappes et les torchons qui vont \u00eatre imprim\u00e9s pour pouvoir dresser une table ; des pi\u00e8ces en <strong>c\u00e9ramique<\/strong> : bols et tasses pour proposer un ap\u00e9ritif ou un caf\u00e9 ; les <strong>plateaux<\/strong> qui vont avec ; et puis la <strong>mode<\/strong>, tourn\u00e9e vers l\u2019ext\u00e9rieur avec des tee-shirts, des sweats et m\u00eame des serviettes de plage !<\/p>\t\t\t\t\t\t\t\t<\/div>\n\t\t\t\t<\/div>\n\t\t\t\t<div class=\"elementor-element elementor-element-4f6e596 elementor-widget elementor-widget-heading\" data-id=\"4f6e596\" data-element_type=\"widget\" data-e-type=\"widget\" data-widget_type=\"heading.default\">\n\t\t\t\t<div class=\"elementor-widget-container\">\n\t\t\t\t\t<h2 class=\"elementor-heading-title elementor-size-default\">Comment avez-vous connu Up\u2019Textile ? <\/h2>\t\t\t\t<\/div>\n\t\t\t\t<\/div>\n\t\t\t\t<div class=\"elementor-element elementor-element-d73f485 elementor-widget elementor-widget-text-editor\" data-id=\"d73f485\" data-element_type=\"widget\" data-e-type=\"widget\" data-widget_type=\"text-editor.default\">\n\t\t\t\t<div class=\"elementor-widget-container\">\n\t\t\t\t\t\t\t\t\t<p>J\u2019ai commenc\u00e9 mes <strong>prototypes<\/strong> chez un imprimeur num\u00e9rique \u00e0 c\u00f4t\u00e9 de chez moi, mais je recherchais une solution d\u2019ennoblissement pour avoir des nappes qui puissent \u00eatre utilis\u00e9es au quotidien. Il fallait que je trouve un <strong>ennoblisseur fran\u00e7ais<\/strong>. C\u2019est ainsi que gr\u00e2ce \u00e0 internet j\u2019ai trouv\u00e9 Crouvezier. En les contactant, j\u2019ai expos\u00e9 mon projet : \u201dje voulais imprimer des nappes, mais pas non plus dans d\u2019\u00e9normes quantit\u00e9s, parce que je d\u00e9butais, et je voulais avoir une <strong>finition plus qualitative<\/strong>\u201d. Et on m\u2019a dit : \u201cNous sommes capables, il existe <strong>Up\u2019Textile<\/strong>\u201d.<\/p>\t\t\t\t\t\t\t\t<\/div>\n\t\t\t\t<\/div>\n\t\t\t\t<div class=\"elementor-element elementor-element-1935f4e elementor-widget elementor-widget-heading\" data-id=\"1935f4e\" data-element_type=\"widget\" data-e-type=\"widget\" data-widget_type=\"heading.default\">\n\t\t\t\t<div class=\"elementor-widget-container\">\n\t\t\t\t\t<h2 class=\"elementor-heading-title elementor-size-default\">Qu\u2019appr\u00e9ciez-vous dans cette collaboration ?  <\/h2>\t\t\t\t<\/div>\n\t\t\t\t<\/div>\n\t\t\t\t<div class=\"elementor-element elementor-element-dbe740b elementor-widget elementor-widget-text-editor\" data-id=\"dbe740b\" data-element_type=\"widget\" data-e-type=\"widget\" data-widget_type=\"text-editor.default\">\n\t\t\t\t<div class=\"elementor-widget-container\">\n\t\t\t\t\t\t\t\t\t<p>J\u2019aime l\u2019<strong>agilit\u00e9<\/strong> de <strong>Up\u2019Textile<\/strong> ! J\u2019ai l\u2019impression d\u2019avoir une vraie \u00e9quipe chez vous et un vrai suivi s\u00e9rieux \u00e0 la fois rigoureux et avec le sens du d\u00e9tail. J\u2019aime le fait d\u2019avoir la possibilit\u00e9 d\u2019appeler Julien et d\u2019\u00e9changer sur mes fichiers car il a l\u2019\u0153il affut\u00e9 et que ses critiques techniques sont constructives et visent l&rsquo;optimisation. Mais j\u2019aime aussi parler confection, finition avec Adeline. Et n\u2019oublions pas votre impression de motif plac\u00e9 sur des <strong>tissus grande largeur<\/strong>.<\/p>\t\t\t\t\t\t\t\t<\/div>\n\t\t\t\t<\/div>\n\t\t\t\t<div class=\"elementor-element elementor-element-f5b5f43 elementor-widget elementor-widget-heading\" data-id=\"f5b5f43\" data-element_type=\"widget\" data-e-type=\"widget\" data-widget_type=\"heading.default\">\n\t\t\t\t<div class=\"elementor-widget-container\">\n\t\t\t\t\t<h2 class=\"elementor-heading-title elementor-size-default\">Comment voyez-vous l\u2019\u00e9volution de votre marque ? <\/h2>\t\t\t\t<\/div>\n\t\t\t\t<\/div>\n\t\t\t\t<div class=\"elementor-element elementor-element-00cd999 elementor-widget elementor-widget-text-editor\" data-id=\"00cd999\" data-element_type=\"widget\" data-e-type=\"widget\" data-widget_type=\"text-editor.default\">\n\t\t\t\t<div class=\"elementor-widget-container\">\n\t\t\t\t\t\t\t\t\t<p>J\u2019esp\u00e8re que nous allons continuer \u00e0 nous d\u00e9velopper. On en est \u00e0 notre quatri\u00e8me ann\u00e9e, c\u2019est plut\u00f4t une belle progression. Aujourd\u2019hui, <strong>nous sommes distribu\u00e9s sur notre site internet et chez des boutiques- revendeurs<\/strong>. Notre objectif, c\u2019est vraiment de se d\u00e9ployer, d\u2019\u00eatre commercialis\u00e9 de mani\u00e8re plus large, pour qu\u2019on soit dans notre secteur une <strong>marque incontournable de d\u00e9co catho<\/strong>. On assume clairement notre positionnement un peu de niche, mais c\u2019est aussi ce qui fait la diff\u00e9rence. J\u2019esp\u00e8re <strong>diversifier les produits<\/strong> et <strong>\u00eatre implant\u00e9s dans des boutiques physiques un peu partout en France<\/strong>.<\/p>\t\t\t\t\t\t\t\t<\/div>\n\t\t\t\t<\/div>\n\t\t\t\t\t<\/div>\n\t\t<\/div>\n\t\t\t\t\t<\/div>\n\t\t<\/section>\n\t\t\t\t<section class=\"elementor-section elementor-top-section elementor-element elementor-element-a277653 elementor-section-boxed elementor-section-height-default elementor-section-height-default\" data-id=\"a277653\" data-element_type=\"section\" data-e-type=\"section\">\n\t\t\t\t\t\t<div class=\"elementor-container elementor-column-gap-default\">\n\t\t\t\t\t<div class=\"elementor-column elementor-col-100 elementor-top-column elementor-element elementor-element-4678fb8\" data-id=\"4678fb8\" data-element_type=\"column\" data-e-type=\"column\">\n\t\t\t<div class=\"elementor-widget-wrap elementor-element-populated\">\n\t\t\t\t\t\t<div class=\"elementor-element elementor-element-3e23aaf elementor-widget elementor-widget-heading\" data-id=\"3e23aaf\" data-element_type=\"widget\" data-e-type=\"widget\" data-widget_type=\"heading.default\">\n\t\t\t\t<div class=\"elementor-widget-container\">\n\t\t\t\t\t<h2 class=\"elementor-heading-title elementor-size-default\">Quelle importance accordez-vous \u00e0 la production fran\u00e7aise ? <\/h2>\t\t\t\t<\/div>\n\t\t\t\t<\/div>\n\t\t\t\t<div class=\"elementor-element elementor-element-023344c elementor-widget elementor-widget-text-editor\" data-id=\"023344c\" data-element_type=\"widget\" data-e-type=\"widget\" data-widget_type=\"text-editor.default\">\n\t\t\t\t<div class=\"elementor-widget-container\">\n\t\t\t\t\t\t\t\t\t<p>Quand je rencontre ma c<strong>lient\u00e8le locale<\/strong> et que je dis :\u00a0 \u201cVoil\u00e0, cette nappe a \u00e9t\u00e9 <strong>fabriqu\u00e9e dans les Vosges<\/strong>\u201d, les gens sont sensibles \u00e0 cela. C\u2019est un gage positif, c\u2019est vraiment \u00e0 la fois la <strong>fiert\u00e9 du producteur, du vendeur, de la marque et du client<\/strong> d\u2019avoir choix cet achat.<\/p>\t\t\t\t\t\t\t\t<\/div>\n\t\t\t\t<\/div>\n\t\t\t\t<div class=\"elementor-element elementor-element-e8b389c elementor-widget elementor-widget-heading\" data-id=\"e8b389c\" data-element_type=\"widget\" data-e-type=\"widget\" data-widget_type=\"heading.default\">\n\t\t\t\t<div class=\"elementor-widget-container\">\n\t\t\t\t\t<h2 class=\"elementor-heading-title elementor-size-default\">En une phrase, pourquoi faire appel \u00e0 vous ? <\/h2>\t\t\t\t<\/div>\n\t\t\t\t<\/div>\n\t\t\t\t<div class=\"elementor-element elementor-element-a176766 elementor-widget elementor-widget-text-editor\" data-id=\"a176766\" data-element_type=\"widget\" data-e-type=\"widget\" data-widget_type=\"text-editor.default\">\n\t\t\t\t<div class=\"elementor-widget-container\">\n\t\t\t\t\t\t\t\t\t<p>Un <strong>cadeau Haut les C\u0153urs<\/strong>, c\u2019est un <strong>cadeau coup de c\u0153ur<\/strong>, mais c\u2019est surtout un <strong>objet du quotidien divinement inspir\u00e9<\/strong>. Les <strong>collections Haut les C\u0153urs<\/strong> sont des <strong>objets du quotidien qui ont un petit suppl\u00e9ment d\u2019\u00e2me<\/strong>, <strong>qui racontent une histoire tant une histoire de savoir-faire qu\u2019une histoire de motif<\/strong>. \u201c<\/p>\t\t\t\t\t\t\t\t<\/div>\n\t\t\t\t<\/div>\n\t\t\t\t<div class=\"elementor-element elementor-element-1a6cb0b elementor-widget elementor-widget-text-editor\" data-id=\"1a6cb0b\" data-element_type=\"widget\" data-e-type=\"widget\" data-widget_type=\"text-editor.default\">\n\t\t\t\t<div class=\"elementor-widget-container\">\n\t\t\t\t\t\t\t\t\t<p>Retrouvez Haut les C\u0153urs sur leur <a href=\"https:\/\/www.hautlescoeurscollection.com\/\">site internet<\/a> ou sur <a href=\"https:\/\/www.instagram.com\/haut.les.coeurs.collection\/\">compte Instagram<\/a>.<\/p><p>Merci \u00e0 Aur\u00e9lie pour ce partage et pour sa confiance pour leur collection de linge de maison imprim\u00e9e et confectionn\u00e9e chez <a href=\"https:\/\/www.uptextile.fr\/en\/\">Up\u2019Textile<\/a>.<\/p>\t\t\t\t\t\t\t\t<\/div>\n\t\t\t\t<\/div>\n\t\t\t\t\t<\/div>\n\t\t<\/div>\n\t\t\t\t\t<\/div>\n\t\t<\/section>\n\t\t\t\t<\/div>","protected":false},"excerpt":{"rendered":"<p><\/p>","protected":false},"author":1,"featured_media":4103,"comment_status":"closed","ping_status":"open","sticky":false,"template":"","format":"standard","meta":{"_monsterinsights_skip_tracking":false,"_monsterinsights_sitenote_active":false,"_monsterinsights_sitenote_note":"","_monsterinsights_sitenote_category":0,"footnotes":""},"categories":[244],"tags":[],"class_list":["post-4111","post","type-post","status-publish","format-standard","has-post-thumbnail","hentry","category-interviews"],"yoast_head":"<!-- This site is optimized with the Yoast SEO plugin v27.4 - https:\/\/yoast.com\/product\/yoast-seo-wordpress\/ -->\n<title>Interview de Haut les C\u0153urs - UpTextile<\/title>\n<meta name=\"description\" content=\"D\u00e9couvrez notre interview d&#039;Aur\u00e9lie co-frondatrice d&#039;Haut les C\u0153urs, des objets du quotidien divinement inspir\u00e9s.\" \/>\n<meta name=\"robots\" content=\"index, follow, max-snippet:-1, max-image-preview:large, max-video-preview:-1\" \/>\n<link rel=\"canonical\" href=\"https:\/\/www.uptextile.fr\/en\/interview-de-haut-les-coeurs-linnovation-creative-au-service-dobjets-du-quotidien-divinement-inspires\/\" \/>\n<meta property=\"og:locale\" content=\"en_GB\" \/>\n<meta property=\"og:type\" content=\"article\" \/>\n<meta property=\"og:title\" content=\"Interview de Haut les C\u0153urs - UpTextile\" \/>\n<meta property=\"og:description\" content=\"D\u00e9couvrez notre interview d&#039;Aur\u00e9lie co-frondatrice d&#039;Haut les C\u0153urs, des objets du quotidien divinement inspir\u00e9s.\" \/>\n<meta property=\"og:url\" content=\"https:\/\/www.uptextile.fr\/en\/interview-de-haut-les-coeurs-linnovation-creative-au-service-dobjets-du-quotidien-divinement-inspires\/\" \/>\n<meta property=\"og:site_name\" content=\"UpTextile\" \/>\n<meta property=\"article:published_time\" content=\"2025-06-10T09:12:39+00:00\" \/>\n<meta property=\"article:modified_time\" content=\"2025-06-10T09:32:12+00:00\" \/>\n<meta property=\"og:image\" content=\"https:\/\/www.uptextile.fr\/wp-content\/uploads\/2025\/06\/DSC_2518.jpg\" \/>\n\t<meta property=\"og:image:width\" content=\"1065\" \/>\n\t<meta property=\"og:image:height\" content=\"1600\" \/>\n\t<meta property=\"og:image:type\" content=\"image\/jpeg\" \/>\n<meta name=\"author\" content=\"admin\" \/>\n<meta name=\"twitter:card\" content=\"summary_large_image\" \/>\n<meta name=\"twitter:label1\" content=\"Written by\" \/>\n\t<meta name=\"twitter:data1\" content=\"admin\" \/>\n\t<meta name=\"twitter:label2\" content=\"Estimated reading time\" \/>\n\t<meta name=\"twitter:data2\" content=\"8 minutes\" \/>\n<script type=\"application\/ld+json\" class=\"yoast-schema-graph\">{\"@context\":\"https:\\\/\\\/schema.org\",\"@graph\":[{\"@type\":\"Article\",\"@id\":\"https:\\\/\\\/www.uptextile.fr\\\/interview-de-haut-les-coeurs-linnovation-creative-au-service-dobjets-du-quotidien-divinement-inspires\\\/#article\",\"isPartOf\":{\"@id\":\"https:\\\/\\\/www.uptextile.fr\\\/interview-de-haut-les-coeurs-linnovation-creative-au-service-dobjets-du-quotidien-divinement-inspires\\\/\"},\"author\":{\"name\":\"admin\",\"@id\":\"https:\\\/\\\/www.uptextile.fr\\\/#\\\/schema\\\/person\\\/ddd7afbcab186b7fb4ccfcc324dc6ade\"},\"headline\":\"Interview de Haut les Coeurs : l\u2019innovation cr\u00e9ative au service d\u2019objets du quotidien divinement inspir\u00e9s\",\"datePublished\":\"2025-06-10T09:12:39+00:00\",\"dateModified\":\"2025-06-10T09:32:12+00:00\",\"mainEntityOfPage\":{\"@id\":\"https:\\\/\\\/www.uptextile.fr\\\/interview-de-haut-les-coeurs-linnovation-creative-au-service-dobjets-du-quotidien-divinement-inspires\\\/\"},\"wordCount\":1303,\"image\":{\"@id\":\"https:\\\/\\\/www.uptextile.fr\\\/interview-de-haut-les-coeurs-linnovation-creative-au-service-dobjets-du-quotidien-divinement-inspires\\\/#primaryimage\"},\"thumbnailUrl\":\"https:\\\/\\\/www.uptextile.fr\\\/wp-content\\\/uploads\\\/2025\\\/06\\\/DSC_2518.jpg\",\"articleSection\":[\"Interviews\"],\"inLanguage\":\"en-GB\"},{\"@type\":\"WebPage\",\"@id\":\"https:\\\/\\\/www.uptextile.fr\\\/interview-de-haut-les-coeurs-linnovation-creative-au-service-dobjets-du-quotidien-divinement-inspires\\\/\",\"url\":\"https:\\\/\\\/www.uptextile.fr\\\/interview-de-haut-les-coeurs-linnovation-creative-au-service-dobjets-du-quotidien-divinement-inspires\\\/\",\"name\":\"Interview de Haut les C\u0153urs - UpTextile\",\"isPartOf\":{\"@id\":\"https:\\\/\\\/www.uptextile.fr\\\/#website\"},\"primaryImageOfPage\":{\"@id\":\"https:\\\/\\\/www.uptextile.fr\\\/interview-de-haut-les-coeurs-linnovation-creative-au-service-dobjets-du-quotidien-divinement-inspires\\\/#primaryimage\"},\"image\":{\"@id\":\"https:\\\/\\\/www.uptextile.fr\\\/interview-de-haut-les-coeurs-linnovation-creative-au-service-dobjets-du-quotidien-divinement-inspires\\\/#primaryimage\"},\"thumbnailUrl\":\"https:\\\/\\\/www.uptextile.fr\\\/wp-content\\\/uploads\\\/2025\\\/06\\\/DSC_2518.jpg\",\"datePublished\":\"2025-06-10T09:12:39+00:00\",\"dateModified\":\"2025-06-10T09:32:12+00:00\",\"author\":{\"@id\":\"https:\\\/\\\/www.uptextile.fr\\\/#\\\/schema\\\/person\\\/ddd7afbcab186b7fb4ccfcc324dc6ade\"},\"description\":\"D\u00e9couvrez notre interview d'Aur\u00e9lie co-frondatrice d'Haut les C\u0153urs, des objets du quotidien divinement inspir\u00e9s.\",\"breadcrumb\":{\"@id\":\"https:\\\/\\\/www.uptextile.fr\\\/interview-de-haut-les-coeurs-linnovation-creative-au-service-dobjets-du-quotidien-divinement-inspires\\\/#breadcrumb\"},\"inLanguage\":\"en-GB\",\"potentialAction\":[{\"@type\":\"ReadAction\",\"target\":[\"https:\\\/\\\/www.uptextile.fr\\\/interview-de-haut-les-coeurs-linnovation-creative-au-service-dobjets-du-quotidien-divinement-inspires\\\/\"]}]},{\"@type\":\"ImageObject\",\"inLanguage\":\"en-GB\",\"@id\":\"https:\\\/\\\/www.uptextile.fr\\\/interview-de-haut-les-coeurs-linnovation-creative-au-service-dobjets-du-quotidien-divinement-inspires\\\/#primaryimage\",\"url\":\"https:\\\/\\\/www.uptextile.fr\\\/wp-content\\\/uploads\\\/2025\\\/06\\\/DSC_2518.jpg\",\"contentUrl\":\"https:\\\/\\\/www.uptextile.fr\\\/wp-content\\\/uploads\\\/2025\\\/06\\\/DSC_2518.jpg\",\"width\":1065,\"height\":1600,\"caption\":\"Babbajaga\"},{\"@type\":\"BreadcrumbList\",\"@id\":\"https:\\\/\\\/www.uptextile.fr\\\/interview-de-haut-les-coeurs-linnovation-creative-au-service-dobjets-du-quotidien-divinement-inspires\\\/#breadcrumb\",\"itemListElement\":[{\"@type\":\"ListItem\",\"position\":1,\"name\":\"Accueil\",\"item\":\"https:\\\/\\\/www.uptextile.fr\\\/\"},{\"@type\":\"ListItem\",\"position\":2,\"name\":\"Interview de Haut les Coeurs : l\u2019innovation cr\u00e9ative au service d\u2019objets du quotidien divinement inspir\u00e9s\"}]},{\"@type\":\"WebSite\",\"@id\":\"https:\\\/\\\/www.uptextile.fr\\\/#website\",\"url\":\"https:\\\/\\\/www.uptextile.fr\\\/\",\"name\":\"UpTextile\",\"description\":\"L&#039;impression num\u00e9rique \u00e0 votre service\",\"potentialAction\":[{\"@type\":\"SearchAction\",\"target\":{\"@type\":\"EntryPoint\",\"urlTemplate\":\"https:\\\/\\\/www.uptextile.fr\\\/?s={search_term_string}\"},\"query-input\":{\"@type\":\"PropertyValueSpecification\",\"valueRequired\":true,\"valueName\":\"search_term_string\"}}],\"inLanguage\":\"en-GB\"},{\"@type\":\"Person\",\"@id\":\"https:\\\/\\\/www.uptextile.fr\\\/#\\\/schema\\\/person\\\/ddd7afbcab186b7fb4ccfcc324dc6ade\",\"name\":\"admin\",\"image\":{\"@type\":\"ImageObject\",\"inLanguage\":\"en-GB\",\"@id\":\"https:\\\/\\\/secure.gravatar.com\\\/avatar\\\/6670ee2da31d04324ab60d2c276c81c91f6f128389d0cd7f2efb1030b28554de?s=96&d=mm&r=g\",\"url\":\"https:\\\/\\\/secure.gravatar.com\\\/avatar\\\/6670ee2da31d04324ab60d2c276c81c91f6f128389d0cd7f2efb1030b28554de?s=96&d=mm&r=g\",\"contentUrl\":\"https:\\\/\\\/secure.gravatar.com\\\/avatar\\\/6670ee2da31d04324ab60d2c276c81c91f6f128389d0cd7f2efb1030b28554de?s=96&d=mm&r=g\",\"caption\":\"admin\"},\"url\":\"https:\\\/\\\/www.uptextile.fr\\\/en\\\/author\\\/admin\\\/\"}]}<\/script>\n<!-- \/ Yoast SEO plugin. -->","yoast_head_json":{"title":"Interview de Haut les C\u0153urs - UpTextile","description":"D\u00e9couvrez notre interview d'Aur\u00e9lie co-frondatrice d'Haut les C\u0153urs, des objets du quotidien divinement inspir\u00e9s.","robots":{"index":"index","follow":"follow","max-snippet":"max-snippet:-1","max-image-preview":"max-image-preview:large","max-video-preview":"max-video-preview:-1"},"canonical":"https:\/\/www.uptextile.fr\/en\/interview-de-haut-les-coeurs-linnovation-creative-au-service-dobjets-du-quotidien-divinement-inspires\/","og_locale":"en_GB","og_type":"article","og_title":"Interview de Haut les C\u0153urs - UpTextile","og_description":"D\u00e9couvrez notre interview d'Aur\u00e9lie co-frondatrice d'Haut les C\u0153urs, des objets du quotidien divinement inspir\u00e9s.","og_url":"https:\/\/www.uptextile.fr\/en\/interview-de-haut-les-coeurs-linnovation-creative-au-service-dobjets-du-quotidien-divinement-inspires\/","og_site_name":"UpTextile","article_published_time":"2025-06-10T09:12:39+00:00","article_modified_time":"2025-06-10T09:32:12+00:00","og_image":[{"width":1065,"height":1600,"url":"https:\/\/www.uptextile.fr\/wp-content\/uploads\/2025\/06\/DSC_2518.jpg","type":"image\/jpeg"}],"author":"admin","twitter_card":"summary_large_image","twitter_misc":{"Written by":"admin","Estimated reading time":"8 minutes"},"schema":{"@context":"https:\/\/schema.org","@graph":[{"@type":"Article","@id":"https:\/\/www.uptextile.fr\/interview-de-haut-les-coeurs-linnovation-creative-au-service-dobjets-du-quotidien-divinement-inspires\/#article","isPartOf":{"@id":"https:\/\/www.uptextile.fr\/interview-de-haut-les-coeurs-linnovation-creative-au-service-dobjets-du-quotidien-divinement-inspires\/"},"author":{"name":"admin","@id":"https:\/\/www.uptextile.fr\/#\/schema\/person\/ddd7afbcab186b7fb4ccfcc324dc6ade"},"headline":"Interview de Haut les Coeurs : l\u2019innovation cr\u00e9ative au service d\u2019objets du quotidien divinement inspir\u00e9s","datePublished":"2025-06-10T09:12:39+00:00","dateModified":"2025-06-10T09:32:12+00:00","mainEntityOfPage":{"@id":"https:\/\/www.uptextile.fr\/interview-de-haut-les-coeurs-linnovation-creative-au-service-dobjets-du-quotidien-divinement-inspires\/"},"wordCount":1303,"image":{"@id":"https:\/\/www.uptextile.fr\/interview-de-haut-les-coeurs-linnovation-creative-au-service-dobjets-du-quotidien-divinement-inspires\/#primaryimage"},"thumbnailUrl":"https:\/\/www.uptextile.fr\/wp-content\/uploads\/2025\/06\/DSC_2518.jpg","articleSection":["Interviews"],"inLanguage":"en-GB"},{"@type":"WebPage","@id":"https:\/\/www.uptextile.fr\/interview-de-haut-les-coeurs-linnovation-creative-au-service-dobjets-du-quotidien-divinement-inspires\/","url":"https:\/\/www.uptextile.fr\/interview-de-haut-les-coeurs-linnovation-creative-au-service-dobjets-du-quotidien-divinement-inspires\/","name":"Interview de Haut les C\u0153urs - UpTextile","isPartOf":{"@id":"https:\/\/www.uptextile.fr\/#website"},"primaryImageOfPage":{"@id":"https:\/\/www.uptextile.fr\/interview-de-haut-les-coeurs-linnovation-creative-au-service-dobjets-du-quotidien-divinement-inspires\/#primaryimage"},"image":{"@id":"https:\/\/www.uptextile.fr\/interview-de-haut-les-coeurs-linnovation-creative-au-service-dobjets-du-quotidien-divinement-inspires\/#primaryimage"},"thumbnailUrl":"https:\/\/www.uptextile.fr\/wp-content\/uploads\/2025\/06\/DSC_2518.jpg","datePublished":"2025-06-10T09:12:39+00:00","dateModified":"2025-06-10T09:32:12+00:00","author":{"@id":"https:\/\/www.uptextile.fr\/#\/schema\/person\/ddd7afbcab186b7fb4ccfcc324dc6ade"},"description":"D\u00e9couvrez notre interview d'Aur\u00e9lie co-frondatrice d'Haut les C\u0153urs, des objets du quotidien divinement inspir\u00e9s.","breadcrumb":{"@id":"https:\/\/www.uptextile.fr\/interview-de-haut-les-coeurs-linnovation-creative-au-service-dobjets-du-quotidien-divinement-inspires\/#breadcrumb"},"inLanguage":"en-GB","potentialAction":[{"@type":"ReadAction","target":["https:\/\/www.uptextile.fr\/interview-de-haut-les-coeurs-linnovation-creative-au-service-dobjets-du-quotidien-divinement-inspires\/"]}]},{"@type":"ImageObject","inLanguage":"en-GB","@id":"https:\/\/www.uptextile.fr\/interview-de-haut-les-coeurs-linnovation-creative-au-service-dobjets-du-quotidien-divinement-inspires\/#primaryimage","url":"https:\/\/www.uptextile.fr\/wp-content\/uploads\/2025\/06\/DSC_2518.jpg","contentUrl":"https:\/\/www.uptextile.fr\/wp-content\/uploads\/2025\/06\/DSC_2518.jpg","width":1065,"height":1600,"caption":"Babbajaga"},{"@type":"BreadcrumbList","@id":"https:\/\/www.uptextile.fr\/interview-de-haut-les-coeurs-linnovation-creative-au-service-dobjets-du-quotidien-divinement-inspires\/#breadcrumb","itemListElement":[{"@type":"ListItem","position":1,"name":"Accueil","item":"https:\/\/www.uptextile.fr\/"},{"@type":"ListItem","position":2,"name":"Interview de Haut les Coeurs : l\u2019innovation cr\u00e9ative au service d\u2019objets du quotidien divinement inspir\u00e9s"}]},{"@type":"WebSite","@id":"https:\/\/www.uptextile.fr\/#website","url":"https:\/\/www.uptextile.fr\/","name":"UpTextile","description":"L&#039;impression num\u00e9rique \u00e0 votre service","potentialAction":[{"@type":"SearchAction","target":{"@type":"EntryPoint","urlTemplate":"https:\/\/www.uptextile.fr\/?s={search_term_string}"},"query-input":{"@type":"PropertyValueSpecification","valueRequired":true,"valueName":"search_term_string"}}],"inLanguage":"en-GB"},{"@type":"Person","@id":"https:\/\/www.uptextile.fr\/#\/schema\/person\/ddd7afbcab186b7fb4ccfcc324dc6ade","name":"admin","image":{"@type":"ImageObject","inLanguage":"en-GB","@id":"https:\/\/secure.gravatar.com\/avatar\/6670ee2da31d04324ab60d2c276c81c91f6f128389d0cd7f2efb1030b28554de?s=96&d=mm&r=g","url":"https:\/\/secure.gravatar.com\/avatar\/6670ee2da31d04324ab60d2c276c81c91f6f128389d0cd7f2efb1030b28554de?s=96&d=mm&r=g","contentUrl":"https:\/\/secure.gravatar.com\/avatar\/6670ee2da31d04324ab60d2c276c81c91f6f128389d0cd7f2efb1030b28554de?s=96&d=mm&r=g","caption":"admin"},"url":"https:\/\/www.uptextile.fr\/en\/author\/admin\/"}]}},"_links":{"self":[{"href":"https:\/\/www.uptextile.fr\/en\/wp-json\/wp\/v2\/posts\/4111","targetHints":{"allow":["GET"]}}],"collection":[{"href":"https:\/\/www.uptextile.fr\/en\/wp-json\/wp\/v2\/posts"}],"about":[{"href":"https:\/\/www.uptextile.fr\/en\/wp-json\/wp\/v2\/types\/post"}],"author":[{"embeddable":true,"href":"https:\/\/www.uptextile.fr\/en\/wp-json\/wp\/v2\/users\/1"}],"replies":[{"embeddable":true,"href":"https:\/\/www.uptextile.fr\/en\/wp-json\/wp\/v2\/comments?post=4111"}],"version-history":[{"count":10,"href":"https:\/\/www.uptextile.fr\/en\/wp-json\/wp\/v2\/posts\/4111\/revisions"}],"predecessor-version":[{"id":4121,"href":"https:\/\/www.uptextile.fr\/en\/wp-json\/wp\/v2\/posts\/4111\/revisions\/4121"}],"wp:featuredmedia":[{"embeddable":true,"href":"https:\/\/www.uptextile.fr\/en\/wp-json\/wp\/v2\/media\/4103"}],"wp:attachment":[{"href":"https:\/\/www.uptextile.fr\/en\/wp-json\/wp\/v2\/media?parent=4111"}],"wp:term":[{"taxonomy":"category","embeddable":true,"href":"https:\/\/www.uptextile.fr\/en\/wp-json\/wp\/v2\/categories?post=4111"},{"taxonomy":"post_tag","embeddable":true,"href":"https:\/\/www.uptextile.fr\/en\/wp-json\/wp\/v2\/tags?post=4111"}],"curies":[{"name":"wp","href":"https:\/\/api.w.org\/{rel}","templated":true}]}}