{"id":778,"date":"2021-04-26T23:21:09","date_gmt":"2021-04-26T21:21:09","guid":{"rendered":"https:\/\/www.uptextile.fr\/?p=778"},"modified":"2025-06-05T15:36:02","modified_gmt":"2025-06-05T13:36:02","slug":"la-percale-de-coton","status":"publish","type":"post","link":"https:\/\/www.uptextile.fr\/en\/la-percale-de-coton\/","title":{"rendered":"La percale de coton : Pourquoi la choisir pour vos cr\u00e9ations et impressions textiles ?"},"content":{"rendered":"<div data-elementor-type=\"wp-post\" data-elementor-id=\"778\" class=\"elementor elementor-778\" data-elementor-post-type=\"post\">\n\t\t\t\t\t\t<section class=\"elementor-section elementor-top-section elementor-element elementor-element-96fa929 elementor-section-boxed elementor-section-height-default elementor-section-height-default\" data-id=\"96fa929\" data-element_type=\"section\" data-e-type=\"section\">\n\t\t\t\t\t\t<div class=\"elementor-container elementor-column-gap-default\">\n\t\t\t\t\t<div class=\"elementor-column elementor-col-50 elementor-top-column elementor-element elementor-element-87f7d03\" data-id=\"87f7d03\" data-element_type=\"column\" data-e-type=\"column\">\n\t\t\t<div class=\"elementor-widget-wrap elementor-element-populated\">\n\t\t\t\t\t\t<div class=\"elementor-element elementor-element-538e46e elementor-widget elementor-widget-theme-post-featured-image elementor-widget-image\" data-id=\"538e46e\" data-element_type=\"widget\" data-e-type=\"widget\" data-widget_type=\"theme-post-featured-image.default\">\n\t\t\t\t<div class=\"elementor-widget-container\">\n\t\t\t\t\t\t\t\t\t\t\t\t\t\t\t<img fetchpriority=\"high\" decoding=\"async\" width=\"800\" height=\"534\" src=\"https:\/\/www.uptextile.fr\/wp-content\/uploads\/2021\/04\/Percale-2-1024x683.jpg\" class=\"attachment-large size-large wp-image-779\" alt=\"percale\" srcset=\"https:\/\/www.uptextile.fr\/wp-content\/uploads\/2021\/04\/Percale-2-1024x683.jpg 1024w, https:\/\/www.uptextile.fr\/wp-content\/uploads\/2021\/04\/Percale-2-300x200.jpg 300w, https:\/\/www.uptextile.fr\/wp-content\/uploads\/2021\/04\/Percale-2-768x512.jpg 768w, https:\/\/www.uptextile.fr\/wp-content\/uploads\/2021\/04\/Percale-2-1536x1024.jpg 1536w, https:\/\/www.uptextile.fr\/wp-content\/uploads\/2021\/04\/Percale-2-2048x1365.jpg 2048w, https:\/\/www.uptextile.fr\/wp-content\/uploads\/2021\/04\/Percale-2-16x12.jpg 16w, https:\/\/www.uptextile.fr\/wp-content\/uploads\/2021\/04\/Percale-2-600x400.jpg 600w\" sizes=\"(max-width: 800px) 100vw, 800px\" \/>\t\t\t\t\t\t\t\t\t\t\t\t\t\t\t<\/div>\n\t\t\t\t<\/div>\n\t\t\t\t\t<\/div>\n\t\t<\/div>\n\t\t\t\t<div class=\"elementor-column elementor-col-50 elementor-top-column elementor-element elementor-element-158d5ba\" data-id=\"158d5ba\" data-element_type=\"column\" data-e-type=\"column\">\n\t\t\t<div class=\"elementor-widget-wrap elementor-element-populated\">\n\t\t\t\t\t\t<div class=\"elementor-element elementor-element-94acd85 elementor-widget elementor-widget-heading\" data-id=\"94acd85\" data-element_type=\"widget\" data-e-type=\"widget\" data-widget_type=\"heading.default\">\n\t\t\t\t<div class=\"elementor-widget-container\">\n\t\t\t\t\t<h1 class=\"elementor-heading-title elementor-size-default\"><span style=\"color:white\"> La percale de coton<br>  <\/span> Pourquoi la choisir pour vos cr\u00e9ations et impressions textiles ?<\/h1>\t\t\t\t<\/div>\n\t\t\t\t<\/div>\n\t\t\t\t\t<\/div>\n\t\t<\/div>\n\t\t\t\t\t<\/div>\n\t\t<\/section>\n\t\t\t\t<section class=\"elementor-section elementor-top-section elementor-element elementor-element-707e7c4b elementor-section-boxed elementor-section-height-default elementor-section-height-default\" data-id=\"707e7c4b\" data-element_type=\"section\" data-e-type=\"section\">\n\t\t\t\t\t\t<div class=\"elementor-container elementor-column-gap-default\">\n\t\t\t\t\t<div class=\"elementor-column elementor-col-100 elementor-top-column elementor-element elementor-element-32db8dee\" data-id=\"32db8dee\" data-element_type=\"column\" data-e-type=\"column\">\n\t\t\t<div class=\"elementor-widget-wrap elementor-element-populated\">\n\t\t\t\t\t\t<div class=\"elementor-element elementor-element-11e9d19d elementor-widget elementor-widget-text-editor\" data-id=\"11e9d19d\" data-element_type=\"widget\" data-e-type=\"widget\" data-widget_type=\"text-editor.default\">\n\t\t\t\t<div class=\"elementor-widget-container\">\n\t\t\t\t\t\t\t\t\t<p><\/p>\n<p>The <strong>percale<\/strong> est fabriqu\u00e9e selon une <strong>m\u00e9thode de tissage haut de gamme<\/strong>, serr\u00e9 et r\u00e9gulier. Chaque fil horizontal passe perpendiculairement sur un fil vertical qui permet d&rsquo;avoir un <strong>tissu r\u00e9sistant<\/strong>, <strong>durable<\/strong> et <strong>doux<\/strong>.<\/p>\n<p><\/p>\n<p><\/p>\n<p>Elle peut \u00eatre un m\u00e9lange 50% polyester et 50% coton ou 100% coton ou un m\u00e9lange d&rsquo;autres mati\u00e8res.<\/p>\n<p><\/p>\n<p><\/p>\n<p>La percale que nous vous proposons, chez Up&rsquo;Textile, est <strong>tiss\u00e9e dans les Vosges<\/strong> et est en <strong>100% coton peign\u00e9<\/strong>. Nous allons donc faire un focus sur la percale coton. Elle est r\u00e9alis\u00e9e avec <strong>les fibres les plus longues du coton et des fils tr\u00e8s fins.<\/strong><\/p>\n<p><\/p>\n<p><\/p>\n<p>Pour parler de percale, le tissu doit comporter au moins 78 fils au centim\u00e8tre carr\u00e9.<\/p>\n<p><\/p>\t\t\t\t\t\t\t\t<\/div>\n\t\t\t\t<\/div>\n\t\t\t\t\t<\/div>\n\t\t<\/div>\n\t\t\t\t\t<\/div>\n\t\t<\/section>\n\t\t\t\t<section class=\"elementor-section elementor-top-section elementor-element elementor-element-e8b59f6 elementor-section-boxed elementor-section-height-default elementor-section-height-default\" data-id=\"e8b59f6\" data-element_type=\"section\" data-e-type=\"section\">\n\t\t\t\t\t\t<div class=\"elementor-container elementor-column-gap-default\">\n\t\t\t\t\t<div class=\"elementor-column elementor-col-100 elementor-top-column elementor-element elementor-element-3ee55f5\" data-id=\"3ee55f5\" data-element_type=\"column\" data-e-type=\"column\">\n\t\t\t<div class=\"elementor-widget-wrap elementor-element-populated\">\n\t\t\t\t\t\t<div class=\"elementor-element elementor-element-6570d8f elementor-widget elementor-widget-heading\" data-id=\"6570d8f\" data-element_type=\"widget\" data-e-type=\"widget\" data-widget_type=\"heading.default\">\n\t\t\t\t<div class=\"elementor-widget-container\">\n\t\t\t\t\t<h2 class=\"elementor-heading-title elementor-size-default\">Le coton : fibre v\u00e9g\u00e9tale extraite du plant de coton<\/h2>\t\t\t\t<\/div>\n\t\t\t\t<\/div>\n\t\t\t\t<div class=\"elementor-element elementor-element-98b8998 elementor-widget elementor-widget-text-editor\" data-id=\"98b8998\" data-element_type=\"widget\" data-e-type=\"widget\" data-widget_type=\"text-editor.default\">\n\t\t\t\t<div class=\"elementor-widget-container\">\n\t\t\t\t\t\t\t\t\t<p>Le coton est la mati\u00e8re filamenteuse, le duvet soyeux, qui entoure la graine du cotonnier. Cette fibre est ensuite transform\u00e9e en fils eux-m\u00eames tiss\u00e9s pour fabriquer du tissu. Depuis le XIXi\u00e8me si\u00e8cle et avec l\u2019aide de tous les progr\u00e8s industriels qui le constituent, le coton est devenu la <strong>premi\u00e8re fibre textile du monde<\/strong>.<\/p>\t\t\t\t\t\t\t\t<\/div>\n\t\t\t\t<\/div>\n\t\t\t\t<div class=\"elementor-element elementor-element-e91fd3d elementor-widget elementor-widget-heading\" data-id=\"e91fd3d\" data-element_type=\"widget\" data-e-type=\"widget\" data-widget_type=\"heading.default\">\n\t\t\t\t<div class=\"elementor-widget-container\">\n\t\t\t\t\t<h2 class=\"elementor-heading-title elementor-size-default\">Quelles sont les propri\u00e9t\u00e9s du coton ?<\/h2>\t\t\t\t<\/div>\n\t\t\t\t<\/div>\n\t\t\t\t<div class=\"elementor-element elementor-element-81e0d41 elementor-widget elementor-widget-text-editor\" data-id=\"81e0d41\" data-element_type=\"widget\" data-e-type=\"widget\" data-widget_type=\"text-editor.default\">\n\t\t\t\t<div class=\"elementor-widget-container\">\n\t\t\t\t\t\t\t\t\t<p>Le coton a de nombreux <strong>avantages<\/strong>\u00a0:<\/p>\n<ul>\n<li><strong>Agr\u00e9able au porter<\/strong> et <strong>n\u2019irrite pas la peau<\/strong><\/li>\n<li>Bon pouvoir <strong>absorbant<\/strong><\/li>\n<li><strong>R\u00e9sistant<\/strong><\/li>\n<li><strong>Entretien facile<\/strong><\/li>\n<li>Se <strong>coud facilement<\/strong>.<\/li>\n<\/ul>\n<p>\u00a0<\/p>\n<p>Par contre, il <strong>ne conserve pas la chaleur<\/strong> et se <strong>froisse facilement<\/strong>.<\/p>\t\t\t\t\t\t\t\t<\/div>\n\t\t\t\t<\/div>\n\t\t\t\t<div class=\"elementor-element elementor-element-c3b3875 elementor-widget elementor-widget-heading\" data-id=\"c3b3875\" data-element_type=\"widget\" data-e-type=\"widget\" data-widget_type=\"heading.default\">\n\t\t\t\t<div class=\"elementor-widget-container\">\n\t\t\t\t\t<h2 class=\"elementor-heading-title elementor-size-default\">Et la percale, quelles particularit\u00e9s ?<\/h2>\t\t\t\t<\/div>\n\t\t\t\t<\/div>\n\t\t\t\t<div class=\"elementor-element elementor-element-a7ed793 elementor-widget elementor-widget-text-editor\" data-id=\"a7ed793\" data-element_type=\"widget\" data-e-type=\"widget\" data-widget_type=\"text-editor.default\">\n\t\t\t\t<div class=\"elementor-widget-container\">\n\t\t\t\t\t\t\t\t\t<p>Elle apporte de la <strong>douceur<\/strong>, un <strong>toucher soyeux<\/strong> et un <strong>aspect mat<\/strong>. Elle est <strong>tr\u00e8s r\u00e9sistante<\/strong> au fil du temps et des lavages et a donc une dur\u00e9e de vie plus longue. Elle offre une <strong>respirabilit\u00e9<\/strong> et une <strong>sensation de fra\u00eecheur<\/strong>.<\/p>\t\t\t\t\t\t\t\t<\/div>\n\t\t\t\t<\/div>\n\t\t\t\t<div class=\"elementor-element elementor-element-284e349 elementor-widget elementor-widget-heading\" data-id=\"284e349\" data-element_type=\"widget\" data-e-type=\"widget\" data-widget_type=\"heading.default\">\n\t\t\t\t<div class=\"elementor-widget-container\">\n\t\t\t\t\t<h2 class=\"elementor-heading-title elementor-size-default\">Pour quelle utilisation, quelles confections ?<\/h2>\t\t\t\t<\/div>\n\t\t\t\t<\/div>\n\t\t\t\t<div class=\"elementor-element elementor-element-21711d9 elementor-widget elementor-widget-text-editor\" data-id=\"21711d9\" data-element_type=\"widget\" data-e-type=\"widget\" data-widget_type=\"text-editor.default\">\n\t\t\t\t<div class=\"elementor-widget-container\">\n\t\t\t\t\t\t\t\t\t<p>La percale est id\u00e9ale pour le <strong>linge de lit<\/strong> et peut \u00eatre \u00e9galement utilis\u00e9e en <strong>habillement<\/strong>, comme pour des chemises ou blouses par exemple.<\/p>\t\t\t\t\t\t\t\t<\/div>\n\t\t\t\t<\/div>\n\t\t\t\t<div class=\"elementor-element elementor-element-6a927da elementor-widget elementor-widget-heading\" data-id=\"6a927da\" data-element_type=\"widget\" data-e-type=\"widget\" data-widget_type=\"heading.default\">\n\t\t\t\t<div class=\"elementor-widget-container\">\n\t\t\t\t\t<h2 class=\"elementor-heading-title elementor-size-default\">Comment entretenir la percale ?<\/h2>\t\t\t\t<\/div>\n\t\t\t\t<\/div>\n\t\t\t\t<div class=\"elementor-element elementor-element-7864a3d elementor-widget elementor-widget-text-editor\" data-id=\"7864a3d\" data-element_type=\"widget\" data-e-type=\"widget\" data-widget_type=\"text-editor.default\">\n\t\t\t\t<div class=\"elementor-widget-container\">\n\t\t\t\t\t\t\t\t\t<p>Elle a l&rsquo;avantage d&rsquo;\u00eatre <strong>facile \u00e0 entretenir<\/strong> et \u00e0 <strong>repasser<\/strong>. Elle se lave en machine \u00e0 40\u00b0C jusqu&rsquo;\u00e0 60\u00b0C pour les couleurs et 90\u00b0C pour le blanc.<\/p>\t\t\t\t\t\t\t\t<\/div>\n\t\t\t\t<\/div>\n\t\t\t\t<div class=\"elementor-element elementor-element-e15ea2d elementor-widget elementor-widget-heading\" data-id=\"e15ea2d\" data-element_type=\"widget\" data-e-type=\"widget\" data-widget_type=\"heading.default\">\n\t\t\t\t<div class=\"elementor-widget-container\">\n\t\t\t\t\t<h2 class=\"elementor-heading-title elementor-size-default\">Quel tissu percale Up\u2019Textile pourrait me fournir ?<\/h2>\t\t\t\t<\/div>\n\t\t\t\t<\/div>\n\t\t\t\t<div class=\"elementor-element elementor-element-0be1073 elementor-widget elementor-widget-text-editor\" data-id=\"0be1073\" data-element_type=\"widget\" data-e-type=\"widget\" data-widget_type=\"text-editor.default\">\n\t\t\t\t<div class=\"elementor-widget-container\">\n\t\t\t\t\t\t\t\t\t<p>Nous avons deux types de percale tiss\u00e9es dans les Vosges :\u00a0<\/p>\n<ul>\n<li>45.35 68\/68, bio ou non-bio, 120g\/m2, laize : 280 cm,\u00a0<\/li>\n<li>100% coton, 120g\/m2, laize : 150 cm.\u00a0<\/li>\n<\/ul>\t\t\t\t\t\t\t\t<\/div>\n\t\t\t\t<\/div>\n\t\t\t\t<div class=\"elementor-element elementor-element-224c4e2 elementor-widget elementor-widget-heading\" data-id=\"224c4e2\" data-element_type=\"widget\" data-e-type=\"widget\" data-widget_type=\"heading.default\">\n\t\t\t\t<div class=\"elementor-widget-container\">\n\t\t\t\t\t<h2 class=\"elementor-heading-title elementor-size-default\">L\u2019info bonus d\u2019Up\u2019Textile<\/h2>\t\t\t\t<\/div>\n\t\t\t\t<\/div>\n\t\t\t\t<div class=\"elementor-element elementor-element-fe42d5a elementor-widget elementor-widget-text-editor\" data-id=\"fe42d5a\" data-element_type=\"widget\" data-e-type=\"widget\" data-widget_type=\"text-editor.default\">\n\t\t\t\t<div class=\"elementor-widget-container\">\n\t\t\t\t\t\t\t\t\t<p>Nous pouvons aussi vous fournir une percale 80 fils, 120g\/m2, laize 280cm <strong>BIO et tiss\u00e9e dans les Vosges<\/strong> !<\/p>\n<p>Nous pr\u00e9conisons la percale en fonction du projet du client. Mais c&rsquo;est \u00e0 la r\u00e9ception des \u00e9chantillons que le client fait son choix.<\/p>\n<p>Sur percale, nous imprimons en <strong>fix\u00e9 lav\u00e9<\/strong>. Le tissu est d&rsquo;abord impr\u00e9gn\u00e9 d&rsquo;une pr\u00e9paration pour le num\u00e9rique, puis imprim\u00e9, pass\u00e9 au vapo pour fixer et r\u00e9v\u00e9ler les coloris puis lav\u00e9. Lors de cette derni\u00e8re \u00e9tape, nous pouvons appliquer des finitions : adoucissant, anti-t\u00e2ches, &#8230;<\/p>\n<p>Nous nous tenons \u00e0 votre disposition pour toute information compl\u00e9mentaire\u00a0!<\/p>\t\t\t\t\t\t\t\t<\/div>\n\t\t\t\t<\/div>\n\t\t\t\t\t<\/div>\n\t\t<\/div>\n\t\t\t\t\t<\/div>\n\t\t<\/section>\n\t\t\t\t<\/div>","protected":false},"excerpt":{"rendered":"<p>La popeline est une toile qui pr\u00e9sente une c\u00f4t\u00e9 fine et serr\u00e9e avec un fil de cha\u00eene plus fin que le fil de trame. <\/p>","protected":false},"author":1,"featured_media":779,"comment_status":"closed","ping_status":"closed","sticky":false,"template":"","format":"standard","meta":{"_monsterinsights_skip_tracking":false,"_monsterinsights_sitenote_active":false,"_monsterinsights_sitenote_note":"","_monsterinsights_sitenote_category":0,"footnotes":""},"categories":[41],"tags":[116],"class_list":["post-778","post","type-post","status-publish","format-standard","has-post-thumbnail","hentry","category-blog","tag-type-de-textile"],"yoast_head":"<!-- This site is optimized with the Yoast SEO plugin v27.4 - https:\/\/yoast.com\/product\/yoast-seo-wordpress\/ -->\n<title>La percale de coton : Pourquoi la choisir pour vos cr\u00e9ations et impressions textiles ? - UpTextile<\/title>\n<meta name=\"description\" content=\"Up&#039;Textile vous propose des \u00e9chantillons pour choisir le tissu id\u00e9al pour votre cr\u00e9ation. Dans cet article, nous vous pr\u00e9sentons la percale.\" \/>\n<meta name=\"robots\" content=\"index, follow, max-snippet:-1, max-image-preview:large, max-video-preview:-1\" \/>\n<link rel=\"canonical\" href=\"https:\/\/www.uptextile.fr\/en\/la-percale-de-coton\/\" \/>\n<meta property=\"og:locale\" content=\"en_GB\" \/>\n<meta property=\"og:type\" content=\"article\" \/>\n<meta property=\"og:title\" content=\"La percale de coton : Pourquoi la choisir pour vos cr\u00e9ations et impressions textiles ? - UpTextile\" \/>\n<meta property=\"og:description\" content=\"Up&#039;Textile vous propose des \u00e9chantillons pour choisir le tissu id\u00e9al pour votre cr\u00e9ation. Dans cet article, nous vous pr\u00e9sentons la percale.\" \/>\n<meta property=\"og:url\" content=\"https:\/\/www.uptextile.fr\/en\/la-percale-de-coton\/\" \/>\n<meta property=\"og:site_name\" content=\"UpTextile\" \/>\n<meta property=\"article:published_time\" content=\"2021-04-26T21:21:09+00:00\" \/>\n<meta property=\"article:modified_time\" content=\"2025-06-05T13:36:02+00:00\" \/>\n<meta property=\"og:image\" content=\"https:\/\/www.uptextile.fr\/wp-content\/uploads\/2021\/04\/Percale-2-scaled.jpg\" \/>\n\t<meta property=\"og:image:width\" content=\"2560\" \/>\n\t<meta property=\"og:image:height\" content=\"1707\" \/>\n\t<meta property=\"og:image:type\" content=\"image\/jpeg\" \/>\n<meta name=\"author\" content=\"admin\" \/>\n<meta name=\"twitter:card\" content=\"summary_large_image\" \/>\n<meta name=\"twitter:label1\" content=\"Written by\" \/>\n\t<meta name=\"twitter:data1\" content=\"admin\" \/>\n\t<meta name=\"twitter:label2\" content=\"Estimated reading time\" \/>\n\t<meta name=\"twitter:data2\" content=\"3 minutes\" \/>\n<script type=\"application\/ld+json\" class=\"yoast-schema-graph\">{\"@context\":\"https:\\\/\\\/schema.org\",\"@graph\":[{\"@type\":\"Article\",\"@id\":\"https:\\\/\\\/www.uptextile.fr\\\/la-percale-de-coton\\\/#article\",\"isPartOf\":{\"@id\":\"https:\\\/\\\/www.uptextile.fr\\\/la-percale-de-coton\\\/\"},\"author\":{\"name\":\"admin\",\"@id\":\"https:\\\/\\\/www.uptextile.fr\\\/#\\\/schema\\\/person\\\/ddd7afbcab186b7fb4ccfcc324dc6ade\"},\"headline\":\"La percale de coton : Pourquoi la choisir pour vos cr\u00e9ations et impressions textiles ?\",\"datePublished\":\"2021-04-26T21:21:09+00:00\",\"dateModified\":\"2025-06-05T13:36:02+00:00\",\"mainEntityOfPage\":{\"@id\":\"https:\\\/\\\/www.uptextile.fr\\\/la-percale-de-coton\\\/\"},\"wordCount\":522,\"image\":{\"@id\":\"https:\\\/\\\/www.uptextile.fr\\\/la-percale-de-coton\\\/#primaryimage\"},\"thumbnailUrl\":\"https:\\\/\\\/www.uptextile.fr\\\/wp-content\\\/uploads\\\/2021\\\/04\\\/Percale-2-scaled.jpg\",\"keywords\":[\"Type de textile\"],\"articleSection\":[\"Blog\"],\"inLanguage\":\"en-GB\"},{\"@type\":\"WebPage\",\"@id\":\"https:\\\/\\\/www.uptextile.fr\\\/la-percale-de-coton\\\/\",\"url\":\"https:\\\/\\\/www.uptextile.fr\\\/la-percale-de-coton\\\/\",\"name\":\"La percale de coton : Pourquoi la choisir pour vos cr\u00e9ations et impressions textiles ? - UpTextile\",\"isPartOf\":{\"@id\":\"https:\\\/\\\/www.uptextile.fr\\\/#website\"},\"primaryImageOfPage\":{\"@id\":\"https:\\\/\\\/www.uptextile.fr\\\/la-percale-de-coton\\\/#primaryimage\"},\"image\":{\"@id\":\"https:\\\/\\\/www.uptextile.fr\\\/la-percale-de-coton\\\/#primaryimage\"},\"thumbnailUrl\":\"https:\\\/\\\/www.uptextile.fr\\\/wp-content\\\/uploads\\\/2021\\\/04\\\/Percale-2-scaled.jpg\",\"datePublished\":\"2021-04-26T21:21:09+00:00\",\"dateModified\":\"2025-06-05T13:36:02+00:00\",\"author\":{\"@id\":\"https:\\\/\\\/www.uptextile.fr\\\/#\\\/schema\\\/person\\\/ddd7afbcab186b7fb4ccfcc324dc6ade\"},\"description\":\"Up'Textile vous propose des \u00e9chantillons pour choisir le tissu id\u00e9al pour votre cr\u00e9ation. Dans cet article, nous vous pr\u00e9sentons la percale.\",\"breadcrumb\":{\"@id\":\"https:\\\/\\\/www.uptextile.fr\\\/la-percale-de-coton\\\/#breadcrumb\"},\"inLanguage\":\"en-GB\",\"potentialAction\":[{\"@type\":\"ReadAction\",\"target\":[\"https:\\\/\\\/www.uptextile.fr\\\/la-percale-de-coton\\\/\"]}]},{\"@type\":\"ImageObject\",\"inLanguage\":\"en-GB\",\"@id\":\"https:\\\/\\\/www.uptextile.fr\\\/la-percale-de-coton\\\/#primaryimage\",\"url\":\"https:\\\/\\\/www.uptextile.fr\\\/wp-content\\\/uploads\\\/2021\\\/04\\\/Percale-2-scaled.jpg\",\"contentUrl\":\"https:\\\/\\\/www.uptextile.fr\\\/wp-content\\\/uploads\\\/2021\\\/04\\\/Percale-2-scaled.jpg\",\"width\":2560,\"height\":1707,\"caption\":\"percale\"},{\"@type\":\"BreadcrumbList\",\"@id\":\"https:\\\/\\\/www.uptextile.fr\\\/la-percale-de-coton\\\/#breadcrumb\",\"itemListElement\":[{\"@type\":\"ListItem\",\"position\":1,\"name\":\"Accueil\",\"item\":\"https:\\\/\\\/www.uptextile.fr\\\/\"},{\"@type\":\"ListItem\",\"position\":2,\"name\":\"La percale de coton : Pourquoi la choisir pour vos cr\u00e9ations et impressions textiles ?\"}]},{\"@type\":\"WebSite\",\"@id\":\"https:\\\/\\\/www.uptextile.fr\\\/#website\",\"url\":\"https:\\\/\\\/www.uptextile.fr\\\/\",\"name\":\"UpTextile\",\"description\":\"L&#039;impression num\u00e9rique \u00e0 votre service\",\"potentialAction\":[{\"@type\":\"SearchAction\",\"target\":{\"@type\":\"EntryPoint\",\"urlTemplate\":\"https:\\\/\\\/www.uptextile.fr\\\/?s={search_term_string}\"},\"query-input\":{\"@type\":\"PropertyValueSpecification\",\"valueRequired\":true,\"valueName\":\"search_term_string\"}}],\"inLanguage\":\"en-GB\"},{\"@type\":\"Person\",\"@id\":\"https:\\\/\\\/www.uptextile.fr\\\/#\\\/schema\\\/person\\\/ddd7afbcab186b7fb4ccfcc324dc6ade\",\"name\":\"admin\",\"image\":{\"@type\":\"ImageObject\",\"inLanguage\":\"en-GB\",\"@id\":\"https:\\\/\\\/secure.gravatar.com\\\/avatar\\\/6670ee2da31d04324ab60d2c276c81c91f6f128389d0cd7f2efb1030b28554de?s=96&d=mm&r=g\",\"url\":\"https:\\\/\\\/secure.gravatar.com\\\/avatar\\\/6670ee2da31d04324ab60d2c276c81c91f6f128389d0cd7f2efb1030b28554de?s=96&d=mm&r=g\",\"contentUrl\":\"https:\\\/\\\/secure.gravatar.com\\\/avatar\\\/6670ee2da31d04324ab60d2c276c81c91f6f128389d0cd7f2efb1030b28554de?s=96&d=mm&r=g\",\"caption\":\"admin\"},\"url\":\"https:\\\/\\\/www.uptextile.fr\\\/en\\\/author\\\/admin\\\/\"}]}<\/script>\n<!-- \/ Yoast SEO plugin. -->","yoast_head_json":{"title":"La percale de coton : Pourquoi la choisir pour vos cr\u00e9ations et impressions textiles ? - UpTextile","description":"Up'Textile vous propose des \u00e9chantillons pour choisir le tissu id\u00e9al pour votre cr\u00e9ation. Dans cet article, nous vous pr\u00e9sentons la percale.","robots":{"index":"index","follow":"follow","max-snippet":"max-snippet:-1","max-image-preview":"max-image-preview:large","max-video-preview":"max-video-preview:-1"},"canonical":"https:\/\/www.uptextile.fr\/en\/la-percale-de-coton\/","og_locale":"en_GB","og_type":"article","og_title":"La percale de coton : Pourquoi la choisir pour vos cr\u00e9ations et impressions textiles ? - UpTextile","og_description":"Up'Textile vous propose des \u00e9chantillons pour choisir le tissu id\u00e9al pour votre cr\u00e9ation. Dans cet article, nous vous pr\u00e9sentons la percale.","og_url":"https:\/\/www.uptextile.fr\/en\/la-percale-de-coton\/","og_site_name":"UpTextile","article_published_time":"2021-04-26T21:21:09+00:00","article_modified_time":"2025-06-05T13:36:02+00:00","og_image":[{"width":2560,"height":1707,"url":"https:\/\/www.uptextile.fr\/wp-content\/uploads\/2021\/04\/Percale-2-scaled.jpg","type":"image\/jpeg"}],"author":"admin","twitter_card":"summary_large_image","twitter_misc":{"Written by":"admin","Estimated reading time":"3 minutes"},"schema":{"@context":"https:\/\/schema.org","@graph":[{"@type":"Article","@id":"https:\/\/www.uptextile.fr\/la-percale-de-coton\/#article","isPartOf":{"@id":"https:\/\/www.uptextile.fr\/la-percale-de-coton\/"},"author":{"name":"admin","@id":"https:\/\/www.uptextile.fr\/#\/schema\/person\/ddd7afbcab186b7fb4ccfcc324dc6ade"},"headline":"La percale de coton : Pourquoi la choisir pour vos cr\u00e9ations et impressions textiles ?","datePublished":"2021-04-26T21:21:09+00:00","dateModified":"2025-06-05T13:36:02+00:00","mainEntityOfPage":{"@id":"https:\/\/www.uptextile.fr\/la-percale-de-coton\/"},"wordCount":522,"image":{"@id":"https:\/\/www.uptextile.fr\/la-percale-de-coton\/#primaryimage"},"thumbnailUrl":"https:\/\/www.uptextile.fr\/wp-content\/uploads\/2021\/04\/Percale-2-scaled.jpg","keywords":["Type de textile"],"articleSection":["Blog"],"inLanguage":"en-GB"},{"@type":"WebPage","@id":"https:\/\/www.uptextile.fr\/la-percale-de-coton\/","url":"https:\/\/www.uptextile.fr\/la-percale-de-coton\/","name":"La percale de coton : Pourquoi la choisir pour vos cr\u00e9ations et impressions textiles ? - UpTextile","isPartOf":{"@id":"https:\/\/www.uptextile.fr\/#website"},"primaryImageOfPage":{"@id":"https:\/\/www.uptextile.fr\/la-percale-de-coton\/#primaryimage"},"image":{"@id":"https:\/\/www.uptextile.fr\/la-percale-de-coton\/#primaryimage"},"thumbnailUrl":"https:\/\/www.uptextile.fr\/wp-content\/uploads\/2021\/04\/Percale-2-scaled.jpg","datePublished":"2021-04-26T21:21:09+00:00","dateModified":"2025-06-05T13:36:02+00:00","author":{"@id":"https:\/\/www.uptextile.fr\/#\/schema\/person\/ddd7afbcab186b7fb4ccfcc324dc6ade"},"description":"Up'Textile vous propose des \u00e9chantillons pour choisir le tissu id\u00e9al pour votre cr\u00e9ation. Dans cet article, nous vous pr\u00e9sentons la percale.","breadcrumb":{"@id":"https:\/\/www.uptextile.fr\/la-percale-de-coton\/#breadcrumb"},"inLanguage":"en-GB","potentialAction":[{"@type":"ReadAction","target":["https:\/\/www.uptextile.fr\/la-percale-de-coton\/"]}]},{"@type":"ImageObject","inLanguage":"en-GB","@id":"https:\/\/www.uptextile.fr\/la-percale-de-coton\/#primaryimage","url":"https:\/\/www.uptextile.fr\/wp-content\/uploads\/2021\/04\/Percale-2-scaled.jpg","contentUrl":"https:\/\/www.uptextile.fr\/wp-content\/uploads\/2021\/04\/Percale-2-scaled.jpg","width":2560,"height":1707,"caption":"percale"},{"@type":"BreadcrumbList","@id":"https:\/\/www.uptextile.fr\/la-percale-de-coton\/#breadcrumb","itemListElement":[{"@type":"ListItem","position":1,"name":"Accueil","item":"https:\/\/www.uptextile.fr\/"},{"@type":"ListItem","position":2,"name":"La percale de coton : Pourquoi la choisir pour vos cr\u00e9ations et impressions textiles ?"}]},{"@type":"WebSite","@id":"https:\/\/www.uptextile.fr\/#website","url":"https:\/\/www.uptextile.fr\/","name":"UpTextile","description":"L&#039;impression num\u00e9rique \u00e0 votre service","potentialAction":[{"@type":"SearchAction","target":{"@type":"EntryPoint","urlTemplate":"https:\/\/www.uptextile.fr\/?s={search_term_string}"},"query-input":{"@type":"PropertyValueSpecification","valueRequired":true,"valueName":"search_term_string"}}],"inLanguage":"en-GB"},{"@type":"Person","@id":"https:\/\/www.uptextile.fr\/#\/schema\/person\/ddd7afbcab186b7fb4ccfcc324dc6ade","name":"admin","image":{"@type":"ImageObject","inLanguage":"en-GB","@id":"https:\/\/secure.gravatar.com\/avatar\/6670ee2da31d04324ab60d2c276c81c91f6f128389d0cd7f2efb1030b28554de?s=96&d=mm&r=g","url":"https:\/\/secure.gravatar.com\/avatar\/6670ee2da31d04324ab60d2c276c81c91f6f128389d0cd7f2efb1030b28554de?s=96&d=mm&r=g","contentUrl":"https:\/\/secure.gravatar.com\/avatar\/6670ee2da31d04324ab60d2c276c81c91f6f128389d0cd7f2efb1030b28554de?s=96&d=mm&r=g","caption":"admin"},"url":"https:\/\/www.uptextile.fr\/en\/author\/admin\/"}]}},"_links":{"self":[{"href":"https:\/\/www.uptextile.fr\/en\/wp-json\/wp\/v2\/posts\/778","targetHints":{"allow":["GET"]}}],"collection":[{"href":"https:\/\/www.uptextile.fr\/en\/wp-json\/wp\/v2\/posts"}],"about":[{"href":"https:\/\/www.uptextile.fr\/en\/wp-json\/wp\/v2\/types\/post"}],"author":[{"embeddable":true,"href":"https:\/\/www.uptextile.fr\/en\/wp-json\/wp\/v2\/users\/1"}],"replies":[{"embeddable":true,"href":"https:\/\/www.uptextile.fr\/en\/wp-json\/wp\/v2\/comments?post=778"}],"version-history":[{"count":14,"href":"https:\/\/www.uptextile.fr\/en\/wp-json\/wp\/v2\/posts\/778\/revisions"}],"predecessor-version":[{"id":4045,"href":"https:\/\/www.uptextile.fr\/en\/wp-json\/wp\/v2\/posts\/778\/revisions\/4045"}],"wp:featuredmedia":[{"embeddable":true,"href":"https:\/\/www.uptextile.fr\/en\/wp-json\/wp\/v2\/media\/779"}],"wp:attachment":[{"href":"https:\/\/www.uptextile.fr\/en\/wp-json\/wp\/v2\/media?parent=778"}],"wp:term":[{"taxonomy":"category","embeddable":true,"href":"https:\/\/www.uptextile.fr\/en\/wp-json\/wp\/v2\/categories?post=778"},{"taxonomy":"post_tag","embeddable":true,"href":"https:\/\/www.uptextile.fr\/en\/wp-json\/wp\/v2\/tags?post=778"}],"curies":[{"name":"wp","href":"https:\/\/api.w.org\/{rel}","templated":true}]}}